{"id":105971,"date":"2023-10-26T18:34:05","date_gmt":"2023-10-26T18:34:05","guid":{"rendered":"https:\/\/quehacerpolitico.mx\/?p=105971"},"modified":"2023-10-26T18:34:09","modified_gmt":"2023-10-26T18:34:09","slug":"en-medio-del-caos-lopez-obrador-arremetio-esta-manana-nuevamente-contra-sus-adversarios-y-la-prensa","status":"publish","type":"post","link":"https:\/\/quehacerpolitico.mx\/?p=105971","title":{"rendered":"En medio del caos L\u00f3pez Obrador, arremeti\u00f3 esta ma\u00f1ana nuevamente contra sus\u00a0adversarios y la prensa"},"content":{"rendered":"\n<p>Por Redacci\u00f3n QP<\/p>\n\n\n\n<p>L\u00f3pez Obrador calific\u00f3 a sus adversarios de \u201cdeshonestos e inmorales\u201d por se\u00f1alar la desaparici\u00f3n del Fonden, tras da\u00f1os de Otis en Guerrero<\/p>\n\n\n\n<p>El presidente de M\u00e9xico,\u00a0<strong>Andres Manuel L\u00f3pez Obrador<\/strong>, arremeti\u00f3 esta ma\u00f1ana contra sus\u00a0<strong>adversarios<\/strong>, a quienes calific\u00f3 de \u201cmuy\u00a0<strong>deshonestos<\/strong>\u00a0e\u00a0<strong>inmorales<\/strong>\u201c, por se\u00f1alar la desaparici\u00f3n del<strong>\u00a0Fondo de Desastres Naturales<\/strong>\u00a0(<strong>Fonden<\/strong>), tras el da\u00f1os ocasionados por el cicl\u00f3n\u00a0<strong>Otis<\/strong>\u00a0en\u00a0<strong>Guerrero<\/strong>, que ha dejado hasta el momento\u00a027 personas muertas, 4 desaparecidas y cuantiosos\u00a0<strong>da\u00f1os materiales<\/strong>.<\/p>\n\n\n\n<p>En la conferencia matutina de Palacio Nacional, L\u00f3pez Obrador reclam\u00f3 la actitud politiquera y por la desinformaci\u00f3n ocasionada sus adversarios en las \u00faltimas horas.<\/p>\n\n\n\n<p>\u201cUna es la desinformaci\u00f3n, todav\u00eda no pasaban los efectos del hurac\u00e1n y ya estaban nuestros adversarios que son muy deshonestos e inmorales, hablando de que hab\u00eda desaparecido el Fonden\u201d, dijo.<\/p>\n\n\n\n<figure class=\"wp-block-embed is-type-video is-provider-youtube wp-block-embed-youtube wp-embed-aspect-16-9 wp-has-aspect-ratio\"><div class=\"wp-block-embed__wrapper\">\nhttps:\/\/youtu.be\/OV4fofNbfmM?si=s01il3hcmovA55dI\n<\/div><\/figure>\n\n\n\n<p>Vamos a suponer de que desapareci\u00f3 el Fonden, \u00bfpor qu\u00e9 empezar a hablar de eso si todav\u00eda ni siquiera han iniciado las acciones, estamos levantando los \u00e1rboles, buscando desaparecidos y ya con esta actitud politiquera de decir \u2018pero no hay Fonden\u2019?\u201d, agreg\u00f3.<\/p>\n\n\n\n<p>El mandatario mexicano indic\u00f3 que el Fonden, desaparecido oficialmente en el a\u00f1o 2021, era una \u2018caja chica\u2019 de los pol\u00edticos corruptos que lucraban a partir de los desastres naturales en el pa\u00eds.<\/p>\n\n\n\n<blockquote class=\"wp-block-quote is-layout-flow wp-block-quote-is-layout-flow\">\n<p>Eso (El Fonden) no le llegaba a los afectados, era pura publicidad, todo mundo hablaba de eso porque era como repartirse un bot\u00edn cundo hab\u00eda una desgracia. los Gobiernos estatales reclamaban lo del Fonden porque era el momento de robar a manos llenas y de manera impune\u201d, indic\u00f3.<\/p>\n<cite>\u201cCuando se trata de una desgracia como esta no se comprueba nada, mejor dicho no se licita nada, est\u00e1 permitido comprar a cualquier precio por la situaci\u00f3n de emergencia, hab\u00eda un grupo en el Gobierno anterior de proveedores exclusivos, todo este fondo lo manejaba la Segob y est\u00e1 probado que se robaban el dinero, por eso desaparece esta oficina para la tranza, para la corrupci\u00f3n, pero no los fondos, no el dinero, al contrario se protege el dinero y se hace a un lado a los corruptos\u201d, subray\u00f3.<br>Incluso, L\u00f3pez Obrador tambi\u00e9n asever\u00f3 que del dinero del Fonden se beneficiaban los medios de comunicaci\u00f3n, a quienes acus\u00f3 de estar maiceados por Gobiernos anteriores.<\/cite><\/blockquote>\n\n\n\n<p>\u00bfPor qu\u00e9 tambi\u00e9n en los medios de informaci\u00f3n, de manipulaci\u00f3n se habla tanto del Fonden? Porque tambi\u00e9n recib\u00edan dinero, eran&nbsp;<em>maiceados<\/em>, ahora no es as\u00ed, tenemos un recurso para eso garantizado\u201d, expuso.<\/p>\n\n\n\n<p>\u201cAdem\u00e1s no se trata de fideicomisos, no se trata de fondos para atender emergencias Cu\u00e1ndo el pueblo de M\u00e9xico necesita apoyo se puede utilizar todo el presupuesto p\u00fablico, no hay l\u00edmites y afortunadamente tenemos presupuesto porque no permitimos que se robe el dinero del pueblo\u201d, puntualiz\u00f3.<\/p>\n\n\n\n<p>El\u00a0<strong>Fonden<\/strong>\u00a0fue desaparecido oficialmente el pasado\u00a027 de julio tras ser publicado el acuerdo en el\u00a0Diario Oficial de la Federaci\u00f3n (<strong>DOF<\/strong>). Era un instrumento de donde sal\u00edan los recursos para enfrentar emergencias por fen\u00f3menos naturales, como huracanes, sismos o inundaciones.<\/p>\n\n\n\n<p>El acuerdo para la desaparici\u00f3n del\u00a0<strong>Fonden<\/strong>, aprobada el\u00a021 de Octubre de 2020 en el Congreso, corri\u00f3 a cargo de las secretar\u00edas de\u00a0<strong>Hacienda y Cr\u00e9dito P\u00fablico<\/strong>, y de\u00a0<strong>Seguridad y Protecci\u00f3n Ciudadana<\/strong>.<\/p>\n\n\n\n<p>El subsecretario de\u00a0Hacienda, Gabriel Yorio, asever\u00f3 el mi\u00e9rcoles que el Gobierno cuenta con\u00a0<strong>18 mil millones de pesos<\/strong>en un\u00a0<strong>fondo de emergencias<\/strong>.<\/p>\n","protected":false},"excerpt":{"rendered":"<p>Por Redacci\u00f3n QP L\u00f3pez Obrador calific\u00f3 a sus adversarios de \u201cdeshonestos e inmorales\u201d por se\u00f1alar&#8230;<\/p>\n","protected":false},"author":2,"featured_media":105972,"comment_status":"open","ping_status":"open","sticky":false,"template":"","format":"standard","meta":{"_monsterinsights_skip_tracking":false,"_monsterinsights_sitenote_active":false,"_monsterinsights_sitenote_note":"","_monsterinsights_sitenote_category":0,"footnotes":""},"categories":[2],"tags":[],"class_list":["post-105971","post","type-post","status-publish","format-standard","has-post-thumbnail","hentry","category-noticias"],"yoast_head":"<!-- This site is optimized with the Yoast SEO plugin v27.3 - https:\/\/yoast.com\/product\/yoast-seo-wordpress\/ -->\n<title>En medio del caos L\u00f3pez Obrador, arremeti\u00f3 esta ma\u00f1ana nuevamente contra sus\u00a0adversarios y la prensa -<\/title>\n<meta name=\"robots\" content=\"index, follow, max-snippet:-1, max-image-preview:large, max-video-preview:-1\" \/>\n<link rel=\"canonical\" href=\"https:\/\/quehacerpolitico.mx\/?p=105971\" \/>\n<meta property=\"og:locale\" content=\"es_MX\" \/>\n<meta property=\"og:type\" content=\"article\" \/>\n<meta property=\"og:title\" content=\"En medio del caos L\u00f3pez Obrador, arremeti\u00f3 esta ma\u00f1ana nuevamente contra sus\u00a0adversarios y la prensa -\" \/>\n<meta property=\"og:description\" content=\"Por Redacci\u00f3n QP L\u00f3pez Obrador calific\u00f3 a sus adversarios de \u201cdeshonestos e inmorales\u201d por se\u00f1alar...\" \/>\n<meta property=\"og:url\" content=\"https:\/\/quehacerpolitico.mx\/?p=105971\" \/>\n<meta property=\"article:published_time\" content=\"2023-10-26T18:34:05+00:00\" \/>\n<meta property=\"article:modified_time\" content=\"2023-10-26T18:34:09+00:00\" \/>\n<meta property=\"og:image\" content=\"https:\/\/quehacerpolitico.mx\/wp-content\/uploads\/2023\/10\/IMG_1638.jpeg\" \/>\n\t<meta property=\"og:image:width\" content=\"1284\" \/>\n\t<meta property=\"og:image:height\" content=\"691\" \/>\n\t<meta property=\"og:image:type\" content=\"image\/jpeg\" \/>\n<meta name=\"author\" content=\"Redacci\u00f3n QP\" \/>\n<meta name=\"twitter:card\" content=\"summary_large_image\" \/>\n<meta name=\"twitter:label1\" content=\"Escrito por\" \/>\n\t<meta name=\"twitter:data1\" content=\"Redacci\u00f3n QP\" \/>\n\t<meta name=\"twitter:label2\" content=\"Tiempo de lectura\" \/>\n\t<meta name=\"twitter:data2\" content=\"3 minutos\" \/>\n<script type=\"application\/ld+json\" class=\"yoast-schema-graph\">{\"@context\":\"https:\\\/\\\/schema.org\",\"@graph\":[{\"@type\":\"Article\",\"@id\":\"https:\\\/\\\/quehacerpolitico.mx\\\/?p=105971#article\",\"isPartOf\":{\"@id\":\"https:\\\/\\\/quehacerpolitico.mx\\\/?p=105971\"},\"author\":{\"name\":\"Redacci\u00f3n QP\",\"@id\":\"https:\\\/\\\/quehacerpolitico.mx\\\/#\\\/schema\\\/person\\\/496d8ad2d1d3f8036101dca7ee39e585\"},\"headline\":\"En medio del caos L\u00f3pez Obrador, arremeti\u00f3 esta ma\u00f1ana nuevamente contra sus\u00a0adversarios y la prensa\",\"datePublished\":\"2023-10-26T18:34:05+00:00\",\"dateModified\":\"2023-10-26T18:34:09+00:00\",\"mainEntityOfPage\":{\"@id\":\"https:\\\/\\\/quehacerpolitico.mx\\\/?p=105971\"},\"wordCount\":620,\"commentCount\":0,\"image\":{\"@id\":\"https:\\\/\\\/quehacerpolitico.mx\\\/?p=105971#primaryimage\"},\"thumbnailUrl\":\"https:\\\/\\\/quehacerpolitico.mx\\\/wp-content\\\/uploads\\\/2023\\\/10\\\/IMG_1638.jpeg\",\"articleSection\":[\"Noticias\"],\"inLanguage\":\"es\",\"potentialAction\":[{\"@type\":\"CommentAction\",\"name\":\"Comment\",\"target\":[\"https:\\\/\\\/quehacerpolitico.mx\\\/?p=105971#respond\"]}]},{\"@type\":\"WebPage\",\"@id\":\"https:\\\/\\\/quehacerpolitico.mx\\\/?p=105971\",\"url\":\"https:\\\/\\\/quehacerpolitico.mx\\\/?p=105971\",\"name\":\"En medio del caos L\u00f3pez Obrador, arremeti\u00f3 esta ma\u00f1ana nuevamente contra sus\u00a0adversarios y la prensa -\",\"isPartOf\":{\"@id\":\"https:\\\/\\\/quehacerpolitico.mx\\\/#website\"},\"primaryImageOfPage\":{\"@id\":\"https:\\\/\\\/quehacerpolitico.mx\\\/?p=105971#primaryimage\"},\"image\":{\"@id\":\"https:\\\/\\\/quehacerpolitico.mx\\\/?p=105971#primaryimage\"},\"thumbnailUrl\":\"https:\\\/\\\/quehacerpolitico.mx\\\/wp-content\\\/uploads\\\/2023\\\/10\\\/IMG_1638.jpeg\",\"datePublished\":\"2023-10-26T18:34:05+00:00\",\"dateModified\":\"2023-10-26T18:34:09+00:00\",\"author\":{\"@id\":\"https:\\\/\\\/quehacerpolitico.mx\\\/#\\\/schema\\\/person\\\/496d8ad2d1d3f8036101dca7ee39e585\"},\"breadcrumb\":{\"@id\":\"https:\\\/\\\/quehacerpolitico.mx\\\/?p=105971#breadcrumb\"},\"inLanguage\":\"es\",\"potentialAction\":[{\"@type\":\"ReadAction\",\"target\":[\"https:\\\/\\\/quehacerpolitico.mx\\\/?p=105971\"]}]},{\"@type\":\"ImageObject\",\"inLanguage\":\"es\",\"@id\":\"https:\\\/\\\/quehacerpolitico.mx\\\/?p=105971#primaryimage\",\"url\":\"https:\\\/\\\/quehacerpolitico.mx\\\/wp-content\\\/uploads\\\/2023\\\/10\\\/IMG_1638.jpeg\",\"contentUrl\":\"https:\\\/\\\/quehacerpolitico.mx\\\/wp-content\\\/uploads\\\/2023\\\/10\\\/IMG_1638.jpeg\",\"width\":1284,\"height\":691},{\"@type\":\"BreadcrumbList\",\"@id\":\"https:\\\/\\\/quehacerpolitico.mx\\\/?p=105971#breadcrumb\",\"itemListElement\":[{\"@type\":\"ListItem\",\"position\":1,\"name\":\"Inicio\",\"item\":\"https:\\\/\\\/quehacerpolitico.mx\\\/\"},{\"@type\":\"ListItem\",\"position\":2,\"name\":\"En medio del caos L\u00f3pez Obrador, arremeti\u00f3 esta ma\u00f1ana nuevamente contra sus\u00a0adversarios y la prensa\"}]},{\"@type\":\"WebSite\",\"@id\":\"https:\\\/\\\/quehacerpolitico.mx\\\/#website\",\"url\":\"https:\\\/\\\/quehacerpolitico.mx\\\/\",\"name\":\"\",\"description\":\"\",\"potentialAction\":[{\"@type\":\"SearchAction\",\"target\":{\"@type\":\"EntryPoint\",\"urlTemplate\":\"https:\\\/\\\/quehacerpolitico.mx\\\/?s={search_term_string}\"},\"query-input\":{\"@type\":\"PropertyValueSpecification\",\"valueRequired\":true,\"valueName\":\"search_term_string\"}}],\"inLanguage\":\"es\"},{\"@type\":\"Person\",\"@id\":\"https:\\\/\\\/quehacerpolitico.mx\\\/#\\\/schema\\\/person\\\/496d8ad2d1d3f8036101dca7ee39e585\",\"name\":\"Redacci\u00f3n QP\",\"image\":{\"@type\":\"ImageObject\",\"inLanguage\":\"es\",\"@id\":\"https:\\\/\\\/secure.gravatar.com\\\/avatar\\\/c7164ed6fdec453195284ad24a5ae5b6e1eed2b848477fa2a4787ba9adf39a41?s=96&d=mm&r=g\",\"url\":\"https:\\\/\\\/secure.gravatar.com\\\/avatar\\\/c7164ed6fdec453195284ad24a5ae5b6e1eed2b848477fa2a4787ba9adf39a41?s=96&d=mm&r=g\",\"contentUrl\":\"https:\\\/\\\/secure.gravatar.com\\\/avatar\\\/c7164ed6fdec453195284ad24a5ae5b6e1eed2b848477fa2a4787ba9adf39a41?s=96&d=mm&r=g\",\"caption\":\"Redacci\u00f3n QP\"},\"url\":\"https:\\\/\\\/quehacerpolitico.mx\\\/?author=2\"}]}<\/script>\n<!-- \/ Yoast SEO plugin. -->","yoast_head_json":{"title":"En medio del caos L\u00f3pez Obrador, arremeti\u00f3 esta ma\u00f1ana nuevamente contra sus\u00a0adversarios y la prensa -","robots":{"index":"index","follow":"follow","max-snippet":"max-snippet:-1","max-image-preview":"max-image-preview:large","max-video-preview":"max-video-preview:-1"},"canonical":"https:\/\/quehacerpolitico.mx\/?p=105971","og_locale":"es_MX","og_type":"article","og_title":"En medio del caos L\u00f3pez Obrador, arremeti\u00f3 esta ma\u00f1ana nuevamente contra sus\u00a0adversarios y la prensa -","og_description":"Por Redacci\u00f3n QP L\u00f3pez Obrador calific\u00f3 a sus adversarios de \u201cdeshonestos e inmorales\u201d por se\u00f1alar...","og_url":"https:\/\/quehacerpolitico.mx\/?p=105971","article_published_time":"2023-10-26T18:34:05+00:00","article_modified_time":"2023-10-26T18:34:09+00:00","og_image":[{"width":1284,"height":691,"url":"https:\/\/quehacerpolitico.mx\/wp-content\/uploads\/2023\/10\/IMG_1638.jpeg","type":"image\/jpeg"}],"author":"Redacci\u00f3n QP","twitter_card":"summary_large_image","twitter_misc":{"Escrito por":"Redacci\u00f3n QP","Tiempo de lectura":"3 minutos"},"schema":{"@context":"https:\/\/schema.org","@graph":[{"@type":"Article","@id":"https:\/\/quehacerpolitico.mx\/?p=105971#article","isPartOf":{"@id":"https:\/\/quehacerpolitico.mx\/?p=105971"},"author":{"name":"Redacci\u00f3n QP","@id":"https:\/\/quehacerpolitico.mx\/#\/schema\/person\/496d8ad2d1d3f8036101dca7ee39e585"},"headline":"En medio del caos L\u00f3pez Obrador, arremeti\u00f3 esta ma\u00f1ana nuevamente contra sus\u00a0adversarios y la prensa","datePublished":"2023-10-26T18:34:05+00:00","dateModified":"2023-10-26T18:34:09+00:00","mainEntityOfPage":{"@id":"https:\/\/quehacerpolitico.mx\/?p=105971"},"wordCount":620,"commentCount":0,"image":{"@id":"https:\/\/quehacerpolitico.mx\/?p=105971#primaryimage"},"thumbnailUrl":"https:\/\/quehacerpolitico.mx\/wp-content\/uploads\/2023\/10\/IMG_1638.jpeg","articleSection":["Noticias"],"inLanguage":"es","potentialAction":[{"@type":"CommentAction","name":"Comment","target":["https:\/\/quehacerpolitico.mx\/?p=105971#respond"]}]},{"@type":"WebPage","@id":"https:\/\/quehacerpolitico.mx\/?p=105971","url":"https:\/\/quehacerpolitico.mx\/?p=105971","name":"En medio del caos L\u00f3pez Obrador, arremeti\u00f3 esta ma\u00f1ana nuevamente contra sus\u00a0adversarios y la prensa -","isPartOf":{"@id":"https:\/\/quehacerpolitico.mx\/#website"},"primaryImageOfPage":{"@id":"https:\/\/quehacerpolitico.mx\/?p=105971#primaryimage"},"image":{"@id":"https:\/\/quehacerpolitico.mx\/?p=105971#primaryimage"},"thumbnailUrl":"https:\/\/quehacerpolitico.mx\/wp-content\/uploads\/2023\/10\/IMG_1638.jpeg","datePublished":"2023-10-26T18:34:05+00:00","dateModified":"2023-10-26T18:34:09+00:00","author":{"@id":"https:\/\/quehacerpolitico.mx\/#\/schema\/person\/496d8ad2d1d3f8036101dca7ee39e585"},"breadcrumb":{"@id":"https:\/\/quehacerpolitico.mx\/?p=105971#breadcrumb"},"inLanguage":"es","potentialAction":[{"@type":"ReadAction","target":["https:\/\/quehacerpolitico.mx\/?p=105971"]}]},{"@type":"ImageObject","inLanguage":"es","@id":"https:\/\/quehacerpolitico.mx\/?p=105971#primaryimage","url":"https:\/\/quehacerpolitico.mx\/wp-content\/uploads\/2023\/10\/IMG_1638.jpeg","contentUrl":"https:\/\/quehacerpolitico.mx\/wp-content\/uploads\/2023\/10\/IMG_1638.jpeg","width":1284,"height":691},{"@type":"BreadcrumbList","@id":"https:\/\/quehacerpolitico.mx\/?p=105971#breadcrumb","itemListElement":[{"@type":"ListItem","position":1,"name":"Inicio","item":"https:\/\/quehacerpolitico.mx\/"},{"@type":"ListItem","position":2,"name":"En medio del caos L\u00f3pez Obrador, arremeti\u00f3 esta ma\u00f1ana nuevamente contra sus\u00a0adversarios y la prensa"}]},{"@type":"WebSite","@id":"https:\/\/quehacerpolitico.mx\/#website","url":"https:\/\/quehacerpolitico.mx\/","name":"","description":"","potentialAction":[{"@type":"SearchAction","target":{"@type":"EntryPoint","urlTemplate":"https:\/\/quehacerpolitico.mx\/?s={search_term_string}"},"query-input":{"@type":"PropertyValueSpecification","valueRequired":true,"valueName":"search_term_string"}}],"inLanguage":"es"},{"@type":"Person","@id":"https:\/\/quehacerpolitico.mx\/#\/schema\/person\/496d8ad2d1d3f8036101dca7ee39e585","name":"Redacci\u00f3n QP","image":{"@type":"ImageObject","inLanguage":"es","@id":"https:\/\/secure.gravatar.com\/avatar\/c7164ed6fdec453195284ad24a5ae5b6e1eed2b848477fa2a4787ba9adf39a41?s=96&d=mm&r=g","url":"https:\/\/secure.gravatar.com\/avatar\/c7164ed6fdec453195284ad24a5ae5b6e1eed2b848477fa2a4787ba9adf39a41?s=96&d=mm&r=g","contentUrl":"https:\/\/secure.gravatar.com\/avatar\/c7164ed6fdec453195284ad24a5ae5b6e1eed2b848477fa2a4787ba9adf39a41?s=96&d=mm&r=g","caption":"Redacci\u00f3n QP"},"url":"https:\/\/quehacerpolitico.mx\/?author=2"}]}},"featured_image_urls":{"full":["https:\/\/quehacerpolitico.mx\/wp-content\/uploads\/2023\/10\/IMG_1638.jpeg",1284,691,false],"thumbnail":["https:\/\/quehacerpolitico.mx\/wp-content\/uploads\/2023\/10\/IMG_1638-150x150.jpeg",150,150,true],"medium":["https:\/\/quehacerpolitico.mx\/wp-content\/uploads\/2023\/10\/IMG_1638-300x161.jpeg",300,161,true],"medium_large":["https:\/\/quehacerpolitico.mx\/wp-content\/uploads\/2023\/10\/IMG_1638-768x413.jpeg",640,344,true],"large":["https:\/\/quehacerpolitico.mx\/wp-content\/uploads\/2023\/10\/IMG_1638-1024x551.jpeg",640,344,true],"1536x1536":["https:\/\/quehacerpolitico.mx\/wp-content\/uploads\/2023\/10\/IMG_1638.jpeg",1284,691,false],"2048x2048":["https:\/\/quehacerpolitico.mx\/wp-content\/uploads\/2023\/10\/IMG_1638.jpeg",1284,691,false],"covernews-featured":["https:\/\/quehacerpolitico.mx\/wp-content\/uploads\/2023\/10\/IMG_1638.jpeg",1024,551,false],"covernews-medium":["https:\/\/quehacerpolitico.mx\/wp-content\/uploads\/2023\/10\/IMG_1638.jpeg",540,291,false]},"author_info":{"display_name":"Redacci\u00f3n QP","author_link":"https:\/\/quehacerpolitico.mx\/?author=2"},"category_info":"<a href=\"https:\/\/quehacerpolitico.mx\/?cat=2\" rel=\"category\">Noticias<\/a>","tag_info":"Noticias","comment_count":"0","_links":{"self":[{"href":"https:\/\/quehacerpolitico.mx\/index.php?rest_route=\/wp\/v2\/posts\/105971","targetHints":{"allow":["GET"]}}],"collection":[{"href":"https:\/\/quehacerpolitico.mx\/index.php?rest_route=\/wp\/v2\/posts"}],"about":[{"href":"https:\/\/quehacerpolitico.mx\/index.php?rest_route=\/wp\/v2\/types\/post"}],"author":[{"embeddable":true,"href":"https:\/\/quehacerpolitico.mx\/index.php?rest_route=\/wp\/v2\/users\/2"}],"replies":[{"embeddable":true,"href":"https:\/\/quehacerpolitico.mx\/index.php?rest_route=%2Fwp%2Fv2%2Fcomments&post=105971"}],"version-history":[{"count":1,"href":"https:\/\/quehacerpolitico.mx\/index.php?rest_route=\/wp\/v2\/posts\/105971\/revisions"}],"predecessor-version":[{"id":105973,"href":"https:\/\/quehacerpolitico.mx\/index.php?rest_route=\/wp\/v2\/posts\/105971\/revisions\/105973"}],"wp:featuredmedia":[{"embeddable":true,"href":"https:\/\/quehacerpolitico.mx\/index.php?rest_route=\/wp\/v2\/media\/105972"}],"wp:attachment":[{"href":"https:\/\/quehacerpolitico.mx\/index.php?rest_route=%2Fwp%2Fv2%2Fmedia&parent=105971"}],"wp:term":[{"taxonomy":"category","embeddable":true,"href":"https:\/\/quehacerpolitico.mx\/index.php?rest_route=%2Fwp%2Fv2%2Fcategories&post=105971"},{"taxonomy":"post_tag","embeddable":true,"href":"https:\/\/quehacerpolitico.mx\/index.php?rest_route=%2Fwp%2Fv2%2Ftags&post=105971"}],"curies":[{"name":"wp","href":"https:\/\/api.w.org\/{rel}","templated":true}]}}