{"id":105964,"date":"2023-10-26T17:15:43","date_gmt":"2023-10-26T17:15:43","guid":{"rendered":"https:\/\/quehacerpolitico.mx\/?p=105964"},"modified":"2023-10-26T17:17:24","modified_gmt":"2023-10-26T17:17:24","slug":"internacionales-carolina-alonso-romei-la-inseguridad-alimentaria-aumento-en-2022","status":"publish","type":"post","link":"https:\/\/quehacerpolitico.mx\/?p=105964","title":{"rendered":"Internacionales\/\/\/Carolina Alonso Romei\/\/\/La inseguridad alimentaria en los hogares estadounidense aumento en 2022"},"content":{"rendered":"\n<p>Por Carolina Alonso Romei<\/p>\n\n\n\n<p>Internacionalista <\/p>\n\n\n\n<p>La&nbsp;<strong>inseguridad<\/strong>&nbsp;<strong>alimentaria<\/strong>&nbsp;en los hogares estadounidenses&nbsp;<strong>aument\u00f3<\/strong>&nbsp;en&nbsp;<strong>2022,&nbsp;<\/strong>con cerca de 13 millones de&nbsp;<strong>ni\u00f1os<\/strong>&nbsp;viviendo en una familia que tuvo problemas para conseguir&nbsp;<strong>alimentos<\/strong>&nbsp;en alg\u00fan momento ese a\u00f1o, revel\u00f3 este mi\u00e9rcoles un informe del Departamento de Agricultura (USDA).<\/p>\n\n\n\n<p>Al menos el 12.8% de las familias en Estados Unidos \u201417 millones de hogares\u2014tuvieron&nbsp;<strong>problemas<\/strong>&nbsp;para conseguir&nbsp;<strong>alimentos<\/strong>&nbsp;en 2022, un aumento del 2.6% con respecto al&nbsp;<strong>2021<\/strong>(10.2%) y de 2.3 con el porcentaje de 2020 (10.5%).<\/p>\n\n\n\n<p>El incremento de 2022 rompi\u00f3 una tendencia de reducci\u00f3n de&nbsp;<strong>inseguridad<\/strong>&nbsp;<strong>alimentaria<\/strong>constante entre 2011 y 2021, destac\u00f3 el informe de USDA.<\/p>\n\n\n\n<p>Esta cifra, incluye 7 millones de&nbsp;<strong>hogares<\/strong>&nbsp;que enfrentaron una&nbsp;<strong>seguridad<\/strong>&nbsp;<strong>alimentaria<\/strong>&nbsp;muy&nbsp;<strong>baja<\/strong>, que es el rango m\u00e1s grave de clasificaci\u00f3n de USDA en el que uno o m\u00e1s miembros del hogar experimentan una ingesta reducida de alimentos, en ocasiones debido a la&nbsp;<strong>escasez<\/strong>&nbsp;de&nbsp;<strong>dinero<\/strong>&nbsp;y otros recursos para obtener alimentos.<\/p>\n\n\n\n<figure class=\"wp-block-embed is-type-video is-provider-youtube wp-block-embed-youtube wp-embed-aspect-16-9 wp-has-aspect-ratio\"><div class=\"wp-block-embed__wrapper\">\n<iframe loading=\"lazy\" title=\"HAMBRE en ESTADOS UNIDOS: 34 millones sufren de inseguridad alimentaria\" width=\"640\" height=\"360\" src=\"https:\/\/www.youtube.com\/embed\/6zEnfV5QEv8?feature=oembed\" frameborder=\"0\" allow=\"accelerometer; autoplay; clipboard-write; encrypted-media; gyroscope; picture-in-picture; web-share\" referrerpolicy=\"strict-origin-when-cross-origin\" allowfullscreen><\/iframe>\n<\/div><\/figure>\n\n\n\n<p>El 8.8% de los hogares con&nbsp;<strong>ni\u00f1os<\/strong>&nbsp;\u20143.3 millones de familias\u2014 sufrieron inseguridad alimentaria en alg\u00fan momento en el 2022, frente al 6.2% (2.3 millones de hogares) en 2021.<\/p>\n\n\n\n<p>\u201cEstos hogares con inseguridad alimentaria entre los&nbsp;<strong>ni\u00f1os<\/strong>&nbsp;no pudieron en ocasiones proporcionar alimentos&nbsp;<strong>adecuados<\/strong>&nbsp;y&nbsp;<strong>nutritivos<\/strong>&nbsp;a sus&nbsp;<strong>hijos<\/strong>\u201c, dice el informe.<\/p>\n\n\n\n<p>Los investigadores de USDA subrayaron que de 2021 a 2022 hubo aumentos estad\u00edsticamente significativos en la inseguridad alimentaria en casi todos los subgrupos de clasificaciones de hogares, como los encabezados por&nbsp;<strong>madres<\/strong><strong>solteras<\/strong>&nbsp;o de grupos&nbsp;<strong>minoritarios<\/strong>.<\/p>\n\n\n\n<p>Al respecto, Lisa Davis, vicepresidenta de Share Our Strange, que encabeza la campa\u00f1a \u201cNo Kid Hungry\u201d, calific\u00f3 las cifras como \u201cuna realidad&nbsp;<strong>desgarradora<\/strong>&nbsp;y una&nbsp;<strong>tragedia<\/strong>&nbsp;evitable\u201d.<\/p>\n\n\n\n<p>Davis advirti\u00f3 de que todo el progreso logrado, incluso durante la&nbsp;<strong>pandemia<\/strong>, se ha deteriorado desde que se pusieron fin a programas de inversi\u00f3n para luchar contra el&nbsp;<strong>hambre<\/strong>&nbsp;en los ni\u00f1os y las familias de bajos recursos.<\/p>\n\n\n\n<p>Defendi\u00f3 la inversi\u00f3n en programas de&nbsp;<strong>nutrici\u00f3n<\/strong>,&nbsp;<strong>comidas<\/strong>&nbsp;escolares y de verano, y beneficios tributarios, que en algunos casos fueron cancelados despu\u00e9s de la pandemia<\/p>\n\n\n\n<p>\u201cEste tipo de inversiones son especialmente cr\u00edticas para las comunidades de color que experimentan disparidades persistentes\u201d, dijo la activista<\/p>\n\n\n\n<p>Con informaci\u00f3n de EFE<\/p>\n","protected":false},"excerpt":{"rendered":"<p>Por Carolina Alonso Romei Internacionalista La&nbsp;inseguridad&nbsp;alimentaria&nbsp;en los hogares estadounidenses&nbsp;aument\u00f3&nbsp;en&nbsp;2022,&nbsp;con cerca de 13 millones de&nbsp;ni\u00f1os&nbsp;viviendo en&#8230;<\/p>\n","protected":false},"author":2,"featured_media":105965,"comment_status":"open","ping_status":"open","sticky":false,"template":"","format":"standard","meta":{"_monsterinsights_skip_tracking":false,"_monsterinsights_sitenote_active":false,"_monsterinsights_sitenote_note":"","_monsterinsights_sitenote_category":0,"footnotes":""},"categories":[1],"tags":[],"class_list":["post-105964","post","type-post","status-publish","format-standard","has-post-thumbnail","hentry","category-sin-categoria"],"yoast_head":"<!-- This site is optimized with the Yoast SEO plugin v27.3 - https:\/\/yoast.com\/product\/yoast-seo-wordpress\/ -->\n<title>Internacionales\/\/\/Carolina Alonso Romei\/\/\/La inseguridad alimentaria en los hogares estadounidense aumento en 2022 -<\/title>\n<meta name=\"robots\" content=\"index, follow, max-snippet:-1, max-image-preview:large, max-video-preview:-1\" \/>\n<link rel=\"canonical\" href=\"https:\/\/quehacerpolitico.mx\/?p=105964\" \/>\n<meta property=\"og:locale\" content=\"es_MX\" \/>\n<meta property=\"og:type\" content=\"article\" \/>\n<meta property=\"og:title\" content=\"Internacionales\/\/\/Carolina Alonso Romei\/\/\/La inseguridad alimentaria en los hogares estadounidense aumento en 2022 -\" \/>\n<meta property=\"og:description\" content=\"Por Carolina Alonso Romei Internacionalista La&nbsp;inseguridad&nbsp;alimentaria&nbsp;en los hogares estadounidenses&nbsp;aument\u00f3&nbsp;en&nbsp;2022,&nbsp;con cerca de 13 millones de&nbsp;ni\u00f1os&nbsp;viviendo en...\" \/>\n<meta property=\"og:url\" content=\"https:\/\/quehacerpolitico.mx\/?p=105964\" \/>\n<meta property=\"article:published_time\" content=\"2023-10-26T17:15:43+00:00\" \/>\n<meta property=\"article:modified_time\" content=\"2023-10-26T17:17:24+00:00\" \/>\n<meta property=\"og:image\" content=\"https:\/\/quehacerpolitico.mx\/wp-content\/uploads\/2023\/10\/IMG_1632.jpeg\" \/>\n\t<meta property=\"og:image:width\" content=\"678\" \/>\n\t<meta property=\"og:image:height\" content=\"452\" \/>\n\t<meta property=\"og:image:type\" content=\"image\/jpeg\" \/>\n<meta name=\"author\" content=\"Redacci\u00f3n QP\" \/>\n<meta name=\"twitter:card\" content=\"summary_large_image\" \/>\n<meta name=\"twitter:label1\" content=\"Escrito por\" \/>\n\t<meta name=\"twitter:data1\" content=\"Redacci\u00f3n QP\" \/>\n\t<meta name=\"twitter:label2\" content=\"Tiempo de lectura\" \/>\n\t<meta name=\"twitter:data2\" content=\"2 minutos\" \/>\n<script type=\"application\/ld+json\" class=\"yoast-schema-graph\">{\"@context\":\"https:\\\/\\\/schema.org\",\"@graph\":[{\"@type\":\"Article\",\"@id\":\"https:\\\/\\\/quehacerpolitico.mx\\\/?p=105964#article\",\"isPartOf\":{\"@id\":\"https:\\\/\\\/quehacerpolitico.mx\\\/?p=105964\"},\"author\":{\"name\":\"Redacci\u00f3n QP\",\"@id\":\"https:\\\/\\\/quehacerpolitico.mx\\\/#\\\/schema\\\/person\\\/496d8ad2d1d3f8036101dca7ee39e585\"},\"headline\":\"Internacionales\\\/\\\/\\\/Carolina Alonso Romei\\\/\\\/\\\/La inseguridad alimentaria en los hogares estadounidense aumento en 2022\",\"datePublished\":\"2023-10-26T17:15:43+00:00\",\"dateModified\":\"2023-10-26T17:17:24+00:00\",\"mainEntityOfPage\":{\"@id\":\"https:\\\/\\\/quehacerpolitico.mx\\\/?p=105964\"},\"wordCount\":433,\"commentCount\":0,\"image\":{\"@id\":\"https:\\\/\\\/quehacerpolitico.mx\\\/?p=105964#primaryimage\"},\"thumbnailUrl\":\"https:\\\/\\\/quehacerpolitico.mx\\\/wp-content\\\/uploads\\\/2023\\\/10\\\/IMG_1632.jpeg\",\"articleSection\":[\"Internacionales\"],\"inLanguage\":\"es\",\"potentialAction\":[{\"@type\":\"CommentAction\",\"name\":\"Comment\",\"target\":[\"https:\\\/\\\/quehacerpolitico.mx\\\/?p=105964#respond\"]}]},{\"@type\":\"WebPage\",\"@id\":\"https:\\\/\\\/quehacerpolitico.mx\\\/?p=105964\",\"url\":\"https:\\\/\\\/quehacerpolitico.mx\\\/?p=105964\",\"name\":\"Internacionales\\\/\\\/\\\/Carolina Alonso Romei\\\/\\\/\\\/La inseguridad alimentaria en los hogares estadounidense aumento en 2022 -\",\"isPartOf\":{\"@id\":\"https:\\\/\\\/quehacerpolitico.mx\\\/#website\"},\"primaryImageOfPage\":{\"@id\":\"https:\\\/\\\/quehacerpolitico.mx\\\/?p=105964#primaryimage\"},\"image\":{\"@id\":\"https:\\\/\\\/quehacerpolitico.mx\\\/?p=105964#primaryimage\"},\"thumbnailUrl\":\"https:\\\/\\\/quehacerpolitico.mx\\\/wp-content\\\/uploads\\\/2023\\\/10\\\/IMG_1632.jpeg\",\"datePublished\":\"2023-10-26T17:15:43+00:00\",\"dateModified\":\"2023-10-26T17:17:24+00:00\",\"author\":{\"@id\":\"https:\\\/\\\/quehacerpolitico.mx\\\/#\\\/schema\\\/person\\\/496d8ad2d1d3f8036101dca7ee39e585\"},\"breadcrumb\":{\"@id\":\"https:\\\/\\\/quehacerpolitico.mx\\\/?p=105964#breadcrumb\"},\"inLanguage\":\"es\",\"potentialAction\":[{\"@type\":\"ReadAction\",\"target\":[\"https:\\\/\\\/quehacerpolitico.mx\\\/?p=105964\"]}]},{\"@type\":\"ImageObject\",\"inLanguage\":\"es\",\"@id\":\"https:\\\/\\\/quehacerpolitico.mx\\\/?p=105964#primaryimage\",\"url\":\"https:\\\/\\\/quehacerpolitico.mx\\\/wp-content\\\/uploads\\\/2023\\\/10\\\/IMG_1632.jpeg\",\"contentUrl\":\"https:\\\/\\\/quehacerpolitico.mx\\\/wp-content\\\/uploads\\\/2023\\\/10\\\/IMG_1632.jpeg\",\"width\":678,\"height\":452},{\"@type\":\"BreadcrumbList\",\"@id\":\"https:\\\/\\\/quehacerpolitico.mx\\\/?p=105964#breadcrumb\",\"itemListElement\":[{\"@type\":\"ListItem\",\"position\":1,\"name\":\"Inicio\",\"item\":\"https:\\\/\\\/quehacerpolitico.mx\\\/\"},{\"@type\":\"ListItem\",\"position\":2,\"name\":\"Internacionales\\\/\\\/\\\/Carolina Alonso Romei\\\/\\\/\\\/La inseguridad alimentaria en los hogares estadounidense aumento en 2022\"}]},{\"@type\":\"WebSite\",\"@id\":\"https:\\\/\\\/quehacerpolitico.mx\\\/#website\",\"url\":\"https:\\\/\\\/quehacerpolitico.mx\\\/\",\"name\":\"\",\"description\":\"\",\"potentialAction\":[{\"@type\":\"SearchAction\",\"target\":{\"@type\":\"EntryPoint\",\"urlTemplate\":\"https:\\\/\\\/quehacerpolitico.mx\\\/?s={search_term_string}\"},\"query-input\":{\"@type\":\"PropertyValueSpecification\",\"valueRequired\":true,\"valueName\":\"search_term_string\"}}],\"inLanguage\":\"es\"},{\"@type\":\"Person\",\"@id\":\"https:\\\/\\\/quehacerpolitico.mx\\\/#\\\/schema\\\/person\\\/496d8ad2d1d3f8036101dca7ee39e585\",\"name\":\"Redacci\u00f3n QP\",\"image\":{\"@type\":\"ImageObject\",\"inLanguage\":\"es\",\"@id\":\"https:\\\/\\\/secure.gravatar.com\\\/avatar\\\/c7164ed6fdec453195284ad24a5ae5b6e1eed2b848477fa2a4787ba9adf39a41?s=96&d=mm&r=g\",\"url\":\"https:\\\/\\\/secure.gravatar.com\\\/avatar\\\/c7164ed6fdec453195284ad24a5ae5b6e1eed2b848477fa2a4787ba9adf39a41?s=96&d=mm&r=g\",\"contentUrl\":\"https:\\\/\\\/secure.gravatar.com\\\/avatar\\\/c7164ed6fdec453195284ad24a5ae5b6e1eed2b848477fa2a4787ba9adf39a41?s=96&d=mm&r=g\",\"caption\":\"Redacci\u00f3n QP\"},\"url\":\"https:\\\/\\\/quehacerpolitico.mx\\\/?author=2\"}]}<\/script>\n<!-- \/ Yoast SEO plugin. -->","yoast_head_json":{"title":"Internacionales\/\/\/Carolina Alonso Romei\/\/\/La inseguridad alimentaria en los hogares estadounidense aumento en 2022 -","robots":{"index":"index","follow":"follow","max-snippet":"max-snippet:-1","max-image-preview":"max-image-preview:large","max-video-preview":"max-video-preview:-1"},"canonical":"https:\/\/quehacerpolitico.mx\/?p=105964","og_locale":"es_MX","og_type":"article","og_title":"Internacionales\/\/\/Carolina Alonso Romei\/\/\/La inseguridad alimentaria en los hogares estadounidense aumento en 2022 -","og_description":"Por Carolina Alonso Romei Internacionalista La&nbsp;inseguridad&nbsp;alimentaria&nbsp;en los hogares estadounidenses&nbsp;aument\u00f3&nbsp;en&nbsp;2022,&nbsp;con cerca de 13 millones de&nbsp;ni\u00f1os&nbsp;viviendo en...","og_url":"https:\/\/quehacerpolitico.mx\/?p=105964","article_published_time":"2023-10-26T17:15:43+00:00","article_modified_time":"2023-10-26T17:17:24+00:00","og_image":[{"width":678,"height":452,"url":"https:\/\/quehacerpolitico.mx\/wp-content\/uploads\/2023\/10\/IMG_1632.jpeg","type":"image\/jpeg"}],"author":"Redacci\u00f3n QP","twitter_card":"summary_large_image","twitter_misc":{"Escrito por":"Redacci\u00f3n QP","Tiempo de lectura":"2 minutos"},"schema":{"@context":"https:\/\/schema.org","@graph":[{"@type":"Article","@id":"https:\/\/quehacerpolitico.mx\/?p=105964#article","isPartOf":{"@id":"https:\/\/quehacerpolitico.mx\/?p=105964"},"author":{"name":"Redacci\u00f3n QP","@id":"https:\/\/quehacerpolitico.mx\/#\/schema\/person\/496d8ad2d1d3f8036101dca7ee39e585"},"headline":"Internacionales\/\/\/Carolina Alonso Romei\/\/\/La inseguridad alimentaria en los hogares estadounidense aumento en 2022","datePublished":"2023-10-26T17:15:43+00:00","dateModified":"2023-10-26T17:17:24+00:00","mainEntityOfPage":{"@id":"https:\/\/quehacerpolitico.mx\/?p=105964"},"wordCount":433,"commentCount":0,"image":{"@id":"https:\/\/quehacerpolitico.mx\/?p=105964#primaryimage"},"thumbnailUrl":"https:\/\/quehacerpolitico.mx\/wp-content\/uploads\/2023\/10\/IMG_1632.jpeg","articleSection":["Internacionales"],"inLanguage":"es","potentialAction":[{"@type":"CommentAction","name":"Comment","target":["https:\/\/quehacerpolitico.mx\/?p=105964#respond"]}]},{"@type":"WebPage","@id":"https:\/\/quehacerpolitico.mx\/?p=105964","url":"https:\/\/quehacerpolitico.mx\/?p=105964","name":"Internacionales\/\/\/Carolina Alonso Romei\/\/\/La inseguridad alimentaria en los hogares estadounidense aumento en 2022 -","isPartOf":{"@id":"https:\/\/quehacerpolitico.mx\/#website"},"primaryImageOfPage":{"@id":"https:\/\/quehacerpolitico.mx\/?p=105964#primaryimage"},"image":{"@id":"https:\/\/quehacerpolitico.mx\/?p=105964#primaryimage"},"thumbnailUrl":"https:\/\/quehacerpolitico.mx\/wp-content\/uploads\/2023\/10\/IMG_1632.jpeg","datePublished":"2023-10-26T17:15:43+00:00","dateModified":"2023-10-26T17:17:24+00:00","author":{"@id":"https:\/\/quehacerpolitico.mx\/#\/schema\/person\/496d8ad2d1d3f8036101dca7ee39e585"},"breadcrumb":{"@id":"https:\/\/quehacerpolitico.mx\/?p=105964#breadcrumb"},"inLanguage":"es","potentialAction":[{"@type":"ReadAction","target":["https:\/\/quehacerpolitico.mx\/?p=105964"]}]},{"@type":"ImageObject","inLanguage":"es","@id":"https:\/\/quehacerpolitico.mx\/?p=105964#primaryimage","url":"https:\/\/quehacerpolitico.mx\/wp-content\/uploads\/2023\/10\/IMG_1632.jpeg","contentUrl":"https:\/\/quehacerpolitico.mx\/wp-content\/uploads\/2023\/10\/IMG_1632.jpeg","width":678,"height":452},{"@type":"BreadcrumbList","@id":"https:\/\/quehacerpolitico.mx\/?p=105964#breadcrumb","itemListElement":[{"@type":"ListItem","position":1,"name":"Inicio","item":"https:\/\/quehacerpolitico.mx\/"},{"@type":"ListItem","position":2,"name":"Internacionales\/\/\/Carolina Alonso Romei\/\/\/La inseguridad alimentaria en los hogares estadounidense aumento en 2022"}]},{"@type":"WebSite","@id":"https:\/\/quehacerpolitico.mx\/#website","url":"https:\/\/quehacerpolitico.mx\/","name":"","description":"","potentialAction":[{"@type":"SearchAction","target":{"@type":"EntryPoint","urlTemplate":"https:\/\/quehacerpolitico.mx\/?s={search_term_string}"},"query-input":{"@type":"PropertyValueSpecification","valueRequired":true,"valueName":"search_term_string"}}],"inLanguage":"es"},{"@type":"Person","@id":"https:\/\/quehacerpolitico.mx\/#\/schema\/person\/496d8ad2d1d3f8036101dca7ee39e585","name":"Redacci\u00f3n QP","image":{"@type":"ImageObject","inLanguage":"es","@id":"https:\/\/secure.gravatar.com\/avatar\/c7164ed6fdec453195284ad24a5ae5b6e1eed2b848477fa2a4787ba9adf39a41?s=96&d=mm&r=g","url":"https:\/\/secure.gravatar.com\/avatar\/c7164ed6fdec453195284ad24a5ae5b6e1eed2b848477fa2a4787ba9adf39a41?s=96&d=mm&r=g","contentUrl":"https:\/\/secure.gravatar.com\/avatar\/c7164ed6fdec453195284ad24a5ae5b6e1eed2b848477fa2a4787ba9adf39a41?s=96&d=mm&r=g","caption":"Redacci\u00f3n QP"},"url":"https:\/\/quehacerpolitico.mx\/?author=2"}]}},"featured_image_urls":{"full":["https:\/\/quehacerpolitico.mx\/wp-content\/uploads\/2023\/10\/IMG_1632.jpeg",678,452,false],"thumbnail":["https:\/\/quehacerpolitico.mx\/wp-content\/uploads\/2023\/10\/IMG_1632-150x150.jpeg",150,150,true],"medium":["https:\/\/quehacerpolitico.mx\/wp-content\/uploads\/2023\/10\/IMG_1632-300x200.jpeg",300,200,true],"medium_large":["https:\/\/quehacerpolitico.mx\/wp-content\/uploads\/2023\/10\/IMG_1632.jpeg",640,427,false],"large":["https:\/\/quehacerpolitico.mx\/wp-content\/uploads\/2023\/10\/IMG_1632.jpeg",640,427,false],"1536x1536":["https:\/\/quehacerpolitico.mx\/wp-content\/uploads\/2023\/10\/IMG_1632.jpeg",678,452,false],"2048x2048":["https:\/\/quehacerpolitico.mx\/wp-content\/uploads\/2023\/10\/IMG_1632.jpeg",678,452,false],"covernews-featured":["https:\/\/quehacerpolitico.mx\/wp-content\/uploads\/2023\/10\/IMG_1632.jpeg",678,452,false],"covernews-medium":["https:\/\/quehacerpolitico.mx\/wp-content\/uploads\/2023\/10\/IMG_1632.jpeg",510,340,false]},"author_info":{"display_name":"Redacci\u00f3n QP","author_link":"https:\/\/quehacerpolitico.mx\/?author=2"},"category_info":"<a href=\"https:\/\/quehacerpolitico.mx\/?cat=1\" rel=\"category\">Internacionales<\/a>","tag_info":"Internacionales","comment_count":"0","_links":{"self":[{"href":"https:\/\/quehacerpolitico.mx\/index.php?rest_route=\/wp\/v2\/posts\/105964","targetHints":{"allow":["GET"]}}],"collection":[{"href":"https:\/\/quehacerpolitico.mx\/index.php?rest_route=\/wp\/v2\/posts"}],"about":[{"href":"https:\/\/quehacerpolitico.mx\/index.php?rest_route=\/wp\/v2\/types\/post"}],"author":[{"embeddable":true,"href":"https:\/\/quehacerpolitico.mx\/index.php?rest_route=\/wp\/v2\/users\/2"}],"replies":[{"embeddable":true,"href":"https:\/\/quehacerpolitico.mx\/index.php?rest_route=%2Fwp%2Fv2%2Fcomments&post=105964"}],"version-history":[{"count":2,"href":"https:\/\/quehacerpolitico.mx\/index.php?rest_route=\/wp\/v2\/posts\/105964\/revisions"}],"predecessor-version":[{"id":105967,"href":"https:\/\/quehacerpolitico.mx\/index.php?rest_route=\/wp\/v2\/posts\/105964\/revisions\/105967"}],"wp:featuredmedia":[{"embeddable":true,"href":"https:\/\/quehacerpolitico.mx\/index.php?rest_route=\/wp\/v2\/media\/105965"}],"wp:attachment":[{"href":"https:\/\/quehacerpolitico.mx\/index.php?rest_route=%2Fwp%2Fv2%2Fmedia&parent=105964"}],"wp:term":[{"taxonomy":"category","embeddable":true,"href":"https:\/\/quehacerpolitico.mx\/index.php?rest_route=%2Fwp%2Fv2%2Fcategories&post=105964"},{"taxonomy":"post_tag","embeddable":true,"href":"https:\/\/quehacerpolitico.mx\/index.php?rest_route=%2Fwp%2Fv2%2Ftags&post=105964"}],"curies":[{"name":"wp","href":"https:\/\/api.w.org\/{rel}","templated":true}]}}