{"id":105915,"date":"2023-10-25T16:05:24","date_gmt":"2023-10-25T16:05:24","guid":{"rendered":"https:\/\/quehacerpolitico.mx\/?p=105915"},"modified":"2023-10-25T16:05:28","modified_gmt":"2023-10-25T16:05:28","slug":"sindicato-del-poder-judicial-extiende-hasta-el-29-de-octubre-el-paro-de-labores","status":"publish","type":"post","link":"https:\/\/quehacerpolitico.mx\/?p=105915","title":{"rendered":"Sindicato del Poder Judicial extiende hasta el 29 de octubre el paro de labores"},"content":{"rendered":"\n<p>Por Redacci\u00f3n QP<\/p>\n\n\n\n<p>El&nbsp;<strong>Sindicato de Trabajadores del Poder Judicial de la Federaci\u00f3n&nbsp;<\/strong>anunci\u00f3 la noche del martes que extender\u00e1 su&nbsp;<strong>paro nacional de labores<\/strong>&nbsp;hasta el pr\u00f3ximo domingo 29 de octubre en protesta por la eliminaci\u00f3n de fideicomisos.<\/p>\n\n\n\n<p>En un comunicado, el sindicato asegur\u00f3 que la decisi\u00f3n se tom\u00f3\u00a0\u201cen virtud de un clima generalizado en el que un grupo importante exige prolongar las\u00a0<strong>expresiones de inconformidad\u00a0<\/strong>por la extinci\u00f3n de fideicomisos y la posibilidad de una\u00a0<strong>reducci\u00f3n<\/strong>\u00a0al presupuesto del Poder Judicial de la Federaci\u00f3n en el a\u00f1o 2024\u2033.<\/p>\n\n\n\n<figure class=\"wp-block-image size-large\"><img loading=\"lazy\" decoding=\"async\" width=\"898\" height=\"1024\" src=\"https:\/\/quehacerpolitico.mx\/wp-content\/uploads\/2023\/10\/image-72-898x1024.jpeg\" alt=\"\" class=\"wp-image-105916\" srcset=\"https:\/\/quehacerpolitico.mx\/wp-content\/uploads\/2023\/10\/image-72-898x1024.jpeg 898w, https:\/\/quehacerpolitico.mx\/wp-content\/uploads\/2023\/10\/image-72-263x300.jpeg 263w, https:\/\/quehacerpolitico.mx\/wp-content\/uploads\/2023\/10\/image-72-768x875.jpeg 768w, https:\/\/quehacerpolitico.mx\/wp-content\/uploads\/2023\/10\/image-72-128x146.jpeg 128w, https:\/\/quehacerpolitico.mx\/wp-content\/uploads\/2023\/10\/image-72-44x50.jpeg 44w, https:\/\/quehacerpolitico.mx\/wp-content\/uploads\/2023\/10\/image-72-66x75.jpeg 66w, https:\/\/quehacerpolitico.mx\/wp-content\/uploads\/2023\/10\/image-72.jpeg 1080w\" sizes=\"auto, (max-width: 898px) 100vw, 898px\" \/><\/figure>\n\n\n\n<p>El paro nacional de los&nbsp;<strong>trabajadores<\/strong>&nbsp;inici\u00f3 el pasado 19 de octubre y continuar\u00e1 en todas las secciones sindicales. \u201cLo anterior sin perjuicio de que los&nbsp;<strong>trabajadores<\/strong>&nbsp;que tengan el deseo de continuar con sus actividades lo hagan, con respeto a su voluntad\u201d.<\/p>\n\n\n\n<p>La madrugada de este mi\u00e9rcoles, senadores de&nbsp;<strong>Morena<\/strong>&nbsp;y aliados aprobaron la desaparici\u00f3n de 13 de los 14 fideicomisos del&nbsp;<strong>Poder Judicial<\/strong>. El dictamen ser\u00e1 enviado ahora al presidente Andr\u00e9s Manuel L\u00f3pez Obrador<a href=\"https:\/\/www.pjfsindicato.org.mx\/archivos\/2023\/oficio-dirigido-a-la-Presidenta-SCJN-CJF-.pdf\">.<\/a><\/p>\n\n\n\n<p>Luego de dos horas de discusi\u00f3n, la iniciativa fue aprobada en lo particular con 67 votos a favor y 49 en contra, entre ellos el de la senadora morenista&nbsp;<strong>Olga S\u00e1nchez Cordero<\/strong>, ministra en retiro.<\/p>\n\n\n\n<p>En el dictamen aprobado se establece que dentro del\u00a0<strong>Poder Judicial<\/strong>\u00a0no podr\u00e1n ser creados ni mantenerse en operaci\u00f3n otros fondos o fideicomisos adicionales de los que expresamente prevea su Ley Org\u00e1nica<\/p>\n\n\n\n<p>Los trabajadores del Poder Judicial protestaron afuera del\u00a0<strong>Senado<\/strong>\u00a0previo a la discusi\u00f3n del dictamen, mientras otros manifestantes bloquearon todos los accesos de la\u00a0<strong>C\u00e1mara de Diputados<\/strong>, lo que provoc\u00f3 que se cancelara la sesi\u00f3n en el recinto legislativo.<\/p>\n","protected":false},"excerpt":{"rendered":"<p>Por Redacci\u00f3n QP El&nbsp;Sindicato de Trabajadores del Poder Judicial de la Federaci\u00f3n&nbsp;anunci\u00f3 la noche del&#8230;<\/p>\n","protected":false},"author":2,"featured_media":105917,"comment_status":"open","ping_status":"open","sticky":false,"template":"","format":"standard","meta":{"_monsterinsights_skip_tracking":false,"_monsterinsights_sitenote_active":false,"_monsterinsights_sitenote_note":"","_monsterinsights_sitenote_category":0,"footnotes":""},"categories":[2],"tags":[],"class_list":["post-105915","post","type-post","status-publish","format-standard","has-post-thumbnail","hentry","category-noticias"],"yoast_head":"<!-- This site is optimized with the Yoast SEO plugin v27.3 - https:\/\/yoast.com\/product\/yoast-seo-wordpress\/ -->\n<title>Sindicato del Poder Judicial extiende hasta el 29 de octubre el paro de labores -<\/title>\n<meta name=\"robots\" content=\"index, follow, max-snippet:-1, max-image-preview:large, max-video-preview:-1\" \/>\n<link rel=\"canonical\" href=\"https:\/\/quehacerpolitico.mx\/?p=105915\" \/>\n<meta property=\"og:locale\" content=\"es_MX\" \/>\n<meta property=\"og:type\" content=\"article\" \/>\n<meta property=\"og:title\" content=\"Sindicato del Poder Judicial extiende hasta el 29 de octubre el paro de labores -\" \/>\n<meta property=\"og:description\" content=\"Por Redacci\u00f3n QP El&nbsp;Sindicato de Trabajadores del Poder Judicial de la Federaci\u00f3n&nbsp;anunci\u00f3 la noche del...\" \/>\n<meta property=\"og:url\" content=\"https:\/\/quehacerpolitico.mx\/?p=105915\" \/>\n<meta property=\"article:published_time\" content=\"2023-10-25T16:05:24+00:00\" \/>\n<meta property=\"article:modified_time\" content=\"2023-10-25T16:05:28+00:00\" \/>\n<meta property=\"og:image\" content=\"https:\/\/quehacerpolitico.mx\/wp-content\/uploads\/2023\/10\/IMG_1601.jpeg\" \/>\n\t<meta property=\"og:image:width\" content=\"700\" \/>\n\t<meta property=\"og:image:height\" content=\"393\" \/>\n\t<meta property=\"og:image:type\" content=\"image\/jpeg\" \/>\n<meta name=\"author\" content=\"Redacci\u00f3n QP\" \/>\n<meta name=\"twitter:card\" content=\"summary_large_image\" \/>\n<meta name=\"twitter:label1\" content=\"Escrito por\" \/>\n\t<meta name=\"twitter:data1\" content=\"Redacci\u00f3n QP\" \/>\n\t<meta name=\"twitter:label2\" content=\"Tiempo de lectura\" \/>\n\t<meta name=\"twitter:data2\" content=\"1 minuto\" \/>\n<script type=\"application\/ld+json\" class=\"yoast-schema-graph\">{\"@context\":\"https:\\\/\\\/schema.org\",\"@graph\":[{\"@type\":\"Article\",\"@id\":\"https:\\\/\\\/quehacerpolitico.mx\\\/?p=105915#article\",\"isPartOf\":{\"@id\":\"https:\\\/\\\/quehacerpolitico.mx\\\/?p=105915\"},\"author\":{\"name\":\"Redacci\u00f3n QP\",\"@id\":\"https:\\\/\\\/quehacerpolitico.mx\\\/#\\\/schema\\\/person\\\/496d8ad2d1d3f8036101dca7ee39e585\"},\"headline\":\"Sindicato del Poder Judicial extiende hasta el 29 de octubre el paro de labores\",\"datePublished\":\"2023-10-25T16:05:24+00:00\",\"dateModified\":\"2023-10-25T16:05:28+00:00\",\"mainEntityOfPage\":{\"@id\":\"https:\\\/\\\/quehacerpolitico.mx\\\/?p=105915\"},\"wordCount\":312,\"commentCount\":0,\"image\":{\"@id\":\"https:\\\/\\\/quehacerpolitico.mx\\\/?p=105915#primaryimage\"},\"thumbnailUrl\":\"https:\\\/\\\/quehacerpolitico.mx\\\/wp-content\\\/uploads\\\/2023\\\/10\\\/IMG_1601.jpeg\",\"articleSection\":[\"Noticias\"],\"inLanguage\":\"es\",\"potentialAction\":[{\"@type\":\"CommentAction\",\"name\":\"Comment\",\"target\":[\"https:\\\/\\\/quehacerpolitico.mx\\\/?p=105915#respond\"]}]},{\"@type\":\"WebPage\",\"@id\":\"https:\\\/\\\/quehacerpolitico.mx\\\/?p=105915\",\"url\":\"https:\\\/\\\/quehacerpolitico.mx\\\/?p=105915\",\"name\":\"Sindicato del Poder Judicial extiende hasta el 29 de octubre el paro de labores -\",\"isPartOf\":{\"@id\":\"https:\\\/\\\/quehacerpolitico.mx\\\/#website\"},\"primaryImageOfPage\":{\"@id\":\"https:\\\/\\\/quehacerpolitico.mx\\\/?p=105915#primaryimage\"},\"image\":{\"@id\":\"https:\\\/\\\/quehacerpolitico.mx\\\/?p=105915#primaryimage\"},\"thumbnailUrl\":\"https:\\\/\\\/quehacerpolitico.mx\\\/wp-content\\\/uploads\\\/2023\\\/10\\\/IMG_1601.jpeg\",\"datePublished\":\"2023-10-25T16:05:24+00:00\",\"dateModified\":\"2023-10-25T16:05:28+00:00\",\"author\":{\"@id\":\"https:\\\/\\\/quehacerpolitico.mx\\\/#\\\/schema\\\/person\\\/496d8ad2d1d3f8036101dca7ee39e585\"},\"breadcrumb\":{\"@id\":\"https:\\\/\\\/quehacerpolitico.mx\\\/?p=105915#breadcrumb\"},\"inLanguage\":\"es\",\"potentialAction\":[{\"@type\":\"ReadAction\",\"target\":[\"https:\\\/\\\/quehacerpolitico.mx\\\/?p=105915\"]}]},{\"@type\":\"ImageObject\",\"inLanguage\":\"es\",\"@id\":\"https:\\\/\\\/quehacerpolitico.mx\\\/?p=105915#primaryimage\",\"url\":\"https:\\\/\\\/quehacerpolitico.mx\\\/wp-content\\\/uploads\\\/2023\\\/10\\\/IMG_1601.jpeg\",\"contentUrl\":\"https:\\\/\\\/quehacerpolitico.mx\\\/wp-content\\\/uploads\\\/2023\\\/10\\\/IMG_1601.jpeg\",\"width\":700,\"height\":393},{\"@type\":\"BreadcrumbList\",\"@id\":\"https:\\\/\\\/quehacerpolitico.mx\\\/?p=105915#breadcrumb\",\"itemListElement\":[{\"@type\":\"ListItem\",\"position\":1,\"name\":\"Inicio\",\"item\":\"https:\\\/\\\/quehacerpolitico.mx\\\/\"},{\"@type\":\"ListItem\",\"position\":2,\"name\":\"Sindicato del Poder Judicial extiende hasta el 29 de octubre el paro de labores\"}]},{\"@type\":\"WebSite\",\"@id\":\"https:\\\/\\\/quehacerpolitico.mx\\\/#website\",\"url\":\"https:\\\/\\\/quehacerpolitico.mx\\\/\",\"name\":\"\",\"description\":\"\",\"potentialAction\":[{\"@type\":\"SearchAction\",\"target\":{\"@type\":\"EntryPoint\",\"urlTemplate\":\"https:\\\/\\\/quehacerpolitico.mx\\\/?s={search_term_string}\"},\"query-input\":{\"@type\":\"PropertyValueSpecification\",\"valueRequired\":true,\"valueName\":\"search_term_string\"}}],\"inLanguage\":\"es\"},{\"@type\":\"Person\",\"@id\":\"https:\\\/\\\/quehacerpolitico.mx\\\/#\\\/schema\\\/person\\\/496d8ad2d1d3f8036101dca7ee39e585\",\"name\":\"Redacci\u00f3n QP\",\"image\":{\"@type\":\"ImageObject\",\"inLanguage\":\"es\",\"@id\":\"https:\\\/\\\/secure.gravatar.com\\\/avatar\\\/c7164ed6fdec453195284ad24a5ae5b6e1eed2b848477fa2a4787ba9adf39a41?s=96&d=mm&r=g\",\"url\":\"https:\\\/\\\/secure.gravatar.com\\\/avatar\\\/c7164ed6fdec453195284ad24a5ae5b6e1eed2b848477fa2a4787ba9adf39a41?s=96&d=mm&r=g\",\"contentUrl\":\"https:\\\/\\\/secure.gravatar.com\\\/avatar\\\/c7164ed6fdec453195284ad24a5ae5b6e1eed2b848477fa2a4787ba9adf39a41?s=96&d=mm&r=g\",\"caption\":\"Redacci\u00f3n QP\"},\"url\":\"https:\\\/\\\/quehacerpolitico.mx\\\/?author=2\"}]}<\/script>\n<!-- \/ Yoast SEO plugin. -->","yoast_head_json":{"title":"Sindicato del Poder Judicial extiende hasta el 29 de octubre el paro de labores -","robots":{"index":"index","follow":"follow","max-snippet":"max-snippet:-1","max-image-preview":"max-image-preview:large","max-video-preview":"max-video-preview:-1"},"canonical":"https:\/\/quehacerpolitico.mx\/?p=105915","og_locale":"es_MX","og_type":"article","og_title":"Sindicato del Poder Judicial extiende hasta el 29 de octubre el paro de labores -","og_description":"Por Redacci\u00f3n QP El&nbsp;Sindicato de Trabajadores del Poder Judicial de la Federaci\u00f3n&nbsp;anunci\u00f3 la noche del...","og_url":"https:\/\/quehacerpolitico.mx\/?p=105915","article_published_time":"2023-10-25T16:05:24+00:00","article_modified_time":"2023-10-25T16:05:28+00:00","og_image":[{"width":700,"height":393,"url":"https:\/\/quehacerpolitico.mx\/wp-content\/uploads\/2023\/10\/IMG_1601.jpeg","type":"image\/jpeg"}],"author":"Redacci\u00f3n QP","twitter_card":"summary_large_image","twitter_misc":{"Escrito por":"Redacci\u00f3n QP","Tiempo de lectura":"1 minuto"},"schema":{"@context":"https:\/\/schema.org","@graph":[{"@type":"Article","@id":"https:\/\/quehacerpolitico.mx\/?p=105915#article","isPartOf":{"@id":"https:\/\/quehacerpolitico.mx\/?p=105915"},"author":{"name":"Redacci\u00f3n QP","@id":"https:\/\/quehacerpolitico.mx\/#\/schema\/person\/496d8ad2d1d3f8036101dca7ee39e585"},"headline":"Sindicato del Poder Judicial extiende hasta el 29 de octubre el paro de labores","datePublished":"2023-10-25T16:05:24+00:00","dateModified":"2023-10-25T16:05:28+00:00","mainEntityOfPage":{"@id":"https:\/\/quehacerpolitico.mx\/?p=105915"},"wordCount":312,"commentCount":0,"image":{"@id":"https:\/\/quehacerpolitico.mx\/?p=105915#primaryimage"},"thumbnailUrl":"https:\/\/quehacerpolitico.mx\/wp-content\/uploads\/2023\/10\/IMG_1601.jpeg","articleSection":["Noticias"],"inLanguage":"es","potentialAction":[{"@type":"CommentAction","name":"Comment","target":["https:\/\/quehacerpolitico.mx\/?p=105915#respond"]}]},{"@type":"WebPage","@id":"https:\/\/quehacerpolitico.mx\/?p=105915","url":"https:\/\/quehacerpolitico.mx\/?p=105915","name":"Sindicato del Poder Judicial extiende hasta el 29 de octubre el paro de labores -","isPartOf":{"@id":"https:\/\/quehacerpolitico.mx\/#website"},"primaryImageOfPage":{"@id":"https:\/\/quehacerpolitico.mx\/?p=105915#primaryimage"},"image":{"@id":"https:\/\/quehacerpolitico.mx\/?p=105915#primaryimage"},"thumbnailUrl":"https:\/\/quehacerpolitico.mx\/wp-content\/uploads\/2023\/10\/IMG_1601.jpeg","datePublished":"2023-10-25T16:05:24+00:00","dateModified":"2023-10-25T16:05:28+00:00","author":{"@id":"https:\/\/quehacerpolitico.mx\/#\/schema\/person\/496d8ad2d1d3f8036101dca7ee39e585"},"breadcrumb":{"@id":"https:\/\/quehacerpolitico.mx\/?p=105915#breadcrumb"},"inLanguage":"es","potentialAction":[{"@type":"ReadAction","target":["https:\/\/quehacerpolitico.mx\/?p=105915"]}]},{"@type":"ImageObject","inLanguage":"es","@id":"https:\/\/quehacerpolitico.mx\/?p=105915#primaryimage","url":"https:\/\/quehacerpolitico.mx\/wp-content\/uploads\/2023\/10\/IMG_1601.jpeg","contentUrl":"https:\/\/quehacerpolitico.mx\/wp-content\/uploads\/2023\/10\/IMG_1601.jpeg","width":700,"height":393},{"@type":"BreadcrumbList","@id":"https:\/\/quehacerpolitico.mx\/?p=105915#breadcrumb","itemListElement":[{"@type":"ListItem","position":1,"name":"Inicio","item":"https:\/\/quehacerpolitico.mx\/"},{"@type":"ListItem","position":2,"name":"Sindicato del Poder Judicial extiende hasta el 29 de octubre el paro de labores"}]},{"@type":"WebSite","@id":"https:\/\/quehacerpolitico.mx\/#website","url":"https:\/\/quehacerpolitico.mx\/","name":"","description":"","potentialAction":[{"@type":"SearchAction","target":{"@type":"EntryPoint","urlTemplate":"https:\/\/quehacerpolitico.mx\/?s={search_term_string}"},"query-input":{"@type":"PropertyValueSpecification","valueRequired":true,"valueName":"search_term_string"}}],"inLanguage":"es"},{"@type":"Person","@id":"https:\/\/quehacerpolitico.mx\/#\/schema\/person\/496d8ad2d1d3f8036101dca7ee39e585","name":"Redacci\u00f3n QP","image":{"@type":"ImageObject","inLanguage":"es","@id":"https:\/\/secure.gravatar.com\/avatar\/c7164ed6fdec453195284ad24a5ae5b6e1eed2b848477fa2a4787ba9adf39a41?s=96&d=mm&r=g","url":"https:\/\/secure.gravatar.com\/avatar\/c7164ed6fdec453195284ad24a5ae5b6e1eed2b848477fa2a4787ba9adf39a41?s=96&d=mm&r=g","contentUrl":"https:\/\/secure.gravatar.com\/avatar\/c7164ed6fdec453195284ad24a5ae5b6e1eed2b848477fa2a4787ba9adf39a41?s=96&d=mm&r=g","caption":"Redacci\u00f3n QP"},"url":"https:\/\/quehacerpolitico.mx\/?author=2"}]}},"featured_image_urls":{"full":["https:\/\/quehacerpolitico.mx\/wp-content\/uploads\/2023\/10\/IMG_1601.jpeg",700,393,false],"thumbnail":["https:\/\/quehacerpolitico.mx\/wp-content\/uploads\/2023\/10\/IMG_1601-150x150.jpeg",150,150,true],"medium":["https:\/\/quehacerpolitico.mx\/wp-content\/uploads\/2023\/10\/IMG_1601-300x168.jpeg",300,168,true],"medium_large":["https:\/\/quehacerpolitico.mx\/wp-content\/uploads\/2023\/10\/IMG_1601.jpeg",640,359,false],"large":["https:\/\/quehacerpolitico.mx\/wp-content\/uploads\/2023\/10\/IMG_1601.jpeg",640,359,false],"1536x1536":["https:\/\/quehacerpolitico.mx\/wp-content\/uploads\/2023\/10\/IMG_1601.jpeg",700,393,false],"2048x2048":["https:\/\/quehacerpolitico.mx\/wp-content\/uploads\/2023\/10\/IMG_1601.jpeg",700,393,false],"covernews-featured":["https:\/\/quehacerpolitico.mx\/wp-content\/uploads\/2023\/10\/IMG_1601.jpeg",700,393,false],"covernews-medium":["https:\/\/quehacerpolitico.mx\/wp-content\/uploads\/2023\/10\/IMG_1601.jpeg",540,303,false]},"author_info":{"display_name":"Redacci\u00f3n QP","author_link":"https:\/\/quehacerpolitico.mx\/?author=2"},"category_info":"<a href=\"https:\/\/quehacerpolitico.mx\/?cat=2\" rel=\"category\">Noticias<\/a>","tag_info":"Noticias","comment_count":"0","_links":{"self":[{"href":"https:\/\/quehacerpolitico.mx\/index.php?rest_route=\/wp\/v2\/posts\/105915","targetHints":{"allow":["GET"]}}],"collection":[{"href":"https:\/\/quehacerpolitico.mx\/index.php?rest_route=\/wp\/v2\/posts"}],"about":[{"href":"https:\/\/quehacerpolitico.mx\/index.php?rest_route=\/wp\/v2\/types\/post"}],"author":[{"embeddable":true,"href":"https:\/\/quehacerpolitico.mx\/index.php?rest_route=\/wp\/v2\/users\/2"}],"replies":[{"embeddable":true,"href":"https:\/\/quehacerpolitico.mx\/index.php?rest_route=%2Fwp%2Fv2%2Fcomments&post=105915"}],"version-history":[{"count":1,"href":"https:\/\/quehacerpolitico.mx\/index.php?rest_route=\/wp\/v2\/posts\/105915\/revisions"}],"predecessor-version":[{"id":105918,"href":"https:\/\/quehacerpolitico.mx\/index.php?rest_route=\/wp\/v2\/posts\/105915\/revisions\/105918"}],"wp:featuredmedia":[{"embeddable":true,"href":"https:\/\/quehacerpolitico.mx\/index.php?rest_route=\/wp\/v2\/media\/105917"}],"wp:attachment":[{"href":"https:\/\/quehacerpolitico.mx\/index.php?rest_route=%2Fwp%2Fv2%2Fmedia&parent=105915"}],"wp:term":[{"taxonomy":"category","embeddable":true,"href":"https:\/\/quehacerpolitico.mx\/index.php?rest_route=%2Fwp%2Fv2%2Fcategories&post=105915"},{"taxonomy":"post_tag","embeddable":true,"href":"https:\/\/quehacerpolitico.mx\/index.php?rest_route=%2Fwp%2Fv2%2Ftags&post=105915"}],"curies":[{"name":"wp","href":"https:\/\/api.w.org\/{rel}","templated":true}]}}