{"id":105891,"date":"2023-10-24T18:02:59","date_gmt":"2023-10-24T18:02:59","guid":{"rendered":"https:\/\/quehacerpolitico.mx\/?p=105891"},"modified":"2023-10-24T18:03:03","modified_gmt":"2023-10-24T18:03:03","slug":"trabajadores-del-poder-judicial-protestan-afuera-del-senado-hoy-se-discute-en-comisiones-el-fin-de-13-fideicomisos","status":"publish","type":"post","link":"https:\/\/quehacerpolitico.mx\/?p=105891","title":{"rendered":"Trabajadores del Poder Judicial protestan afuera del Senado hoy se discute en comisiones el fin de 13 #fideicomisos"},"content":{"rendered":"\n<p>Por Redacci\u00f3n QP<\/p>\n\n\n\n<p>Trabajadores del Poder Judicial de la Federaci\u00f3n (<strong>PJF<\/strong>) se manifiestan afuera del&nbsp;<strong>Senado<\/strong>&nbsp;<strong>de la Rep\u00fablica<\/strong>&nbsp;en rechazo a la eventual aprobaci\u00f3n del&nbsp;<strong>dictamen<\/strong>&nbsp;que contempla la&nbsp;<strong>desaparici\u00f3n de 13<\/strong><strong>fideicomisos<\/strong>, que sirven para complementar sus prestaciones y jubilaciones.<\/p>\n\n\n\n<p>Alrededor de 50 personas se apostaron en la entrada de\u00a0<strong>Paseo de la Reforma<\/strong>\u00a0con mantas y pancartas, y piden respeto a sus derechos laborales.<\/p>\n\n\n\n<p>Los manifestantes gritaron consignas como \u201cSomos tres poderes, este no se vende\u201d y \u201c<strong>Congreso<\/strong>&nbsp;entiende, la justicia&nbsp;<strong>no se vende<\/strong>\u201d.<\/p>\n\n\n\n<p>\u200c\u201cDebe prevalecer y existir esa divisi\u00f3n de poderes y el respeto al patrimonio de cada uno. Esperamos que la\u00a0<strong>C\u00e1mara de Senadores<\/strong>analice, estudie bien y determine que efectivamente no se trata de privilegios, no se trata de un\u00a0<strong>patrimonio<\/strong>\u00a0que se haya quitado a la sociedad\u201d.<\/p>\n\n\n\n<figure class=\"wp-block-embed is-type-video is-provider-youtube wp-block-embed-youtube wp-embed-aspect-16-9 wp-has-aspect-ratio\"><div class=\"wp-block-embed__wrapper\">\n<iframe loading=\"lazy\" title=\"Trabajadores del Poder Judicial se manifiestan afuera del Senado | DPC con Nacho Lozano\" width=\"640\" height=\"360\" src=\"https:\/\/www.youtube.com\/embed\/HTpEf7bIKiU?feature=oembed\" frameborder=\"0\" allow=\"accelerometer; autoplay; clipboard-write; encrypted-media; gyroscope; picture-in-picture; web-share\" referrerpolicy=\"strict-origin-when-cross-origin\" allowfullscreen><\/iframe>\n<\/div><\/figure>\n\n\n\n<p>\u201cSino que analice que dentro de esos&nbsp;<strong>fideicomisos<\/strong>&nbsp;van incluidas muchas de las prestaciones que nosotros tenemos como trabajadores\u201d, resalt\u00f3&nbsp;<strong>Javier Vargas Brito<\/strong>, empleado de un tribunal colegiado de Pachuca,&nbsp;<strong>Hidalgo<\/strong>.<\/p>\n\n\n\n<p>\u200cLos trabajadores respaldaron que la ministra&nbsp;<strong>Norma Pi\u00f1a<\/strong>, presidenta de la Suprema Corte de Justicia de la Naci\u00f3n (<strong>SCJN<\/strong>) y del Consejo de la Judicatura, haya decidido no acudir a explicar a los&nbsp;<strong>legisladores<\/strong>&nbsp;el origen y destino de los&nbsp;<strong>fideicomisos<\/strong>.<\/p>\n\n\n\n<p>\u200cLos trabajadores consideran que es una postura institucional para que haya respeto a la integridad del Poder Judicial de la Federaci\u00f3n.<\/p>\n\n\n\n<p>A las afueras del Senado lleg\u00f3\u00a0<strong>Jes\u00fas Gilberto Gonz\u00e1lez<\/strong>, secretario general del Sindicato de Trabajadores del Poder Judicial de la Federaci\u00f3n, quien estaba citado para participar en un ejercicio de\u00a0<strong>parlamento abierto<\/strong>, respecto a la desaparici\u00f3n de los\u00a0<strong>fideicomisos<\/strong>.<\/p>\n\n\n\n<figure class=\"wp-block-embed is-type-video is-provider-youtube wp-block-embed-youtube wp-embed-aspect-16-9 wp-has-aspect-ratio\"><div class=\"wp-block-embed__wrapper\">\n<iframe loading=\"lazy\" title=\"Falso que se extienda el paro en el Poder Judicial, asegura l\u00edder de trabajadores\" width=\"640\" height=\"360\" src=\"https:\/\/www.youtube.com\/embed\/PsOHftLrN8g?feature=oembed\" frameborder=\"0\" allow=\"accelerometer; autoplay; clipboard-write; encrypted-media; gyroscope; picture-in-picture; web-share\" referrerpolicy=\"strict-origin-when-cross-origin\" allowfullscreen><\/iframe>\n<\/div><\/figure>\n\n\n\n<p>\u200cEn tanto, a las 8:45 horas, los senadores iniciaron una reuni\u00f3n extraordinaria de las Comisiones Unidas de Hacienda y Cr\u00e9dito P\u00fablico y la de Estudios Legislativos Segunda, ambas presididas por legisladores de\u00a0<strong>Morena<\/strong>, y se determin\u00f3 posponer la comparecencia del subsecretario de Hacienda,\u00a0<strong>Gabriel Yorio<\/strong>, que se ten\u00eda programada para hoy.<\/p>\n\n\n\n<p>Los morenistas Rafael Espino y Ernesto P\u00e9rez Astorga determinaron que este d\u00eda desahogar\u00e1n lo referente a la minuta que envi\u00f3 la&nbsp;<strong>C\u00e1mara de Diputados<\/strong>&nbsp;para extinguir 13 de 14 fideicomisos.<\/p>\n\n\n\n<p>\u200cEste martes se tiene programada la&nbsp;<strong>aprobaci\u00f3n<\/strong>&nbsp;de cinco dict\u00e1menes con minutas enviadas por la&nbsp;<strong>C\u00e1mara de Diputados<\/strong>, entre ellos, la que determina la desaparici\u00f3n<a href=\"https:\/\/www.senado.gob.mx\/65\/\">.<\/a><\/p>\n\n\n\n<p>A las 9:00, el senador Clemente Casta\u00f1eda, de Movimiento Ciudadano, gestion\u00f3 el acceso del representante sindical al Senado, a quien recibi\u00f3 en las oficinas de su&nbsp;<strong>grupo parlamentario<\/strong>, en donde tambi\u00e9n est\u00e1 presente la expriista Claudia Ruiz Massieu (ahora senadora sin partido).<\/p>\n","protected":false},"excerpt":{"rendered":"<p>Por Redacci\u00f3n QP Trabajadores del Poder Judicial de la Federaci\u00f3n (PJF) se manifiestan afuera del&nbsp;Senado&nbsp;de&#8230;<\/p>\n","protected":false},"author":2,"featured_media":105892,"comment_status":"open","ping_status":"open","sticky":false,"template":"","format":"standard","meta":{"_monsterinsights_skip_tracking":false,"_monsterinsights_sitenote_active":false,"_monsterinsights_sitenote_note":"","_monsterinsights_sitenote_category":0,"footnotes":""},"categories":[2],"tags":[],"class_list":["post-105891","post","type-post","status-publish","format-standard","has-post-thumbnail","hentry","category-noticias"],"yoast_head":"<!-- This site is optimized with the Yoast SEO plugin v27.3 - https:\/\/yoast.com\/product\/yoast-seo-wordpress\/ -->\n<title>Trabajadores del Poder Judicial protestan afuera del Senado hoy se discute en comisiones el fin de 13 #fideicomisos -<\/title>\n<meta name=\"robots\" content=\"index, follow, max-snippet:-1, max-image-preview:large, max-video-preview:-1\" \/>\n<link rel=\"canonical\" href=\"https:\/\/quehacerpolitico.mx\/?p=105891\" \/>\n<meta property=\"og:locale\" content=\"es_MX\" \/>\n<meta property=\"og:type\" content=\"article\" \/>\n<meta property=\"og:title\" content=\"Trabajadores del Poder Judicial protestan afuera del Senado hoy se discute en comisiones el fin de 13 #fideicomisos -\" \/>\n<meta property=\"og:description\" content=\"Por Redacci\u00f3n QP Trabajadores del Poder Judicial de la Federaci\u00f3n (PJF) se manifiestan afuera del&nbsp;Senado&nbsp;de...\" \/>\n<meta property=\"og:url\" content=\"https:\/\/quehacerpolitico.mx\/?p=105891\" \/>\n<meta property=\"article:published_time\" content=\"2023-10-24T18:02:59+00:00\" \/>\n<meta property=\"article:modified_time\" content=\"2023-10-24T18:03:03+00:00\" \/>\n<meta property=\"og:image\" content=\"https:\/\/quehacerpolitico.mx\/wp-content\/uploads\/2023\/10\/IMG_1569.jpeg\" \/>\n\t<meta property=\"og:image:width\" content=\"1284\" \/>\n\t<meta property=\"og:image:height\" content=\"681\" \/>\n\t<meta property=\"og:image:type\" content=\"image\/jpeg\" \/>\n<meta name=\"author\" content=\"Redacci\u00f3n QP\" \/>\n<meta name=\"twitter:card\" content=\"summary_large_image\" \/>\n<meta name=\"twitter:label1\" content=\"Escrito por\" \/>\n\t<meta name=\"twitter:data1\" content=\"Redacci\u00f3n QP\" \/>\n\t<meta name=\"twitter:label2\" content=\"Tiempo de lectura\" \/>\n\t<meta name=\"twitter:data2\" content=\"2 minutos\" \/>\n<script type=\"application\/ld+json\" class=\"yoast-schema-graph\">{\"@context\":\"https:\\\/\\\/schema.org\",\"@graph\":[{\"@type\":\"Article\",\"@id\":\"https:\\\/\\\/quehacerpolitico.mx\\\/?p=105891#article\",\"isPartOf\":{\"@id\":\"https:\\\/\\\/quehacerpolitico.mx\\\/?p=105891\"},\"author\":{\"name\":\"Redacci\u00f3n QP\",\"@id\":\"https:\\\/\\\/quehacerpolitico.mx\\\/#\\\/schema\\\/person\\\/496d8ad2d1d3f8036101dca7ee39e585\"},\"headline\":\"Trabajadores del Poder Judicial protestan afuera del Senado hoy se discute en comisiones el fin de 13 #fideicomisos\",\"datePublished\":\"2023-10-24T18:02:59+00:00\",\"dateModified\":\"2023-10-24T18:03:03+00:00\",\"mainEntityOfPage\":{\"@id\":\"https:\\\/\\\/quehacerpolitico.mx\\\/?p=105891\"},\"wordCount\":492,\"commentCount\":0,\"image\":{\"@id\":\"https:\\\/\\\/quehacerpolitico.mx\\\/?p=105891#primaryimage\"},\"thumbnailUrl\":\"https:\\\/\\\/quehacerpolitico.mx\\\/wp-content\\\/uploads\\\/2023\\\/10\\\/IMG_1569.jpeg\",\"articleSection\":[\"Noticias\"],\"inLanguage\":\"es\",\"potentialAction\":[{\"@type\":\"CommentAction\",\"name\":\"Comment\",\"target\":[\"https:\\\/\\\/quehacerpolitico.mx\\\/?p=105891#respond\"]}]},{\"@type\":\"WebPage\",\"@id\":\"https:\\\/\\\/quehacerpolitico.mx\\\/?p=105891\",\"url\":\"https:\\\/\\\/quehacerpolitico.mx\\\/?p=105891\",\"name\":\"Trabajadores del Poder Judicial protestan afuera del Senado hoy se discute en comisiones el fin de 13 #fideicomisos -\",\"isPartOf\":{\"@id\":\"https:\\\/\\\/quehacerpolitico.mx\\\/#website\"},\"primaryImageOfPage\":{\"@id\":\"https:\\\/\\\/quehacerpolitico.mx\\\/?p=105891#primaryimage\"},\"image\":{\"@id\":\"https:\\\/\\\/quehacerpolitico.mx\\\/?p=105891#primaryimage\"},\"thumbnailUrl\":\"https:\\\/\\\/quehacerpolitico.mx\\\/wp-content\\\/uploads\\\/2023\\\/10\\\/IMG_1569.jpeg\",\"datePublished\":\"2023-10-24T18:02:59+00:00\",\"dateModified\":\"2023-10-24T18:03:03+00:00\",\"author\":{\"@id\":\"https:\\\/\\\/quehacerpolitico.mx\\\/#\\\/schema\\\/person\\\/496d8ad2d1d3f8036101dca7ee39e585\"},\"breadcrumb\":{\"@id\":\"https:\\\/\\\/quehacerpolitico.mx\\\/?p=105891#breadcrumb\"},\"inLanguage\":\"es\",\"potentialAction\":[{\"@type\":\"ReadAction\",\"target\":[\"https:\\\/\\\/quehacerpolitico.mx\\\/?p=105891\"]}]},{\"@type\":\"ImageObject\",\"inLanguage\":\"es\",\"@id\":\"https:\\\/\\\/quehacerpolitico.mx\\\/?p=105891#primaryimage\",\"url\":\"https:\\\/\\\/quehacerpolitico.mx\\\/wp-content\\\/uploads\\\/2023\\\/10\\\/IMG_1569.jpeg\",\"contentUrl\":\"https:\\\/\\\/quehacerpolitico.mx\\\/wp-content\\\/uploads\\\/2023\\\/10\\\/IMG_1569.jpeg\",\"width\":1284,\"height\":681},{\"@type\":\"BreadcrumbList\",\"@id\":\"https:\\\/\\\/quehacerpolitico.mx\\\/?p=105891#breadcrumb\",\"itemListElement\":[{\"@type\":\"ListItem\",\"position\":1,\"name\":\"Inicio\",\"item\":\"https:\\\/\\\/quehacerpolitico.mx\\\/\"},{\"@type\":\"ListItem\",\"position\":2,\"name\":\"Trabajadores del Poder Judicial protestan afuera del Senado hoy se discute en comisiones el fin de 13 #fideicomisos\"}]},{\"@type\":\"WebSite\",\"@id\":\"https:\\\/\\\/quehacerpolitico.mx\\\/#website\",\"url\":\"https:\\\/\\\/quehacerpolitico.mx\\\/\",\"name\":\"\",\"description\":\"\",\"potentialAction\":[{\"@type\":\"SearchAction\",\"target\":{\"@type\":\"EntryPoint\",\"urlTemplate\":\"https:\\\/\\\/quehacerpolitico.mx\\\/?s={search_term_string}\"},\"query-input\":{\"@type\":\"PropertyValueSpecification\",\"valueRequired\":true,\"valueName\":\"search_term_string\"}}],\"inLanguage\":\"es\"},{\"@type\":\"Person\",\"@id\":\"https:\\\/\\\/quehacerpolitico.mx\\\/#\\\/schema\\\/person\\\/496d8ad2d1d3f8036101dca7ee39e585\",\"name\":\"Redacci\u00f3n QP\",\"image\":{\"@type\":\"ImageObject\",\"inLanguage\":\"es\",\"@id\":\"https:\\\/\\\/secure.gravatar.com\\\/avatar\\\/c7164ed6fdec453195284ad24a5ae5b6e1eed2b848477fa2a4787ba9adf39a41?s=96&d=mm&r=g\",\"url\":\"https:\\\/\\\/secure.gravatar.com\\\/avatar\\\/c7164ed6fdec453195284ad24a5ae5b6e1eed2b848477fa2a4787ba9adf39a41?s=96&d=mm&r=g\",\"contentUrl\":\"https:\\\/\\\/secure.gravatar.com\\\/avatar\\\/c7164ed6fdec453195284ad24a5ae5b6e1eed2b848477fa2a4787ba9adf39a41?s=96&d=mm&r=g\",\"caption\":\"Redacci\u00f3n QP\"},\"url\":\"https:\\\/\\\/quehacerpolitico.mx\\\/?author=2\"}]}<\/script>\n<!-- \/ Yoast SEO plugin. -->","yoast_head_json":{"title":"Trabajadores del Poder Judicial protestan afuera del Senado hoy se discute en comisiones el fin de 13 #fideicomisos -","robots":{"index":"index","follow":"follow","max-snippet":"max-snippet:-1","max-image-preview":"max-image-preview:large","max-video-preview":"max-video-preview:-1"},"canonical":"https:\/\/quehacerpolitico.mx\/?p=105891","og_locale":"es_MX","og_type":"article","og_title":"Trabajadores del Poder Judicial protestan afuera del Senado hoy se discute en comisiones el fin de 13 #fideicomisos -","og_description":"Por Redacci\u00f3n QP Trabajadores del Poder Judicial de la Federaci\u00f3n (PJF) se manifiestan afuera del&nbsp;Senado&nbsp;de...","og_url":"https:\/\/quehacerpolitico.mx\/?p=105891","article_published_time":"2023-10-24T18:02:59+00:00","article_modified_time":"2023-10-24T18:03:03+00:00","og_image":[{"width":1284,"height":681,"url":"https:\/\/quehacerpolitico.mx\/wp-content\/uploads\/2023\/10\/IMG_1569.jpeg","type":"image\/jpeg"}],"author":"Redacci\u00f3n QP","twitter_card":"summary_large_image","twitter_misc":{"Escrito por":"Redacci\u00f3n QP","Tiempo de lectura":"2 minutos"},"schema":{"@context":"https:\/\/schema.org","@graph":[{"@type":"Article","@id":"https:\/\/quehacerpolitico.mx\/?p=105891#article","isPartOf":{"@id":"https:\/\/quehacerpolitico.mx\/?p=105891"},"author":{"name":"Redacci\u00f3n QP","@id":"https:\/\/quehacerpolitico.mx\/#\/schema\/person\/496d8ad2d1d3f8036101dca7ee39e585"},"headline":"Trabajadores del Poder Judicial protestan afuera del Senado hoy se discute en comisiones el fin de 13 #fideicomisos","datePublished":"2023-10-24T18:02:59+00:00","dateModified":"2023-10-24T18:03:03+00:00","mainEntityOfPage":{"@id":"https:\/\/quehacerpolitico.mx\/?p=105891"},"wordCount":492,"commentCount":0,"image":{"@id":"https:\/\/quehacerpolitico.mx\/?p=105891#primaryimage"},"thumbnailUrl":"https:\/\/quehacerpolitico.mx\/wp-content\/uploads\/2023\/10\/IMG_1569.jpeg","articleSection":["Noticias"],"inLanguage":"es","potentialAction":[{"@type":"CommentAction","name":"Comment","target":["https:\/\/quehacerpolitico.mx\/?p=105891#respond"]}]},{"@type":"WebPage","@id":"https:\/\/quehacerpolitico.mx\/?p=105891","url":"https:\/\/quehacerpolitico.mx\/?p=105891","name":"Trabajadores del Poder Judicial protestan afuera del Senado hoy se discute en comisiones el fin de 13 #fideicomisos -","isPartOf":{"@id":"https:\/\/quehacerpolitico.mx\/#website"},"primaryImageOfPage":{"@id":"https:\/\/quehacerpolitico.mx\/?p=105891#primaryimage"},"image":{"@id":"https:\/\/quehacerpolitico.mx\/?p=105891#primaryimage"},"thumbnailUrl":"https:\/\/quehacerpolitico.mx\/wp-content\/uploads\/2023\/10\/IMG_1569.jpeg","datePublished":"2023-10-24T18:02:59+00:00","dateModified":"2023-10-24T18:03:03+00:00","author":{"@id":"https:\/\/quehacerpolitico.mx\/#\/schema\/person\/496d8ad2d1d3f8036101dca7ee39e585"},"breadcrumb":{"@id":"https:\/\/quehacerpolitico.mx\/?p=105891#breadcrumb"},"inLanguage":"es","potentialAction":[{"@type":"ReadAction","target":["https:\/\/quehacerpolitico.mx\/?p=105891"]}]},{"@type":"ImageObject","inLanguage":"es","@id":"https:\/\/quehacerpolitico.mx\/?p=105891#primaryimage","url":"https:\/\/quehacerpolitico.mx\/wp-content\/uploads\/2023\/10\/IMG_1569.jpeg","contentUrl":"https:\/\/quehacerpolitico.mx\/wp-content\/uploads\/2023\/10\/IMG_1569.jpeg","width":1284,"height":681},{"@type":"BreadcrumbList","@id":"https:\/\/quehacerpolitico.mx\/?p=105891#breadcrumb","itemListElement":[{"@type":"ListItem","position":1,"name":"Inicio","item":"https:\/\/quehacerpolitico.mx\/"},{"@type":"ListItem","position":2,"name":"Trabajadores del Poder Judicial protestan afuera del Senado hoy se discute en comisiones el fin de 13 #fideicomisos"}]},{"@type":"WebSite","@id":"https:\/\/quehacerpolitico.mx\/#website","url":"https:\/\/quehacerpolitico.mx\/","name":"","description":"","potentialAction":[{"@type":"SearchAction","target":{"@type":"EntryPoint","urlTemplate":"https:\/\/quehacerpolitico.mx\/?s={search_term_string}"},"query-input":{"@type":"PropertyValueSpecification","valueRequired":true,"valueName":"search_term_string"}}],"inLanguage":"es"},{"@type":"Person","@id":"https:\/\/quehacerpolitico.mx\/#\/schema\/person\/496d8ad2d1d3f8036101dca7ee39e585","name":"Redacci\u00f3n QP","image":{"@type":"ImageObject","inLanguage":"es","@id":"https:\/\/secure.gravatar.com\/avatar\/c7164ed6fdec453195284ad24a5ae5b6e1eed2b848477fa2a4787ba9adf39a41?s=96&d=mm&r=g","url":"https:\/\/secure.gravatar.com\/avatar\/c7164ed6fdec453195284ad24a5ae5b6e1eed2b848477fa2a4787ba9adf39a41?s=96&d=mm&r=g","contentUrl":"https:\/\/secure.gravatar.com\/avatar\/c7164ed6fdec453195284ad24a5ae5b6e1eed2b848477fa2a4787ba9adf39a41?s=96&d=mm&r=g","caption":"Redacci\u00f3n QP"},"url":"https:\/\/quehacerpolitico.mx\/?author=2"}]}},"featured_image_urls":{"full":["https:\/\/quehacerpolitico.mx\/wp-content\/uploads\/2023\/10\/IMG_1569.jpeg",1284,681,false],"thumbnail":["https:\/\/quehacerpolitico.mx\/wp-content\/uploads\/2023\/10\/IMG_1569-150x150.jpeg",150,150,true],"medium":["https:\/\/quehacerpolitico.mx\/wp-content\/uploads\/2023\/10\/IMG_1569-300x159.jpeg",300,159,true],"medium_large":["https:\/\/quehacerpolitico.mx\/wp-content\/uploads\/2023\/10\/IMG_1569-768x407.jpeg",640,339,true],"large":["https:\/\/quehacerpolitico.mx\/wp-content\/uploads\/2023\/10\/IMG_1569-1024x543.jpeg",640,339,true],"1536x1536":["https:\/\/quehacerpolitico.mx\/wp-content\/uploads\/2023\/10\/IMG_1569.jpeg",1284,681,false],"2048x2048":["https:\/\/quehacerpolitico.mx\/wp-content\/uploads\/2023\/10\/IMG_1569.jpeg",1284,681,false],"covernews-featured":["https:\/\/quehacerpolitico.mx\/wp-content\/uploads\/2023\/10\/IMG_1569.jpeg",1024,543,false],"covernews-medium":["https:\/\/quehacerpolitico.mx\/wp-content\/uploads\/2023\/10\/IMG_1569.jpeg",540,286,false]},"author_info":{"display_name":"Redacci\u00f3n QP","author_link":"https:\/\/quehacerpolitico.mx\/?author=2"},"category_info":"<a href=\"https:\/\/quehacerpolitico.mx\/?cat=2\" rel=\"category\">Noticias<\/a>","tag_info":"Noticias","comment_count":"0","_links":{"self":[{"href":"https:\/\/quehacerpolitico.mx\/index.php?rest_route=\/wp\/v2\/posts\/105891","targetHints":{"allow":["GET"]}}],"collection":[{"href":"https:\/\/quehacerpolitico.mx\/index.php?rest_route=\/wp\/v2\/posts"}],"about":[{"href":"https:\/\/quehacerpolitico.mx\/index.php?rest_route=\/wp\/v2\/types\/post"}],"author":[{"embeddable":true,"href":"https:\/\/quehacerpolitico.mx\/index.php?rest_route=\/wp\/v2\/users\/2"}],"replies":[{"embeddable":true,"href":"https:\/\/quehacerpolitico.mx\/index.php?rest_route=%2Fwp%2Fv2%2Fcomments&post=105891"}],"version-history":[{"count":1,"href":"https:\/\/quehacerpolitico.mx\/index.php?rest_route=\/wp\/v2\/posts\/105891\/revisions"}],"predecessor-version":[{"id":105893,"href":"https:\/\/quehacerpolitico.mx\/index.php?rest_route=\/wp\/v2\/posts\/105891\/revisions\/105893"}],"wp:featuredmedia":[{"embeddable":true,"href":"https:\/\/quehacerpolitico.mx\/index.php?rest_route=\/wp\/v2\/media\/105892"}],"wp:attachment":[{"href":"https:\/\/quehacerpolitico.mx\/index.php?rest_route=%2Fwp%2Fv2%2Fmedia&parent=105891"}],"wp:term":[{"taxonomy":"category","embeddable":true,"href":"https:\/\/quehacerpolitico.mx\/index.php?rest_route=%2Fwp%2Fv2%2Fcategories&post=105891"},{"taxonomy":"post_tag","embeddable":true,"href":"https:\/\/quehacerpolitico.mx\/index.php?rest_route=%2Fwp%2Fv2%2Ftags&post=105891"}],"curies":[{"name":"wp","href":"https:\/\/api.w.org\/{rel}","templated":true}]}}