{"id":105873,"date":"2023-10-24T16:49:29","date_gmt":"2023-10-24T16:49:29","guid":{"rendered":"https:\/\/quehacerpolitico.mx\/?p=105873"},"modified":"2023-10-24T16:49:32","modified_gmt":"2023-10-24T16:49:32","slug":"alexis-lopez-y-miguel-carballo-le-dieron-a-mexico-su-primera-medalla-de-oro-en-remo-de-panamericanos-en-la-prueba-de-par-corto-peso-ligero","status":"publish","type":"post","link":"https:\/\/quehacerpolitico.mx\/?p=105873","title":{"rendered":"Alexis L\u00f3pez y Miguel Carballo le dieron a M\u00e9xico su primera medalla de oro en remo de Panamericanos, en la prueba de par corto peso ligero"},"content":{"rendered":"\n<p>Por Redacci\u00f3n QP<\/p>\n\n\n\n<p>La actividad de este martes en los\u00a0<strong>Juegos\u00a0<\/strong>Panamericanos de Santiago 2023 comenz\u00f3 con la\u00a0<strong>primera medalla de oro para M\u00e9xico en el remo<\/strong>, gracias al triunfo de\u00a0<strong>Alexis L\u00f3pez y Miguel Carballo\u00a0<\/strong>en la prueba par de remos cortos peso ligero (LM2x).<\/p>\n\n\n\n<p>Con un\u00a0tiempo de 6:22.94, la pareja mexicana, que ya hab\u00eda conseguido un\u00a0<strong>cupo ol\u00edmpico<\/strong>para el pa\u00eds en el pasado\u00a0<strong>Campeonato Mundial<\/strong>, se impuso a los chilenos\u00a0Eber Sanhueza y C\u00e9sar Abaroa, en una re\u00f1ida final. El bronce fue para Argentina.<\/p>\n\n\n\n<p>En la modalidad de cuatro sin timonel femenino (W4-), el oro fue para las remeras chilenas y hermanas Melita y Antonia Abraham junto a Victoria Hostetter y Magdalena Nanning, quienes eran favoritas de esta competencia.<\/p>\n\n\n\n<figure class=\"wp-block-image size-large\"><img loading=\"lazy\" decoding=\"async\" width=\"1024\" height=\"683\" src=\"https:\/\/quehacerpolitico.mx\/wp-content\/uploads\/2023\/10\/image-61-1024x683.jpeg\" alt=\"\" class=\"wp-image-105875\" srcset=\"https:\/\/quehacerpolitico.mx\/wp-content\/uploads\/2023\/10\/image-61-1024x683.jpeg 1024w, https:\/\/quehacerpolitico.mx\/wp-content\/uploads\/2023\/10\/image-61-300x200.jpeg 300w, https:\/\/quehacerpolitico.mx\/wp-content\/uploads\/2023\/10\/image-61-768x512.jpeg 768w, https:\/\/quehacerpolitico.mx\/wp-content\/uploads\/2023\/10\/image-61-1536x1024.jpeg 1536w, https:\/\/quehacerpolitico.mx\/wp-content\/uploads\/2023\/10\/image-61-219x146.jpeg 219w, https:\/\/quehacerpolitico.mx\/wp-content\/uploads\/2023\/10\/image-61-50x33.jpeg 50w, https:\/\/quehacerpolitico.mx\/wp-content\/uploads\/2023\/10\/image-61-113x75.jpeg 113w, https:\/\/quehacerpolitico.mx\/wp-content\/uploads\/2023\/10\/image-61.jpeg 1599w\" sizes=\"auto, (max-width: 1024px) 100vw, 1024px\" \/><\/figure>\n\n\n\n<p>Ratificaron las expectativas en una emocionante carrera en la que finalizaron primeras con un tiempo de 6:40.83. La plata fue de las estadounidenses Cristina Pretto, Isabela Darvin, Lauren Miller y Hannah Paynter con un tiempo de 6:44.41.<\/p>\n\n\n\n<p>El bronce qued\u00f3 en manos de M\u00e9xico con las remeras Naomi Ram\u00edrez, Maria Garc\u00eda, Mildred Mercado y Maite Arrillaga con un crono de 6:44.59.<\/p>\n\n\n\n<h2 class=\"wp-block-heading\" id=\"h-mas-bronces\">M\u00c1S BRONCES<\/h2>\n\n\n\n<p>En la jornada del&nbsp;<strong>lunes<\/strong>, M\u00e9xico sum\u00f3 dos de<strong>bronce<\/strong>&nbsp;a la medalla de oro de este martes en los Juegos Panamericanos Santiago 2023, en la categor\u00eda de remo, obtenidas por Hugo Reyes y Jordy Guti\u00e9rrez.<\/p>\n\n\n\n<p>Los mexicanos lograron su lugar luego de registrar 6 minutos 38 segundos 98 cent\u00e9simas, lo cual les permiti\u00f3 ingresar a las finales A.<\/p>\n\n\n\n<figure class=\"wp-block-image size-full\"><img loading=\"lazy\" decoding=\"async\" width=\"958\" height=\"734\" src=\"https:\/\/quehacerpolitico.mx\/wp-content\/uploads\/2023\/10\/image-62.jpeg\" alt=\"\" class=\"wp-image-105876\" srcset=\"https:\/\/quehacerpolitico.mx\/wp-content\/uploads\/2023\/10\/image-62.jpeg 958w, https:\/\/quehacerpolitico.mx\/wp-content\/uploads\/2023\/10\/image-62-300x230.jpeg 300w, https:\/\/quehacerpolitico.mx\/wp-content\/uploads\/2023\/10\/image-62-768x588.jpeg 768w, https:\/\/quehacerpolitico.mx\/wp-content\/uploads\/2023\/10\/image-62-191x146.jpeg 191w, https:\/\/quehacerpolitico.mx\/wp-content\/uploads\/2023\/10\/image-62-50x38.jpeg 50w, https:\/\/quehacerpolitico.mx\/wp-content\/uploads\/2023\/10\/image-62-98x75.jpeg 98w\" sizes=\"auto, (max-width: 958px) 100vw, 958px\" \/><\/figure>\n\n\n\n<p>El\u00a0<strong>segundo bronce<\/strong>\u00a0para M\u00e9xico lleg\u00f3 en la prueba de cuatro pares de remos masculinos, donde los mexicanos Daniel De la Rosa, Tom\u00e1s Manzanillo, Andre Simsch y Rafael Mej\u00eda, lograron un tiempo de 6 minutos con 99 cent\u00e9simas.<\/p>\n","protected":false},"excerpt":{"rendered":"<p>Por Redacci\u00f3n QP La actividad de este martes en los\u00a0Juegos\u00a0Panamericanos de Santiago 2023 comenz\u00f3 con&#8230;<\/p>\n","protected":false},"author":2,"featured_media":105874,"comment_status":"open","ping_status":"open","sticky":false,"template":"","format":"standard","meta":{"_monsterinsights_skip_tracking":false,"_monsterinsights_sitenote_active":false,"_monsterinsights_sitenote_note":"","_monsterinsights_sitenote_category":0,"footnotes":""},"categories":[54],"tags":[],"class_list":["post-105873","post","type-post","status-publish","format-standard","has-post-thumbnail","hentry","category-deportes"],"yoast_head":"<!-- This site is optimized with the Yoast SEO plugin v27.3 - https:\/\/yoast.com\/product\/yoast-seo-wordpress\/ -->\n<title>Alexis L\u00f3pez y Miguel Carballo le dieron a M\u00e9xico su primera medalla de oro en remo de Panamericanos, en la prueba de par corto peso ligero -<\/title>\n<meta name=\"robots\" content=\"index, follow, max-snippet:-1, max-image-preview:large, max-video-preview:-1\" \/>\n<link rel=\"canonical\" href=\"https:\/\/quehacerpolitico.mx\/?p=105873\" \/>\n<meta property=\"og:locale\" content=\"es_MX\" \/>\n<meta property=\"og:type\" content=\"article\" \/>\n<meta property=\"og:title\" content=\"Alexis L\u00f3pez y Miguel Carballo le dieron a M\u00e9xico su primera medalla de oro en remo de Panamericanos, en la prueba de par corto peso ligero -\" \/>\n<meta property=\"og:description\" content=\"Por Redacci\u00f3n QP La actividad de este martes en los\u00a0Juegos\u00a0Panamericanos de Santiago 2023 comenz\u00f3 con...\" \/>\n<meta property=\"og:url\" content=\"https:\/\/quehacerpolitico.mx\/?p=105873\" \/>\n<meta property=\"article:published_time\" content=\"2023-10-24T16:49:29+00:00\" \/>\n<meta property=\"article:modified_time\" content=\"2023-10-24T16:49:32+00:00\" \/>\n<meta property=\"og:image\" content=\"https:\/\/quehacerpolitico.mx\/wp-content\/uploads\/2023\/10\/IMG_1560.jpeg\" \/>\n\t<meta property=\"og:image:width\" content=\"1600\" \/>\n\t<meta property=\"og:image:height\" content=\"1200\" \/>\n\t<meta property=\"og:image:type\" content=\"image\/jpeg\" \/>\n<meta name=\"author\" content=\"Redacci\u00f3n QP\" \/>\n<meta name=\"twitter:card\" content=\"summary_large_image\" \/>\n<meta name=\"twitter:label1\" content=\"Escrito por\" \/>\n\t<meta name=\"twitter:data1\" content=\"Redacci\u00f3n QP\" \/>\n\t<meta name=\"twitter:label2\" content=\"Tiempo de lectura\" \/>\n\t<meta name=\"twitter:data2\" content=\"1 minuto\" \/>\n<script type=\"application\/ld+json\" class=\"yoast-schema-graph\">{\"@context\":\"https:\\\/\\\/schema.org\",\"@graph\":[{\"@type\":\"Article\",\"@id\":\"https:\\\/\\\/quehacerpolitico.mx\\\/?p=105873#article\",\"isPartOf\":{\"@id\":\"https:\\\/\\\/quehacerpolitico.mx\\\/?p=105873\"},\"author\":{\"name\":\"Redacci\u00f3n QP\",\"@id\":\"https:\\\/\\\/quehacerpolitico.mx\\\/#\\\/schema\\\/person\\\/496d8ad2d1d3f8036101dca7ee39e585\"},\"headline\":\"Alexis L\u00f3pez y Miguel Carballo le dieron a M\u00e9xico su primera medalla de oro en remo de Panamericanos, en la prueba de par corto peso ligero\",\"datePublished\":\"2023-10-24T16:49:29+00:00\",\"dateModified\":\"2023-10-24T16:49:32+00:00\",\"mainEntityOfPage\":{\"@id\":\"https:\\\/\\\/quehacerpolitico.mx\\\/?p=105873\"},\"wordCount\":322,\"commentCount\":0,\"image\":{\"@id\":\"https:\\\/\\\/quehacerpolitico.mx\\\/?p=105873#primaryimage\"},\"thumbnailUrl\":\"https:\\\/\\\/quehacerpolitico.mx\\\/wp-content\\\/uploads\\\/2023\\\/10\\\/IMG_1560.jpeg\",\"articleSection\":[\"Deportes\"],\"inLanguage\":\"es\",\"potentialAction\":[{\"@type\":\"CommentAction\",\"name\":\"Comment\",\"target\":[\"https:\\\/\\\/quehacerpolitico.mx\\\/?p=105873#respond\"]}]},{\"@type\":\"WebPage\",\"@id\":\"https:\\\/\\\/quehacerpolitico.mx\\\/?p=105873\",\"url\":\"https:\\\/\\\/quehacerpolitico.mx\\\/?p=105873\",\"name\":\"Alexis L\u00f3pez y Miguel Carballo le dieron a M\u00e9xico su primera medalla de oro en remo de Panamericanos, en la prueba de par corto peso ligero -\",\"isPartOf\":{\"@id\":\"https:\\\/\\\/quehacerpolitico.mx\\\/#website\"},\"primaryImageOfPage\":{\"@id\":\"https:\\\/\\\/quehacerpolitico.mx\\\/?p=105873#primaryimage\"},\"image\":{\"@id\":\"https:\\\/\\\/quehacerpolitico.mx\\\/?p=105873#primaryimage\"},\"thumbnailUrl\":\"https:\\\/\\\/quehacerpolitico.mx\\\/wp-content\\\/uploads\\\/2023\\\/10\\\/IMG_1560.jpeg\",\"datePublished\":\"2023-10-24T16:49:29+00:00\",\"dateModified\":\"2023-10-24T16:49:32+00:00\",\"author\":{\"@id\":\"https:\\\/\\\/quehacerpolitico.mx\\\/#\\\/schema\\\/person\\\/496d8ad2d1d3f8036101dca7ee39e585\"},\"breadcrumb\":{\"@id\":\"https:\\\/\\\/quehacerpolitico.mx\\\/?p=105873#breadcrumb\"},\"inLanguage\":\"es\",\"potentialAction\":[{\"@type\":\"ReadAction\",\"target\":[\"https:\\\/\\\/quehacerpolitico.mx\\\/?p=105873\"]}]},{\"@type\":\"ImageObject\",\"inLanguage\":\"es\",\"@id\":\"https:\\\/\\\/quehacerpolitico.mx\\\/?p=105873#primaryimage\",\"url\":\"https:\\\/\\\/quehacerpolitico.mx\\\/wp-content\\\/uploads\\\/2023\\\/10\\\/IMG_1560.jpeg\",\"contentUrl\":\"https:\\\/\\\/quehacerpolitico.mx\\\/wp-content\\\/uploads\\\/2023\\\/10\\\/IMG_1560.jpeg\",\"width\":1600,\"height\":1200},{\"@type\":\"BreadcrumbList\",\"@id\":\"https:\\\/\\\/quehacerpolitico.mx\\\/?p=105873#breadcrumb\",\"itemListElement\":[{\"@type\":\"ListItem\",\"position\":1,\"name\":\"Inicio\",\"item\":\"https:\\\/\\\/quehacerpolitico.mx\\\/\"},{\"@type\":\"ListItem\",\"position\":2,\"name\":\"Alexis L\u00f3pez y Miguel Carballo le dieron a M\u00e9xico su primera medalla de oro en remo de Panamericanos, en la prueba de par corto peso ligero\"}]},{\"@type\":\"WebSite\",\"@id\":\"https:\\\/\\\/quehacerpolitico.mx\\\/#website\",\"url\":\"https:\\\/\\\/quehacerpolitico.mx\\\/\",\"name\":\"\",\"description\":\"\",\"potentialAction\":[{\"@type\":\"SearchAction\",\"target\":{\"@type\":\"EntryPoint\",\"urlTemplate\":\"https:\\\/\\\/quehacerpolitico.mx\\\/?s={search_term_string}\"},\"query-input\":{\"@type\":\"PropertyValueSpecification\",\"valueRequired\":true,\"valueName\":\"search_term_string\"}}],\"inLanguage\":\"es\"},{\"@type\":\"Person\",\"@id\":\"https:\\\/\\\/quehacerpolitico.mx\\\/#\\\/schema\\\/person\\\/496d8ad2d1d3f8036101dca7ee39e585\",\"name\":\"Redacci\u00f3n QP\",\"image\":{\"@type\":\"ImageObject\",\"inLanguage\":\"es\",\"@id\":\"https:\\\/\\\/secure.gravatar.com\\\/avatar\\\/c7164ed6fdec453195284ad24a5ae5b6e1eed2b848477fa2a4787ba9adf39a41?s=96&d=mm&r=g\",\"url\":\"https:\\\/\\\/secure.gravatar.com\\\/avatar\\\/c7164ed6fdec453195284ad24a5ae5b6e1eed2b848477fa2a4787ba9adf39a41?s=96&d=mm&r=g\",\"contentUrl\":\"https:\\\/\\\/secure.gravatar.com\\\/avatar\\\/c7164ed6fdec453195284ad24a5ae5b6e1eed2b848477fa2a4787ba9adf39a41?s=96&d=mm&r=g\",\"caption\":\"Redacci\u00f3n QP\"},\"url\":\"https:\\\/\\\/quehacerpolitico.mx\\\/?author=2\"}]}<\/script>\n<!-- \/ Yoast SEO plugin. -->","yoast_head_json":{"title":"Alexis L\u00f3pez y Miguel Carballo le dieron a M\u00e9xico su primera medalla de oro en remo de Panamericanos, en la prueba de par corto peso ligero -","robots":{"index":"index","follow":"follow","max-snippet":"max-snippet:-1","max-image-preview":"max-image-preview:large","max-video-preview":"max-video-preview:-1"},"canonical":"https:\/\/quehacerpolitico.mx\/?p=105873","og_locale":"es_MX","og_type":"article","og_title":"Alexis L\u00f3pez y Miguel Carballo le dieron a M\u00e9xico su primera medalla de oro en remo de Panamericanos, en la prueba de par corto peso ligero -","og_description":"Por Redacci\u00f3n QP La actividad de este martes en los\u00a0Juegos\u00a0Panamericanos de Santiago 2023 comenz\u00f3 con...","og_url":"https:\/\/quehacerpolitico.mx\/?p=105873","article_published_time":"2023-10-24T16:49:29+00:00","article_modified_time":"2023-10-24T16:49:32+00:00","og_image":[{"width":1600,"height":1200,"url":"https:\/\/quehacerpolitico.mx\/wp-content\/uploads\/2023\/10\/IMG_1560.jpeg","type":"image\/jpeg"}],"author":"Redacci\u00f3n QP","twitter_card":"summary_large_image","twitter_misc":{"Escrito por":"Redacci\u00f3n QP","Tiempo de lectura":"1 minuto"},"schema":{"@context":"https:\/\/schema.org","@graph":[{"@type":"Article","@id":"https:\/\/quehacerpolitico.mx\/?p=105873#article","isPartOf":{"@id":"https:\/\/quehacerpolitico.mx\/?p=105873"},"author":{"name":"Redacci\u00f3n QP","@id":"https:\/\/quehacerpolitico.mx\/#\/schema\/person\/496d8ad2d1d3f8036101dca7ee39e585"},"headline":"Alexis L\u00f3pez y Miguel Carballo le dieron a M\u00e9xico su primera medalla de oro en remo de Panamericanos, en la prueba de par corto peso ligero","datePublished":"2023-10-24T16:49:29+00:00","dateModified":"2023-10-24T16:49:32+00:00","mainEntityOfPage":{"@id":"https:\/\/quehacerpolitico.mx\/?p=105873"},"wordCount":322,"commentCount":0,"image":{"@id":"https:\/\/quehacerpolitico.mx\/?p=105873#primaryimage"},"thumbnailUrl":"https:\/\/quehacerpolitico.mx\/wp-content\/uploads\/2023\/10\/IMG_1560.jpeg","articleSection":["Deportes"],"inLanguage":"es","potentialAction":[{"@type":"CommentAction","name":"Comment","target":["https:\/\/quehacerpolitico.mx\/?p=105873#respond"]}]},{"@type":"WebPage","@id":"https:\/\/quehacerpolitico.mx\/?p=105873","url":"https:\/\/quehacerpolitico.mx\/?p=105873","name":"Alexis L\u00f3pez y Miguel Carballo le dieron a M\u00e9xico su primera medalla de oro en remo de Panamericanos, en la prueba de par corto peso ligero -","isPartOf":{"@id":"https:\/\/quehacerpolitico.mx\/#website"},"primaryImageOfPage":{"@id":"https:\/\/quehacerpolitico.mx\/?p=105873#primaryimage"},"image":{"@id":"https:\/\/quehacerpolitico.mx\/?p=105873#primaryimage"},"thumbnailUrl":"https:\/\/quehacerpolitico.mx\/wp-content\/uploads\/2023\/10\/IMG_1560.jpeg","datePublished":"2023-10-24T16:49:29+00:00","dateModified":"2023-10-24T16:49:32+00:00","author":{"@id":"https:\/\/quehacerpolitico.mx\/#\/schema\/person\/496d8ad2d1d3f8036101dca7ee39e585"},"breadcrumb":{"@id":"https:\/\/quehacerpolitico.mx\/?p=105873#breadcrumb"},"inLanguage":"es","potentialAction":[{"@type":"ReadAction","target":["https:\/\/quehacerpolitico.mx\/?p=105873"]}]},{"@type":"ImageObject","inLanguage":"es","@id":"https:\/\/quehacerpolitico.mx\/?p=105873#primaryimage","url":"https:\/\/quehacerpolitico.mx\/wp-content\/uploads\/2023\/10\/IMG_1560.jpeg","contentUrl":"https:\/\/quehacerpolitico.mx\/wp-content\/uploads\/2023\/10\/IMG_1560.jpeg","width":1600,"height":1200},{"@type":"BreadcrumbList","@id":"https:\/\/quehacerpolitico.mx\/?p=105873#breadcrumb","itemListElement":[{"@type":"ListItem","position":1,"name":"Inicio","item":"https:\/\/quehacerpolitico.mx\/"},{"@type":"ListItem","position":2,"name":"Alexis L\u00f3pez y Miguel Carballo le dieron a M\u00e9xico su primera medalla de oro en remo de Panamericanos, en la prueba de par corto peso ligero"}]},{"@type":"WebSite","@id":"https:\/\/quehacerpolitico.mx\/#website","url":"https:\/\/quehacerpolitico.mx\/","name":"","description":"","potentialAction":[{"@type":"SearchAction","target":{"@type":"EntryPoint","urlTemplate":"https:\/\/quehacerpolitico.mx\/?s={search_term_string}"},"query-input":{"@type":"PropertyValueSpecification","valueRequired":true,"valueName":"search_term_string"}}],"inLanguage":"es"},{"@type":"Person","@id":"https:\/\/quehacerpolitico.mx\/#\/schema\/person\/496d8ad2d1d3f8036101dca7ee39e585","name":"Redacci\u00f3n QP","image":{"@type":"ImageObject","inLanguage":"es","@id":"https:\/\/secure.gravatar.com\/avatar\/c7164ed6fdec453195284ad24a5ae5b6e1eed2b848477fa2a4787ba9adf39a41?s=96&d=mm&r=g","url":"https:\/\/secure.gravatar.com\/avatar\/c7164ed6fdec453195284ad24a5ae5b6e1eed2b848477fa2a4787ba9adf39a41?s=96&d=mm&r=g","contentUrl":"https:\/\/secure.gravatar.com\/avatar\/c7164ed6fdec453195284ad24a5ae5b6e1eed2b848477fa2a4787ba9adf39a41?s=96&d=mm&r=g","caption":"Redacci\u00f3n QP"},"url":"https:\/\/quehacerpolitico.mx\/?author=2"}]}},"featured_image_urls":{"full":["https:\/\/quehacerpolitico.mx\/wp-content\/uploads\/2023\/10\/IMG_1560.jpeg",1600,1200,false],"thumbnail":["https:\/\/quehacerpolitico.mx\/wp-content\/uploads\/2023\/10\/IMG_1560-150x150.jpeg",150,150,true],"medium":["https:\/\/quehacerpolitico.mx\/wp-content\/uploads\/2023\/10\/IMG_1560-300x225.jpeg",300,225,true],"medium_large":["https:\/\/quehacerpolitico.mx\/wp-content\/uploads\/2023\/10\/IMG_1560-768x576.jpeg",640,480,true],"large":["https:\/\/quehacerpolitico.mx\/wp-content\/uploads\/2023\/10\/IMG_1560-1024x768.jpeg",640,480,true],"1536x1536":["https:\/\/quehacerpolitico.mx\/wp-content\/uploads\/2023\/10\/IMG_1560-1536x1152.jpeg",1536,1152,true],"2048x2048":["https:\/\/quehacerpolitico.mx\/wp-content\/uploads\/2023\/10\/IMG_1560.jpeg",1600,1200,false],"covernews-featured":["https:\/\/quehacerpolitico.mx\/wp-content\/uploads\/2023\/10\/IMG_1560.jpeg",1024,768,false],"covernews-medium":["https:\/\/quehacerpolitico.mx\/wp-content\/uploads\/2023\/10\/IMG_1560.jpeg",453,340,false]},"author_info":{"display_name":"Redacci\u00f3n QP","author_link":"https:\/\/quehacerpolitico.mx\/?author=2"},"category_info":"<a href=\"https:\/\/quehacerpolitico.mx\/?cat=54\" rel=\"category\">Deportes<\/a>","tag_info":"Deportes","comment_count":"0","_links":{"self":[{"href":"https:\/\/quehacerpolitico.mx\/index.php?rest_route=\/wp\/v2\/posts\/105873","targetHints":{"allow":["GET"]}}],"collection":[{"href":"https:\/\/quehacerpolitico.mx\/index.php?rest_route=\/wp\/v2\/posts"}],"about":[{"href":"https:\/\/quehacerpolitico.mx\/index.php?rest_route=\/wp\/v2\/types\/post"}],"author":[{"embeddable":true,"href":"https:\/\/quehacerpolitico.mx\/index.php?rest_route=\/wp\/v2\/users\/2"}],"replies":[{"embeddable":true,"href":"https:\/\/quehacerpolitico.mx\/index.php?rest_route=%2Fwp%2Fv2%2Fcomments&post=105873"}],"version-history":[{"count":1,"href":"https:\/\/quehacerpolitico.mx\/index.php?rest_route=\/wp\/v2\/posts\/105873\/revisions"}],"predecessor-version":[{"id":105877,"href":"https:\/\/quehacerpolitico.mx\/index.php?rest_route=\/wp\/v2\/posts\/105873\/revisions\/105877"}],"wp:featuredmedia":[{"embeddable":true,"href":"https:\/\/quehacerpolitico.mx\/index.php?rest_route=\/wp\/v2\/media\/105874"}],"wp:attachment":[{"href":"https:\/\/quehacerpolitico.mx\/index.php?rest_route=%2Fwp%2Fv2%2Fmedia&parent=105873"}],"wp:term":[{"taxonomy":"category","embeddable":true,"href":"https:\/\/quehacerpolitico.mx\/index.php?rest_route=%2Fwp%2Fv2%2Fcategories&post=105873"},{"taxonomy":"post_tag","embeddable":true,"href":"https:\/\/quehacerpolitico.mx\/index.php?rest_route=%2Fwp%2Fv2%2Ftags&post=105873"}],"curies":[{"name":"wp","href":"https:\/\/api.w.org\/{rel}","templated":true}]}}