{"id":105867,"date":"2023-10-24T15:53:19","date_gmt":"2023-10-24T15:53:19","guid":{"rendered":"https:\/\/quehacerpolitico.mx\/?p=105867"},"modified":"2023-10-24T15:53:22","modified_gmt":"2023-10-24T15:53:22","slug":"internacionales-carolina-alonso-romei-la-ciudad-de-nueva-york-gasta-hasta-400-dolares-al-dia-por-cada-migrante-refugiado","status":"publish","type":"post","link":"https:\/\/quehacerpolitico.mx\/?p=105867","title":{"rendered":"Internacionales\/\/\/Carolina Alonso Romei\/\/\/La ciudad de Nueva York gasta hasta 400 d\u00f3lares al d\u00eda por cada migrante refugiado"},"content":{"rendered":"\n<p>Por Carolina Alonso Romei<\/p>\n\n\n\n<p>Internacionalista <\/p>\n\n\n\n<p>El costo diario de los&nbsp;<strong>migrantes<\/strong>&nbsp;acogidos en la ciudad de&nbsp;<strong>Nueva<\/strong>&nbsp;<strong>York<\/strong>&nbsp;se ha incrementado hasta&nbsp;<strong>394 d\u00f3lares<\/strong>&nbsp;por persona en octubre, m\u00e1s de 30 d\u00f3lares respecto a la cifra ofrecida en enero por la alcald\u00eda, que se pregunta por qu\u00e9 no se est\u00e1n logrando optimizar esa inversi\u00f3n pese a su despliegue de servicios.<\/p>\n\n\n\n<p>La presidenta del Consejo de la ciudad (legislativo), Adrienne Adams, divulg\u00f3 el costo actualizado al 10 de octubre en una audiencia de los comit\u00e9s de Finanzas, Bienestar General y Supervisi\u00f3n sobre el esfuerzo de acogida de los migrantes \u2014a los que la ciudad llama siempre solicitantes de asilo\u2014, que han llegado por miles en el \u00faltimo a\u00f1o y medio.<\/p>\n\n\n\n<figure class=\"wp-block-embed is-type-video is-provider-youtube wp-block-embed-youtube wp-embed-aspect-16-9 wp-has-aspect-ratio\"><div class=\"wp-block-embed__wrapper\">\n<iframe loading=\"lazy\" title=\"Migrantes duermen en calles de Nueva York | Noticias Telemundo\" width=\"640\" height=\"360\" src=\"https:\/\/www.youtube.com\/embed\/WMNgYus4CVw?feature=oembed\" frameborder=\"0\" allow=\"accelerometer; autoplay; clipboard-write; encrypted-media; gyroscope; picture-in-picture; web-share\" referrerpolicy=\"strict-origin-when-cross-origin\" allowfullscreen><\/iframe>\n<\/div><\/figure>\n\n\n\n<p>Desde la primavera de 2022, cuando empez\u00f3 la\u00a0<strong>crisis<\/strong>\u00a0<strong>de<\/strong>\u00a0<strong>migraci\u00f3n<\/strong>, m\u00e1s de 130 mil 600\u00a0<strong>migrantes<\/strong>\u00a0han llegado a la ciudad, la mayor\u00eda\u00a0<strong>latinoamericanos<\/strong>, y de ellos m\u00e1s de 64 mil est\u00e1n bajo cuidado de la ciudad, lo que incluye\u00a0<strong>alojamiento<\/strong>,\u00a0<strong>comidas<\/strong>\u00a0diarias,\u00a0<strong>servicios<\/strong> m\u00e9dicos y\u00a0<strong>escolarizaci\u00f3n<\/strong>\u00a0para m\u00e1s de 20 mil ni\u00f1os.<\/p>\n\n\n\n<figure class=\"wp-block-image size-full\"><img loading=\"lazy\" decoding=\"async\" width=\"738\" height=\"415\" src=\"https:\/\/quehacerpolitico.mx\/wp-content\/uploads\/2023\/10\/image-59.jpeg\" alt=\"\" class=\"wp-image-105870\" srcset=\"https:\/\/quehacerpolitico.mx\/wp-content\/uploads\/2023\/10\/image-59.jpeg 738w, https:\/\/quehacerpolitico.mx\/wp-content\/uploads\/2023\/10\/image-59-300x169.jpeg 300w, https:\/\/quehacerpolitico.mx\/wp-content\/uploads\/2023\/10\/image-59-260x146.jpeg 260w, https:\/\/quehacerpolitico.mx\/wp-content\/uploads\/2023\/10\/image-59-50x28.jpeg 50w, https:\/\/quehacerpolitico.mx\/wp-content\/uploads\/2023\/10\/image-59-133x75.jpeg 133w\" sizes=\"auto, (max-width: 738px) 100vw, 738px\" \/><\/figure>\n\n\n\n<p>Adams expres\u00f3 preocupaci\u00f3n por el&nbsp;<strong>aumento<\/strong>incomprensible del&nbsp;<strong>costo<\/strong>&nbsp;<strong>diario<\/strong>&nbsp;individual de la acogida desde 363 d\u00f3lares en enero hasta los 394 d\u00f3lares de octubre, y dijo que cabe preguntarse sobre la&nbsp;<strong>eficiencia<\/strong>&nbsp;del&nbsp;<strong>gasto<\/strong><strong>p\u00fablico<\/strong>&nbsp;y analizar si se est\u00e1n abordando problemas como la duplicaci\u00f3n de servicios entre oficinas gubernamentales y contratistas.<\/p>\n\n\n\n<p>\u201cHay cuestiones importantes sobre si es efectivo o rentable seguir confiando en\u00a0<strong>contratistasprivados<\/strong>\u00a0de emergencia para estas responsabilidades, o si se puede dar ciertos servicios a organizaciones sin \u00e1nimo de lucro con una misi\u00f3n que ya han estado haciendo el trabajo y est\u00e1n dedicadas al \u00e9xito de largo plazo de nuestras\u00a0<strong>comunidades<\/strong>\u00a0y aquellos a quienes sirven\u201d, agreg\u00f3.<\/p>\n\n\n\n<figure class=\"wp-block-image size-full\"><img loading=\"lazy\" decoding=\"async\" width=\"400\" height=\"267\" src=\"https:\/\/quehacerpolitico.mx\/wp-content\/uploads\/2023\/10\/image-58.jpeg\" alt=\"\" class=\"wp-image-105869\" srcset=\"https:\/\/quehacerpolitico.mx\/wp-content\/uploads\/2023\/10\/image-58.jpeg 400w, https:\/\/quehacerpolitico.mx\/wp-content\/uploads\/2023\/10\/image-58-300x200.jpeg 300w, https:\/\/quehacerpolitico.mx\/wp-content\/uploads\/2023\/10\/image-58-219x146.jpeg 219w, https:\/\/quehacerpolitico.mx\/wp-content\/uploads\/2023\/10\/image-58-50x33.jpeg 50w, https:\/\/quehacerpolitico.mx\/wp-content\/uploads\/2023\/10\/image-58-112x75.jpeg 112w\" sizes=\"auto, (max-width: 400px) 100vw, 400px\" \/><\/figure>\n\n\n\n<p>Seg\u00fan el medio local Gothamist, funcionarios de la alcald\u00eda atribuyeron el incremento del costo citado al aumento de los costos de los hoteles y los refugios que alojan a los migrantes; hay unos 210 puntos habilitados como albergues, incluidos varios hoteles, y 17 centros de ayuda humanitaria.<\/p>\n\n\n\n<blockquote class=\"wp-block-quote is-layout-flow wp-block-quote-is-layout-flow\">\n<p>Tambi\u00e9n se se\u00f1al\u00f3 la persistente llegada de migrantes pese a los disuasivos esfuerzos de la administraci\u00f3n, con el reparto de folletos en&nbsp;<strong>Nueva<\/strong>&nbsp;<strong>York<\/strong>&nbsp;y en la frontera con&nbsp;<strong>Texas<\/strong>, e incluso con un reciente viaje del alcalde&nbsp;<strong>Eric<\/strong>&nbsp;<strong>Adams<\/strong>&nbsp;a varios pa\u00edses latinoamericanos para decir a la poblaci\u00f3n&nbsp;<em>in situ&nbsp;<\/em>que la ciudad est\u00e1 al l\u00edmite.<\/p>\n\n\n\n<p>El pasado 20 de septiembre, la Casa Blanca anunci\u00f3 una ampliaci\u00f3n de 18 meses en el\u00a0<strong>Estatus de Protecci\u00f3n Tempora<\/strong>l (TPS) para los venezolanos \u2014el mayor grupo de migrantes a Nueva York\u2014 lo que les permite vivir y trabajar en este pa\u00eds sin temor a la\u00a0<strong>deportaci\u00f3n<\/strong>.<\/p>\n\n\n\n<figure class=\"wp-block-image size-full\"><img loading=\"lazy\" decoding=\"async\" width=\"600\" height=\"400\" src=\"https:\/\/quehacerpolitico.mx\/wp-content\/uploads\/2023\/10\/image-60.jpeg\" alt=\"\" class=\"wp-image-105871\" srcset=\"https:\/\/quehacerpolitico.mx\/wp-content\/uploads\/2023\/10\/image-60.jpeg 600w, https:\/\/quehacerpolitico.mx\/wp-content\/uploads\/2023\/10\/image-60-300x200.jpeg 300w, https:\/\/quehacerpolitico.mx\/wp-content\/uploads\/2023\/10\/image-60-219x146.jpeg 219w, https:\/\/quehacerpolitico.mx\/wp-content\/uploads\/2023\/10\/image-60-50x33.jpeg 50w, https:\/\/quehacerpolitico.mx\/wp-content\/uploads\/2023\/10\/image-60-113x75.jpeg 113w\" sizes=\"auto, (max-width: 600px) 100vw, 600px\" \/><\/figure>\n\n\n\n<p>La ciudad de Nueva York estima que esta extensi\u00f3n del TPS podr\u00eda beneficiar a m\u00e1s de 15 mil&nbsp;<strong>venezolanos<\/strong>, que podr\u00edan encontrar trabajos en el plazo de un mes.<\/p>\n<cite>Seg\u00fan trascendi\u00f3 en audiencias p\u00fablicas de la legislatura municipal la semana pasada, s\u00f3lo unos 2 mil 100\u00a0<strong>migrantes<\/strong>\u00a0acogidos en la ciudad han solicitado\u00a0<strong>permisos<\/strong>\u00a0<strong>de<\/strong>\u00a0<strong>trabajo<\/strong>, de ellos unos 300 venezolanos.<br>Nueva York estima que gastar\u00e1 unos 4 mil 700 millones de d\u00f3lares en servicios a los\u00a0<strong>solicitantes de asilo<\/strong>\u00a0en el ejercicio 2023, que comenz\u00f3 en junio, y proyecta que el pr\u00f3ximo ejercicio la partida se elevar\u00e1 hasta 6 mil 100 millones<\/cite><\/blockquote>\n\n\n\n<p>Con informaci\u00f3n de EFE<\/p>\n","protected":false},"excerpt":{"rendered":"<p>Por Carolina Alonso Romei Internacionalista El costo diario de los&nbsp;migrantes&nbsp;acogidos en la ciudad de&nbsp;Nueva&nbsp;York&nbsp;se ha&#8230;<\/p>\n","protected":false},"author":2,"featured_media":105868,"comment_status":"open","ping_status":"open","sticky":false,"template":"","format":"standard","meta":{"_monsterinsights_skip_tracking":false,"_monsterinsights_sitenote_active":false,"_monsterinsights_sitenote_note":"","_monsterinsights_sitenote_category":0,"footnotes":""},"categories":[1],"tags":[],"class_list":["post-105867","post","type-post","status-publish","format-standard","has-post-thumbnail","hentry","category-sin-categoria"],"yoast_head":"<!-- This site is optimized with the Yoast SEO plugin v27.3 - https:\/\/yoast.com\/product\/yoast-seo-wordpress\/ -->\n<title>Internacionales\/\/\/Carolina Alonso Romei\/\/\/La ciudad de Nueva York gasta hasta 400 d\u00f3lares al d\u00eda por cada migrante refugiado -<\/title>\n<meta name=\"robots\" content=\"index, follow, max-snippet:-1, max-image-preview:large, max-video-preview:-1\" \/>\n<link rel=\"canonical\" href=\"https:\/\/quehacerpolitico.mx\/?p=105867\" \/>\n<meta property=\"og:locale\" content=\"es_MX\" \/>\n<meta property=\"og:type\" content=\"article\" \/>\n<meta property=\"og:title\" content=\"Internacionales\/\/\/Carolina Alonso Romei\/\/\/La ciudad de Nueva York gasta hasta 400 d\u00f3lares al d\u00eda por cada migrante refugiado -\" \/>\n<meta property=\"og:description\" content=\"Por Carolina Alonso Romei Internacionalista El costo diario de los&nbsp;migrantes&nbsp;acogidos en la ciudad de&nbsp;Nueva&nbsp;York&nbsp;se ha...\" \/>\n<meta property=\"og:url\" content=\"https:\/\/quehacerpolitico.mx\/?p=105867\" \/>\n<meta property=\"article:published_time\" content=\"2023-10-24T15:53:19+00:00\" \/>\n<meta property=\"article:modified_time\" content=\"2023-10-24T15:53:22+00:00\" \/>\n<meta property=\"og:image\" content=\"https:\/\/quehacerpolitico.mx\/wp-content\/uploads\/2023\/10\/IMG_1555.jpeg\" \/>\n\t<meta property=\"og:image:width\" content=\"606\" \/>\n\t<meta property=\"og:image:height\" content=\"282\" \/>\n\t<meta property=\"og:image:type\" content=\"image\/jpeg\" \/>\n<meta name=\"author\" content=\"Redacci\u00f3n QP\" \/>\n<meta name=\"twitter:card\" content=\"summary_large_image\" \/>\n<meta name=\"twitter:label1\" content=\"Escrito por\" \/>\n\t<meta name=\"twitter:data1\" content=\"Redacci\u00f3n QP\" \/>\n\t<meta name=\"twitter:label2\" content=\"Tiempo de lectura\" \/>\n\t<meta name=\"twitter:data2\" content=\"3 minutos\" \/>\n<script type=\"application\/ld+json\" class=\"yoast-schema-graph\">{\"@context\":\"https:\\\/\\\/schema.org\",\"@graph\":[{\"@type\":\"Article\",\"@id\":\"https:\\\/\\\/quehacerpolitico.mx\\\/?p=105867#article\",\"isPartOf\":{\"@id\":\"https:\\\/\\\/quehacerpolitico.mx\\\/?p=105867\"},\"author\":{\"name\":\"Redacci\u00f3n QP\",\"@id\":\"https:\\\/\\\/quehacerpolitico.mx\\\/#\\\/schema\\\/person\\\/496d8ad2d1d3f8036101dca7ee39e585\"},\"headline\":\"Internacionales\\\/\\\/\\\/Carolina Alonso Romei\\\/\\\/\\\/La ciudad de Nueva York gasta hasta 400 d\u00f3lares al d\u00eda por cada migrante refugiado\",\"datePublished\":\"2023-10-24T15:53:19+00:00\",\"dateModified\":\"2023-10-24T15:53:22+00:00\",\"mainEntityOfPage\":{\"@id\":\"https:\\\/\\\/quehacerpolitico.mx\\\/?p=105867\"},\"wordCount\":621,\"commentCount\":0,\"image\":{\"@id\":\"https:\\\/\\\/quehacerpolitico.mx\\\/?p=105867#primaryimage\"},\"thumbnailUrl\":\"https:\\\/\\\/quehacerpolitico.mx\\\/wp-content\\\/uploads\\\/2023\\\/10\\\/IMG_1555.jpeg\",\"articleSection\":[\"Internacionales\"],\"inLanguage\":\"es\",\"potentialAction\":[{\"@type\":\"CommentAction\",\"name\":\"Comment\",\"target\":[\"https:\\\/\\\/quehacerpolitico.mx\\\/?p=105867#respond\"]}]},{\"@type\":\"WebPage\",\"@id\":\"https:\\\/\\\/quehacerpolitico.mx\\\/?p=105867\",\"url\":\"https:\\\/\\\/quehacerpolitico.mx\\\/?p=105867\",\"name\":\"Internacionales\\\/\\\/\\\/Carolina Alonso Romei\\\/\\\/\\\/La ciudad de Nueva York gasta hasta 400 d\u00f3lares al d\u00eda por cada migrante refugiado -\",\"isPartOf\":{\"@id\":\"https:\\\/\\\/quehacerpolitico.mx\\\/#website\"},\"primaryImageOfPage\":{\"@id\":\"https:\\\/\\\/quehacerpolitico.mx\\\/?p=105867#primaryimage\"},\"image\":{\"@id\":\"https:\\\/\\\/quehacerpolitico.mx\\\/?p=105867#primaryimage\"},\"thumbnailUrl\":\"https:\\\/\\\/quehacerpolitico.mx\\\/wp-content\\\/uploads\\\/2023\\\/10\\\/IMG_1555.jpeg\",\"datePublished\":\"2023-10-24T15:53:19+00:00\",\"dateModified\":\"2023-10-24T15:53:22+00:00\",\"author\":{\"@id\":\"https:\\\/\\\/quehacerpolitico.mx\\\/#\\\/schema\\\/person\\\/496d8ad2d1d3f8036101dca7ee39e585\"},\"breadcrumb\":{\"@id\":\"https:\\\/\\\/quehacerpolitico.mx\\\/?p=105867#breadcrumb\"},\"inLanguage\":\"es\",\"potentialAction\":[{\"@type\":\"ReadAction\",\"target\":[\"https:\\\/\\\/quehacerpolitico.mx\\\/?p=105867\"]}]},{\"@type\":\"ImageObject\",\"inLanguage\":\"es\",\"@id\":\"https:\\\/\\\/quehacerpolitico.mx\\\/?p=105867#primaryimage\",\"url\":\"https:\\\/\\\/quehacerpolitico.mx\\\/wp-content\\\/uploads\\\/2023\\\/10\\\/IMG_1555.jpeg\",\"contentUrl\":\"https:\\\/\\\/quehacerpolitico.mx\\\/wp-content\\\/uploads\\\/2023\\\/10\\\/IMG_1555.jpeg\",\"width\":606,\"height\":282},{\"@type\":\"BreadcrumbList\",\"@id\":\"https:\\\/\\\/quehacerpolitico.mx\\\/?p=105867#breadcrumb\",\"itemListElement\":[{\"@type\":\"ListItem\",\"position\":1,\"name\":\"Inicio\",\"item\":\"https:\\\/\\\/quehacerpolitico.mx\\\/\"},{\"@type\":\"ListItem\",\"position\":2,\"name\":\"Internacionales\\\/\\\/\\\/Carolina Alonso Romei\\\/\\\/\\\/La ciudad de Nueva York gasta hasta 400 d\u00f3lares al d\u00eda por cada migrante refugiado\"}]},{\"@type\":\"WebSite\",\"@id\":\"https:\\\/\\\/quehacerpolitico.mx\\\/#website\",\"url\":\"https:\\\/\\\/quehacerpolitico.mx\\\/\",\"name\":\"\",\"description\":\"\",\"potentialAction\":[{\"@type\":\"SearchAction\",\"target\":{\"@type\":\"EntryPoint\",\"urlTemplate\":\"https:\\\/\\\/quehacerpolitico.mx\\\/?s={search_term_string}\"},\"query-input\":{\"@type\":\"PropertyValueSpecification\",\"valueRequired\":true,\"valueName\":\"search_term_string\"}}],\"inLanguage\":\"es\"},{\"@type\":\"Person\",\"@id\":\"https:\\\/\\\/quehacerpolitico.mx\\\/#\\\/schema\\\/person\\\/496d8ad2d1d3f8036101dca7ee39e585\",\"name\":\"Redacci\u00f3n QP\",\"image\":{\"@type\":\"ImageObject\",\"inLanguage\":\"es\",\"@id\":\"https:\\\/\\\/secure.gravatar.com\\\/avatar\\\/c7164ed6fdec453195284ad24a5ae5b6e1eed2b848477fa2a4787ba9adf39a41?s=96&d=mm&r=g\",\"url\":\"https:\\\/\\\/secure.gravatar.com\\\/avatar\\\/c7164ed6fdec453195284ad24a5ae5b6e1eed2b848477fa2a4787ba9adf39a41?s=96&d=mm&r=g\",\"contentUrl\":\"https:\\\/\\\/secure.gravatar.com\\\/avatar\\\/c7164ed6fdec453195284ad24a5ae5b6e1eed2b848477fa2a4787ba9adf39a41?s=96&d=mm&r=g\",\"caption\":\"Redacci\u00f3n QP\"},\"url\":\"https:\\\/\\\/quehacerpolitico.mx\\\/?author=2\"}]}<\/script>\n<!-- \/ Yoast SEO plugin. -->","yoast_head_json":{"title":"Internacionales\/\/\/Carolina Alonso Romei\/\/\/La ciudad de Nueva York gasta hasta 400 d\u00f3lares al d\u00eda por cada migrante refugiado -","robots":{"index":"index","follow":"follow","max-snippet":"max-snippet:-1","max-image-preview":"max-image-preview:large","max-video-preview":"max-video-preview:-1"},"canonical":"https:\/\/quehacerpolitico.mx\/?p=105867","og_locale":"es_MX","og_type":"article","og_title":"Internacionales\/\/\/Carolina Alonso Romei\/\/\/La ciudad de Nueva York gasta hasta 400 d\u00f3lares al d\u00eda por cada migrante refugiado -","og_description":"Por Carolina Alonso Romei Internacionalista El costo diario de los&nbsp;migrantes&nbsp;acogidos en la ciudad de&nbsp;Nueva&nbsp;York&nbsp;se ha...","og_url":"https:\/\/quehacerpolitico.mx\/?p=105867","article_published_time":"2023-10-24T15:53:19+00:00","article_modified_time":"2023-10-24T15:53:22+00:00","og_image":[{"width":606,"height":282,"url":"https:\/\/quehacerpolitico.mx\/wp-content\/uploads\/2023\/10\/IMG_1555.jpeg","type":"image\/jpeg"}],"author":"Redacci\u00f3n QP","twitter_card":"summary_large_image","twitter_misc":{"Escrito por":"Redacci\u00f3n QP","Tiempo de lectura":"3 minutos"},"schema":{"@context":"https:\/\/schema.org","@graph":[{"@type":"Article","@id":"https:\/\/quehacerpolitico.mx\/?p=105867#article","isPartOf":{"@id":"https:\/\/quehacerpolitico.mx\/?p=105867"},"author":{"name":"Redacci\u00f3n QP","@id":"https:\/\/quehacerpolitico.mx\/#\/schema\/person\/496d8ad2d1d3f8036101dca7ee39e585"},"headline":"Internacionales\/\/\/Carolina Alonso Romei\/\/\/La ciudad de Nueva York gasta hasta 400 d\u00f3lares al d\u00eda por cada migrante refugiado","datePublished":"2023-10-24T15:53:19+00:00","dateModified":"2023-10-24T15:53:22+00:00","mainEntityOfPage":{"@id":"https:\/\/quehacerpolitico.mx\/?p=105867"},"wordCount":621,"commentCount":0,"image":{"@id":"https:\/\/quehacerpolitico.mx\/?p=105867#primaryimage"},"thumbnailUrl":"https:\/\/quehacerpolitico.mx\/wp-content\/uploads\/2023\/10\/IMG_1555.jpeg","articleSection":["Internacionales"],"inLanguage":"es","potentialAction":[{"@type":"CommentAction","name":"Comment","target":["https:\/\/quehacerpolitico.mx\/?p=105867#respond"]}]},{"@type":"WebPage","@id":"https:\/\/quehacerpolitico.mx\/?p=105867","url":"https:\/\/quehacerpolitico.mx\/?p=105867","name":"Internacionales\/\/\/Carolina Alonso Romei\/\/\/La ciudad de Nueva York gasta hasta 400 d\u00f3lares al d\u00eda por cada migrante refugiado -","isPartOf":{"@id":"https:\/\/quehacerpolitico.mx\/#website"},"primaryImageOfPage":{"@id":"https:\/\/quehacerpolitico.mx\/?p=105867#primaryimage"},"image":{"@id":"https:\/\/quehacerpolitico.mx\/?p=105867#primaryimage"},"thumbnailUrl":"https:\/\/quehacerpolitico.mx\/wp-content\/uploads\/2023\/10\/IMG_1555.jpeg","datePublished":"2023-10-24T15:53:19+00:00","dateModified":"2023-10-24T15:53:22+00:00","author":{"@id":"https:\/\/quehacerpolitico.mx\/#\/schema\/person\/496d8ad2d1d3f8036101dca7ee39e585"},"breadcrumb":{"@id":"https:\/\/quehacerpolitico.mx\/?p=105867#breadcrumb"},"inLanguage":"es","potentialAction":[{"@type":"ReadAction","target":["https:\/\/quehacerpolitico.mx\/?p=105867"]}]},{"@type":"ImageObject","inLanguage":"es","@id":"https:\/\/quehacerpolitico.mx\/?p=105867#primaryimage","url":"https:\/\/quehacerpolitico.mx\/wp-content\/uploads\/2023\/10\/IMG_1555.jpeg","contentUrl":"https:\/\/quehacerpolitico.mx\/wp-content\/uploads\/2023\/10\/IMG_1555.jpeg","width":606,"height":282},{"@type":"BreadcrumbList","@id":"https:\/\/quehacerpolitico.mx\/?p=105867#breadcrumb","itemListElement":[{"@type":"ListItem","position":1,"name":"Inicio","item":"https:\/\/quehacerpolitico.mx\/"},{"@type":"ListItem","position":2,"name":"Internacionales\/\/\/Carolina Alonso Romei\/\/\/La ciudad de Nueva York gasta hasta 400 d\u00f3lares al d\u00eda por cada migrante refugiado"}]},{"@type":"WebSite","@id":"https:\/\/quehacerpolitico.mx\/#website","url":"https:\/\/quehacerpolitico.mx\/","name":"","description":"","potentialAction":[{"@type":"SearchAction","target":{"@type":"EntryPoint","urlTemplate":"https:\/\/quehacerpolitico.mx\/?s={search_term_string}"},"query-input":{"@type":"PropertyValueSpecification","valueRequired":true,"valueName":"search_term_string"}}],"inLanguage":"es"},{"@type":"Person","@id":"https:\/\/quehacerpolitico.mx\/#\/schema\/person\/496d8ad2d1d3f8036101dca7ee39e585","name":"Redacci\u00f3n QP","image":{"@type":"ImageObject","inLanguage":"es","@id":"https:\/\/secure.gravatar.com\/avatar\/c7164ed6fdec453195284ad24a5ae5b6e1eed2b848477fa2a4787ba9adf39a41?s=96&d=mm&r=g","url":"https:\/\/secure.gravatar.com\/avatar\/c7164ed6fdec453195284ad24a5ae5b6e1eed2b848477fa2a4787ba9adf39a41?s=96&d=mm&r=g","contentUrl":"https:\/\/secure.gravatar.com\/avatar\/c7164ed6fdec453195284ad24a5ae5b6e1eed2b848477fa2a4787ba9adf39a41?s=96&d=mm&r=g","caption":"Redacci\u00f3n QP"},"url":"https:\/\/quehacerpolitico.mx\/?author=2"}]}},"featured_image_urls":{"full":["https:\/\/quehacerpolitico.mx\/wp-content\/uploads\/2023\/10\/IMG_1555.jpeg",606,282,false],"thumbnail":["https:\/\/quehacerpolitico.mx\/wp-content\/uploads\/2023\/10\/IMG_1555-150x150.jpeg",150,150,true],"medium":["https:\/\/quehacerpolitico.mx\/wp-content\/uploads\/2023\/10\/IMG_1555-300x140.jpeg",300,140,true],"medium_large":["https:\/\/quehacerpolitico.mx\/wp-content\/uploads\/2023\/10\/IMG_1555.jpeg",606,282,false],"large":["https:\/\/quehacerpolitico.mx\/wp-content\/uploads\/2023\/10\/IMG_1555.jpeg",606,282,false],"1536x1536":["https:\/\/quehacerpolitico.mx\/wp-content\/uploads\/2023\/10\/IMG_1555.jpeg",606,282,false],"2048x2048":["https:\/\/quehacerpolitico.mx\/wp-content\/uploads\/2023\/10\/IMG_1555.jpeg",606,282,false],"covernews-featured":["https:\/\/quehacerpolitico.mx\/wp-content\/uploads\/2023\/10\/IMG_1555.jpeg",606,282,false],"covernews-medium":["https:\/\/quehacerpolitico.mx\/wp-content\/uploads\/2023\/10\/IMG_1555.jpeg",540,251,false]},"author_info":{"display_name":"Redacci\u00f3n QP","author_link":"https:\/\/quehacerpolitico.mx\/?author=2"},"category_info":"<a href=\"https:\/\/quehacerpolitico.mx\/?cat=1\" rel=\"category\">Internacionales<\/a>","tag_info":"Internacionales","comment_count":"0","_links":{"self":[{"href":"https:\/\/quehacerpolitico.mx\/index.php?rest_route=\/wp\/v2\/posts\/105867","targetHints":{"allow":["GET"]}}],"collection":[{"href":"https:\/\/quehacerpolitico.mx\/index.php?rest_route=\/wp\/v2\/posts"}],"about":[{"href":"https:\/\/quehacerpolitico.mx\/index.php?rest_route=\/wp\/v2\/types\/post"}],"author":[{"embeddable":true,"href":"https:\/\/quehacerpolitico.mx\/index.php?rest_route=\/wp\/v2\/users\/2"}],"replies":[{"embeddable":true,"href":"https:\/\/quehacerpolitico.mx\/index.php?rest_route=%2Fwp%2Fv2%2Fcomments&post=105867"}],"version-history":[{"count":1,"href":"https:\/\/quehacerpolitico.mx\/index.php?rest_route=\/wp\/v2\/posts\/105867\/revisions"}],"predecessor-version":[{"id":105872,"href":"https:\/\/quehacerpolitico.mx\/index.php?rest_route=\/wp\/v2\/posts\/105867\/revisions\/105872"}],"wp:featuredmedia":[{"embeddable":true,"href":"https:\/\/quehacerpolitico.mx\/index.php?rest_route=\/wp\/v2\/media\/105868"}],"wp:attachment":[{"href":"https:\/\/quehacerpolitico.mx\/index.php?rest_route=%2Fwp%2Fv2%2Fmedia&parent=105867"}],"wp:term":[{"taxonomy":"category","embeddable":true,"href":"https:\/\/quehacerpolitico.mx\/index.php?rest_route=%2Fwp%2Fv2%2Fcategories&post=105867"},{"taxonomy":"post_tag","embeddable":true,"href":"https:\/\/quehacerpolitico.mx\/index.php?rest_route=%2Fwp%2Fv2%2Ftags&post=105867"}],"curies":[{"name":"wp","href":"https:\/\/api.w.org\/{rel}","templated":true}]}}