{"id":105855,"date":"2023-10-23T22:54:07","date_gmt":"2023-10-23T22:54:07","guid":{"rendered":"https:\/\/quehacerpolitico.mx\/?p=105855"},"modified":"2023-10-23T22:55:15","modified_gmt":"2023-10-23T22:55:15","slug":"nombran-a-guadalupe-reyes-como-titular-de-la-comision-nacional-de-busqueda-de-personas-trabajo-en-morena-por-seis-anos","status":"publish","type":"post","link":"https:\/\/quehacerpolitico.mx\/?p=105855","title":{"rendered":"Nombran a Guadalupe Reyes como titular de la Comisi\u00f3n Nacional de B\u00fasqueda de Personas; trabaj\u00f3 en Morena por seis a\u00f1os"},"content":{"rendered":"\n<p>Por Redacci\u00f3n QP<\/p>\n\n\n\n<p><strong>Luisa Mar\u00eda Alcalde<\/strong>, secretaria de Gobernaci\u00f3n, inform\u00f3 este lunes que Teresa Guadalupe Reyes Sahag\u00fan fue nombrada como la nueva titular de la&nbsp;<strong>Comisi\u00f3n Nacional de B\u00fasqueda de Personas<\/strong>&nbsp;(CNB).<\/p>\n\n\n\n<p>De acuerdo con datos de la Plataforma Nacional de Transparencia (PTN), Reyes Sahag\u00fan se desempe\u00f1\u00f3 de junio a septiembre de este a\u00f1o como directora general de Instituto Nacional para la Educaci\u00f3n de los Adultos (INEA).<\/p>\n\n\n\n<p>\u201cTras un proceso de consultas p\u00fablicas a colectivos de v\u00edctimas, personas expertas y organizaciones de la sociedad civil, el presidente&nbsp;<strong>Andr\u00e9s Manuel L\u00f3pez Obrador<\/strong>&nbsp;dio visto bueno a la propuesta del nombramiento\u201d, escribi\u00f3 la titular de Gobernaci\u00f3n en sus redes sociales<\/p>\n\n\n\n<p>Reyes Sahag\u00fan trabaj\u00f3 en Morena de 2012 a 2018, primero como secretaria de&nbsp;<strong>Defensa de la Soberan\u00eda&nbsp;<\/strong>y despu\u00e9s como integrante de la Comisi\u00f3n de Elecciones. De 2009 a 2012 fue diputada por el Partido del Trabajo (PT).<\/p>\n\n\n\n<p>El pasado 23 de agosto, Karla Quintana renunci\u00f3 al puesto de titular de la Comisi\u00f3n de Comisi\u00f3n Nacional de B\u00fasqueda por medio de una carta que dirigi\u00f3 al presidente L\u00f3pez Obrador.<\/p>\n\n\n\n<figure class=\"wp-block-image size-large\"><img loading=\"lazy\" decoding=\"async\" width=\"622\" height=\"1024\" src=\"https:\/\/quehacerpolitico.mx\/wp-content\/uploads\/2023\/10\/image-57-622x1024.jpeg\" alt=\"\" class=\"wp-image-105856\" srcset=\"https:\/\/quehacerpolitico.mx\/wp-content\/uploads\/2023\/10\/image-57-622x1024.jpeg 622w, https:\/\/quehacerpolitico.mx\/wp-content\/uploads\/2023\/10\/image-57-182x300.jpeg 182w, https:\/\/quehacerpolitico.mx\/wp-content\/uploads\/2023\/10\/image-57-768x1264.jpeg 768w, https:\/\/quehacerpolitico.mx\/wp-content\/uploads\/2023\/10\/image-57-933x1536.jpeg 933w, https:\/\/quehacerpolitico.mx\/wp-content\/uploads\/2023\/10\/image-57-1245x2048.jpeg 1245w, https:\/\/quehacerpolitico.mx\/wp-content\/uploads\/2023\/10\/image-57-89x146.jpeg 89w, https:\/\/quehacerpolitico.mx\/wp-content\/uploads\/2023\/10\/image-57-30x50.jpeg 30w, https:\/\/quehacerpolitico.mx\/wp-content\/uploads\/2023\/10\/image-57-46x75.jpeg 46w, https:\/\/quehacerpolitico.mx\/wp-content\/uploads\/2023\/10\/image-57.jpeg 1284w\" sizes=\"auto, (max-width: 622px) 100vw, 622px\" \/><\/figure>\n\n\n\n<p>\u201cLos retos en relaci\u00f3n con la desaparici\u00f3n de personas permanecen. El esfuerzo del Estado mexicano debe seguir dirigi\u00e9ndose a una pol\u00edtica integral de prevenci\u00f3n, b\u00fasqueda y combate a la impunidad\u201d, escribi\u00f3 Quintana.<\/p>\n\n\n\n<p>En su texto, la hoy extitular de la&nbsp;<strong>CNBP<\/strong>&nbsp;asegur\u00f3 que durante su periodo procur\u00f3 la construcci\u00f3n de los cimientos de un sistema y una pol\u00edtica p\u00fablica en materia de b\u00fasqueda de personas desaparecidas.<\/p>\n\n\n\n<p>\u201cDirigir la&nbsp;<strong>Comisi\u00f3n Nacional de B\u00fasqueda<\/strong>&nbsp;y trabajar para mi pa\u00eds, construyendo un proyecto de Estado en la b\u00fasqueda e identificaci\u00f3n de personas desaparecidas, ha sido un reto y un gran honor\u201d, expres\u00f3.<\/p>\n","protected":false},"excerpt":{"rendered":"<p>Por Redacci\u00f3n QP Luisa Mar\u00eda Alcalde, secretaria de Gobernaci\u00f3n, inform\u00f3 este lunes que Teresa Guadalupe&#8230;<\/p>\n","protected":false},"author":2,"featured_media":105859,"comment_status":"open","ping_status":"open","sticky":false,"template":"","format":"standard","meta":{"_monsterinsights_skip_tracking":false,"_monsterinsights_sitenote_active":false,"_monsterinsights_sitenote_note":"","_monsterinsights_sitenote_category":0,"footnotes":""},"categories":[2],"tags":[],"class_list":["post-105855","post","type-post","status-publish","format-standard","has-post-thumbnail","hentry","category-noticias"],"yoast_head":"<!-- This site is optimized with the Yoast SEO plugin v27.3 - https:\/\/yoast.com\/product\/yoast-seo-wordpress\/ -->\n<title>Nombran a Guadalupe Reyes como titular de la Comisi\u00f3n Nacional de B\u00fasqueda de Personas; trabaj\u00f3 en Morena por seis a\u00f1os -<\/title>\n<meta name=\"robots\" content=\"index, follow, max-snippet:-1, max-image-preview:large, max-video-preview:-1\" \/>\n<link rel=\"canonical\" href=\"https:\/\/quehacerpolitico.mx\/?p=105855\" \/>\n<meta property=\"og:locale\" content=\"es_MX\" \/>\n<meta property=\"og:type\" content=\"article\" \/>\n<meta property=\"og:title\" content=\"Nombran a Guadalupe Reyes como titular de la Comisi\u00f3n Nacional de B\u00fasqueda de Personas; trabaj\u00f3 en Morena por seis a\u00f1os -\" \/>\n<meta property=\"og:description\" content=\"Por Redacci\u00f3n QP Luisa Mar\u00eda Alcalde, secretaria de Gobernaci\u00f3n, inform\u00f3 este lunes que Teresa Guadalupe...\" \/>\n<meta property=\"og:url\" content=\"https:\/\/quehacerpolitico.mx\/?p=105855\" \/>\n<meta property=\"article:published_time\" content=\"2023-10-23T22:54:07+00:00\" \/>\n<meta property=\"article:modified_time\" content=\"2023-10-23T22:55:15+00:00\" \/>\n<meta property=\"og:image\" content=\"https:\/\/quehacerpolitico.mx\/wp-content\/uploads\/2023\/10\/IMG_1542.jpeg\" \/>\n\t<meta property=\"og:image:width\" content=\"1200\" \/>\n\t<meta property=\"og:image:height\" content=\"620\" \/>\n\t<meta property=\"og:image:type\" content=\"image\/jpeg\" \/>\n<meta name=\"author\" content=\"Redacci\u00f3n QP\" \/>\n<meta name=\"twitter:card\" content=\"summary_large_image\" \/>\n<meta name=\"twitter:label1\" content=\"Escrito por\" \/>\n\t<meta name=\"twitter:data1\" content=\"Redacci\u00f3n QP\" \/>\n\t<meta name=\"twitter:label2\" content=\"Tiempo de lectura\" \/>\n\t<meta name=\"twitter:data2\" content=\"2 minutos\" \/>\n<script type=\"application\/ld+json\" class=\"yoast-schema-graph\">{\"@context\":\"https:\\\/\\\/schema.org\",\"@graph\":[{\"@type\":\"Article\",\"@id\":\"https:\\\/\\\/quehacerpolitico.mx\\\/?p=105855#article\",\"isPartOf\":{\"@id\":\"https:\\\/\\\/quehacerpolitico.mx\\\/?p=105855\"},\"author\":{\"name\":\"Redacci\u00f3n QP\",\"@id\":\"https:\\\/\\\/quehacerpolitico.mx\\\/#\\\/schema\\\/person\\\/496d8ad2d1d3f8036101dca7ee39e585\"},\"headline\":\"Nombran a Guadalupe Reyes como titular de la Comisi\u00f3n Nacional de B\u00fasqueda de Personas; trabaj\u00f3 en Morena por seis a\u00f1os\",\"datePublished\":\"2023-10-23T22:54:07+00:00\",\"dateModified\":\"2023-10-23T22:55:15+00:00\",\"mainEntityOfPage\":{\"@id\":\"https:\\\/\\\/quehacerpolitico.mx\\\/?p=105855\"},\"wordCount\":341,\"commentCount\":0,\"image\":{\"@id\":\"https:\\\/\\\/quehacerpolitico.mx\\\/?p=105855#primaryimage\"},\"thumbnailUrl\":\"https:\\\/\\\/quehacerpolitico.mx\\\/wp-content\\\/uploads\\\/2023\\\/10\\\/IMG_1542.jpeg\",\"articleSection\":[\"Noticias\"],\"inLanguage\":\"es\",\"potentialAction\":[{\"@type\":\"CommentAction\",\"name\":\"Comment\",\"target\":[\"https:\\\/\\\/quehacerpolitico.mx\\\/?p=105855#respond\"]}]},{\"@type\":\"WebPage\",\"@id\":\"https:\\\/\\\/quehacerpolitico.mx\\\/?p=105855\",\"url\":\"https:\\\/\\\/quehacerpolitico.mx\\\/?p=105855\",\"name\":\"Nombran a Guadalupe Reyes como titular de la Comisi\u00f3n Nacional de B\u00fasqueda de Personas; trabaj\u00f3 en Morena por seis a\u00f1os -\",\"isPartOf\":{\"@id\":\"https:\\\/\\\/quehacerpolitico.mx\\\/#website\"},\"primaryImageOfPage\":{\"@id\":\"https:\\\/\\\/quehacerpolitico.mx\\\/?p=105855#primaryimage\"},\"image\":{\"@id\":\"https:\\\/\\\/quehacerpolitico.mx\\\/?p=105855#primaryimage\"},\"thumbnailUrl\":\"https:\\\/\\\/quehacerpolitico.mx\\\/wp-content\\\/uploads\\\/2023\\\/10\\\/IMG_1542.jpeg\",\"datePublished\":\"2023-10-23T22:54:07+00:00\",\"dateModified\":\"2023-10-23T22:55:15+00:00\",\"author\":{\"@id\":\"https:\\\/\\\/quehacerpolitico.mx\\\/#\\\/schema\\\/person\\\/496d8ad2d1d3f8036101dca7ee39e585\"},\"breadcrumb\":{\"@id\":\"https:\\\/\\\/quehacerpolitico.mx\\\/?p=105855#breadcrumb\"},\"inLanguage\":\"es\",\"potentialAction\":[{\"@type\":\"ReadAction\",\"target\":[\"https:\\\/\\\/quehacerpolitico.mx\\\/?p=105855\"]}]},{\"@type\":\"ImageObject\",\"inLanguage\":\"es\",\"@id\":\"https:\\\/\\\/quehacerpolitico.mx\\\/?p=105855#primaryimage\",\"url\":\"https:\\\/\\\/quehacerpolitico.mx\\\/wp-content\\\/uploads\\\/2023\\\/10\\\/IMG_1542.jpeg\",\"contentUrl\":\"https:\\\/\\\/quehacerpolitico.mx\\\/wp-content\\\/uploads\\\/2023\\\/10\\\/IMG_1542.jpeg\",\"width\":1200,\"height\":620},{\"@type\":\"BreadcrumbList\",\"@id\":\"https:\\\/\\\/quehacerpolitico.mx\\\/?p=105855#breadcrumb\",\"itemListElement\":[{\"@type\":\"ListItem\",\"position\":1,\"name\":\"Inicio\",\"item\":\"https:\\\/\\\/quehacerpolitico.mx\\\/\"},{\"@type\":\"ListItem\",\"position\":2,\"name\":\"Nombran a Guadalupe Reyes como titular de la Comisi\u00f3n Nacional de B\u00fasqueda de Personas; trabaj\u00f3 en Morena por seis a\u00f1os\"}]},{\"@type\":\"WebSite\",\"@id\":\"https:\\\/\\\/quehacerpolitico.mx\\\/#website\",\"url\":\"https:\\\/\\\/quehacerpolitico.mx\\\/\",\"name\":\"\",\"description\":\"\",\"potentialAction\":[{\"@type\":\"SearchAction\",\"target\":{\"@type\":\"EntryPoint\",\"urlTemplate\":\"https:\\\/\\\/quehacerpolitico.mx\\\/?s={search_term_string}\"},\"query-input\":{\"@type\":\"PropertyValueSpecification\",\"valueRequired\":true,\"valueName\":\"search_term_string\"}}],\"inLanguage\":\"es\"},{\"@type\":\"Person\",\"@id\":\"https:\\\/\\\/quehacerpolitico.mx\\\/#\\\/schema\\\/person\\\/496d8ad2d1d3f8036101dca7ee39e585\",\"name\":\"Redacci\u00f3n QP\",\"image\":{\"@type\":\"ImageObject\",\"inLanguage\":\"es\",\"@id\":\"https:\\\/\\\/secure.gravatar.com\\\/avatar\\\/c7164ed6fdec453195284ad24a5ae5b6e1eed2b848477fa2a4787ba9adf39a41?s=96&d=mm&r=g\",\"url\":\"https:\\\/\\\/secure.gravatar.com\\\/avatar\\\/c7164ed6fdec453195284ad24a5ae5b6e1eed2b848477fa2a4787ba9adf39a41?s=96&d=mm&r=g\",\"contentUrl\":\"https:\\\/\\\/secure.gravatar.com\\\/avatar\\\/c7164ed6fdec453195284ad24a5ae5b6e1eed2b848477fa2a4787ba9adf39a41?s=96&d=mm&r=g\",\"caption\":\"Redacci\u00f3n QP\"},\"url\":\"https:\\\/\\\/quehacerpolitico.mx\\\/?author=2\"}]}<\/script>\n<!-- \/ Yoast SEO plugin. -->","yoast_head_json":{"title":"Nombran a Guadalupe Reyes como titular de la Comisi\u00f3n Nacional de B\u00fasqueda de Personas; trabaj\u00f3 en Morena por seis a\u00f1os -","robots":{"index":"index","follow":"follow","max-snippet":"max-snippet:-1","max-image-preview":"max-image-preview:large","max-video-preview":"max-video-preview:-1"},"canonical":"https:\/\/quehacerpolitico.mx\/?p=105855","og_locale":"es_MX","og_type":"article","og_title":"Nombran a Guadalupe Reyes como titular de la Comisi\u00f3n Nacional de B\u00fasqueda de Personas; trabaj\u00f3 en Morena por seis a\u00f1os -","og_description":"Por Redacci\u00f3n QP Luisa Mar\u00eda Alcalde, secretaria de Gobernaci\u00f3n, inform\u00f3 este lunes que Teresa Guadalupe...","og_url":"https:\/\/quehacerpolitico.mx\/?p=105855","article_published_time":"2023-10-23T22:54:07+00:00","article_modified_time":"2023-10-23T22:55:15+00:00","og_image":[{"width":1200,"height":620,"url":"https:\/\/quehacerpolitico.mx\/wp-content\/uploads\/2023\/10\/IMG_1542.jpeg","type":"image\/jpeg"}],"author":"Redacci\u00f3n QP","twitter_card":"summary_large_image","twitter_misc":{"Escrito por":"Redacci\u00f3n QP","Tiempo de lectura":"2 minutos"},"schema":{"@context":"https:\/\/schema.org","@graph":[{"@type":"Article","@id":"https:\/\/quehacerpolitico.mx\/?p=105855#article","isPartOf":{"@id":"https:\/\/quehacerpolitico.mx\/?p=105855"},"author":{"name":"Redacci\u00f3n QP","@id":"https:\/\/quehacerpolitico.mx\/#\/schema\/person\/496d8ad2d1d3f8036101dca7ee39e585"},"headline":"Nombran a Guadalupe Reyes como titular de la Comisi\u00f3n Nacional de B\u00fasqueda de Personas; trabaj\u00f3 en Morena por seis a\u00f1os","datePublished":"2023-10-23T22:54:07+00:00","dateModified":"2023-10-23T22:55:15+00:00","mainEntityOfPage":{"@id":"https:\/\/quehacerpolitico.mx\/?p=105855"},"wordCount":341,"commentCount":0,"image":{"@id":"https:\/\/quehacerpolitico.mx\/?p=105855#primaryimage"},"thumbnailUrl":"https:\/\/quehacerpolitico.mx\/wp-content\/uploads\/2023\/10\/IMG_1542.jpeg","articleSection":["Noticias"],"inLanguage":"es","potentialAction":[{"@type":"CommentAction","name":"Comment","target":["https:\/\/quehacerpolitico.mx\/?p=105855#respond"]}]},{"@type":"WebPage","@id":"https:\/\/quehacerpolitico.mx\/?p=105855","url":"https:\/\/quehacerpolitico.mx\/?p=105855","name":"Nombran a Guadalupe Reyes como titular de la Comisi\u00f3n Nacional de B\u00fasqueda de Personas; trabaj\u00f3 en Morena por seis a\u00f1os -","isPartOf":{"@id":"https:\/\/quehacerpolitico.mx\/#website"},"primaryImageOfPage":{"@id":"https:\/\/quehacerpolitico.mx\/?p=105855#primaryimage"},"image":{"@id":"https:\/\/quehacerpolitico.mx\/?p=105855#primaryimage"},"thumbnailUrl":"https:\/\/quehacerpolitico.mx\/wp-content\/uploads\/2023\/10\/IMG_1542.jpeg","datePublished":"2023-10-23T22:54:07+00:00","dateModified":"2023-10-23T22:55:15+00:00","author":{"@id":"https:\/\/quehacerpolitico.mx\/#\/schema\/person\/496d8ad2d1d3f8036101dca7ee39e585"},"breadcrumb":{"@id":"https:\/\/quehacerpolitico.mx\/?p=105855#breadcrumb"},"inLanguage":"es","potentialAction":[{"@type":"ReadAction","target":["https:\/\/quehacerpolitico.mx\/?p=105855"]}]},{"@type":"ImageObject","inLanguage":"es","@id":"https:\/\/quehacerpolitico.mx\/?p=105855#primaryimage","url":"https:\/\/quehacerpolitico.mx\/wp-content\/uploads\/2023\/10\/IMG_1542.jpeg","contentUrl":"https:\/\/quehacerpolitico.mx\/wp-content\/uploads\/2023\/10\/IMG_1542.jpeg","width":1200,"height":620},{"@type":"BreadcrumbList","@id":"https:\/\/quehacerpolitico.mx\/?p=105855#breadcrumb","itemListElement":[{"@type":"ListItem","position":1,"name":"Inicio","item":"https:\/\/quehacerpolitico.mx\/"},{"@type":"ListItem","position":2,"name":"Nombran a Guadalupe Reyes como titular de la Comisi\u00f3n Nacional de B\u00fasqueda de Personas; trabaj\u00f3 en Morena por seis a\u00f1os"}]},{"@type":"WebSite","@id":"https:\/\/quehacerpolitico.mx\/#website","url":"https:\/\/quehacerpolitico.mx\/","name":"","description":"","potentialAction":[{"@type":"SearchAction","target":{"@type":"EntryPoint","urlTemplate":"https:\/\/quehacerpolitico.mx\/?s={search_term_string}"},"query-input":{"@type":"PropertyValueSpecification","valueRequired":true,"valueName":"search_term_string"}}],"inLanguage":"es"},{"@type":"Person","@id":"https:\/\/quehacerpolitico.mx\/#\/schema\/person\/496d8ad2d1d3f8036101dca7ee39e585","name":"Redacci\u00f3n QP","image":{"@type":"ImageObject","inLanguage":"es","@id":"https:\/\/secure.gravatar.com\/avatar\/c7164ed6fdec453195284ad24a5ae5b6e1eed2b848477fa2a4787ba9adf39a41?s=96&d=mm&r=g","url":"https:\/\/secure.gravatar.com\/avatar\/c7164ed6fdec453195284ad24a5ae5b6e1eed2b848477fa2a4787ba9adf39a41?s=96&d=mm&r=g","contentUrl":"https:\/\/secure.gravatar.com\/avatar\/c7164ed6fdec453195284ad24a5ae5b6e1eed2b848477fa2a4787ba9adf39a41?s=96&d=mm&r=g","caption":"Redacci\u00f3n QP"},"url":"https:\/\/quehacerpolitico.mx\/?author=2"}]}},"featured_image_urls":{"full":["https:\/\/quehacerpolitico.mx\/wp-content\/uploads\/2023\/10\/IMG_1542.jpeg",1200,620,false],"thumbnail":["https:\/\/quehacerpolitico.mx\/wp-content\/uploads\/2023\/10\/IMG_1542-150x150.jpeg",150,150,true],"medium":["https:\/\/quehacerpolitico.mx\/wp-content\/uploads\/2023\/10\/IMG_1542-300x155.jpeg",300,155,true],"medium_large":["https:\/\/quehacerpolitico.mx\/wp-content\/uploads\/2023\/10\/IMG_1542-768x397.jpeg",640,331,true],"large":["https:\/\/quehacerpolitico.mx\/wp-content\/uploads\/2023\/10\/IMG_1542-1024x529.jpeg",640,331,true],"1536x1536":["https:\/\/quehacerpolitico.mx\/wp-content\/uploads\/2023\/10\/IMG_1542.jpeg",1200,620,false],"2048x2048":["https:\/\/quehacerpolitico.mx\/wp-content\/uploads\/2023\/10\/IMG_1542.jpeg",1200,620,false],"covernews-featured":["https:\/\/quehacerpolitico.mx\/wp-content\/uploads\/2023\/10\/IMG_1542.jpeg",1024,529,false],"covernews-medium":["https:\/\/quehacerpolitico.mx\/wp-content\/uploads\/2023\/10\/IMG_1542.jpeg",540,279,false]},"author_info":{"display_name":"Redacci\u00f3n QP","author_link":"https:\/\/quehacerpolitico.mx\/?author=2"},"category_info":"<a href=\"https:\/\/quehacerpolitico.mx\/?cat=2\" rel=\"category\">Noticias<\/a>","tag_info":"Noticias","comment_count":"0","_links":{"self":[{"href":"https:\/\/quehacerpolitico.mx\/index.php?rest_route=\/wp\/v2\/posts\/105855","targetHints":{"allow":["GET"]}}],"collection":[{"href":"https:\/\/quehacerpolitico.mx\/index.php?rest_route=\/wp\/v2\/posts"}],"about":[{"href":"https:\/\/quehacerpolitico.mx\/index.php?rest_route=\/wp\/v2\/types\/post"}],"author":[{"embeddable":true,"href":"https:\/\/quehacerpolitico.mx\/index.php?rest_route=\/wp\/v2\/users\/2"}],"replies":[{"embeddable":true,"href":"https:\/\/quehacerpolitico.mx\/index.php?rest_route=%2Fwp%2Fv2%2Fcomments&post=105855"}],"version-history":[{"count":2,"href":"https:\/\/quehacerpolitico.mx\/index.php?rest_route=\/wp\/v2\/posts\/105855\/revisions"}],"predecessor-version":[{"id":105860,"href":"https:\/\/quehacerpolitico.mx\/index.php?rest_route=\/wp\/v2\/posts\/105855\/revisions\/105860"}],"wp:featuredmedia":[{"embeddable":true,"href":"https:\/\/quehacerpolitico.mx\/index.php?rest_route=\/wp\/v2\/media\/105859"}],"wp:attachment":[{"href":"https:\/\/quehacerpolitico.mx\/index.php?rest_route=%2Fwp%2Fv2%2Fmedia&parent=105855"}],"wp:term":[{"taxonomy":"category","embeddable":true,"href":"https:\/\/quehacerpolitico.mx\/index.php?rest_route=%2Fwp%2Fv2%2Fcategories&post=105855"},{"taxonomy":"post_tag","embeddable":true,"href":"https:\/\/quehacerpolitico.mx\/index.php?rest_route=%2Fwp%2Fv2%2Ftags&post=105855"}],"curies":[{"name":"wp","href":"https:\/\/api.w.org\/{rel}","templated":true}]}}