{"id":105845,"date":"2023-10-23T17:25:23","date_gmt":"2023-10-23T17:25:23","guid":{"rendered":"https:\/\/quehacerpolitico.mx\/?p=105845"},"modified":"2023-10-23T17:25:27","modified_gmt":"2023-10-23T17:25:27","slug":"samuel-garcia-presenta-ante-el-congreso-de-nl-licencia-para-buscar-la-presidencia-en-2024","status":"publish","type":"post","link":"https:\/\/quehacerpolitico.mx\/?p=105845","title":{"rendered":"Samuel Garc\u00eda presenta ante el Congreso de NL licencia para buscar la presidencia en 2024"},"content":{"rendered":"\n<p>Por Redacci\u00f3n QP<\/p>\n\n\n\n<p>Samuel Garc\u00eda Sep\u00falveda present\u00f3 ante el Congreso de\u00a0<strong>Nuevo Le\u00f3n<\/strong>\u00a0su solicitud de licencia al cargo de gobernador, con car\u00e1cter de\u00a0<strong>urgente<\/strong>, para participar en el proceso electoral 2023-2024 por la presidencia de M\u00e9xico.<\/p>\n\n\n\n<p>\u201cDesde el momento le informo que el secretario general de\u00a0<strong>Gobierno<\/strong>\u00a0se quedar\u00eda encargado del despacho por ministerio de ley, de conformidad con el art\u00edculo 121 de la Constituci\u00f3n Pol\u00edtica de Estados de Nuevo Le\u00f3n\u201d, se lee en el documento<\/p>\n\n\n\n<p><strong>Samuel Garc\u00eda<\/strong>, gobernador de\u00a0<strong>Nuevo Le\u00f3n<\/strong>, present\u00f3 una solicitud de\u00a0<strong>licencia<\/strong>\u00a0ante el Congreso local para\u00a0<strong>separarse del cargo<\/strong>\u00a0por un plazo de\u00a0<strong>seis meses<\/strong>, esto con la finalidad de\u00a0contender por la candidatura de\u00a0Movimiento Ciudadano a la\u00a0<strong>Presidencia de la Rep\u00fablica<\/strong>\u00a0de cara a los comicios de\u00a0<strong>2024<\/strong>.<\/p>\n\n\n\n<p>\u201cPongo a su conocimiento de la intenci\u00f3n del suscrito de participar en el proceso electoral 2023-2024, y poder competir para el puesto de Presidente de los Estados Unidos Mexicanos\u201d, se indic\u00f3 en la solicitud.<\/p>\n\n\n\n<figure class=\"wp-block-image size-large\"><img loading=\"lazy\" decoding=\"async\" width=\"723\" height=\"1024\" src=\"https:\/\/quehacerpolitico.mx\/wp-content\/uploads\/2023\/10\/image-54-723x1024.jpeg\" alt=\"\" class=\"wp-image-105846\" srcset=\"https:\/\/quehacerpolitico.mx\/wp-content\/uploads\/2023\/10\/image-54-723x1024.jpeg 723w, https:\/\/quehacerpolitico.mx\/wp-content\/uploads\/2023\/10\/image-54-212x300.jpeg 212w, https:\/\/quehacerpolitico.mx\/wp-content\/uploads\/2023\/10\/image-54-768x1087.jpeg 768w, https:\/\/quehacerpolitico.mx\/wp-content\/uploads\/2023\/10\/image-54-103x146.jpeg 103w, https:\/\/quehacerpolitico.mx\/wp-content\/uploads\/2023\/10\/image-54-35x50.jpeg 35w, https:\/\/quehacerpolitico.mx\/wp-content\/uploads\/2023\/10\/image-54-53x75.jpeg 53w, https:\/\/quehacerpolitico.mx\/wp-content\/uploads\/2023\/10\/image-54.jpeg 904w\" sizes=\"auto, (max-width: 723px) 100vw, 723px\" \/><\/figure>\n\n\n\n<p>\u201cAhora bien, para llevar a cabo lo anterior, la Constituci\u00f3n Federal en su art\u00edculo 82, fracci\u00f3n VI requiere que no desempe\u00f1e el puesto de gobernador y que me separe del cargo seis meses antes del d\u00eda de la elecci\u00f3n. En virtud de lo anterior solicito se turne mi solicitud con car\u00e1cter de urgente y se determine lo conducente a la separaci\u00f3n solicitada mediante la figura de la licencia temporal por seis meses, los cuales se deber\u00e1n de computar antes del d\u00eda de la elecci\u00f3n presidencial\u201d, puntualiz\u00f3 el gobernador.<\/p>\n\n\n\n<p>Dicha solicitud de Samuel Garc\u00eda fue presentado por un miembro de la Consejer\u00eda Jur\u00eddica del Estado, quien se aperson\u00f3 en la Oficial\u00eda de Partes del Congreso a presentar dicho documento, el cual fue firmado y sellado a las 9:59 h de este lunes 23 de octubre.<\/p>\n\n\n\n<p>Se apunt\u00f3 que el secretario General de Gobierno, Javier Navarro, estar\u00e1 como encargado de despacho por ministerio de Ley.<\/p>\n\n\n\n<p>\u201cEsto con el objetivo de darle continuidad a un ejercicio democr\u00e1tico ya avalado por la ciudadan\u00eda, lo anterior asegurar que la gobernanza y las funciones esenciales sigan realiz\u00e1ndose antes, durante y despu\u00e9s de la licencia\u201d, se expuso.<\/p>\n\n\n\n<p>\u201cAsimismo, se\u00f1alo que a partir de tal fecha quedar\u00eda sin goce de sueldo y se dar\u00e1 aviso a la Secretaria de Administraci\u00f3n para que proceda con los tr\u00e1mites correspondientes\u201d, extern\u00f3.<\/p>\n","protected":false},"excerpt":{"rendered":"<p>Por Redacci\u00f3n QP Samuel Garc\u00eda Sep\u00falveda present\u00f3 ante el Congreso de\u00a0Nuevo Le\u00f3n\u00a0su solicitud de licencia&#8230;<\/p>\n","protected":false},"author":2,"featured_media":105847,"comment_status":"open","ping_status":"open","sticky":false,"template":"","format":"standard","meta":{"_monsterinsights_skip_tracking":false,"_monsterinsights_sitenote_active":false,"_monsterinsights_sitenote_note":"","_monsterinsights_sitenote_category":0,"footnotes":""},"categories":[2],"tags":[],"class_list":["post-105845","post","type-post","status-publish","format-standard","has-post-thumbnail","hentry","category-noticias"],"yoast_head":"<!-- This site is optimized with the Yoast SEO plugin v27.3 - https:\/\/yoast.com\/product\/yoast-seo-wordpress\/ -->\n<title>Samuel Garc\u00eda presenta ante el Congreso de NL licencia para buscar la presidencia en 2024 -<\/title>\n<meta name=\"robots\" content=\"index, follow, max-snippet:-1, max-image-preview:large, max-video-preview:-1\" \/>\n<link rel=\"canonical\" href=\"https:\/\/quehacerpolitico.mx\/?p=105845\" \/>\n<meta property=\"og:locale\" content=\"es_MX\" \/>\n<meta property=\"og:type\" content=\"article\" \/>\n<meta property=\"og:title\" content=\"Samuel Garc\u00eda presenta ante el Congreso de NL licencia para buscar la presidencia en 2024 -\" \/>\n<meta property=\"og:description\" content=\"Por Redacci\u00f3n QP Samuel Garc\u00eda Sep\u00falveda present\u00f3 ante el Congreso de\u00a0Nuevo Le\u00f3n\u00a0su solicitud de licencia...\" \/>\n<meta property=\"og:url\" content=\"https:\/\/quehacerpolitico.mx\/?p=105845\" \/>\n<meta property=\"article:published_time\" content=\"2023-10-23T17:25:23+00:00\" \/>\n<meta property=\"article:modified_time\" content=\"2023-10-23T17:25:27+00:00\" \/>\n<meta property=\"og:image\" content=\"https:\/\/quehacerpolitico.mx\/wp-content\/uploads\/2023\/10\/IMG_1537.jpeg\" \/>\n\t<meta property=\"og:image:width\" content=\"679\" \/>\n\t<meta property=\"og:image:height\" content=\"451\" \/>\n\t<meta property=\"og:image:type\" content=\"image\/jpeg\" \/>\n<meta name=\"author\" content=\"Redacci\u00f3n QP\" \/>\n<meta name=\"twitter:card\" content=\"summary_large_image\" \/>\n<meta name=\"twitter:label1\" content=\"Escrito por\" \/>\n\t<meta name=\"twitter:data1\" content=\"Redacci\u00f3n QP\" \/>\n\t<meta name=\"twitter:label2\" content=\"Tiempo de lectura\" \/>\n\t<meta name=\"twitter:data2\" content=\"2 minutos\" \/>\n<script type=\"application\/ld+json\" class=\"yoast-schema-graph\">{\"@context\":\"https:\\\/\\\/schema.org\",\"@graph\":[{\"@type\":\"Article\",\"@id\":\"https:\\\/\\\/quehacerpolitico.mx\\\/?p=105845#article\",\"isPartOf\":{\"@id\":\"https:\\\/\\\/quehacerpolitico.mx\\\/?p=105845\"},\"author\":{\"name\":\"Redacci\u00f3n QP\",\"@id\":\"https:\\\/\\\/quehacerpolitico.mx\\\/#\\\/schema\\\/person\\\/496d8ad2d1d3f8036101dca7ee39e585\"},\"headline\":\"Samuel Garc\u00eda presenta ante el Congreso de NL licencia para buscar la presidencia en 2024\",\"datePublished\":\"2023-10-23T17:25:23+00:00\",\"dateModified\":\"2023-10-23T17:25:27+00:00\",\"mainEntityOfPage\":{\"@id\":\"https:\\\/\\\/quehacerpolitico.mx\\\/?p=105845\"},\"wordCount\":429,\"commentCount\":0,\"image\":{\"@id\":\"https:\\\/\\\/quehacerpolitico.mx\\\/?p=105845#primaryimage\"},\"thumbnailUrl\":\"https:\\\/\\\/quehacerpolitico.mx\\\/wp-content\\\/uploads\\\/2023\\\/10\\\/IMG_1537.jpeg\",\"articleSection\":[\"Noticias\"],\"inLanguage\":\"es\",\"potentialAction\":[{\"@type\":\"CommentAction\",\"name\":\"Comment\",\"target\":[\"https:\\\/\\\/quehacerpolitico.mx\\\/?p=105845#respond\"]}]},{\"@type\":\"WebPage\",\"@id\":\"https:\\\/\\\/quehacerpolitico.mx\\\/?p=105845\",\"url\":\"https:\\\/\\\/quehacerpolitico.mx\\\/?p=105845\",\"name\":\"Samuel Garc\u00eda presenta ante el Congreso de NL licencia para buscar la presidencia en 2024 -\",\"isPartOf\":{\"@id\":\"https:\\\/\\\/quehacerpolitico.mx\\\/#website\"},\"primaryImageOfPage\":{\"@id\":\"https:\\\/\\\/quehacerpolitico.mx\\\/?p=105845#primaryimage\"},\"image\":{\"@id\":\"https:\\\/\\\/quehacerpolitico.mx\\\/?p=105845#primaryimage\"},\"thumbnailUrl\":\"https:\\\/\\\/quehacerpolitico.mx\\\/wp-content\\\/uploads\\\/2023\\\/10\\\/IMG_1537.jpeg\",\"datePublished\":\"2023-10-23T17:25:23+00:00\",\"dateModified\":\"2023-10-23T17:25:27+00:00\",\"author\":{\"@id\":\"https:\\\/\\\/quehacerpolitico.mx\\\/#\\\/schema\\\/person\\\/496d8ad2d1d3f8036101dca7ee39e585\"},\"breadcrumb\":{\"@id\":\"https:\\\/\\\/quehacerpolitico.mx\\\/?p=105845#breadcrumb\"},\"inLanguage\":\"es\",\"potentialAction\":[{\"@type\":\"ReadAction\",\"target\":[\"https:\\\/\\\/quehacerpolitico.mx\\\/?p=105845\"]}]},{\"@type\":\"ImageObject\",\"inLanguage\":\"es\",\"@id\":\"https:\\\/\\\/quehacerpolitico.mx\\\/?p=105845#primaryimage\",\"url\":\"https:\\\/\\\/quehacerpolitico.mx\\\/wp-content\\\/uploads\\\/2023\\\/10\\\/IMG_1537.jpeg\",\"contentUrl\":\"https:\\\/\\\/quehacerpolitico.mx\\\/wp-content\\\/uploads\\\/2023\\\/10\\\/IMG_1537.jpeg\",\"width\":679,\"height\":451},{\"@type\":\"BreadcrumbList\",\"@id\":\"https:\\\/\\\/quehacerpolitico.mx\\\/?p=105845#breadcrumb\",\"itemListElement\":[{\"@type\":\"ListItem\",\"position\":1,\"name\":\"Inicio\",\"item\":\"https:\\\/\\\/quehacerpolitico.mx\\\/\"},{\"@type\":\"ListItem\",\"position\":2,\"name\":\"Samuel Garc\u00eda presenta ante el Congreso de NL licencia para buscar la presidencia en 2024\"}]},{\"@type\":\"WebSite\",\"@id\":\"https:\\\/\\\/quehacerpolitico.mx\\\/#website\",\"url\":\"https:\\\/\\\/quehacerpolitico.mx\\\/\",\"name\":\"\",\"description\":\"\",\"potentialAction\":[{\"@type\":\"SearchAction\",\"target\":{\"@type\":\"EntryPoint\",\"urlTemplate\":\"https:\\\/\\\/quehacerpolitico.mx\\\/?s={search_term_string}\"},\"query-input\":{\"@type\":\"PropertyValueSpecification\",\"valueRequired\":true,\"valueName\":\"search_term_string\"}}],\"inLanguage\":\"es\"},{\"@type\":\"Person\",\"@id\":\"https:\\\/\\\/quehacerpolitico.mx\\\/#\\\/schema\\\/person\\\/496d8ad2d1d3f8036101dca7ee39e585\",\"name\":\"Redacci\u00f3n QP\",\"image\":{\"@type\":\"ImageObject\",\"inLanguage\":\"es\",\"@id\":\"https:\\\/\\\/secure.gravatar.com\\\/avatar\\\/c7164ed6fdec453195284ad24a5ae5b6e1eed2b848477fa2a4787ba9adf39a41?s=96&d=mm&r=g\",\"url\":\"https:\\\/\\\/secure.gravatar.com\\\/avatar\\\/c7164ed6fdec453195284ad24a5ae5b6e1eed2b848477fa2a4787ba9adf39a41?s=96&d=mm&r=g\",\"contentUrl\":\"https:\\\/\\\/secure.gravatar.com\\\/avatar\\\/c7164ed6fdec453195284ad24a5ae5b6e1eed2b848477fa2a4787ba9adf39a41?s=96&d=mm&r=g\",\"caption\":\"Redacci\u00f3n QP\"},\"url\":\"https:\\\/\\\/quehacerpolitico.mx\\\/?author=2\"}]}<\/script>\n<!-- \/ Yoast SEO plugin. -->","yoast_head_json":{"title":"Samuel Garc\u00eda presenta ante el Congreso de NL licencia para buscar la presidencia en 2024 -","robots":{"index":"index","follow":"follow","max-snippet":"max-snippet:-1","max-image-preview":"max-image-preview:large","max-video-preview":"max-video-preview:-1"},"canonical":"https:\/\/quehacerpolitico.mx\/?p=105845","og_locale":"es_MX","og_type":"article","og_title":"Samuel Garc\u00eda presenta ante el Congreso de NL licencia para buscar la presidencia en 2024 -","og_description":"Por Redacci\u00f3n QP Samuel Garc\u00eda Sep\u00falveda present\u00f3 ante el Congreso de\u00a0Nuevo Le\u00f3n\u00a0su solicitud de licencia...","og_url":"https:\/\/quehacerpolitico.mx\/?p=105845","article_published_time":"2023-10-23T17:25:23+00:00","article_modified_time":"2023-10-23T17:25:27+00:00","og_image":[{"width":679,"height":451,"url":"https:\/\/quehacerpolitico.mx\/wp-content\/uploads\/2023\/10\/IMG_1537.jpeg","type":"image\/jpeg"}],"author":"Redacci\u00f3n QP","twitter_card":"summary_large_image","twitter_misc":{"Escrito por":"Redacci\u00f3n QP","Tiempo de lectura":"2 minutos"},"schema":{"@context":"https:\/\/schema.org","@graph":[{"@type":"Article","@id":"https:\/\/quehacerpolitico.mx\/?p=105845#article","isPartOf":{"@id":"https:\/\/quehacerpolitico.mx\/?p=105845"},"author":{"name":"Redacci\u00f3n QP","@id":"https:\/\/quehacerpolitico.mx\/#\/schema\/person\/496d8ad2d1d3f8036101dca7ee39e585"},"headline":"Samuel Garc\u00eda presenta ante el Congreso de NL licencia para buscar la presidencia en 2024","datePublished":"2023-10-23T17:25:23+00:00","dateModified":"2023-10-23T17:25:27+00:00","mainEntityOfPage":{"@id":"https:\/\/quehacerpolitico.mx\/?p=105845"},"wordCount":429,"commentCount":0,"image":{"@id":"https:\/\/quehacerpolitico.mx\/?p=105845#primaryimage"},"thumbnailUrl":"https:\/\/quehacerpolitico.mx\/wp-content\/uploads\/2023\/10\/IMG_1537.jpeg","articleSection":["Noticias"],"inLanguage":"es","potentialAction":[{"@type":"CommentAction","name":"Comment","target":["https:\/\/quehacerpolitico.mx\/?p=105845#respond"]}]},{"@type":"WebPage","@id":"https:\/\/quehacerpolitico.mx\/?p=105845","url":"https:\/\/quehacerpolitico.mx\/?p=105845","name":"Samuel Garc\u00eda presenta ante el Congreso de NL licencia para buscar la presidencia en 2024 -","isPartOf":{"@id":"https:\/\/quehacerpolitico.mx\/#website"},"primaryImageOfPage":{"@id":"https:\/\/quehacerpolitico.mx\/?p=105845#primaryimage"},"image":{"@id":"https:\/\/quehacerpolitico.mx\/?p=105845#primaryimage"},"thumbnailUrl":"https:\/\/quehacerpolitico.mx\/wp-content\/uploads\/2023\/10\/IMG_1537.jpeg","datePublished":"2023-10-23T17:25:23+00:00","dateModified":"2023-10-23T17:25:27+00:00","author":{"@id":"https:\/\/quehacerpolitico.mx\/#\/schema\/person\/496d8ad2d1d3f8036101dca7ee39e585"},"breadcrumb":{"@id":"https:\/\/quehacerpolitico.mx\/?p=105845#breadcrumb"},"inLanguage":"es","potentialAction":[{"@type":"ReadAction","target":["https:\/\/quehacerpolitico.mx\/?p=105845"]}]},{"@type":"ImageObject","inLanguage":"es","@id":"https:\/\/quehacerpolitico.mx\/?p=105845#primaryimage","url":"https:\/\/quehacerpolitico.mx\/wp-content\/uploads\/2023\/10\/IMG_1537.jpeg","contentUrl":"https:\/\/quehacerpolitico.mx\/wp-content\/uploads\/2023\/10\/IMG_1537.jpeg","width":679,"height":451},{"@type":"BreadcrumbList","@id":"https:\/\/quehacerpolitico.mx\/?p=105845#breadcrumb","itemListElement":[{"@type":"ListItem","position":1,"name":"Inicio","item":"https:\/\/quehacerpolitico.mx\/"},{"@type":"ListItem","position":2,"name":"Samuel Garc\u00eda presenta ante el Congreso de NL licencia para buscar la presidencia en 2024"}]},{"@type":"WebSite","@id":"https:\/\/quehacerpolitico.mx\/#website","url":"https:\/\/quehacerpolitico.mx\/","name":"","description":"","potentialAction":[{"@type":"SearchAction","target":{"@type":"EntryPoint","urlTemplate":"https:\/\/quehacerpolitico.mx\/?s={search_term_string}"},"query-input":{"@type":"PropertyValueSpecification","valueRequired":true,"valueName":"search_term_string"}}],"inLanguage":"es"},{"@type":"Person","@id":"https:\/\/quehacerpolitico.mx\/#\/schema\/person\/496d8ad2d1d3f8036101dca7ee39e585","name":"Redacci\u00f3n QP","image":{"@type":"ImageObject","inLanguage":"es","@id":"https:\/\/secure.gravatar.com\/avatar\/c7164ed6fdec453195284ad24a5ae5b6e1eed2b848477fa2a4787ba9adf39a41?s=96&d=mm&r=g","url":"https:\/\/secure.gravatar.com\/avatar\/c7164ed6fdec453195284ad24a5ae5b6e1eed2b848477fa2a4787ba9adf39a41?s=96&d=mm&r=g","contentUrl":"https:\/\/secure.gravatar.com\/avatar\/c7164ed6fdec453195284ad24a5ae5b6e1eed2b848477fa2a4787ba9adf39a41?s=96&d=mm&r=g","caption":"Redacci\u00f3n QP"},"url":"https:\/\/quehacerpolitico.mx\/?author=2"}]}},"featured_image_urls":{"full":["https:\/\/quehacerpolitico.mx\/wp-content\/uploads\/2023\/10\/IMG_1537.jpeg",679,451,false],"thumbnail":["https:\/\/quehacerpolitico.mx\/wp-content\/uploads\/2023\/10\/IMG_1537-150x150.jpeg",150,150,true],"medium":["https:\/\/quehacerpolitico.mx\/wp-content\/uploads\/2023\/10\/IMG_1537-300x199.jpeg",300,199,true],"medium_large":["https:\/\/quehacerpolitico.mx\/wp-content\/uploads\/2023\/10\/IMG_1537.jpeg",640,425,false],"large":["https:\/\/quehacerpolitico.mx\/wp-content\/uploads\/2023\/10\/IMG_1537.jpeg",640,425,false],"1536x1536":["https:\/\/quehacerpolitico.mx\/wp-content\/uploads\/2023\/10\/IMG_1537.jpeg",679,451,false],"2048x2048":["https:\/\/quehacerpolitico.mx\/wp-content\/uploads\/2023\/10\/IMG_1537.jpeg",679,451,false],"covernews-featured":["https:\/\/quehacerpolitico.mx\/wp-content\/uploads\/2023\/10\/IMG_1537.jpeg",679,451,false],"covernews-medium":["https:\/\/quehacerpolitico.mx\/wp-content\/uploads\/2023\/10\/IMG_1537.jpeg",512,340,false]},"author_info":{"display_name":"Redacci\u00f3n QP","author_link":"https:\/\/quehacerpolitico.mx\/?author=2"},"category_info":"<a href=\"https:\/\/quehacerpolitico.mx\/?cat=2\" rel=\"category\">Noticias<\/a>","tag_info":"Noticias","comment_count":"0","_links":{"self":[{"href":"https:\/\/quehacerpolitico.mx\/index.php?rest_route=\/wp\/v2\/posts\/105845","targetHints":{"allow":["GET"]}}],"collection":[{"href":"https:\/\/quehacerpolitico.mx\/index.php?rest_route=\/wp\/v2\/posts"}],"about":[{"href":"https:\/\/quehacerpolitico.mx\/index.php?rest_route=\/wp\/v2\/types\/post"}],"author":[{"embeddable":true,"href":"https:\/\/quehacerpolitico.mx\/index.php?rest_route=\/wp\/v2\/users\/2"}],"replies":[{"embeddable":true,"href":"https:\/\/quehacerpolitico.mx\/index.php?rest_route=%2Fwp%2Fv2%2Fcomments&post=105845"}],"version-history":[{"count":1,"href":"https:\/\/quehacerpolitico.mx\/index.php?rest_route=\/wp\/v2\/posts\/105845\/revisions"}],"predecessor-version":[{"id":105848,"href":"https:\/\/quehacerpolitico.mx\/index.php?rest_route=\/wp\/v2\/posts\/105845\/revisions\/105848"}],"wp:featuredmedia":[{"embeddable":true,"href":"https:\/\/quehacerpolitico.mx\/index.php?rest_route=\/wp\/v2\/media\/105847"}],"wp:attachment":[{"href":"https:\/\/quehacerpolitico.mx\/index.php?rest_route=%2Fwp%2Fv2%2Fmedia&parent=105845"}],"wp:term":[{"taxonomy":"category","embeddable":true,"href":"https:\/\/quehacerpolitico.mx\/index.php?rest_route=%2Fwp%2Fv2%2Fcategories&post=105845"},{"taxonomy":"post_tag","embeddable":true,"href":"https:\/\/quehacerpolitico.mx\/index.php?rest_route=%2Fwp%2Fv2%2Ftags&post=105845"}],"curies":[{"name":"wp","href":"https:\/\/api.w.org\/{rel}","templated":true}]}}