{"id":105838,"date":"2023-10-23T16:54:50","date_gmt":"2023-10-23T16:54:50","guid":{"rendered":"https:\/\/quehacerpolitico.mx\/?p=105838"},"modified":"2023-10-23T16:54:53","modified_gmt":"2023-10-23T16:54:53","slug":"tienen-todo-el-derecho-a-expresarse-los-del-poder-judicial-a-manifestarse-no-comparto-el-que-se-defiendan-privilegios-lopez-obrador","status":"publish","type":"post","link":"https:\/\/quehacerpolitico.mx\/?p=105838","title":{"rendered":"\u201cTienen todo el derecho a\u00a0expresarse los del Poder Judicial, a manifestarse, no comparto el que se defiendan\u00a0privilegios: L\u00f3pez Obrador"},"content":{"rendered":"\n<p>Por Redacci\u00f3n QP<\/p>\n\n\n\n<p>El presidente de M\u00e9xico,\u00a0<strong>Andr\u00e9s Manuel L\u00f3pez Obrador<\/strong>, arremeti\u00f3 este lunes contra los\u00a0<strong>ministros<\/strong>\u00a0de la Suprema Corte de Justicia de la Naci\u00f3n (<strong>SCJN<\/strong>) que marcharon ayer en defensa del Poder Judicial, al se\u00f1alar que \u201cle deber\u00eda de dar\u00a0<strong>verg\u00fcenza<\/strong>\u201d al ministro\u00a0<strong>Juan Luis Gonz\u00e1lez Alc\u00e1ntara\u00a0<\/strong>ganar un sueldo que \u201c<strong>insulta<\/strong>\u00a0a la mayor\u00eda de los mexicanos\u201d.<\/p>\n\n\n\n<p>\u201cTienen todo el derecho a\u00a0<strong>expresarse<\/strong>, a manifestarse, no comparto el que se defiendan\u00a0<strong>privilegios<\/strong>, pero respeto el derecho que tienen a manifestarse, no comparto que defiendan\u00a0<strong>privilegios<\/strong>\u00a0porque se me hace muy\u00a0<strong>injusto<\/strong>, si estuviesen defendiendo una causa en beneficio del pueblo pues entonces s\u00ed todo mi respeto, toda mi admiraci\u00f3n, pero se trata que los\u00a0<strong>ministros<\/strong>\u00a0sigan ganando 600, 700 mil pesos mensuales\u201d.<\/p>\n\n\n\n<figure class=\"wp-block-embed is-type-video is-provider-youtube wp-block-embed-youtube wp-embed-aspect-16-9 wp-has-aspect-ratio\"><div class=\"wp-block-embed__wrapper\">\n<iframe loading=\"lazy\" title=\"Respeto el derecho de manifestarse, pero no comparto que defiendan privilegios: AMLO\" width=\"640\" height=\"360\" src=\"https:\/\/www.youtube.com\/embed\/6Dt9p-pN9Os?feature=oembed\" frameborder=\"0\" allow=\"accelerometer; autoplay; clipboard-write; encrypted-media; gyroscope; picture-in-picture; web-share\" referrerpolicy=\"strict-origin-when-cross-origin\" allowfullscreen><\/iframe>\n<\/div><\/figure>\n\n\n\n<p>\u201cPor ejemplo, marcha un ministro que gana&nbsp;<strong>700 mil pesos<\/strong>&nbsp;mensuales, le deber\u00eda de dar&nbsp;<strong>verg\u00fcenza<\/strong>, qu\u00e9 sensibilidad puede tener una persona que supuestamente tiene como&nbsp;<strong>trabajo<\/strong>&nbsp;la impartici\u00f3n de&nbsp;<strong>justicia<\/strong>&nbsp;y gana un sueldo&nbsp;<strong>elevad\u00edsimo<\/strong>, que insulta a la mayor\u00eda de los mexicanos que obtiene ingresos pues s\u00f3lo para lo b\u00e1sico\u201d, afirm\u00f3 en su conferencia matutina.<\/p>\n\n\n\n<p>El mandatario federal tambi\u00e9n critic\u00f3 al ministro en retiro&nbsp;<strong>Jos\u00e9 Ram\u00f3n Coss\u00edo D\u00edaz<\/strong>, quien march\u00f3 ayer en la Ciudad de M\u00e9xico junto a trabajadores del&nbsp;<strong>Poder Judicial<\/strong>&nbsp;y ciudadanos, lo llam\u00f3 \u201cabogado del bloque&nbsp;<strong>conservador<\/strong>\u201d y asegur\u00f3 que recibe una pensi\u00f3n de&nbsp;<strong>480 mil pesos<\/strong>&nbsp;mensuales.<\/p>\n\n\n\n<p>\u201c\u00bfSaben cu\u00e1nto recibe \u00e9l?\u00a0<strong>480 mil pesos<\/strong>mensuales recibe. \u00bfCu\u00e1nto recibe una\u00a0<strong>maestra<\/strong>, un jub<strong>i<\/strong>lado? Este es el m\u00e1ximo que puede recibir un servidor p\u00fablico. Ahora que me voy a\u00a0<strong>retirar<\/strong>\u00a0ni siquiera voy a recibir eso, tengo mi derecho de\u00a0<strong>pensi\u00f3n<\/strong>, pero como no acompleto, porque tengo como 20, 22 a\u00f1os de servicio, me voy a ir con 35 mil pesos, para 480 mil, estoy hablando del\u00a0<strong>presidente<\/strong>\u201c, agreg\u00f3.<\/p>\n\n\n\n<p>L\u00f3pez Obrador acus\u00f3 adem\u00e1s al \u201cbloque&nbsp;<strong>conservador<\/strong>\u201d de estar detr\u00e1s las&nbsp;<strong>manifestaciones<\/strong>&nbsp;en la Ciudad de M\u00e9xico y en el pa\u00eds de miles de trabajadores del&nbsp;<strong>Poder Judicial<\/strong>&nbsp;contra la extinci\u00f3n de 13 fideicomisos aprobada inicialmente en la C\u00e1mara de Diputados y que ser\u00e1 discutida en el Senado de la Rep\u00fablica.&nbsp;<\/p>\n\n\n\n<p>\u201cFue una manifestaci\u00f3n del bloque conservador, ya muy\u00a0<strong>menguada<\/strong>, porque una vez hasta llenaron al\u00a0<strong>Z\u00f3calo<\/strong>\u00a0(de Ciudad de M\u00e9xico), nada m\u00e1s una vez, pero ya no tienen mucha base social, mucho apoyo ciudadano, porque la gente se da cuenta, no se puede defender lo\u00a0<strong>indefendible<\/strong>\u201d, indic\u00f3.<\/p>\n\n\n\n<p>Las manifestaciones se registraron en Quintana Roo, Guanajuato, Tabasco, Veracruz, Yucat\u00e1n, Nuevo Le\u00f3n, Quer\u00e9taro, Oaxaca, Chiapas, Guerrero y Puebla, entre otros estados, adem\u00e1s de la<strong>\u00a0Ciudad de M\u00e9xico<\/strong>, donde los contingentes llegaron al Z\u00f3calo capitalino<a href=\"https:\/\/twitter.com\/lopezobrador_\">.<\/a><\/p>\n","protected":false},"excerpt":{"rendered":"<p>Por Redacci\u00f3n QP El presidente de M\u00e9xico,\u00a0Andr\u00e9s Manuel L\u00f3pez Obrador, arremeti\u00f3 este lunes contra los\u00a0ministros\u00a0de&#8230;<\/p>\n","protected":false},"author":2,"featured_media":105839,"comment_status":"open","ping_status":"open","sticky":false,"template":"","format":"standard","meta":{"_monsterinsights_skip_tracking":false,"_monsterinsights_sitenote_active":false,"_monsterinsights_sitenote_note":"","_monsterinsights_sitenote_category":0,"footnotes":""},"categories":[2],"tags":[],"class_list":["post-105838","post","type-post","status-publish","format-standard","has-post-thumbnail","hentry","category-noticias"],"yoast_head":"<!-- This site is optimized with the Yoast SEO plugin v27.3 - https:\/\/yoast.com\/product\/yoast-seo-wordpress\/ -->\n<title>\u201cTienen todo el derecho a\u00a0expresarse los del Poder Judicial, a manifestarse, no comparto el que se defiendan\u00a0privilegios: L\u00f3pez Obrador -<\/title>\n<meta name=\"robots\" content=\"index, follow, max-snippet:-1, max-image-preview:large, max-video-preview:-1\" \/>\n<link rel=\"canonical\" href=\"https:\/\/quehacerpolitico.mx\/?p=105838\" \/>\n<meta property=\"og:locale\" content=\"es_MX\" \/>\n<meta property=\"og:type\" content=\"article\" \/>\n<meta property=\"og:title\" content=\"\u201cTienen todo el derecho a\u00a0expresarse los del Poder Judicial, a manifestarse, no comparto el que se defiendan\u00a0privilegios: L\u00f3pez Obrador -\" \/>\n<meta property=\"og:description\" content=\"Por Redacci\u00f3n QP El presidente de M\u00e9xico,\u00a0Andr\u00e9s Manuel L\u00f3pez Obrador, arremeti\u00f3 este lunes contra los\u00a0ministros\u00a0de...\" \/>\n<meta property=\"og:url\" content=\"https:\/\/quehacerpolitico.mx\/?p=105838\" \/>\n<meta property=\"article:published_time\" content=\"2023-10-23T16:54:50+00:00\" \/>\n<meta property=\"article:modified_time\" content=\"2023-10-23T16:54:53+00:00\" \/>\n<meta property=\"og:image\" content=\"https:\/\/quehacerpolitico.mx\/wp-content\/uploads\/2023\/10\/IMG_1534.jpeg\" \/>\n\t<meta property=\"og:image:width\" content=\"1284\" \/>\n\t<meta property=\"og:image:height\" content=\"697\" \/>\n\t<meta property=\"og:image:type\" content=\"image\/jpeg\" \/>\n<meta name=\"author\" content=\"Redacci\u00f3n QP\" \/>\n<meta name=\"twitter:card\" content=\"summary_large_image\" \/>\n<meta name=\"twitter:label1\" content=\"Escrito por\" \/>\n\t<meta name=\"twitter:data1\" content=\"Redacci\u00f3n QP\" \/>\n\t<meta name=\"twitter:label2\" content=\"Tiempo de lectura\" \/>\n\t<meta name=\"twitter:data2\" content=\"2 minutos\" \/>\n<script type=\"application\/ld+json\" class=\"yoast-schema-graph\">{\"@context\":\"https:\\\/\\\/schema.org\",\"@graph\":[{\"@type\":\"Article\",\"@id\":\"https:\\\/\\\/quehacerpolitico.mx\\\/?p=105838#article\",\"isPartOf\":{\"@id\":\"https:\\\/\\\/quehacerpolitico.mx\\\/?p=105838\"},\"author\":{\"name\":\"Redacci\u00f3n QP\",\"@id\":\"https:\\\/\\\/quehacerpolitico.mx\\\/#\\\/schema\\\/person\\\/496d8ad2d1d3f8036101dca7ee39e585\"},\"headline\":\"\u201cTienen todo el derecho a\u00a0expresarse los del Poder Judicial, a manifestarse, no comparto el que se defiendan\u00a0privilegios: L\u00f3pez Obrador\",\"datePublished\":\"2023-10-23T16:54:50+00:00\",\"dateModified\":\"2023-10-23T16:54:53+00:00\",\"mainEntityOfPage\":{\"@id\":\"https:\\\/\\\/quehacerpolitico.mx\\\/?p=105838\"},\"wordCount\":521,\"commentCount\":0,\"image\":{\"@id\":\"https:\\\/\\\/quehacerpolitico.mx\\\/?p=105838#primaryimage\"},\"thumbnailUrl\":\"https:\\\/\\\/quehacerpolitico.mx\\\/wp-content\\\/uploads\\\/2023\\\/10\\\/IMG_1534.jpeg\",\"articleSection\":[\"Noticias\"],\"inLanguage\":\"es\",\"potentialAction\":[{\"@type\":\"CommentAction\",\"name\":\"Comment\",\"target\":[\"https:\\\/\\\/quehacerpolitico.mx\\\/?p=105838#respond\"]}]},{\"@type\":\"WebPage\",\"@id\":\"https:\\\/\\\/quehacerpolitico.mx\\\/?p=105838\",\"url\":\"https:\\\/\\\/quehacerpolitico.mx\\\/?p=105838\",\"name\":\"\u201cTienen todo el derecho a\u00a0expresarse los del Poder Judicial, a manifestarse, no comparto el que se defiendan\u00a0privilegios: L\u00f3pez Obrador -\",\"isPartOf\":{\"@id\":\"https:\\\/\\\/quehacerpolitico.mx\\\/#website\"},\"primaryImageOfPage\":{\"@id\":\"https:\\\/\\\/quehacerpolitico.mx\\\/?p=105838#primaryimage\"},\"image\":{\"@id\":\"https:\\\/\\\/quehacerpolitico.mx\\\/?p=105838#primaryimage\"},\"thumbnailUrl\":\"https:\\\/\\\/quehacerpolitico.mx\\\/wp-content\\\/uploads\\\/2023\\\/10\\\/IMG_1534.jpeg\",\"datePublished\":\"2023-10-23T16:54:50+00:00\",\"dateModified\":\"2023-10-23T16:54:53+00:00\",\"author\":{\"@id\":\"https:\\\/\\\/quehacerpolitico.mx\\\/#\\\/schema\\\/person\\\/496d8ad2d1d3f8036101dca7ee39e585\"},\"breadcrumb\":{\"@id\":\"https:\\\/\\\/quehacerpolitico.mx\\\/?p=105838#breadcrumb\"},\"inLanguage\":\"es\",\"potentialAction\":[{\"@type\":\"ReadAction\",\"target\":[\"https:\\\/\\\/quehacerpolitico.mx\\\/?p=105838\"]}]},{\"@type\":\"ImageObject\",\"inLanguage\":\"es\",\"@id\":\"https:\\\/\\\/quehacerpolitico.mx\\\/?p=105838#primaryimage\",\"url\":\"https:\\\/\\\/quehacerpolitico.mx\\\/wp-content\\\/uploads\\\/2023\\\/10\\\/IMG_1534.jpeg\",\"contentUrl\":\"https:\\\/\\\/quehacerpolitico.mx\\\/wp-content\\\/uploads\\\/2023\\\/10\\\/IMG_1534.jpeg\",\"width\":1284,\"height\":697},{\"@type\":\"BreadcrumbList\",\"@id\":\"https:\\\/\\\/quehacerpolitico.mx\\\/?p=105838#breadcrumb\",\"itemListElement\":[{\"@type\":\"ListItem\",\"position\":1,\"name\":\"Inicio\",\"item\":\"https:\\\/\\\/quehacerpolitico.mx\\\/\"},{\"@type\":\"ListItem\",\"position\":2,\"name\":\"\u201cTienen todo el derecho a\u00a0expresarse los del Poder Judicial, a manifestarse, no comparto el que se defiendan\u00a0privilegios: L\u00f3pez Obrador\"}]},{\"@type\":\"WebSite\",\"@id\":\"https:\\\/\\\/quehacerpolitico.mx\\\/#website\",\"url\":\"https:\\\/\\\/quehacerpolitico.mx\\\/\",\"name\":\"\",\"description\":\"\",\"potentialAction\":[{\"@type\":\"SearchAction\",\"target\":{\"@type\":\"EntryPoint\",\"urlTemplate\":\"https:\\\/\\\/quehacerpolitico.mx\\\/?s={search_term_string}\"},\"query-input\":{\"@type\":\"PropertyValueSpecification\",\"valueRequired\":true,\"valueName\":\"search_term_string\"}}],\"inLanguage\":\"es\"},{\"@type\":\"Person\",\"@id\":\"https:\\\/\\\/quehacerpolitico.mx\\\/#\\\/schema\\\/person\\\/496d8ad2d1d3f8036101dca7ee39e585\",\"name\":\"Redacci\u00f3n QP\",\"image\":{\"@type\":\"ImageObject\",\"inLanguage\":\"es\",\"@id\":\"https:\\\/\\\/secure.gravatar.com\\\/avatar\\\/c7164ed6fdec453195284ad24a5ae5b6e1eed2b848477fa2a4787ba9adf39a41?s=96&d=mm&r=g\",\"url\":\"https:\\\/\\\/secure.gravatar.com\\\/avatar\\\/c7164ed6fdec453195284ad24a5ae5b6e1eed2b848477fa2a4787ba9adf39a41?s=96&d=mm&r=g\",\"contentUrl\":\"https:\\\/\\\/secure.gravatar.com\\\/avatar\\\/c7164ed6fdec453195284ad24a5ae5b6e1eed2b848477fa2a4787ba9adf39a41?s=96&d=mm&r=g\",\"caption\":\"Redacci\u00f3n QP\"},\"url\":\"https:\\\/\\\/quehacerpolitico.mx\\\/?author=2\"}]}<\/script>\n<!-- \/ Yoast SEO plugin. -->","yoast_head_json":{"title":"\u201cTienen todo el derecho a\u00a0expresarse los del Poder Judicial, a manifestarse, no comparto el que se defiendan\u00a0privilegios: L\u00f3pez Obrador -","robots":{"index":"index","follow":"follow","max-snippet":"max-snippet:-1","max-image-preview":"max-image-preview:large","max-video-preview":"max-video-preview:-1"},"canonical":"https:\/\/quehacerpolitico.mx\/?p=105838","og_locale":"es_MX","og_type":"article","og_title":"\u201cTienen todo el derecho a\u00a0expresarse los del Poder Judicial, a manifestarse, no comparto el que se defiendan\u00a0privilegios: L\u00f3pez Obrador -","og_description":"Por Redacci\u00f3n QP El presidente de M\u00e9xico,\u00a0Andr\u00e9s Manuel L\u00f3pez Obrador, arremeti\u00f3 este lunes contra los\u00a0ministros\u00a0de...","og_url":"https:\/\/quehacerpolitico.mx\/?p=105838","article_published_time":"2023-10-23T16:54:50+00:00","article_modified_time":"2023-10-23T16:54:53+00:00","og_image":[{"width":1284,"height":697,"url":"https:\/\/quehacerpolitico.mx\/wp-content\/uploads\/2023\/10\/IMG_1534.jpeg","type":"image\/jpeg"}],"author":"Redacci\u00f3n QP","twitter_card":"summary_large_image","twitter_misc":{"Escrito por":"Redacci\u00f3n QP","Tiempo de lectura":"2 minutos"},"schema":{"@context":"https:\/\/schema.org","@graph":[{"@type":"Article","@id":"https:\/\/quehacerpolitico.mx\/?p=105838#article","isPartOf":{"@id":"https:\/\/quehacerpolitico.mx\/?p=105838"},"author":{"name":"Redacci\u00f3n QP","@id":"https:\/\/quehacerpolitico.mx\/#\/schema\/person\/496d8ad2d1d3f8036101dca7ee39e585"},"headline":"\u201cTienen todo el derecho a\u00a0expresarse los del Poder Judicial, a manifestarse, no comparto el que se defiendan\u00a0privilegios: L\u00f3pez Obrador","datePublished":"2023-10-23T16:54:50+00:00","dateModified":"2023-10-23T16:54:53+00:00","mainEntityOfPage":{"@id":"https:\/\/quehacerpolitico.mx\/?p=105838"},"wordCount":521,"commentCount":0,"image":{"@id":"https:\/\/quehacerpolitico.mx\/?p=105838#primaryimage"},"thumbnailUrl":"https:\/\/quehacerpolitico.mx\/wp-content\/uploads\/2023\/10\/IMG_1534.jpeg","articleSection":["Noticias"],"inLanguage":"es","potentialAction":[{"@type":"CommentAction","name":"Comment","target":["https:\/\/quehacerpolitico.mx\/?p=105838#respond"]}]},{"@type":"WebPage","@id":"https:\/\/quehacerpolitico.mx\/?p=105838","url":"https:\/\/quehacerpolitico.mx\/?p=105838","name":"\u201cTienen todo el derecho a\u00a0expresarse los del Poder Judicial, a manifestarse, no comparto el que se defiendan\u00a0privilegios: L\u00f3pez Obrador -","isPartOf":{"@id":"https:\/\/quehacerpolitico.mx\/#website"},"primaryImageOfPage":{"@id":"https:\/\/quehacerpolitico.mx\/?p=105838#primaryimage"},"image":{"@id":"https:\/\/quehacerpolitico.mx\/?p=105838#primaryimage"},"thumbnailUrl":"https:\/\/quehacerpolitico.mx\/wp-content\/uploads\/2023\/10\/IMG_1534.jpeg","datePublished":"2023-10-23T16:54:50+00:00","dateModified":"2023-10-23T16:54:53+00:00","author":{"@id":"https:\/\/quehacerpolitico.mx\/#\/schema\/person\/496d8ad2d1d3f8036101dca7ee39e585"},"breadcrumb":{"@id":"https:\/\/quehacerpolitico.mx\/?p=105838#breadcrumb"},"inLanguage":"es","potentialAction":[{"@type":"ReadAction","target":["https:\/\/quehacerpolitico.mx\/?p=105838"]}]},{"@type":"ImageObject","inLanguage":"es","@id":"https:\/\/quehacerpolitico.mx\/?p=105838#primaryimage","url":"https:\/\/quehacerpolitico.mx\/wp-content\/uploads\/2023\/10\/IMG_1534.jpeg","contentUrl":"https:\/\/quehacerpolitico.mx\/wp-content\/uploads\/2023\/10\/IMG_1534.jpeg","width":1284,"height":697},{"@type":"BreadcrumbList","@id":"https:\/\/quehacerpolitico.mx\/?p=105838#breadcrumb","itemListElement":[{"@type":"ListItem","position":1,"name":"Inicio","item":"https:\/\/quehacerpolitico.mx\/"},{"@type":"ListItem","position":2,"name":"\u201cTienen todo el derecho a\u00a0expresarse los del Poder Judicial, a manifestarse, no comparto el que se defiendan\u00a0privilegios: L\u00f3pez Obrador"}]},{"@type":"WebSite","@id":"https:\/\/quehacerpolitico.mx\/#website","url":"https:\/\/quehacerpolitico.mx\/","name":"","description":"","potentialAction":[{"@type":"SearchAction","target":{"@type":"EntryPoint","urlTemplate":"https:\/\/quehacerpolitico.mx\/?s={search_term_string}"},"query-input":{"@type":"PropertyValueSpecification","valueRequired":true,"valueName":"search_term_string"}}],"inLanguage":"es"},{"@type":"Person","@id":"https:\/\/quehacerpolitico.mx\/#\/schema\/person\/496d8ad2d1d3f8036101dca7ee39e585","name":"Redacci\u00f3n QP","image":{"@type":"ImageObject","inLanguage":"es","@id":"https:\/\/secure.gravatar.com\/avatar\/c7164ed6fdec453195284ad24a5ae5b6e1eed2b848477fa2a4787ba9adf39a41?s=96&d=mm&r=g","url":"https:\/\/secure.gravatar.com\/avatar\/c7164ed6fdec453195284ad24a5ae5b6e1eed2b848477fa2a4787ba9adf39a41?s=96&d=mm&r=g","contentUrl":"https:\/\/secure.gravatar.com\/avatar\/c7164ed6fdec453195284ad24a5ae5b6e1eed2b848477fa2a4787ba9adf39a41?s=96&d=mm&r=g","caption":"Redacci\u00f3n QP"},"url":"https:\/\/quehacerpolitico.mx\/?author=2"}]}},"featured_image_urls":{"full":["https:\/\/quehacerpolitico.mx\/wp-content\/uploads\/2023\/10\/IMG_1534.jpeg",1284,697,false],"thumbnail":["https:\/\/quehacerpolitico.mx\/wp-content\/uploads\/2023\/10\/IMG_1534-150x150.jpeg",150,150,true],"medium":["https:\/\/quehacerpolitico.mx\/wp-content\/uploads\/2023\/10\/IMG_1534-300x163.jpeg",300,163,true],"medium_large":["https:\/\/quehacerpolitico.mx\/wp-content\/uploads\/2023\/10\/IMG_1534-768x417.jpeg",640,348,true],"large":["https:\/\/quehacerpolitico.mx\/wp-content\/uploads\/2023\/10\/IMG_1534-1024x556.jpeg",640,348,true],"1536x1536":["https:\/\/quehacerpolitico.mx\/wp-content\/uploads\/2023\/10\/IMG_1534.jpeg",1284,697,false],"2048x2048":["https:\/\/quehacerpolitico.mx\/wp-content\/uploads\/2023\/10\/IMG_1534.jpeg",1284,697,false],"covernews-featured":["https:\/\/quehacerpolitico.mx\/wp-content\/uploads\/2023\/10\/IMG_1534.jpeg",1024,556,false],"covernews-medium":["https:\/\/quehacerpolitico.mx\/wp-content\/uploads\/2023\/10\/IMG_1534.jpeg",540,293,false]},"author_info":{"display_name":"Redacci\u00f3n QP","author_link":"https:\/\/quehacerpolitico.mx\/?author=2"},"category_info":"<a href=\"https:\/\/quehacerpolitico.mx\/?cat=2\" rel=\"category\">Noticias<\/a>","tag_info":"Noticias","comment_count":"0","_links":{"self":[{"href":"https:\/\/quehacerpolitico.mx\/index.php?rest_route=\/wp\/v2\/posts\/105838","targetHints":{"allow":["GET"]}}],"collection":[{"href":"https:\/\/quehacerpolitico.mx\/index.php?rest_route=\/wp\/v2\/posts"}],"about":[{"href":"https:\/\/quehacerpolitico.mx\/index.php?rest_route=\/wp\/v2\/types\/post"}],"author":[{"embeddable":true,"href":"https:\/\/quehacerpolitico.mx\/index.php?rest_route=\/wp\/v2\/users\/2"}],"replies":[{"embeddable":true,"href":"https:\/\/quehacerpolitico.mx\/index.php?rest_route=%2Fwp%2Fv2%2Fcomments&post=105838"}],"version-history":[{"count":1,"href":"https:\/\/quehacerpolitico.mx\/index.php?rest_route=\/wp\/v2\/posts\/105838\/revisions"}],"predecessor-version":[{"id":105840,"href":"https:\/\/quehacerpolitico.mx\/index.php?rest_route=\/wp\/v2\/posts\/105838\/revisions\/105840"}],"wp:featuredmedia":[{"embeddable":true,"href":"https:\/\/quehacerpolitico.mx\/index.php?rest_route=\/wp\/v2\/media\/105839"}],"wp:attachment":[{"href":"https:\/\/quehacerpolitico.mx\/index.php?rest_route=%2Fwp%2Fv2%2Fmedia&parent=105838"}],"wp:term":[{"taxonomy":"category","embeddable":true,"href":"https:\/\/quehacerpolitico.mx\/index.php?rest_route=%2Fwp%2Fv2%2Fcategories&post=105838"},{"taxonomy":"post_tag","embeddable":true,"href":"https:\/\/quehacerpolitico.mx\/index.php?rest_route=%2Fwp%2Fv2%2Ftags&post=105838"}],"curies":[{"name":"wp","href":"https:\/\/api.w.org\/{rel}","templated":true}]}}