{"id":105832,"date":"2023-10-23T15:51:37","date_gmt":"2023-10-23T15:51:37","guid":{"rendered":"https:\/\/quehacerpolitico.mx\/?p=105832"},"modified":"2023-10-23T15:51:40","modified_gmt":"2023-10-23T15:51:40","slug":"el-quehacer-politico-jose-alberto-prado-angeles-el-funcionamiento-de-las-sociedades-humanas-es-posible-gracias-a-la-comunicacion","status":"publish","type":"post","link":"https:\/\/quehacerpolitico.mx\/?p=105832","title":{"rendered":"El Quehacer Pol\u00edtico\/\/\/Jose Alberto Prado Angeles\/\/\/El funcionamiento de las sociedades humanas es posible gracias a la comunicaci\u00f3n"},"content":{"rendered":"\n<p>Por Jos\u00e9 Alberto Prado Angeles<\/p>\n\n\n\n<p>Director General y Editor<\/p>\n\n\n\n<p>El funcionamiento de las sociedades humanas es posible gracias a la comunicaci\u00f3n.<\/p>\n\n\n\n<p>La comunicaci\u00f3n no s\u00f3lo es un proceso esencial para el hombre y el desarrollo de la vida colectiva; sino que es un proceso vital; dir\u00edamos, la comunicaci\u00f3n es parte fundamental para el mantenimiento de la organizaci\u00f3n; es necesaria para su supervivencia.<\/p>\n\n\n\n<p>En esta sociedad de consumo, las grandes oportunidades comerciales se encuentran en la imagen: \u201cun cachito de realidad; la delimitaci\u00f3n de \u00e9sta\u201d.<\/p>\n\n\n\n<p>En M\u00e9xico, se dice \u201cla imagen lo es todo\u201d, \u201ccomo te ven, te tratan\u201d. Y en cierta medida, tienen raz\u00f3n; sin embargo, hemos delimitado, moralmente, estas expresiones. Si bien es cierto que, la frase \u201cde la vista nace el amor\u201d, refleja perfectamente el pensamiento consumista capitalino; esto no significa, en absoluto que, s\u00f3lo \u201clo bonito, elegante, adecuado, bueno o agradable\u201d, sea la perspectiva de masas. Pensemos en una joven hipster, quien busca opciones de bachillerato expr\u00e9s y, de quien sabemos, sigue fervientemente cierto tipo de eventos culturales, musicales y art\u00edsticos, que niegan \u201clo establecido\u201d. Ella busca sentirse identificada con su entorno, con sus iguales; necesita convivir: discutir, compartir, conocer e interactuar para sentir una pertenencia; por lo que, se desenvolver\u00e1 sin problema alguno y dar\u00e1 oportunidad a desarrollar sus capacidades y virtudes en un ambiente \u201cdise\u00f1ado para ella\u201d.<br>Ahora, \u00bfalguna escuela o fundaci\u00f3n est\u00e1 cumpliendo con las necesidades reales de sus usuarios o consumidores? \u00bfExisten propuestas acad\u00e9micas intensivas (para examen \u00fanico COLBACH\/CENEVAL), en el mercado, que se preocupen por integrar la cultura, las expresiones art\u00edsticas y los distintos canales comunicacionales de este siglo? Por \u00faltimo, \u00bfla velocidad en la informaci\u00f3n y los nuevos medios de comunicaci\u00f3n nos obligan a generar acciones constantes de mantenimiento de la marca, que es, a su vez, la misma organizaci\u00f3n?<br>En la competencia, hemos encontrado todo tipo de propuestas educativas intensivas; que ofrecen \u201crapidez, concreci\u00f3n y calidad en el modelo ofrecido\u201d; que, prometen un alto margen de aprobaci\u00f3n y un sinf\u00edn de testimonios positivos; no obstante, estos productos educativos se olvidan, nuestros usuarios tienen necesidades psicol\u00f3gicas y un alto \u00edndice de rebeld\u00eda (por ello evitan u olvidan un bachillerato escolarizado); lo cual nos permite canalizar esta energ\u00eda en distintas actividades como talleres cinematogr\u00e1ficos, producci\u00f3n radiof\u00f3nica, danza (contemporanea, ballet, tango, etc\u00e9tera), pintura, guitarra y dem\u00e1s; tambi\u00e9n, ofrecer un Cine Club, un patiogaler\u00eda y un espacio de exposici\u00f3n, donde nuestros consumidores puedan expresar lo aprendido.<\/p>\n\n\n\n<p>Generando una #ComunidaIndicap.<br>En el entorno capitalino, las ofertas de Examen \u00danico (EXACER-COL- BACH), est\u00e1n determinadas para personas con un empleo, familia y cuentas por pagar. Sus productos obedecen a las necesidades laborales que les exige una educaci\u00f3n media superior; empero, en estos tiempos de crisis global, reformas estructurales, falta de liquidez econ\u00f3mica y matr\u00edculas reducidas en universidades p\u00fablicas, transforman la visi\u00f3n juvenil, a quienes tres a\u00f1os de bachillerato formal les es muy dif\u00edcil mantener, y optan por aplicar este examen \u00fanico, poni\u00e9ndose en desventaja ante los estudiantes normales; lo cual provoca una reestructuraci\u00f3n en la planeaci\u00f3n integral de las organizaciones educativas, ofreciendo servicios que resuelvan, en conjunto, este inconveniente. La #ComunidadIndicap es innovadora en procesos comunicacionales \u201chechos a la medida\u201d; que conjuntan la cultura, ciencia, creatividad y desempe\u00f1o individual para lograr competir contra cualquier universitario privado.<\/p>\n\n\n\n<p>Por \u00faltimo, la tecnolog\u00eda implementada en las instituciones educativas del ramo, se enfoca en tres puntos: banda ancha veloz, redes sociales y aplicaciones, como un conjunto de instrumentos vanguardistas que proporcionan un cierto nivel de status y creatividad; aunque, en esta sociedad online, donde los canales de comunicaci\u00f3n tienen la virtud de la inmediatez, abundancia de informaci\u00f3n, universalidad e interactividad en los contenidos, se debe pensar en el usuario como un sujeto virtual, que \u201ctiene un perfil definido, real o ficticio; descarga cierto tipo de m\u00fasica, hace videos, manda whats, da likes, toma selfies, publica opiniones, tweets, instagram y usa Skype\u201d. Este sujeto virtual debe entender- se como un consumidor vol\u00e1til, din\u00e1mico y polifac\u00e9tico que necesita de productos y servicios dotados de exclusividad, innovaci\u00f3n, identidad y pertenencia. En INDICAP: Consultor\u00eda Acad\u00e9mica, encuentran las herramientas para integrar su cultura inmediata, sus capacidades psicosociales y el desempe\u00f1o acad\u00e9mica.<\/p>\n\n\n\n<p>Finalmente, \u00bfcu\u00e1l ser\u00eda la mejor estrategia para generar todo un aparato de comunicaci\u00f3n que re- suelva, punto a punto, las distintas necesidades de nuestros usuarios? \u00bfQu\u00e9 estrategias organizacionales deben usarse para la construcci\u00f3n de una empresa competitiva y van- guardista? \u00bfCu\u00e1les son las herramientas indispensables para el desarrollo de una organizaci\u00f3n que ofrezca productos y servicios de \u00e9xito, seguridad y calidad? \u00bfC\u00f3mo integrar los comportamientos psicol\u00f3gicos, sociales y culturales de nuestros usuarios para determinar <\/p>\n\n\n\n<p>nuevos productos, actualizaciones de los ya creados y posibilidades de crecimiento?<br>La interacci\u00f3n de la organizaci\u00f3n, con sus distintos p\u00fablicos y los dem\u00e1s colaboradores, forman redes que generan confianza y solidez. Pensemos en la organizaci\u00f3n como un joven que inicia su primer semestre de bachillerato. Se encuentra rodeado de diversos grupos socioculturales, algunos relacion\u00e1ndose entre ellos, unos m\u00e1s, rechaz\u00e1ndose; algunos siendo muy populares entre la poblaci\u00f3n y los dem\u00e1s, si no pasando desapercibidos, teniendo un m\u00ednimo impacto. Entonces, este joven debe decidir cu\u00e1l ser\u00e1 el lugar que ocupe en esta microsociedad: puede ser \u201cel m\u00e1s famoso de la escuela\u201d o simple- mente, ser irrelevante.<\/p>\n\n\n\n<p>Lo que el joven necesita es forjarse una imagen, una identidad: una cultura.<\/p>\n\n\n\n<p>En conclusi\u00f3n, ante la escasez de oportunidades integrales acad\u00e9micas en la presentaci\u00f3n de Examen \u00danico (EXACER-COLBACH), la poca participaci\u00f3n activa en los nuevos canales de comunicaci\u00f3n y el surgimiento de un sujeto virtual, podemos asegurar que, nuestra organizaci\u00f3n podr\u00e1 conquistar un mercado din\u00e1mico y constante donde, en muy poco tiempo, formar\u00e1n parte del lifestyle estudiante INDICAP.<\/p>\n\n\n\n<p>As\u00ed el Quehacer Pol\u00edtico Desde 1980, inquiriendo en la pol\u00edtica de M\u00e9xico, cuestionando, exponiendo, revelando y razonando.Es cuanto.<\/p>\n","protected":false},"excerpt":{"rendered":"<p>Por Jos\u00e9 Alberto Prado Angeles Director General y Editor El funcionamiento de las sociedades humanas&#8230;<\/p>\n","protected":false},"author":2,"featured_media":105833,"comment_status":"open","ping_status":"open","sticky":false,"template":"","format":"standard","meta":{"_monsterinsights_skip_tracking":false,"_monsterinsights_sitenote_active":false,"_monsterinsights_sitenote_note":"","_monsterinsights_sitenote_category":0,"footnotes":""},"categories":[2],"tags":[],"class_list":["post-105832","post","type-post","status-publish","format-standard","has-post-thumbnail","hentry","category-noticias"],"yoast_head":"<!-- This site is optimized with the Yoast SEO plugin v27.3 - https:\/\/yoast.com\/product\/yoast-seo-wordpress\/ -->\n<title>El Quehacer Pol\u00edtico\/\/\/Jose Alberto Prado Angeles\/\/\/El funcionamiento de las sociedades humanas es posible gracias a la comunicaci\u00f3n -<\/title>\n<meta name=\"robots\" content=\"index, follow, max-snippet:-1, max-image-preview:large, max-video-preview:-1\" \/>\n<link rel=\"canonical\" href=\"https:\/\/quehacerpolitico.mx\/?p=105832\" \/>\n<meta property=\"og:locale\" content=\"es_MX\" \/>\n<meta property=\"og:type\" content=\"article\" \/>\n<meta property=\"og:title\" content=\"El Quehacer Pol\u00edtico\/\/\/Jose Alberto Prado Angeles\/\/\/El funcionamiento de las sociedades humanas es posible gracias a la comunicaci\u00f3n -\" \/>\n<meta property=\"og:description\" content=\"Por Jos\u00e9 Alberto Prado Angeles Director General y Editor El funcionamiento de las sociedades humanas...\" \/>\n<meta property=\"og:url\" content=\"https:\/\/quehacerpolitico.mx\/?p=105832\" \/>\n<meta property=\"article:published_time\" content=\"2023-10-23T15:51:37+00:00\" \/>\n<meta property=\"article:modified_time\" content=\"2023-10-23T15:51:40+00:00\" \/>\n<meta property=\"og:image\" content=\"https:\/\/quehacerpolitico.mx\/wp-content\/uploads\/2023\/10\/511bc7b1-f34b-4418-b917-5120714f846d-3.jpeg\" \/>\n\t<meta property=\"og:image:width\" content=\"963\" \/>\n\t<meta property=\"og:image:height\" content=\"493\" \/>\n\t<meta property=\"og:image:type\" content=\"image\/jpeg\" \/>\n<meta name=\"author\" content=\"Redacci\u00f3n QP\" \/>\n<meta name=\"twitter:card\" content=\"summary_large_image\" \/>\n<meta name=\"twitter:label1\" content=\"Escrito por\" \/>\n\t<meta name=\"twitter:data1\" content=\"Redacci\u00f3n QP\" \/>\n\t<meta name=\"twitter:label2\" content=\"Tiempo de lectura\" \/>\n\t<meta name=\"twitter:data2\" content=\"5 minutos\" \/>\n<script type=\"application\/ld+json\" class=\"yoast-schema-graph\">{\"@context\":\"https:\\\/\\\/schema.org\",\"@graph\":[{\"@type\":\"Article\",\"@id\":\"https:\\\/\\\/quehacerpolitico.mx\\\/?p=105832#article\",\"isPartOf\":{\"@id\":\"https:\\\/\\\/quehacerpolitico.mx\\\/?p=105832\"},\"author\":{\"name\":\"Redacci\u00f3n QP\",\"@id\":\"https:\\\/\\\/quehacerpolitico.mx\\\/#\\\/schema\\\/person\\\/496d8ad2d1d3f8036101dca7ee39e585\"},\"headline\":\"El Quehacer Pol\u00edtico\\\/\\\/\\\/Jose Alberto Prado Angeles\\\/\\\/\\\/El funcionamiento de las sociedades humanas es posible gracias a la comunicaci\u00f3n\",\"datePublished\":\"2023-10-23T15:51:37+00:00\",\"dateModified\":\"2023-10-23T15:51:40+00:00\",\"mainEntityOfPage\":{\"@id\":\"https:\\\/\\\/quehacerpolitico.mx\\\/?p=105832\"},\"wordCount\":1061,\"commentCount\":0,\"image\":{\"@id\":\"https:\\\/\\\/quehacerpolitico.mx\\\/?p=105832#primaryimage\"},\"thumbnailUrl\":\"https:\\\/\\\/quehacerpolitico.mx\\\/wp-content\\\/uploads\\\/2023\\\/10\\\/511bc7b1-f34b-4418-b917-5120714f846d-3.jpeg\",\"articleSection\":[\"Noticias\"],\"inLanguage\":\"es\",\"potentialAction\":[{\"@type\":\"CommentAction\",\"name\":\"Comment\",\"target\":[\"https:\\\/\\\/quehacerpolitico.mx\\\/?p=105832#respond\"]}]},{\"@type\":\"WebPage\",\"@id\":\"https:\\\/\\\/quehacerpolitico.mx\\\/?p=105832\",\"url\":\"https:\\\/\\\/quehacerpolitico.mx\\\/?p=105832\",\"name\":\"El Quehacer Pol\u00edtico\\\/\\\/\\\/Jose Alberto Prado Angeles\\\/\\\/\\\/El funcionamiento de las sociedades humanas es posible gracias a la comunicaci\u00f3n -\",\"isPartOf\":{\"@id\":\"https:\\\/\\\/quehacerpolitico.mx\\\/#website\"},\"primaryImageOfPage\":{\"@id\":\"https:\\\/\\\/quehacerpolitico.mx\\\/?p=105832#primaryimage\"},\"image\":{\"@id\":\"https:\\\/\\\/quehacerpolitico.mx\\\/?p=105832#primaryimage\"},\"thumbnailUrl\":\"https:\\\/\\\/quehacerpolitico.mx\\\/wp-content\\\/uploads\\\/2023\\\/10\\\/511bc7b1-f34b-4418-b917-5120714f846d-3.jpeg\",\"datePublished\":\"2023-10-23T15:51:37+00:00\",\"dateModified\":\"2023-10-23T15:51:40+00:00\",\"author\":{\"@id\":\"https:\\\/\\\/quehacerpolitico.mx\\\/#\\\/schema\\\/person\\\/496d8ad2d1d3f8036101dca7ee39e585\"},\"breadcrumb\":{\"@id\":\"https:\\\/\\\/quehacerpolitico.mx\\\/?p=105832#breadcrumb\"},\"inLanguage\":\"es\",\"potentialAction\":[{\"@type\":\"ReadAction\",\"target\":[\"https:\\\/\\\/quehacerpolitico.mx\\\/?p=105832\"]}]},{\"@type\":\"ImageObject\",\"inLanguage\":\"es\",\"@id\":\"https:\\\/\\\/quehacerpolitico.mx\\\/?p=105832#primaryimage\",\"url\":\"https:\\\/\\\/quehacerpolitico.mx\\\/wp-content\\\/uploads\\\/2023\\\/10\\\/511bc7b1-f34b-4418-b917-5120714f846d-3.jpeg\",\"contentUrl\":\"https:\\\/\\\/quehacerpolitico.mx\\\/wp-content\\\/uploads\\\/2023\\\/10\\\/511bc7b1-f34b-4418-b917-5120714f846d-3.jpeg\",\"width\":963,\"height\":493},{\"@type\":\"BreadcrumbList\",\"@id\":\"https:\\\/\\\/quehacerpolitico.mx\\\/?p=105832#breadcrumb\",\"itemListElement\":[{\"@type\":\"ListItem\",\"position\":1,\"name\":\"Inicio\",\"item\":\"https:\\\/\\\/quehacerpolitico.mx\\\/\"},{\"@type\":\"ListItem\",\"position\":2,\"name\":\"El Quehacer Pol\u00edtico\\\/\\\/\\\/Jose Alberto Prado Angeles\\\/\\\/\\\/El funcionamiento de las sociedades humanas es posible gracias a la comunicaci\u00f3n\"}]},{\"@type\":\"WebSite\",\"@id\":\"https:\\\/\\\/quehacerpolitico.mx\\\/#website\",\"url\":\"https:\\\/\\\/quehacerpolitico.mx\\\/\",\"name\":\"\",\"description\":\"\",\"potentialAction\":[{\"@type\":\"SearchAction\",\"target\":{\"@type\":\"EntryPoint\",\"urlTemplate\":\"https:\\\/\\\/quehacerpolitico.mx\\\/?s={search_term_string}\"},\"query-input\":{\"@type\":\"PropertyValueSpecification\",\"valueRequired\":true,\"valueName\":\"search_term_string\"}}],\"inLanguage\":\"es\"},{\"@type\":\"Person\",\"@id\":\"https:\\\/\\\/quehacerpolitico.mx\\\/#\\\/schema\\\/person\\\/496d8ad2d1d3f8036101dca7ee39e585\",\"name\":\"Redacci\u00f3n QP\",\"image\":{\"@type\":\"ImageObject\",\"inLanguage\":\"es\",\"@id\":\"https:\\\/\\\/secure.gravatar.com\\\/avatar\\\/c7164ed6fdec453195284ad24a5ae5b6e1eed2b848477fa2a4787ba9adf39a41?s=96&d=mm&r=g\",\"url\":\"https:\\\/\\\/secure.gravatar.com\\\/avatar\\\/c7164ed6fdec453195284ad24a5ae5b6e1eed2b848477fa2a4787ba9adf39a41?s=96&d=mm&r=g\",\"contentUrl\":\"https:\\\/\\\/secure.gravatar.com\\\/avatar\\\/c7164ed6fdec453195284ad24a5ae5b6e1eed2b848477fa2a4787ba9adf39a41?s=96&d=mm&r=g\",\"caption\":\"Redacci\u00f3n QP\"},\"url\":\"https:\\\/\\\/quehacerpolitico.mx\\\/?author=2\"}]}<\/script>\n<!-- \/ Yoast SEO plugin. -->","yoast_head_json":{"title":"El Quehacer Pol\u00edtico\/\/\/Jose Alberto Prado Angeles\/\/\/El funcionamiento de las sociedades humanas es posible gracias a la comunicaci\u00f3n -","robots":{"index":"index","follow":"follow","max-snippet":"max-snippet:-1","max-image-preview":"max-image-preview:large","max-video-preview":"max-video-preview:-1"},"canonical":"https:\/\/quehacerpolitico.mx\/?p=105832","og_locale":"es_MX","og_type":"article","og_title":"El Quehacer Pol\u00edtico\/\/\/Jose Alberto Prado Angeles\/\/\/El funcionamiento de las sociedades humanas es posible gracias a la comunicaci\u00f3n -","og_description":"Por Jos\u00e9 Alberto Prado Angeles Director General y Editor El funcionamiento de las sociedades humanas...","og_url":"https:\/\/quehacerpolitico.mx\/?p=105832","article_published_time":"2023-10-23T15:51:37+00:00","article_modified_time":"2023-10-23T15:51:40+00:00","og_image":[{"width":963,"height":493,"url":"https:\/\/quehacerpolitico.mx\/wp-content\/uploads\/2023\/10\/511bc7b1-f34b-4418-b917-5120714f846d-3.jpeg","type":"image\/jpeg"}],"author":"Redacci\u00f3n QP","twitter_card":"summary_large_image","twitter_misc":{"Escrito por":"Redacci\u00f3n QP","Tiempo de lectura":"5 minutos"},"schema":{"@context":"https:\/\/schema.org","@graph":[{"@type":"Article","@id":"https:\/\/quehacerpolitico.mx\/?p=105832#article","isPartOf":{"@id":"https:\/\/quehacerpolitico.mx\/?p=105832"},"author":{"name":"Redacci\u00f3n QP","@id":"https:\/\/quehacerpolitico.mx\/#\/schema\/person\/496d8ad2d1d3f8036101dca7ee39e585"},"headline":"El Quehacer Pol\u00edtico\/\/\/Jose Alberto Prado Angeles\/\/\/El funcionamiento de las sociedades humanas es posible gracias a la comunicaci\u00f3n","datePublished":"2023-10-23T15:51:37+00:00","dateModified":"2023-10-23T15:51:40+00:00","mainEntityOfPage":{"@id":"https:\/\/quehacerpolitico.mx\/?p=105832"},"wordCount":1061,"commentCount":0,"image":{"@id":"https:\/\/quehacerpolitico.mx\/?p=105832#primaryimage"},"thumbnailUrl":"https:\/\/quehacerpolitico.mx\/wp-content\/uploads\/2023\/10\/511bc7b1-f34b-4418-b917-5120714f846d-3.jpeg","articleSection":["Noticias"],"inLanguage":"es","potentialAction":[{"@type":"CommentAction","name":"Comment","target":["https:\/\/quehacerpolitico.mx\/?p=105832#respond"]}]},{"@type":"WebPage","@id":"https:\/\/quehacerpolitico.mx\/?p=105832","url":"https:\/\/quehacerpolitico.mx\/?p=105832","name":"El Quehacer Pol\u00edtico\/\/\/Jose Alberto Prado Angeles\/\/\/El funcionamiento de las sociedades humanas es posible gracias a la comunicaci\u00f3n -","isPartOf":{"@id":"https:\/\/quehacerpolitico.mx\/#website"},"primaryImageOfPage":{"@id":"https:\/\/quehacerpolitico.mx\/?p=105832#primaryimage"},"image":{"@id":"https:\/\/quehacerpolitico.mx\/?p=105832#primaryimage"},"thumbnailUrl":"https:\/\/quehacerpolitico.mx\/wp-content\/uploads\/2023\/10\/511bc7b1-f34b-4418-b917-5120714f846d-3.jpeg","datePublished":"2023-10-23T15:51:37+00:00","dateModified":"2023-10-23T15:51:40+00:00","author":{"@id":"https:\/\/quehacerpolitico.mx\/#\/schema\/person\/496d8ad2d1d3f8036101dca7ee39e585"},"breadcrumb":{"@id":"https:\/\/quehacerpolitico.mx\/?p=105832#breadcrumb"},"inLanguage":"es","potentialAction":[{"@type":"ReadAction","target":["https:\/\/quehacerpolitico.mx\/?p=105832"]}]},{"@type":"ImageObject","inLanguage":"es","@id":"https:\/\/quehacerpolitico.mx\/?p=105832#primaryimage","url":"https:\/\/quehacerpolitico.mx\/wp-content\/uploads\/2023\/10\/511bc7b1-f34b-4418-b917-5120714f846d-3.jpeg","contentUrl":"https:\/\/quehacerpolitico.mx\/wp-content\/uploads\/2023\/10\/511bc7b1-f34b-4418-b917-5120714f846d-3.jpeg","width":963,"height":493},{"@type":"BreadcrumbList","@id":"https:\/\/quehacerpolitico.mx\/?p=105832#breadcrumb","itemListElement":[{"@type":"ListItem","position":1,"name":"Inicio","item":"https:\/\/quehacerpolitico.mx\/"},{"@type":"ListItem","position":2,"name":"El Quehacer Pol\u00edtico\/\/\/Jose Alberto Prado Angeles\/\/\/El funcionamiento de las sociedades humanas es posible gracias a la comunicaci\u00f3n"}]},{"@type":"WebSite","@id":"https:\/\/quehacerpolitico.mx\/#website","url":"https:\/\/quehacerpolitico.mx\/","name":"","description":"","potentialAction":[{"@type":"SearchAction","target":{"@type":"EntryPoint","urlTemplate":"https:\/\/quehacerpolitico.mx\/?s={search_term_string}"},"query-input":{"@type":"PropertyValueSpecification","valueRequired":true,"valueName":"search_term_string"}}],"inLanguage":"es"},{"@type":"Person","@id":"https:\/\/quehacerpolitico.mx\/#\/schema\/person\/496d8ad2d1d3f8036101dca7ee39e585","name":"Redacci\u00f3n QP","image":{"@type":"ImageObject","inLanguage":"es","@id":"https:\/\/secure.gravatar.com\/avatar\/c7164ed6fdec453195284ad24a5ae5b6e1eed2b848477fa2a4787ba9adf39a41?s=96&d=mm&r=g","url":"https:\/\/secure.gravatar.com\/avatar\/c7164ed6fdec453195284ad24a5ae5b6e1eed2b848477fa2a4787ba9adf39a41?s=96&d=mm&r=g","contentUrl":"https:\/\/secure.gravatar.com\/avatar\/c7164ed6fdec453195284ad24a5ae5b6e1eed2b848477fa2a4787ba9adf39a41?s=96&d=mm&r=g","caption":"Redacci\u00f3n QP"},"url":"https:\/\/quehacerpolitico.mx\/?author=2"}]}},"featured_image_urls":{"full":["https:\/\/quehacerpolitico.mx\/wp-content\/uploads\/2023\/10\/511bc7b1-f34b-4418-b917-5120714f846d-3.jpeg",963,493,false],"thumbnail":["https:\/\/quehacerpolitico.mx\/wp-content\/uploads\/2023\/10\/511bc7b1-f34b-4418-b917-5120714f846d-3-150x150.jpeg",150,150,true],"medium":["https:\/\/quehacerpolitico.mx\/wp-content\/uploads\/2023\/10\/511bc7b1-f34b-4418-b917-5120714f846d-3-300x154.jpeg",300,154,true],"medium_large":["https:\/\/quehacerpolitico.mx\/wp-content\/uploads\/2023\/10\/511bc7b1-f34b-4418-b917-5120714f846d-3-768x393.jpeg",640,328,true],"large":["https:\/\/quehacerpolitico.mx\/wp-content\/uploads\/2023\/10\/511bc7b1-f34b-4418-b917-5120714f846d-3.jpeg",640,328,false],"1536x1536":["https:\/\/quehacerpolitico.mx\/wp-content\/uploads\/2023\/10\/511bc7b1-f34b-4418-b917-5120714f846d-3.jpeg",963,493,false],"2048x2048":["https:\/\/quehacerpolitico.mx\/wp-content\/uploads\/2023\/10\/511bc7b1-f34b-4418-b917-5120714f846d-3.jpeg",963,493,false],"covernews-featured":["https:\/\/quehacerpolitico.mx\/wp-content\/uploads\/2023\/10\/511bc7b1-f34b-4418-b917-5120714f846d-3.jpeg",963,493,false],"covernews-medium":["https:\/\/quehacerpolitico.mx\/wp-content\/uploads\/2023\/10\/511bc7b1-f34b-4418-b917-5120714f846d-3.jpeg",540,276,false]},"author_info":{"display_name":"Redacci\u00f3n QP","author_link":"https:\/\/quehacerpolitico.mx\/?author=2"},"category_info":"<a href=\"https:\/\/quehacerpolitico.mx\/?cat=2\" rel=\"category\">Noticias<\/a>","tag_info":"Noticias","comment_count":"0","_links":{"self":[{"href":"https:\/\/quehacerpolitico.mx\/index.php?rest_route=\/wp\/v2\/posts\/105832","targetHints":{"allow":["GET"]}}],"collection":[{"href":"https:\/\/quehacerpolitico.mx\/index.php?rest_route=\/wp\/v2\/posts"}],"about":[{"href":"https:\/\/quehacerpolitico.mx\/index.php?rest_route=\/wp\/v2\/types\/post"}],"author":[{"embeddable":true,"href":"https:\/\/quehacerpolitico.mx\/index.php?rest_route=\/wp\/v2\/users\/2"}],"replies":[{"embeddable":true,"href":"https:\/\/quehacerpolitico.mx\/index.php?rest_route=%2Fwp%2Fv2%2Fcomments&post=105832"}],"version-history":[{"count":1,"href":"https:\/\/quehacerpolitico.mx\/index.php?rest_route=\/wp\/v2\/posts\/105832\/revisions"}],"predecessor-version":[{"id":105834,"href":"https:\/\/quehacerpolitico.mx\/index.php?rest_route=\/wp\/v2\/posts\/105832\/revisions\/105834"}],"wp:featuredmedia":[{"embeddable":true,"href":"https:\/\/quehacerpolitico.mx\/index.php?rest_route=\/wp\/v2\/media\/105833"}],"wp:attachment":[{"href":"https:\/\/quehacerpolitico.mx\/index.php?rest_route=%2Fwp%2Fv2%2Fmedia&parent=105832"}],"wp:term":[{"taxonomy":"category","embeddable":true,"href":"https:\/\/quehacerpolitico.mx\/index.php?rest_route=%2Fwp%2Fv2%2Fcategories&post=105832"},{"taxonomy":"post_tag","embeddable":true,"href":"https:\/\/quehacerpolitico.mx\/index.php?rest_route=%2Fwp%2Fv2%2Ftags&post=105832"}],"curies":[{"name":"wp","href":"https:\/\/api.w.org\/{rel}","templated":true}]}}