{"id":10579,"date":"2018-11-29T22:46:55","date_gmt":"2018-11-29T22:46:55","guid":{"rendered":"http:\/\/quehacerpolitico.mx\/el-senado-baja-dictamen-y-taibo-ii-se-disculpa-por-haber-utilizado-frase-desafortunada-y-vulgar\/"},"modified":"2018-11-29T22:46:55","modified_gmt":"2018-11-29T22:46:55","slug":"el-senado-baja-dictamen-y-taibo-ii-se-disculpa-por-haber-utilizado-frase-desafortunada-y-vulgar","status":"publish","type":"post","link":"https:\/\/quehacerpolitico.mx\/?p=10579","title":{"rendered":"El Senado baja dictamen y Taibo II se disculpa \u201cpor haber utilizado frase desafortunada y vulgar\u201d"},"content":{"rendered":"<h1>El Senado baja dictamen y Taibo II se disculpa \u201cpor haber utilizado frase desafortunada y vulgar\u201d<\/h1>\n<p>Por Redacci\u00f3n QP<\/p>\n<p>El <strong>Senado<\/strong> <strong>retir\u00f3<\/strong> el <strong>dictamen<\/strong>con el que se buscaba que <strong>Paco Ignacio Taibo II<\/strong> pudiera asumir la direcci\u00f3n general del <strong>Fondo de Cultura Econ\u00f3mica (FCE)<\/strong>. Esto debido a los comentarios que el escritor hizo ayer donde asegur\u00f3 que ocupar\u00eda el cargo a\u00fan si el Congreso no aprobaba la reforma necesaria y expres\u00f3: \u201cSea como sea se las metimos doblada, camarada\u201d. Luego de que se anunciara la decisi\u00f3n de la C\u00e1mara Alta, Taibo II ofreci\u00f3 una disculpa por la \u201cfrase desafortunada y vulgar\u201d.<\/p>\n<p>\u201cLamento profundamente haber utilizado una frase desafortunada y vulgar y odiar\u00eda que se interpretara como una agresi\u00f3n a las causas feministas o de la comunidad gay, a las que he apoyado decididamente durante toda mi vida y con las que estoy claramente comprometido\u201d, escribi\u00f3 este jueves el escritor en Twitter.<\/p>\n<blockquote class=\"twitter-tweet\" data-width=\"550\" data-dnt=\"true\">\n<p lang=\"es\" dir=\"ltr\">Lamento profundamente haber utilizado una frase desafortunada y vulgar y   odiar\u00eda que se interpretara como una agresi\u00f3n a las causas feministas o de la comunidad gay, a las que  he apoyado decididamente durante toda  mi vida y con las que estoy claramente comprometido.<\/p>\n<p>&mdash; Paco Taibo2\ud83d\udcdd (@Taibo2) <a href=\"https:\/\/twitter.com\/Taibo2\/status\/1068209862981513216?ref_src=twsrc%5Etfw\">November 29, 2018<\/a><\/p><\/blockquote>\n<p><script async src=\"https:\/\/platform.twitter.com\/widgets.js\" charset=\"utf-8\"><\/script><\/p>\n<p>La C\u00e1mara Alta decidi\u00f3 no abordar el dictamen en la sesi\u00f3n de hoy; y el partido Movimiento de Regeneraci\u00f3n Nacional (Morena) llam\u00f3 a Taibo II a que se disculpe por sus declaraciones.<\/p>\n<blockquote>\n<p>\u201cHemos decido retirar este dictamen\u201d, inform\u00f3 la Senadora Mal\u00fa M\u00edcher, de Morena, quien encabeza la Comisi\u00f3n de Igualdad de G\u00e9nero.<\/p>\n<\/blockquote>\n<p>A trav\u00e9s de su cuenta de Twitter, la legisladora tambi\u00e9n conmin\u00f3 al escritor a disculparse.<\/p>\n<blockquote>\n<p>\u201cLos aportes de Taibo a la cultura, historia y fomento a la lectura en M\u00e9xico son muy valiosos; sin embargo, resultan inaceptables y absolutamente reprobables sus declaraciones, sin duda deber\u00e1 disculparse y reconsiderar sus dichos\u201d, escribi\u00f3 M\u00edcher.<\/p>\n<\/blockquote>\n<p>Desde la Feria Internacional del Libro de Guadalajara, Taibo II\u00a0asegur\u00f3 que si para el lunes el Congreso no aprobaba la reforma necesaria para su nombramiento, el Presidente electo lo nombrar\u00eda encargado de despacho \u201cen lo que sale la Ley\u201d y agreg\u00f3 la frase.<\/p>\n<p><iframe loading=\"lazy\" title=\"\u201cSea como sea, se la metimos doblada\u201d: Taibo II sobre su nombramiento para el FCE\" width=\"640\" height=\"360\" src=\"https:\/\/www.youtube.com\/embed\/Rm9FVUnBr40?feature=oembed\" frameborder=\"0\" allow=\"accelerometer; autoplay; clipboard-write; encrypted-media; gyroscope; picture-in-picture; web-share\" referrerpolicy=\"strict-origin-when-cross-origin\" allowfullscreen><\/iframe><\/p>\n<p>La pol\u00e9mica por su posible nombramiento ante el FCE se dio debido a que uno de los requisitos para ocupar el cargo ante el FCE es \u201cciudadano mexicano de nacimiento que no adquiera otra nacionalidad y estar en pleno goce y ejercicio de sus derechos civiles y pol\u00edticos\u201d, de acuerdo con el art\u00edculo 21 de la Ley Federal de las Entidades Paraestatales.<\/p>\n<p>Por ello, se impuls\u00f3 una reforma a la ley eliminar\u00eda esta condici\u00f3n.<\/p>\n<p>Las comisiones unidas de Igualdad de G\u00e9nero y de Estudios Legislativos del Senado de la Rep\u00fablica ya hab\u00edan aprobado, en una votaci\u00f3n dividida, la modificaci\u00f3n al art\u00edculo.<\/p>\n<p>Se trat\u00f3 de la llamada \u201cLey Taibo\u201c, la cual permitir\u00eda al escritor Paco Ignacio Taibo II nacido en Gij\u00f3n, Espa\u00f1a, dirigir el FCE.<\/p>\n<p>La modificaci\u00f3n cont\u00f3 con los votos a favor de Morena y el Partido del Trabajo (PT), quienes argumentaron que esta condici\u00f3n es discriminatoria; mientras que las bancadas del Partido Revolucionario Institucional (PRI) y Acci\u00f3n Nacional (PAN) se manifestaron en contra, pues argumentaron que la medida tiene la \u00fanica intenci\u00f3n de favorecer a Taibo II.<\/p>\n<p>Los panistas reclamaron a la bancada de Morena de actuar por una ley a modo, y se\u00f1alaron que la llegada de Taibo II al FCE podr\u00eda ser peligrosa debido a las ideas que ha manifestado en fechas recientes.<\/p>\n<p>Se preve\u00eda que este jueves el Pleno del Senado discutiera el dictamen, sin embargo fue retirado.<\/p>\n","protected":false},"excerpt":{"rendered":"<p>El Senado baja dictamen y Taibo II se disculpa \u201cpor haber utilizado frase desafortunada y vulgar\u201d<br \/>\nPor Redacci\u00f3n QP<\/p>\n","protected":false},"author":2,"featured_media":10578,"comment_status":"open","ping_status":"open","sticky":false,"template":"","format":"standard","meta":{"_monsterinsights_skip_tracking":false,"_monsterinsights_sitenote_active":false,"_monsterinsights_sitenote_note":"","_monsterinsights_sitenote_category":0,"footnotes":""},"categories":[58],"tags":[],"class_list":["post-10579","post","type-post","status-publish","format-standard","has-post-thumbnail","hentry","category-cultura"],"yoast_head":"<!-- This site is optimized with the Yoast SEO plugin v27.3 - https:\/\/yoast.com\/product\/yoast-seo-wordpress\/ -->\n<title>El Senado baja dictamen y Taibo II se disculpa \u201cpor haber utilizado frase desafortunada y vulgar\u201d -<\/title>\n<meta name=\"robots\" content=\"index, follow, max-snippet:-1, max-image-preview:large, max-video-preview:-1\" \/>\n<link rel=\"canonical\" href=\"https:\/\/quehacerpolitico.mx\/?p=10579\" \/>\n<meta property=\"og:locale\" content=\"es_MX\" \/>\n<meta property=\"og:type\" content=\"article\" \/>\n<meta property=\"og:title\" content=\"El Senado baja dictamen y Taibo II se disculpa \u201cpor haber utilizado frase desafortunada y vulgar\u201d -\" \/>\n<meta property=\"og:description\" content=\"El Senado baja dictamen y Taibo II se disculpa \u201cpor haber utilizado frase desafortunada y vulgar\u201d Por Redacci\u00f3n QP\" \/>\n<meta property=\"og:url\" content=\"https:\/\/quehacerpolitico.mx\/?p=10579\" \/>\n<meta property=\"article:published_time\" content=\"2018-11-29T22:46:55+00:00\" \/>\n<meta name=\"author\" content=\"Redacci\u00f3n QP\" \/>\n<meta name=\"twitter:card\" content=\"summary_large_image\" \/>\n<meta name=\"twitter:label1\" content=\"Escrito por\" \/>\n\t<meta name=\"twitter:data1\" content=\"Redacci\u00f3n QP\" \/>\n\t<meta name=\"twitter:label2\" content=\"Tiempo de lectura\" \/>\n\t<meta name=\"twitter:data2\" content=\"3 minutos\" \/>\n<script type=\"application\/ld+json\" class=\"yoast-schema-graph\">{\"@context\":\"https:\\\/\\\/schema.org\",\"@graph\":[{\"@type\":\"Article\",\"@id\":\"https:\\\/\\\/quehacerpolitico.mx\\\/?p=10579#article\",\"isPartOf\":{\"@id\":\"https:\\\/\\\/quehacerpolitico.mx\\\/?p=10579\"},\"author\":{\"name\":\"Redacci\u00f3n QP\",\"@id\":\"https:\\\/\\\/quehacerpolitico.mx\\\/#\\\/schema\\\/person\\\/496d8ad2d1d3f8036101dca7ee39e585\"},\"headline\":\"El Senado baja dictamen y Taibo II se disculpa \u201cpor haber utilizado frase desafortunada y vulgar\u201d\",\"datePublished\":\"2018-11-29T22:46:55+00:00\",\"mainEntityOfPage\":{\"@id\":\"https:\\\/\\\/quehacerpolitico.mx\\\/?p=10579\"},\"wordCount\":598,\"commentCount\":0,\"image\":{\"@id\":\"https:\\\/\\\/quehacerpolitico.mx\\\/?p=10579#primaryimage\"},\"thumbnailUrl\":\"\",\"articleSection\":[\"Cultura y Entretenimiento\"],\"inLanguage\":\"es\",\"potentialAction\":[{\"@type\":\"CommentAction\",\"name\":\"Comment\",\"target\":[\"https:\\\/\\\/quehacerpolitico.mx\\\/?p=10579#respond\"]}]},{\"@type\":\"WebPage\",\"@id\":\"https:\\\/\\\/quehacerpolitico.mx\\\/?p=10579\",\"url\":\"https:\\\/\\\/quehacerpolitico.mx\\\/?p=10579\",\"name\":\"El Senado baja dictamen y Taibo II se disculpa \u201cpor haber utilizado frase desafortunada y vulgar\u201d -\",\"isPartOf\":{\"@id\":\"https:\\\/\\\/quehacerpolitico.mx\\\/#website\"},\"primaryImageOfPage\":{\"@id\":\"https:\\\/\\\/quehacerpolitico.mx\\\/?p=10579#primaryimage\"},\"image\":{\"@id\":\"https:\\\/\\\/quehacerpolitico.mx\\\/?p=10579#primaryimage\"},\"thumbnailUrl\":\"\",\"datePublished\":\"2018-11-29T22:46:55+00:00\",\"author\":{\"@id\":\"https:\\\/\\\/quehacerpolitico.mx\\\/#\\\/schema\\\/person\\\/496d8ad2d1d3f8036101dca7ee39e585\"},\"breadcrumb\":{\"@id\":\"https:\\\/\\\/quehacerpolitico.mx\\\/?p=10579#breadcrumb\"},\"inLanguage\":\"es\",\"potentialAction\":[{\"@type\":\"ReadAction\",\"target\":[\"https:\\\/\\\/quehacerpolitico.mx\\\/?p=10579\"]}]},{\"@type\":\"ImageObject\",\"inLanguage\":\"es\",\"@id\":\"https:\\\/\\\/quehacerpolitico.mx\\\/?p=10579#primaryimage\",\"url\":\"\",\"contentUrl\":\"\"},{\"@type\":\"BreadcrumbList\",\"@id\":\"https:\\\/\\\/quehacerpolitico.mx\\\/?p=10579#breadcrumb\",\"itemListElement\":[{\"@type\":\"ListItem\",\"position\":1,\"name\":\"Inicio\",\"item\":\"https:\\\/\\\/quehacerpolitico.mx\\\/\"},{\"@type\":\"ListItem\",\"position\":2,\"name\":\"El Senado baja dictamen y Taibo II se disculpa \u201cpor haber utilizado frase desafortunada y vulgar\u201d\"}]},{\"@type\":\"WebSite\",\"@id\":\"https:\\\/\\\/quehacerpolitico.mx\\\/#website\",\"url\":\"https:\\\/\\\/quehacerpolitico.mx\\\/\",\"name\":\"\",\"description\":\"\",\"potentialAction\":[{\"@type\":\"SearchAction\",\"target\":{\"@type\":\"EntryPoint\",\"urlTemplate\":\"https:\\\/\\\/quehacerpolitico.mx\\\/?s={search_term_string}\"},\"query-input\":{\"@type\":\"PropertyValueSpecification\",\"valueRequired\":true,\"valueName\":\"search_term_string\"}}],\"inLanguage\":\"es\"},{\"@type\":\"Person\",\"@id\":\"https:\\\/\\\/quehacerpolitico.mx\\\/#\\\/schema\\\/person\\\/496d8ad2d1d3f8036101dca7ee39e585\",\"name\":\"Redacci\u00f3n QP\",\"image\":{\"@type\":\"ImageObject\",\"inLanguage\":\"es\",\"@id\":\"https:\\\/\\\/secure.gravatar.com\\\/avatar\\\/c7164ed6fdec453195284ad24a5ae5b6e1eed2b848477fa2a4787ba9adf39a41?s=96&d=mm&r=g\",\"url\":\"https:\\\/\\\/secure.gravatar.com\\\/avatar\\\/c7164ed6fdec453195284ad24a5ae5b6e1eed2b848477fa2a4787ba9adf39a41?s=96&d=mm&r=g\",\"contentUrl\":\"https:\\\/\\\/secure.gravatar.com\\\/avatar\\\/c7164ed6fdec453195284ad24a5ae5b6e1eed2b848477fa2a4787ba9adf39a41?s=96&d=mm&r=g\",\"caption\":\"Redacci\u00f3n QP\"},\"url\":\"https:\\\/\\\/quehacerpolitico.mx\\\/?author=2\"}]}<\/script>\n<!-- \/ Yoast SEO plugin. -->","yoast_head_json":{"title":"El Senado baja dictamen y Taibo II se disculpa \u201cpor haber utilizado frase desafortunada y vulgar\u201d -","robots":{"index":"index","follow":"follow","max-snippet":"max-snippet:-1","max-image-preview":"max-image-preview:large","max-video-preview":"max-video-preview:-1"},"canonical":"https:\/\/quehacerpolitico.mx\/?p=10579","og_locale":"es_MX","og_type":"article","og_title":"El Senado baja dictamen y Taibo II se disculpa \u201cpor haber utilizado frase desafortunada y vulgar\u201d -","og_description":"El Senado baja dictamen y Taibo II se disculpa \u201cpor haber utilizado frase desafortunada y vulgar\u201d Por Redacci\u00f3n QP","og_url":"https:\/\/quehacerpolitico.mx\/?p=10579","article_published_time":"2018-11-29T22:46:55+00:00","author":"Redacci\u00f3n QP","twitter_card":"summary_large_image","twitter_misc":{"Escrito por":"Redacci\u00f3n QP","Tiempo de lectura":"3 minutos"},"schema":{"@context":"https:\/\/schema.org","@graph":[{"@type":"Article","@id":"https:\/\/quehacerpolitico.mx\/?p=10579#article","isPartOf":{"@id":"https:\/\/quehacerpolitico.mx\/?p=10579"},"author":{"name":"Redacci\u00f3n QP","@id":"https:\/\/quehacerpolitico.mx\/#\/schema\/person\/496d8ad2d1d3f8036101dca7ee39e585"},"headline":"El Senado baja dictamen y Taibo II se disculpa \u201cpor haber utilizado frase desafortunada y vulgar\u201d","datePublished":"2018-11-29T22:46:55+00:00","mainEntityOfPage":{"@id":"https:\/\/quehacerpolitico.mx\/?p=10579"},"wordCount":598,"commentCount":0,"image":{"@id":"https:\/\/quehacerpolitico.mx\/?p=10579#primaryimage"},"thumbnailUrl":"","articleSection":["Cultura y Entretenimiento"],"inLanguage":"es","potentialAction":[{"@type":"CommentAction","name":"Comment","target":["https:\/\/quehacerpolitico.mx\/?p=10579#respond"]}]},{"@type":"WebPage","@id":"https:\/\/quehacerpolitico.mx\/?p=10579","url":"https:\/\/quehacerpolitico.mx\/?p=10579","name":"El Senado baja dictamen y Taibo II se disculpa \u201cpor haber utilizado frase desafortunada y vulgar\u201d -","isPartOf":{"@id":"https:\/\/quehacerpolitico.mx\/#website"},"primaryImageOfPage":{"@id":"https:\/\/quehacerpolitico.mx\/?p=10579#primaryimage"},"image":{"@id":"https:\/\/quehacerpolitico.mx\/?p=10579#primaryimage"},"thumbnailUrl":"","datePublished":"2018-11-29T22:46:55+00:00","author":{"@id":"https:\/\/quehacerpolitico.mx\/#\/schema\/person\/496d8ad2d1d3f8036101dca7ee39e585"},"breadcrumb":{"@id":"https:\/\/quehacerpolitico.mx\/?p=10579#breadcrumb"},"inLanguage":"es","potentialAction":[{"@type":"ReadAction","target":["https:\/\/quehacerpolitico.mx\/?p=10579"]}]},{"@type":"ImageObject","inLanguage":"es","@id":"https:\/\/quehacerpolitico.mx\/?p=10579#primaryimage","url":"","contentUrl":""},{"@type":"BreadcrumbList","@id":"https:\/\/quehacerpolitico.mx\/?p=10579#breadcrumb","itemListElement":[{"@type":"ListItem","position":1,"name":"Inicio","item":"https:\/\/quehacerpolitico.mx\/"},{"@type":"ListItem","position":2,"name":"El Senado baja dictamen y Taibo II se disculpa \u201cpor haber utilizado frase desafortunada y vulgar\u201d"}]},{"@type":"WebSite","@id":"https:\/\/quehacerpolitico.mx\/#website","url":"https:\/\/quehacerpolitico.mx\/","name":"","description":"","potentialAction":[{"@type":"SearchAction","target":{"@type":"EntryPoint","urlTemplate":"https:\/\/quehacerpolitico.mx\/?s={search_term_string}"},"query-input":{"@type":"PropertyValueSpecification","valueRequired":true,"valueName":"search_term_string"}}],"inLanguage":"es"},{"@type":"Person","@id":"https:\/\/quehacerpolitico.mx\/#\/schema\/person\/496d8ad2d1d3f8036101dca7ee39e585","name":"Redacci\u00f3n QP","image":{"@type":"ImageObject","inLanguage":"es","@id":"https:\/\/secure.gravatar.com\/avatar\/c7164ed6fdec453195284ad24a5ae5b6e1eed2b848477fa2a4787ba9adf39a41?s=96&d=mm&r=g","url":"https:\/\/secure.gravatar.com\/avatar\/c7164ed6fdec453195284ad24a5ae5b6e1eed2b848477fa2a4787ba9adf39a41?s=96&d=mm&r=g","contentUrl":"https:\/\/secure.gravatar.com\/avatar\/c7164ed6fdec453195284ad24a5ae5b6e1eed2b848477fa2a4787ba9adf39a41?s=96&d=mm&r=g","caption":"Redacci\u00f3n QP"},"url":"https:\/\/quehacerpolitico.mx\/?author=2"}]}},"featured_image_urls":{"full":"","thumbnail":"","medium":"","medium_large":"","large":"","1536x1536":"","2048x2048":"","covernews-featured":"","covernews-medium":""},"author_info":{"display_name":"Redacci\u00f3n QP","author_link":"https:\/\/quehacerpolitico.mx\/?author=2"},"category_info":"<a href=\"https:\/\/quehacerpolitico.mx\/?cat=58\" rel=\"category\">Cultura y Entretenimiento<\/a>","tag_info":"Cultura y Entretenimiento","comment_count":"0","_links":{"self":[{"href":"https:\/\/quehacerpolitico.mx\/index.php?rest_route=\/wp\/v2\/posts\/10579","targetHints":{"allow":["GET"]}}],"collection":[{"href":"https:\/\/quehacerpolitico.mx\/index.php?rest_route=\/wp\/v2\/posts"}],"about":[{"href":"https:\/\/quehacerpolitico.mx\/index.php?rest_route=\/wp\/v2\/types\/post"}],"author":[{"embeddable":true,"href":"https:\/\/quehacerpolitico.mx\/index.php?rest_route=\/wp\/v2\/users\/2"}],"replies":[{"embeddable":true,"href":"https:\/\/quehacerpolitico.mx\/index.php?rest_route=%2Fwp%2Fv2%2Fcomments&post=10579"}],"version-history":[{"count":0,"href":"https:\/\/quehacerpolitico.mx\/index.php?rest_route=\/wp\/v2\/posts\/10579\/revisions"}],"wp:featuredmedia":[{"embeddable":true,"href":"https:\/\/quehacerpolitico.mx\/index.php?rest_route=\/"}],"wp:attachment":[{"href":"https:\/\/quehacerpolitico.mx\/index.php?rest_route=%2Fwp%2Fv2%2Fmedia&parent=10579"}],"wp:term":[{"taxonomy":"category","embeddable":true,"href":"https:\/\/quehacerpolitico.mx\/index.php?rest_route=%2Fwp%2Fv2%2Fcategories&post=10579"},{"taxonomy":"post_tag","embeddable":true,"href":"https:\/\/quehacerpolitico.mx\/index.php?rest_route=%2Fwp%2Fv2%2Ftags&post=10579"}],"curies":[{"name":"wp","href":"https:\/\/api.w.org\/{rel}","templated":true}]}}