{"id":105769,"date":"2023-10-18T23:09:22","date_gmt":"2023-10-18T23:09:22","guid":{"rendered":"https:\/\/quehacerpolitico.mx\/?p=105769"},"modified":"2023-10-18T23:09:25","modified_gmt":"2023-10-18T23:09:25","slug":"descubre-la-zona-mas-exclusiva-de-la-cdmx","status":"publish","type":"post","link":"https:\/\/quehacerpolitico.mx\/?p=105769","title":{"rendered":"Descubre la zona m\u00e1s exclusiva de la CDMX"},"content":{"rendered":"\n<p>Por Redacci\u00f3n NotiExpress | La Revista del Sector Inmobiliario<\/p>\n\n\n\n<p><em>\u00bfVas a vivir en Santa Fe? Hay unas cosas que debes saber antes<\/em><\/p>\n\n\n\n<p>Por conocimiento emp\u00edrico, algunas de las personas que llegan a Ciudad de M\u00e9xico saben que hay dos principales razones para&nbsp;<strong>vivir en Santa Fe<\/strong>&nbsp;si no eres originario de la zona: trabajo o estudio. Tambi\u00e9n podemos tomar en cuenta el nivel de vida, los edificios, calles y negocios exclusivos que puedes encontrar ah\u00ed. Porque, como bien mencionan algunos, Santa Fe es una ciudad dentro de la ciudad.&nbsp;<\/p>\n\n\n\n<p>Si buscas departamento en la Ciudad de Mexico y te interesa Santa Fe, o s\u00f3lo quieres conocer un poco m\u00e1s de la zona, en\u00a0NotiExpress | La Revista del Sector Inmobiliario, te contamos las principales cosas que necesitas saber antes de mudarte aqu\u00ed.<\/p>\n\n\n\n<figure class=\"wp-block-image size-full\"><img loading=\"lazy\" decoding=\"async\" width=\"739\" height=\"415\" src=\"https:\/\/quehacerpolitico.mx\/wp-content\/uploads\/2023\/10\/image-50.jpeg\" alt=\"\" class=\"wp-image-105775\" srcset=\"https:\/\/quehacerpolitico.mx\/wp-content\/uploads\/2023\/10\/image-50.jpeg 739w, https:\/\/quehacerpolitico.mx\/wp-content\/uploads\/2023\/10\/image-50-300x168.jpeg 300w, https:\/\/quehacerpolitico.mx\/wp-content\/uploads\/2023\/10\/image-50-260x146.jpeg 260w, https:\/\/quehacerpolitico.mx\/wp-content\/uploads\/2023\/10\/image-50-50x28.jpeg 50w, https:\/\/quehacerpolitico.mx\/wp-content\/uploads\/2023\/10\/image-50-134x75.jpeg 134w\" sizes=\"auto, (max-width: 739px) 100vw, 739px\" \/><\/figure>\n\n\n\n<h2 class=\"wp-block-heading\"><strong>Los contrastes de Santa Fe&nbsp;<\/strong><\/h2>\n\n\n\n<p>Esta zona en el poniente de la ciudad tiene relativamente poco de ser ese sitio exclusivo y de negocios que conocemos, si tomamos en cuenta la historia de la ciudad. Los edificios residenciales de lujo, los corporativos y las grandes universidades no llegaron a esta zona sino hasta finales del siglo XX. Antes de esto, pasaron muchas cosas: hab\u00edan minas, un pueblo-hospital, mucha migraci\u00f3n de personas de otros estados del pa\u00eds e incluso, un basurero.<\/p>\n\n\n\n<figure class=\"wp-block-image size-full\"><img loading=\"lazy\" decoding=\"async\" width=\"678\" height=\"452\" src=\"https:\/\/quehacerpolitico.mx\/wp-content\/uploads\/2023\/10\/image-49.jpeg\" alt=\"\" class=\"wp-image-105774\" srcset=\"https:\/\/quehacerpolitico.mx\/wp-content\/uploads\/2023\/10\/image-49.jpeg 678w, https:\/\/quehacerpolitico.mx\/wp-content\/uploads\/2023\/10\/image-49-300x200.jpeg 300w, https:\/\/quehacerpolitico.mx\/wp-content\/uploads\/2023\/10\/image-49-219x146.jpeg 219w, https:\/\/quehacerpolitico.mx\/wp-content\/uploads\/2023\/10\/image-49-50x33.jpeg 50w, https:\/\/quehacerpolitico.mx\/wp-content\/uploads\/2023\/10\/image-49-113x75.jpeg 113w\" sizes=\"auto, (max-width: 678px) 100vw, 678px\" \/><\/figure>\n\n\n\n<p>Fue hasta los a\u00f1os ochenta que se empiezan a construir\u00a0<strong>viviendas de alto nivel\u00a0<\/strong>en lo que luego ser\u00eda Lomas de Santa Fe y otros fraccionamientos con alto estatus. Fue tambi\u00e9n en esa d\u00e9cada que la Universidad Iberoamericana se instal\u00f3 en esa zona de la ciudad. En los noventa continu\u00f3 el\u00a0<strong>desarrollo de la zona<\/strong>\u00a0y desde entonces ha crecido apresuradamente, a la par de una ciudad que se extendi\u00f3. Y si bien puede tener viviendas de mucho valor, contrasta con otras mucho m\u00e1s sencillas.<\/p>\n\n\n\n<h2 class=\"wp-block-heading\"><strong>Tenemos que hablar de las distancias&nbsp;<\/strong><\/h2>\n\n\n\n<p>Por otro lado, la\u00a0<strong>presencia de grandes empresas<\/strong>\u00a0hace que todos los d\u00edas miles de personas se trasladen a trabajar a la zona desde todos los puntos de la ciudad (desde 2020 esto ha bajado un poco debido a que algunas a\u00fan trabajan de forma h\u00edbrida por las medidas que se tomaron en la pandemia). Si es tu caso y buscas\u00a0departamento en renta en considera que est\u00e1 alejado de otros sitios importantes de la ciudad. Santa Fe est\u00e1 ubicada entre las Alcald\u00edas \u00c1lvaro Obreg\u00f3n y Cuajimalpa, por lo que no es posible llegar a trav\u00e9s del Metro o Metrob\u00fas.\u00a0 Para llegar existen otras opciones como microbuses, camiones o taxis.<\/p>\n\n\n\n<p>Sin embargo, la forma m\u00e1s sencilla de trasladarse a Santa Fe es en autom\u00f3vil ya que est\u00e1 conectada a la ciudad por la avenida Constituyentes, el Camino Real a Toluca y la Superv\u00eda<\/p>\n\n\n\n<figure class=\"wp-block-image\"><a href=\"https:\/\/www.lamudi.com.mx\/journal\/wp-content\/\/uploads\/2023\/07\/Mexico_Dic_06_209.jpg\" data-src=\"https:\/\/www.lamudi.com.mx\/journal\/wp-content\/\/uploads\/2023\/07\/Mexico_Dic_06_209.jpg\" data-thumb=\"https:\/\/www.lamudi.com.mx\/journal\/wp-content\/\/uploads\/2023\/07\/Mexico_Dic_06_209-1024x768.jpg\" class=\"ml-lightbox-enabled\"><img decoding=\"async\" src=\"https:\/\/www.lamudi.com.mx\/journal\/wp-content\/\/uploads\/2023\/07\/Mexico_Dic_06_209-1024x768.jpg\" alt=\"\" class=\"wp-image-24965\"\/><\/a><\/figure>\n\n\n\n<h2 class=\"wp-block-heading\"><strong>Santa Fe como zona de negocios<\/strong><\/h2>\n\n\n\n<p>Desde<strong>&nbsp;<\/strong>que comenz\u00f3 a expandirse en los 80, se visualiz\u00f3 como un gran&nbsp;<strong>corredor empresarial<\/strong>. As\u00ed, varios corporativos de bancos, empresas de alimentos y de la industria automotriz quedaron en esta zona.&nbsp;<\/p>\n\n\n\n<h2 class=\"wp-block-heading\"><strong>Viviendas exclusivas&nbsp;<\/strong><\/h2>\n\n\n\n<p>Tal como la construcci\u00f3n de edificios de negocios creci\u00f3 con los a\u00f1os, tambi\u00e9n aumentaron los proyectos de&nbsp;<strong>desarrollos habitacionales<\/strong>, con importantes colonias como &nbsp;Bosques Santa Fe, Cumbres de Santa Fe, Lomas de Santa Fe y Paseo de la Lomas.&nbsp;<\/p>\n\n\n\n<p>Hay diferentes tipos de viviendas para elegir, dependiendo del espacio que requieras, de las amenidades que te parezcan m\u00e1s atractivas o de la seguridad en cada una. Puedes escoger entre torres departamentales con gimnasio, spa, varios lugares de estacionamiento y m\u00e1s.<\/p>\n\n\n\n<figure class=\"wp-block-image size-full\"><img loading=\"lazy\" decoding=\"async\" width=\"803\" height=\"382\" src=\"https:\/\/quehacerpolitico.mx\/wp-content\/uploads\/2023\/10\/image-48.jpeg\" alt=\"\" class=\"wp-image-105773\" srcset=\"https:\/\/quehacerpolitico.mx\/wp-content\/uploads\/2023\/10\/image-48.jpeg 803w, https:\/\/quehacerpolitico.mx\/wp-content\/uploads\/2023\/10\/image-48-300x143.jpeg 300w, https:\/\/quehacerpolitico.mx\/wp-content\/uploads\/2023\/10\/image-48-768x365.jpeg 768w, https:\/\/quehacerpolitico.mx\/wp-content\/uploads\/2023\/10\/image-48-260x124.jpeg 260w, https:\/\/quehacerpolitico.mx\/wp-content\/uploads\/2023\/10\/image-48-50x24.jpeg 50w, https:\/\/quehacerpolitico.mx\/wp-content\/uploads\/2023\/10\/image-48-150x71.jpeg 150w\" sizes=\"auto, (max-width: 803px) 100vw, 803px\" \/><\/figure>\n\n\n\n<h2 class=\"wp-block-heading\"><strong>A resaltar&nbsp;<\/strong><\/h2>\n\n\n\n<p>Pero Santa Fe no es s\u00f3lo negocios y vivienda, tambi\u00e9n tiene sitios de esparcimiento reconocidos: varios centros comerciales como el&nbsp;<strong>Centro Comercial Santa Fe<\/strong>&nbsp;(entre los m\u00e1s grandes de Latinoam\u00e9rica) y&nbsp;<strong>Garden Santa Fe<\/strong>, un espacio que se autodenomina como sustentable.&nbsp;<\/p>\n\n\n\n<p>Ah\u00ed tambi\u00e9n se encuentra el&nbsp;<strong>Parque la Mexicana,<\/strong>&nbsp;que tiene 28 hect\u00e1reas y se considera el espacio ideal para realizar actividades al aire libre.&nbsp;<\/p>\n\n\n\n<p>Y, como ya mencionamos, la<strong>&nbsp;Ibero<\/strong>&nbsp;y el&nbsp;<strong>Instituto Tecnol\u00f3gico de Monterrey<\/strong>, de las escuelas privadas m\u00e1s importantes del pa\u00eds, est\u00e1n en esa zona.&nbsp;<\/p>\n\n\n\n<figure class=\"wp-block-image\"><a href=\"https:\/\/www.lamudi.com.mx\/journal\/wp-content\/\/uploads\/2023\/07\/CampusSantaFe021-scaled.jpg\" data-src=\"https:\/\/www.lamudi.com.mx\/journal\/wp-content\/\/uploads\/2023\/07\/CampusSantaFe021-scaled.jpg\" data-thumb=\"https:\/\/www.lamudi.com.mx\/journal\/wp-content\/\/uploads\/2023\/07\/CampusSantaFe021-1024x685.jpg\" class=\"ml-lightbox-enabled\"><img decoding=\"async\" src=\"https:\/\/www.lamudi.com.mx\/journal\/wp-content\/\/uploads\/2023\/07\/CampusSantaFe021-1024x685.jpg\" alt=\"\" class=\"wp-image-24966\"\/><\/a><\/figure>\n\n\n\n<p><strong>\u00a0<\/strong>NotiExpress | La Revista del Sector Inmobiliario, tiene la opci\u00f3n perfecta para ti en una de las\u00a0<strong>zonas m\u00e1s exclusivas de la Ciudad de M\u00e9xico<\/strong>. Ya sea que te interese un\u00a0departamento en venta en Cuajimalpa o en la zona de<strong>\u00c1lvaro Obreg\u00f3n<\/strong>.<\/p>\n\n\n\n<p>No se te olvide que?<\/p>\n\n\n\n<p>En\u00a0NotiExpress | La Revista del Sector Inmobiliario nos ocupamos en la difusi\u00f3n de la industria inmobiliaria generamos contenidos que te ayudar\u00e1n a mantenerte a la vanguardia en tecnolog\u00eda y en tendencias del sector inmobiliario para que puedas ofrecer el mejor servicio y generar m\u00e1s clientes.<\/p>\n\n\n\n<p>\u00c9chale una miradita a nuestra revista mensual donde encontrar\u00e1s la informaci\u00f3n precisa y oportuna con todo lo relacionado al sector inmobiliario aqu\u00ed ?\u00a0<a href=\"https:\/\/issuu.com\/notiexpressmx\/docs\/notiexpress_07\">https:\/\/issuu.com\/notiexpressmx\/docs\/notiexpress_07\u00a0<\/a>\u00a0NotiExpress | La Revista del Sector Inmobiliario<\/p>\n\n\n\n<figure class=\"wp-block-image size-large\"><img loading=\"lazy\" decoding=\"async\" width=\"1024\" height=\"378\" src=\"https:\/\/quehacerpolitico.mx\/wp-content\/uploads\/2023\/10\/image-46-1024x378.jpeg\" alt=\"\" class=\"wp-image-105770\" srcset=\"https:\/\/quehacerpolitico.mx\/wp-content\/uploads\/2023\/10\/image-46-1024x378.jpeg 1024w, https:\/\/quehacerpolitico.mx\/wp-content\/uploads\/2023\/10\/image-46-300x111.jpeg 300w, https:\/\/quehacerpolitico.mx\/wp-content\/uploads\/2023\/10\/image-46-768x284.jpeg 768w, https:\/\/quehacerpolitico.mx\/wp-content\/uploads\/2023\/10\/image-46-260x96.jpeg 260w, https:\/\/quehacerpolitico.mx\/wp-content\/uploads\/2023\/10\/image-46-50x18.jpeg 50w, https:\/\/quehacerpolitico.mx\/wp-content\/uploads\/2023\/10\/image-46-150x55.jpeg 150w, https:\/\/quehacerpolitico.mx\/wp-content\/uploads\/2023\/10\/image-46.jpeg 1280w\" sizes=\"auto, (max-width: 1024px) 100vw, 1024px\" \/><\/figure>\n","protected":false},"excerpt":{"rendered":"<p>Por Redacci\u00f3n NotiExpress | La Revista del Sector Inmobiliario \u00bfVas a vivir en Santa Fe?&#8230;<\/p>\n","protected":false},"author":2,"featured_media":105771,"comment_status":"open","ping_status":"open","sticky":false,"template":"","format":"standard","meta":{"_monsterinsights_skip_tracking":false,"_monsterinsights_sitenote_active":false,"_monsterinsights_sitenote_note":"","_monsterinsights_sitenote_category":0,"footnotes":""},"categories":[56],"tags":[],"class_list":["post-105769","post","type-post","status-publish","format-standard","has-post-thumbnail","hentry","category-economia"],"yoast_head":"<!-- This site is optimized with the Yoast SEO plugin v27.3 - https:\/\/yoast.com\/product\/yoast-seo-wordpress\/ -->\n<title>Descubre la zona m\u00e1s exclusiva de la CDMX -<\/title>\n<meta name=\"robots\" content=\"index, follow, max-snippet:-1, max-image-preview:large, max-video-preview:-1\" \/>\n<link rel=\"canonical\" href=\"https:\/\/quehacerpolitico.mx\/?p=105769\" \/>\n<meta property=\"og:locale\" content=\"es_MX\" \/>\n<meta property=\"og:type\" content=\"article\" \/>\n<meta property=\"og:title\" content=\"Descubre la zona m\u00e1s exclusiva de la CDMX -\" \/>\n<meta property=\"og:description\" content=\"Por Redacci\u00f3n NotiExpress | La Revista del Sector Inmobiliario \u00bfVas a vivir en Santa Fe?...\" \/>\n<meta property=\"og:url\" content=\"https:\/\/quehacerpolitico.mx\/?p=105769\" \/>\n<meta property=\"article:published_time\" content=\"2023-10-18T23:09:22+00:00\" \/>\n<meta property=\"article:modified_time\" content=\"2023-10-18T23:09:25+00:00\" \/>\n<meta property=\"og:image\" content=\"https:\/\/quehacerpolitico.mx\/wp-content\/uploads\/2023\/10\/photo-output-3.jpeg\" \/>\n\t<meta property=\"og:image:width\" content=\"2048\" \/>\n\t<meta property=\"og:image:height\" content=\"1214\" \/>\n\t<meta property=\"og:image:type\" content=\"image\/jpeg\" \/>\n<meta name=\"author\" content=\"Redacci\u00f3n QP\" \/>\n<meta name=\"twitter:card\" content=\"summary_large_image\" \/>\n<meta name=\"twitter:label1\" content=\"Escrito por\" \/>\n\t<meta name=\"twitter:data1\" content=\"Redacci\u00f3n QP\" \/>\n\t<meta name=\"twitter:label2\" content=\"Tiempo de lectura\" \/>\n\t<meta name=\"twitter:data2\" content=\"4 minutos\" \/>\n<script type=\"application\/ld+json\" class=\"yoast-schema-graph\">{\"@context\":\"https:\\\/\\\/schema.org\",\"@graph\":[{\"@type\":\"Article\",\"@id\":\"https:\\\/\\\/quehacerpolitico.mx\\\/?p=105769#article\",\"isPartOf\":{\"@id\":\"https:\\\/\\\/quehacerpolitico.mx\\\/?p=105769\"},\"author\":{\"name\":\"Redacci\u00f3n QP\",\"@id\":\"https:\\\/\\\/quehacerpolitico.mx\\\/#\\\/schema\\\/person\\\/496d8ad2d1d3f8036101dca7ee39e585\"},\"headline\":\"Descubre la zona m\u00e1s exclusiva de la CDMX\",\"datePublished\":\"2023-10-18T23:09:22+00:00\",\"dateModified\":\"2023-10-18T23:09:25+00:00\",\"mainEntityOfPage\":{\"@id\":\"https:\\\/\\\/quehacerpolitico.mx\\\/?p=105769\"},\"wordCount\":860,\"commentCount\":0,\"image\":{\"@id\":\"https:\\\/\\\/quehacerpolitico.mx\\\/?p=105769#primaryimage\"},\"thumbnailUrl\":\"https:\\\/\\\/quehacerpolitico.mx\\\/wp-content\\\/uploads\\\/2023\\\/10\\\/photo-output-3.jpeg\",\"articleSection\":[\"Econom\u00eda\"],\"inLanguage\":\"es\",\"potentialAction\":[{\"@type\":\"CommentAction\",\"name\":\"Comment\",\"target\":[\"https:\\\/\\\/quehacerpolitico.mx\\\/?p=105769#respond\"]}]},{\"@type\":\"WebPage\",\"@id\":\"https:\\\/\\\/quehacerpolitico.mx\\\/?p=105769\",\"url\":\"https:\\\/\\\/quehacerpolitico.mx\\\/?p=105769\",\"name\":\"Descubre la zona m\u00e1s exclusiva de la CDMX -\",\"isPartOf\":{\"@id\":\"https:\\\/\\\/quehacerpolitico.mx\\\/#website\"},\"primaryImageOfPage\":{\"@id\":\"https:\\\/\\\/quehacerpolitico.mx\\\/?p=105769#primaryimage\"},\"image\":{\"@id\":\"https:\\\/\\\/quehacerpolitico.mx\\\/?p=105769#primaryimage\"},\"thumbnailUrl\":\"https:\\\/\\\/quehacerpolitico.mx\\\/wp-content\\\/uploads\\\/2023\\\/10\\\/photo-output-3.jpeg\",\"datePublished\":\"2023-10-18T23:09:22+00:00\",\"dateModified\":\"2023-10-18T23:09:25+00:00\",\"author\":{\"@id\":\"https:\\\/\\\/quehacerpolitico.mx\\\/#\\\/schema\\\/person\\\/496d8ad2d1d3f8036101dca7ee39e585\"},\"breadcrumb\":{\"@id\":\"https:\\\/\\\/quehacerpolitico.mx\\\/?p=105769#breadcrumb\"},\"inLanguage\":\"es\",\"potentialAction\":[{\"@type\":\"ReadAction\",\"target\":[\"https:\\\/\\\/quehacerpolitico.mx\\\/?p=105769\"]}]},{\"@type\":\"ImageObject\",\"inLanguage\":\"es\",\"@id\":\"https:\\\/\\\/quehacerpolitico.mx\\\/?p=105769#primaryimage\",\"url\":\"https:\\\/\\\/quehacerpolitico.mx\\\/wp-content\\\/uploads\\\/2023\\\/10\\\/photo-output-3.jpeg\",\"contentUrl\":\"https:\\\/\\\/quehacerpolitico.mx\\\/wp-content\\\/uploads\\\/2023\\\/10\\\/photo-output-3.jpeg\",\"width\":2048,\"height\":1214},{\"@type\":\"BreadcrumbList\",\"@id\":\"https:\\\/\\\/quehacerpolitico.mx\\\/?p=105769#breadcrumb\",\"itemListElement\":[{\"@type\":\"ListItem\",\"position\":1,\"name\":\"Inicio\",\"item\":\"https:\\\/\\\/quehacerpolitico.mx\\\/\"},{\"@type\":\"ListItem\",\"position\":2,\"name\":\"Descubre la zona m\u00e1s exclusiva de la CDMX\"}]},{\"@type\":\"WebSite\",\"@id\":\"https:\\\/\\\/quehacerpolitico.mx\\\/#website\",\"url\":\"https:\\\/\\\/quehacerpolitico.mx\\\/\",\"name\":\"\",\"description\":\"\",\"potentialAction\":[{\"@type\":\"SearchAction\",\"target\":{\"@type\":\"EntryPoint\",\"urlTemplate\":\"https:\\\/\\\/quehacerpolitico.mx\\\/?s={search_term_string}\"},\"query-input\":{\"@type\":\"PropertyValueSpecification\",\"valueRequired\":true,\"valueName\":\"search_term_string\"}}],\"inLanguage\":\"es\"},{\"@type\":\"Person\",\"@id\":\"https:\\\/\\\/quehacerpolitico.mx\\\/#\\\/schema\\\/person\\\/496d8ad2d1d3f8036101dca7ee39e585\",\"name\":\"Redacci\u00f3n QP\",\"image\":{\"@type\":\"ImageObject\",\"inLanguage\":\"es\",\"@id\":\"https:\\\/\\\/secure.gravatar.com\\\/avatar\\\/c7164ed6fdec453195284ad24a5ae5b6e1eed2b848477fa2a4787ba9adf39a41?s=96&d=mm&r=g\",\"url\":\"https:\\\/\\\/secure.gravatar.com\\\/avatar\\\/c7164ed6fdec453195284ad24a5ae5b6e1eed2b848477fa2a4787ba9adf39a41?s=96&d=mm&r=g\",\"contentUrl\":\"https:\\\/\\\/secure.gravatar.com\\\/avatar\\\/c7164ed6fdec453195284ad24a5ae5b6e1eed2b848477fa2a4787ba9adf39a41?s=96&d=mm&r=g\",\"caption\":\"Redacci\u00f3n QP\"},\"url\":\"https:\\\/\\\/quehacerpolitico.mx\\\/?author=2\"}]}<\/script>\n<!-- \/ Yoast SEO plugin. -->","yoast_head_json":{"title":"Descubre la zona m\u00e1s exclusiva de la CDMX -","robots":{"index":"index","follow":"follow","max-snippet":"max-snippet:-1","max-image-preview":"max-image-preview:large","max-video-preview":"max-video-preview:-1"},"canonical":"https:\/\/quehacerpolitico.mx\/?p=105769","og_locale":"es_MX","og_type":"article","og_title":"Descubre la zona m\u00e1s exclusiva de la CDMX -","og_description":"Por Redacci\u00f3n NotiExpress | La Revista del Sector Inmobiliario \u00bfVas a vivir en Santa Fe?...","og_url":"https:\/\/quehacerpolitico.mx\/?p=105769","article_published_time":"2023-10-18T23:09:22+00:00","article_modified_time":"2023-10-18T23:09:25+00:00","og_image":[{"width":2048,"height":1214,"url":"https:\/\/quehacerpolitico.mx\/wp-content\/uploads\/2023\/10\/photo-output-3.jpeg","type":"image\/jpeg"}],"author":"Redacci\u00f3n QP","twitter_card":"summary_large_image","twitter_misc":{"Escrito por":"Redacci\u00f3n QP","Tiempo de lectura":"4 minutos"},"schema":{"@context":"https:\/\/schema.org","@graph":[{"@type":"Article","@id":"https:\/\/quehacerpolitico.mx\/?p=105769#article","isPartOf":{"@id":"https:\/\/quehacerpolitico.mx\/?p=105769"},"author":{"name":"Redacci\u00f3n QP","@id":"https:\/\/quehacerpolitico.mx\/#\/schema\/person\/496d8ad2d1d3f8036101dca7ee39e585"},"headline":"Descubre la zona m\u00e1s exclusiva de la CDMX","datePublished":"2023-10-18T23:09:22+00:00","dateModified":"2023-10-18T23:09:25+00:00","mainEntityOfPage":{"@id":"https:\/\/quehacerpolitico.mx\/?p=105769"},"wordCount":860,"commentCount":0,"image":{"@id":"https:\/\/quehacerpolitico.mx\/?p=105769#primaryimage"},"thumbnailUrl":"https:\/\/quehacerpolitico.mx\/wp-content\/uploads\/2023\/10\/photo-output-3.jpeg","articleSection":["Econom\u00eda"],"inLanguage":"es","potentialAction":[{"@type":"CommentAction","name":"Comment","target":["https:\/\/quehacerpolitico.mx\/?p=105769#respond"]}]},{"@type":"WebPage","@id":"https:\/\/quehacerpolitico.mx\/?p=105769","url":"https:\/\/quehacerpolitico.mx\/?p=105769","name":"Descubre la zona m\u00e1s exclusiva de la CDMX -","isPartOf":{"@id":"https:\/\/quehacerpolitico.mx\/#website"},"primaryImageOfPage":{"@id":"https:\/\/quehacerpolitico.mx\/?p=105769#primaryimage"},"image":{"@id":"https:\/\/quehacerpolitico.mx\/?p=105769#primaryimage"},"thumbnailUrl":"https:\/\/quehacerpolitico.mx\/wp-content\/uploads\/2023\/10\/photo-output-3.jpeg","datePublished":"2023-10-18T23:09:22+00:00","dateModified":"2023-10-18T23:09:25+00:00","author":{"@id":"https:\/\/quehacerpolitico.mx\/#\/schema\/person\/496d8ad2d1d3f8036101dca7ee39e585"},"breadcrumb":{"@id":"https:\/\/quehacerpolitico.mx\/?p=105769#breadcrumb"},"inLanguage":"es","potentialAction":[{"@type":"ReadAction","target":["https:\/\/quehacerpolitico.mx\/?p=105769"]}]},{"@type":"ImageObject","inLanguage":"es","@id":"https:\/\/quehacerpolitico.mx\/?p=105769#primaryimage","url":"https:\/\/quehacerpolitico.mx\/wp-content\/uploads\/2023\/10\/photo-output-3.jpeg","contentUrl":"https:\/\/quehacerpolitico.mx\/wp-content\/uploads\/2023\/10\/photo-output-3.jpeg","width":2048,"height":1214},{"@type":"BreadcrumbList","@id":"https:\/\/quehacerpolitico.mx\/?p=105769#breadcrumb","itemListElement":[{"@type":"ListItem","position":1,"name":"Inicio","item":"https:\/\/quehacerpolitico.mx\/"},{"@type":"ListItem","position":2,"name":"Descubre la zona m\u00e1s exclusiva de la CDMX"}]},{"@type":"WebSite","@id":"https:\/\/quehacerpolitico.mx\/#website","url":"https:\/\/quehacerpolitico.mx\/","name":"","description":"","potentialAction":[{"@type":"SearchAction","target":{"@type":"EntryPoint","urlTemplate":"https:\/\/quehacerpolitico.mx\/?s={search_term_string}"},"query-input":{"@type":"PropertyValueSpecification","valueRequired":true,"valueName":"search_term_string"}}],"inLanguage":"es"},{"@type":"Person","@id":"https:\/\/quehacerpolitico.mx\/#\/schema\/person\/496d8ad2d1d3f8036101dca7ee39e585","name":"Redacci\u00f3n QP","image":{"@type":"ImageObject","inLanguage":"es","@id":"https:\/\/secure.gravatar.com\/avatar\/c7164ed6fdec453195284ad24a5ae5b6e1eed2b848477fa2a4787ba9adf39a41?s=96&d=mm&r=g","url":"https:\/\/secure.gravatar.com\/avatar\/c7164ed6fdec453195284ad24a5ae5b6e1eed2b848477fa2a4787ba9adf39a41?s=96&d=mm&r=g","contentUrl":"https:\/\/secure.gravatar.com\/avatar\/c7164ed6fdec453195284ad24a5ae5b6e1eed2b848477fa2a4787ba9adf39a41?s=96&d=mm&r=g","caption":"Redacci\u00f3n QP"},"url":"https:\/\/quehacerpolitico.mx\/?author=2"}]}},"featured_image_urls":{"full":["https:\/\/quehacerpolitico.mx\/wp-content\/uploads\/2023\/10\/photo-output-3.jpeg",2048,1214,false],"thumbnail":["https:\/\/quehacerpolitico.mx\/wp-content\/uploads\/2023\/10\/photo-output-3-150x150.jpeg",150,150,true],"medium":["https:\/\/quehacerpolitico.mx\/wp-content\/uploads\/2023\/10\/photo-output-3-300x178.jpeg",300,178,true],"medium_large":["https:\/\/quehacerpolitico.mx\/wp-content\/uploads\/2023\/10\/photo-output-3-768x455.jpeg",640,379,true],"large":["https:\/\/quehacerpolitico.mx\/wp-content\/uploads\/2023\/10\/photo-output-3-1024x607.jpeg",640,379,true],"1536x1536":["https:\/\/quehacerpolitico.mx\/wp-content\/uploads\/2023\/10\/photo-output-3-1536x911.jpeg",1536,911,true],"2048x2048":["https:\/\/quehacerpolitico.mx\/wp-content\/uploads\/2023\/10\/photo-output-3.jpeg",2048,1214,false],"covernews-featured":["https:\/\/quehacerpolitico.mx\/wp-content\/uploads\/2023\/10\/photo-output-3.jpeg",1024,607,false],"covernews-medium":["https:\/\/quehacerpolitico.mx\/wp-content\/uploads\/2023\/10\/photo-output-3.jpeg",540,320,false]},"author_info":{"display_name":"Redacci\u00f3n QP","author_link":"https:\/\/quehacerpolitico.mx\/?author=2"},"category_info":"<a href=\"https:\/\/quehacerpolitico.mx\/?cat=56\" rel=\"category\">Econom\u00eda<\/a>","tag_info":"Econom\u00eda","comment_count":"0","_links":{"self":[{"href":"https:\/\/quehacerpolitico.mx\/index.php?rest_route=\/wp\/v2\/posts\/105769","targetHints":{"allow":["GET"]}}],"collection":[{"href":"https:\/\/quehacerpolitico.mx\/index.php?rest_route=\/wp\/v2\/posts"}],"about":[{"href":"https:\/\/quehacerpolitico.mx\/index.php?rest_route=\/wp\/v2\/types\/post"}],"author":[{"embeddable":true,"href":"https:\/\/quehacerpolitico.mx\/index.php?rest_route=\/wp\/v2\/users\/2"}],"replies":[{"embeddable":true,"href":"https:\/\/quehacerpolitico.mx\/index.php?rest_route=%2Fwp%2Fv2%2Fcomments&post=105769"}],"version-history":[{"count":1,"href":"https:\/\/quehacerpolitico.mx\/index.php?rest_route=\/wp\/v2\/posts\/105769\/revisions"}],"predecessor-version":[{"id":105776,"href":"https:\/\/quehacerpolitico.mx\/index.php?rest_route=\/wp\/v2\/posts\/105769\/revisions\/105776"}],"wp:featuredmedia":[{"embeddable":true,"href":"https:\/\/quehacerpolitico.mx\/index.php?rest_route=\/wp\/v2\/media\/105771"}],"wp:attachment":[{"href":"https:\/\/quehacerpolitico.mx\/index.php?rest_route=%2Fwp%2Fv2%2Fmedia&parent=105769"}],"wp:term":[{"taxonomy":"category","embeddable":true,"href":"https:\/\/quehacerpolitico.mx\/index.php?rest_route=%2Fwp%2Fv2%2Fcategories&post=105769"},{"taxonomy":"post_tag","embeddable":true,"href":"https:\/\/quehacerpolitico.mx\/index.php?rest_route=%2Fwp%2Fv2%2Ftags&post=105769"}],"curies":[{"name":"wp","href":"https:\/\/api.w.org\/{rel}","templated":true}]}}