{"id":105735,"date":"2023-10-18T16:32:09","date_gmt":"2023-10-18T16:32:09","guid":{"rendered":"https:\/\/quehacerpolitico.mx\/?p=105735"},"modified":"2023-10-18T16:32:14","modified_gmt":"2023-10-18T16:32:14","slug":"lopez-obrador-confirma-que-7-paises-asistiran-a-cumbre-migratoria-en-chiapas","status":"publish","type":"post","link":"https:\/\/quehacerpolitico.mx\/?p=105735","title":{"rendered":"L\u00f3pez Obrador confirma que 7 pa\u00edses asistir\u00e1n a cumbre migratoria en Chiapas"},"content":{"rendered":"\n<p>Por Redacci\u00f3n QP<\/p>\n\n\n\n<p>Seg\u00fan el Presidente, la cumbre &#8220;Por una Vecindad Fraterna y con Bienestar&#8221; del pr\u00f3ximo domingo en Palenque, buscar\u00e1 abordar una soluci\u00f3n al creciente fen\u00f3meno migratorio<\/p>\n\n\n\n<p>Este mi\u00e9rcoles, el Presidente\u00a0Andres Manuel L\u00f3pez  Obrador confirm\u00f3 la asistencia de los presidentes de Cuba, Colombia, Honduras, Venezuela, Ecuador, Guatemala y el primer ministro de Hait\u00ed a la cumbre\u00a0<strong>&#8220;Por una Vecindad Fraterna y con Bienestar&#8221;\u00a0<\/strong>del pr\u00f3ximo domingo en Palenque, Chiapas,\u00a0<strong>para abordar una soluci\u00f3n al creciente fen\u00f3meno migratorio el cual -advirti\u00f3- &#8220;puede agravarse&#8221;.<\/strong><\/p>\n\n\n\n<p>&#8220;Confirmado el presidente (Miguel) D\u00edaz-Canel, de Cuba; el presidente (Gustavo) Petro, de Colombia; la presidenta Xiomara (Castro) de Honduras, el primer ministro de Hait\u00ed (Ariel Henry), el presidente de Venezuela, (Nicol\u00e1s) Maduro, vienen el presidente de Ecuador (Guillermo Lasso), el presidente de Guatemala (Alejandro Gimmattei), hasta ahora, no s\u00e9 de otros, van a estar representados&#8221;, dijo.<\/p>\n\n\n\n<h2 class=\"wp-block-heading\">El fen\u00f3meno migratorio puede agravarse<\/h2>\n\n\n\n<p>L\u00f3pez Obrador Asegur\u00f3 que la reuni\u00f3n es muy importante porque es un fen\u00f3meno migratorio que puede agravarse, y &#8220;<strong>ya de por s\u00ed es preocupante, est\u00e1 creciendo el n\u00famero de migrantes y tenemos que atender las causas, ir al fondo,<\/strong>\u00a0no nada m\u00e1s estar conteniendo o pensando en militarizar las fronteras, los muros, eso no resuelve, hay que atender las causas&#8221;.<\/p>\n\n\n\n<p>Se\u00f1al\u00f3 que son muchos los riesgos que enfrenan los\u00a0migrantes\u00a0de Centroam\u00e9rica y el Caribe en su camino hacia Estados Unidos porque tienen que atravesar la regi\u00f3n del Dari\u00e9n con todos los peligros, luego las bandas de traficantes de personas, secuestros, violaciones, accidentes, mucha violencia, sufrimiento.<\/p>\n\n\n\n<p>Puntualiz\u00f3 que\u00a0<strong>se tiene la obligaci\u00f3n de atender el tema en las comunidades de origen y podemos hacer mucho si nos ayudamos mutuamente.<\/strong><\/p>\n\n\n\n<p>Record\u00f3 que&nbsp;<strong>M\u00e9xico es paso obligado de las olas migratorias<\/strong>&nbsp;que enfrentan muchos riesgos como p\u00e9rdida de vidas por accidentes.<\/p>\n\n\n\n<p>&#8220;Para eso es la reuni\u00f3n y es un llamado a que las naciones que tienen posibilidad econ\u00f3mica que ayuden,\u00a0<strong>\u00bfpor qu\u00e9 se gasta tanto en armamento, en la guerra, en lo irracional, y no se apoya a la gente que necesita lo b\u00e1sico, oportunidades de trabajo, bienes?<\/strong>\u00a0Eso es lo que nosotros estamos planteando y para eso es la reuni\u00f3n del domingo&#8221;, mencion\u00f3.<\/p>\n\n\n\n<p>Con informaci\u00f3n de SUN<\/p>\n","protected":false},"excerpt":{"rendered":"<p>Por Redacci\u00f3n QP Seg\u00fan el Presidente, la cumbre &#8220;Por una Vecindad Fraterna y con Bienestar&#8221;&#8230;<\/p>\n","protected":false},"author":2,"featured_media":105736,"comment_status":"open","ping_status":"open","sticky":false,"template":"","format":"standard","meta":{"_monsterinsights_skip_tracking":false,"_monsterinsights_sitenote_active":false,"_monsterinsights_sitenote_note":"","_monsterinsights_sitenote_category":0,"footnotes":""},"categories":[2],"tags":[],"class_list":["post-105735","post","type-post","status-publish","format-standard","has-post-thumbnail","hentry","category-noticias"],"yoast_head":"<!-- This site is optimized with the Yoast SEO plugin v27.3 - https:\/\/yoast.com\/product\/yoast-seo-wordpress\/ -->\n<title>L\u00f3pez Obrador confirma que 7 pa\u00edses asistir\u00e1n a cumbre migratoria en Chiapas -<\/title>\n<meta name=\"robots\" content=\"index, follow, max-snippet:-1, max-image-preview:large, max-video-preview:-1\" \/>\n<link rel=\"canonical\" href=\"https:\/\/quehacerpolitico.mx\/?p=105735\" \/>\n<meta property=\"og:locale\" content=\"es_MX\" \/>\n<meta property=\"og:type\" content=\"article\" \/>\n<meta property=\"og:title\" content=\"L\u00f3pez Obrador confirma que 7 pa\u00edses asistir\u00e1n a cumbre migratoria en Chiapas -\" \/>\n<meta property=\"og:description\" content=\"Por Redacci\u00f3n QP Seg\u00fan el Presidente, la cumbre &#8220;Por una Vecindad Fraterna y con Bienestar&#8221;...\" \/>\n<meta property=\"og:url\" content=\"https:\/\/quehacerpolitico.mx\/?p=105735\" \/>\n<meta property=\"article:published_time\" content=\"2023-10-18T16:32:09+00:00\" \/>\n<meta property=\"article:modified_time\" content=\"2023-10-18T16:32:14+00:00\" \/>\n<meta property=\"og:image\" content=\"https:\/\/quehacerpolitico.mx\/wp-content\/uploads\/2023\/10\/IMG_1436.jpeg\" \/>\n\t<meta property=\"og:image:width\" content=\"1282\" \/>\n\t<meta property=\"og:image:height\" content=\"669\" \/>\n\t<meta property=\"og:image:type\" content=\"image\/jpeg\" \/>\n<meta name=\"author\" content=\"Redacci\u00f3n QP\" \/>\n<meta name=\"twitter:card\" content=\"summary_large_image\" \/>\n<meta name=\"twitter:label1\" content=\"Escrito por\" \/>\n\t<meta name=\"twitter:data1\" content=\"Redacci\u00f3n QP\" \/>\n\t<meta name=\"twitter:label2\" content=\"Tiempo de lectura\" \/>\n\t<meta name=\"twitter:data2\" content=\"2 minutos\" \/>\n<script type=\"application\/ld+json\" class=\"yoast-schema-graph\">{\"@context\":\"https:\\\/\\\/schema.org\",\"@graph\":[{\"@type\":\"Article\",\"@id\":\"https:\\\/\\\/quehacerpolitico.mx\\\/?p=105735#article\",\"isPartOf\":{\"@id\":\"https:\\\/\\\/quehacerpolitico.mx\\\/?p=105735\"},\"author\":{\"name\":\"Redacci\u00f3n QP\",\"@id\":\"https:\\\/\\\/quehacerpolitico.mx\\\/#\\\/schema\\\/person\\\/496d8ad2d1d3f8036101dca7ee39e585\"},\"headline\":\"L\u00f3pez Obrador confirma que 7 pa\u00edses asistir\u00e1n a cumbre migratoria en Chiapas\",\"datePublished\":\"2023-10-18T16:32:09+00:00\",\"dateModified\":\"2023-10-18T16:32:14+00:00\",\"mainEntityOfPage\":{\"@id\":\"https:\\\/\\\/quehacerpolitico.mx\\\/?p=105735\"},\"wordCount\":408,\"commentCount\":0,\"image\":{\"@id\":\"https:\\\/\\\/quehacerpolitico.mx\\\/?p=105735#primaryimage\"},\"thumbnailUrl\":\"https:\\\/\\\/quehacerpolitico.mx\\\/wp-content\\\/uploads\\\/2023\\\/10\\\/IMG_1436.jpeg\",\"articleSection\":[\"Noticias\"],\"inLanguage\":\"es\",\"potentialAction\":[{\"@type\":\"CommentAction\",\"name\":\"Comment\",\"target\":[\"https:\\\/\\\/quehacerpolitico.mx\\\/?p=105735#respond\"]}]},{\"@type\":\"WebPage\",\"@id\":\"https:\\\/\\\/quehacerpolitico.mx\\\/?p=105735\",\"url\":\"https:\\\/\\\/quehacerpolitico.mx\\\/?p=105735\",\"name\":\"L\u00f3pez Obrador confirma que 7 pa\u00edses asistir\u00e1n a cumbre migratoria en Chiapas -\",\"isPartOf\":{\"@id\":\"https:\\\/\\\/quehacerpolitico.mx\\\/#website\"},\"primaryImageOfPage\":{\"@id\":\"https:\\\/\\\/quehacerpolitico.mx\\\/?p=105735#primaryimage\"},\"image\":{\"@id\":\"https:\\\/\\\/quehacerpolitico.mx\\\/?p=105735#primaryimage\"},\"thumbnailUrl\":\"https:\\\/\\\/quehacerpolitico.mx\\\/wp-content\\\/uploads\\\/2023\\\/10\\\/IMG_1436.jpeg\",\"datePublished\":\"2023-10-18T16:32:09+00:00\",\"dateModified\":\"2023-10-18T16:32:14+00:00\",\"author\":{\"@id\":\"https:\\\/\\\/quehacerpolitico.mx\\\/#\\\/schema\\\/person\\\/496d8ad2d1d3f8036101dca7ee39e585\"},\"breadcrumb\":{\"@id\":\"https:\\\/\\\/quehacerpolitico.mx\\\/?p=105735#breadcrumb\"},\"inLanguage\":\"es\",\"potentialAction\":[{\"@type\":\"ReadAction\",\"target\":[\"https:\\\/\\\/quehacerpolitico.mx\\\/?p=105735\"]}]},{\"@type\":\"ImageObject\",\"inLanguage\":\"es\",\"@id\":\"https:\\\/\\\/quehacerpolitico.mx\\\/?p=105735#primaryimage\",\"url\":\"https:\\\/\\\/quehacerpolitico.mx\\\/wp-content\\\/uploads\\\/2023\\\/10\\\/IMG_1436.jpeg\",\"contentUrl\":\"https:\\\/\\\/quehacerpolitico.mx\\\/wp-content\\\/uploads\\\/2023\\\/10\\\/IMG_1436.jpeg\",\"width\":1282,\"height\":669},{\"@type\":\"BreadcrumbList\",\"@id\":\"https:\\\/\\\/quehacerpolitico.mx\\\/?p=105735#breadcrumb\",\"itemListElement\":[{\"@type\":\"ListItem\",\"position\":1,\"name\":\"Inicio\",\"item\":\"https:\\\/\\\/quehacerpolitico.mx\\\/\"},{\"@type\":\"ListItem\",\"position\":2,\"name\":\"L\u00f3pez Obrador confirma que 7 pa\u00edses asistir\u00e1n a cumbre migratoria en Chiapas\"}]},{\"@type\":\"WebSite\",\"@id\":\"https:\\\/\\\/quehacerpolitico.mx\\\/#website\",\"url\":\"https:\\\/\\\/quehacerpolitico.mx\\\/\",\"name\":\"\",\"description\":\"\",\"potentialAction\":[{\"@type\":\"SearchAction\",\"target\":{\"@type\":\"EntryPoint\",\"urlTemplate\":\"https:\\\/\\\/quehacerpolitico.mx\\\/?s={search_term_string}\"},\"query-input\":{\"@type\":\"PropertyValueSpecification\",\"valueRequired\":true,\"valueName\":\"search_term_string\"}}],\"inLanguage\":\"es\"},{\"@type\":\"Person\",\"@id\":\"https:\\\/\\\/quehacerpolitico.mx\\\/#\\\/schema\\\/person\\\/496d8ad2d1d3f8036101dca7ee39e585\",\"name\":\"Redacci\u00f3n QP\",\"image\":{\"@type\":\"ImageObject\",\"inLanguage\":\"es\",\"@id\":\"https:\\\/\\\/secure.gravatar.com\\\/avatar\\\/c7164ed6fdec453195284ad24a5ae5b6e1eed2b848477fa2a4787ba9adf39a41?s=96&d=mm&r=g\",\"url\":\"https:\\\/\\\/secure.gravatar.com\\\/avatar\\\/c7164ed6fdec453195284ad24a5ae5b6e1eed2b848477fa2a4787ba9adf39a41?s=96&d=mm&r=g\",\"contentUrl\":\"https:\\\/\\\/secure.gravatar.com\\\/avatar\\\/c7164ed6fdec453195284ad24a5ae5b6e1eed2b848477fa2a4787ba9adf39a41?s=96&d=mm&r=g\",\"caption\":\"Redacci\u00f3n QP\"},\"url\":\"https:\\\/\\\/quehacerpolitico.mx\\\/?author=2\"}]}<\/script>\n<!-- \/ Yoast SEO plugin. -->","yoast_head_json":{"title":"L\u00f3pez Obrador confirma que 7 pa\u00edses asistir\u00e1n a cumbre migratoria en Chiapas -","robots":{"index":"index","follow":"follow","max-snippet":"max-snippet:-1","max-image-preview":"max-image-preview:large","max-video-preview":"max-video-preview:-1"},"canonical":"https:\/\/quehacerpolitico.mx\/?p=105735","og_locale":"es_MX","og_type":"article","og_title":"L\u00f3pez Obrador confirma que 7 pa\u00edses asistir\u00e1n a cumbre migratoria en Chiapas -","og_description":"Por Redacci\u00f3n QP Seg\u00fan el Presidente, la cumbre &#8220;Por una Vecindad Fraterna y con Bienestar&#8221;...","og_url":"https:\/\/quehacerpolitico.mx\/?p=105735","article_published_time":"2023-10-18T16:32:09+00:00","article_modified_time":"2023-10-18T16:32:14+00:00","og_image":[{"width":1282,"height":669,"url":"https:\/\/quehacerpolitico.mx\/wp-content\/uploads\/2023\/10\/IMG_1436.jpeg","type":"image\/jpeg"}],"author":"Redacci\u00f3n QP","twitter_card":"summary_large_image","twitter_misc":{"Escrito por":"Redacci\u00f3n QP","Tiempo de lectura":"2 minutos"},"schema":{"@context":"https:\/\/schema.org","@graph":[{"@type":"Article","@id":"https:\/\/quehacerpolitico.mx\/?p=105735#article","isPartOf":{"@id":"https:\/\/quehacerpolitico.mx\/?p=105735"},"author":{"name":"Redacci\u00f3n QP","@id":"https:\/\/quehacerpolitico.mx\/#\/schema\/person\/496d8ad2d1d3f8036101dca7ee39e585"},"headline":"L\u00f3pez Obrador confirma que 7 pa\u00edses asistir\u00e1n a cumbre migratoria en Chiapas","datePublished":"2023-10-18T16:32:09+00:00","dateModified":"2023-10-18T16:32:14+00:00","mainEntityOfPage":{"@id":"https:\/\/quehacerpolitico.mx\/?p=105735"},"wordCount":408,"commentCount":0,"image":{"@id":"https:\/\/quehacerpolitico.mx\/?p=105735#primaryimage"},"thumbnailUrl":"https:\/\/quehacerpolitico.mx\/wp-content\/uploads\/2023\/10\/IMG_1436.jpeg","articleSection":["Noticias"],"inLanguage":"es","potentialAction":[{"@type":"CommentAction","name":"Comment","target":["https:\/\/quehacerpolitico.mx\/?p=105735#respond"]}]},{"@type":"WebPage","@id":"https:\/\/quehacerpolitico.mx\/?p=105735","url":"https:\/\/quehacerpolitico.mx\/?p=105735","name":"L\u00f3pez Obrador confirma que 7 pa\u00edses asistir\u00e1n a cumbre migratoria en Chiapas -","isPartOf":{"@id":"https:\/\/quehacerpolitico.mx\/#website"},"primaryImageOfPage":{"@id":"https:\/\/quehacerpolitico.mx\/?p=105735#primaryimage"},"image":{"@id":"https:\/\/quehacerpolitico.mx\/?p=105735#primaryimage"},"thumbnailUrl":"https:\/\/quehacerpolitico.mx\/wp-content\/uploads\/2023\/10\/IMG_1436.jpeg","datePublished":"2023-10-18T16:32:09+00:00","dateModified":"2023-10-18T16:32:14+00:00","author":{"@id":"https:\/\/quehacerpolitico.mx\/#\/schema\/person\/496d8ad2d1d3f8036101dca7ee39e585"},"breadcrumb":{"@id":"https:\/\/quehacerpolitico.mx\/?p=105735#breadcrumb"},"inLanguage":"es","potentialAction":[{"@type":"ReadAction","target":["https:\/\/quehacerpolitico.mx\/?p=105735"]}]},{"@type":"ImageObject","inLanguage":"es","@id":"https:\/\/quehacerpolitico.mx\/?p=105735#primaryimage","url":"https:\/\/quehacerpolitico.mx\/wp-content\/uploads\/2023\/10\/IMG_1436.jpeg","contentUrl":"https:\/\/quehacerpolitico.mx\/wp-content\/uploads\/2023\/10\/IMG_1436.jpeg","width":1282,"height":669},{"@type":"BreadcrumbList","@id":"https:\/\/quehacerpolitico.mx\/?p=105735#breadcrumb","itemListElement":[{"@type":"ListItem","position":1,"name":"Inicio","item":"https:\/\/quehacerpolitico.mx\/"},{"@type":"ListItem","position":2,"name":"L\u00f3pez Obrador confirma que 7 pa\u00edses asistir\u00e1n a cumbre migratoria en Chiapas"}]},{"@type":"WebSite","@id":"https:\/\/quehacerpolitico.mx\/#website","url":"https:\/\/quehacerpolitico.mx\/","name":"","description":"","potentialAction":[{"@type":"SearchAction","target":{"@type":"EntryPoint","urlTemplate":"https:\/\/quehacerpolitico.mx\/?s={search_term_string}"},"query-input":{"@type":"PropertyValueSpecification","valueRequired":true,"valueName":"search_term_string"}}],"inLanguage":"es"},{"@type":"Person","@id":"https:\/\/quehacerpolitico.mx\/#\/schema\/person\/496d8ad2d1d3f8036101dca7ee39e585","name":"Redacci\u00f3n QP","image":{"@type":"ImageObject","inLanguage":"es","@id":"https:\/\/secure.gravatar.com\/avatar\/c7164ed6fdec453195284ad24a5ae5b6e1eed2b848477fa2a4787ba9adf39a41?s=96&d=mm&r=g","url":"https:\/\/secure.gravatar.com\/avatar\/c7164ed6fdec453195284ad24a5ae5b6e1eed2b848477fa2a4787ba9adf39a41?s=96&d=mm&r=g","contentUrl":"https:\/\/secure.gravatar.com\/avatar\/c7164ed6fdec453195284ad24a5ae5b6e1eed2b848477fa2a4787ba9adf39a41?s=96&d=mm&r=g","caption":"Redacci\u00f3n QP"},"url":"https:\/\/quehacerpolitico.mx\/?author=2"}]}},"featured_image_urls":{"full":["https:\/\/quehacerpolitico.mx\/wp-content\/uploads\/2023\/10\/IMG_1436.jpeg",1282,669,false],"thumbnail":["https:\/\/quehacerpolitico.mx\/wp-content\/uploads\/2023\/10\/IMG_1436-150x150.jpeg",150,150,true],"medium":["https:\/\/quehacerpolitico.mx\/wp-content\/uploads\/2023\/10\/IMG_1436-300x157.jpeg",300,157,true],"medium_large":["https:\/\/quehacerpolitico.mx\/wp-content\/uploads\/2023\/10\/IMG_1436-768x401.jpeg",640,334,true],"large":["https:\/\/quehacerpolitico.mx\/wp-content\/uploads\/2023\/10\/IMG_1436-1024x534.jpeg",640,334,true],"1536x1536":["https:\/\/quehacerpolitico.mx\/wp-content\/uploads\/2023\/10\/IMG_1436.jpeg",1282,669,false],"2048x2048":["https:\/\/quehacerpolitico.mx\/wp-content\/uploads\/2023\/10\/IMG_1436.jpeg",1282,669,false],"covernews-featured":["https:\/\/quehacerpolitico.mx\/wp-content\/uploads\/2023\/10\/IMG_1436.jpeg",1024,534,false],"covernews-medium":["https:\/\/quehacerpolitico.mx\/wp-content\/uploads\/2023\/10\/IMG_1436.jpeg",540,282,false]},"author_info":{"display_name":"Redacci\u00f3n QP","author_link":"https:\/\/quehacerpolitico.mx\/?author=2"},"category_info":"<a href=\"https:\/\/quehacerpolitico.mx\/?cat=2\" rel=\"category\">Noticias<\/a>","tag_info":"Noticias","comment_count":"0","_links":{"self":[{"href":"https:\/\/quehacerpolitico.mx\/index.php?rest_route=\/wp\/v2\/posts\/105735","targetHints":{"allow":["GET"]}}],"collection":[{"href":"https:\/\/quehacerpolitico.mx\/index.php?rest_route=\/wp\/v2\/posts"}],"about":[{"href":"https:\/\/quehacerpolitico.mx\/index.php?rest_route=\/wp\/v2\/types\/post"}],"author":[{"embeddable":true,"href":"https:\/\/quehacerpolitico.mx\/index.php?rest_route=\/wp\/v2\/users\/2"}],"replies":[{"embeddable":true,"href":"https:\/\/quehacerpolitico.mx\/index.php?rest_route=%2Fwp%2Fv2%2Fcomments&post=105735"}],"version-history":[{"count":1,"href":"https:\/\/quehacerpolitico.mx\/index.php?rest_route=\/wp\/v2\/posts\/105735\/revisions"}],"predecessor-version":[{"id":105737,"href":"https:\/\/quehacerpolitico.mx\/index.php?rest_route=\/wp\/v2\/posts\/105735\/revisions\/105737"}],"wp:featuredmedia":[{"embeddable":true,"href":"https:\/\/quehacerpolitico.mx\/index.php?rest_route=\/wp\/v2\/media\/105736"}],"wp:attachment":[{"href":"https:\/\/quehacerpolitico.mx\/index.php?rest_route=%2Fwp%2Fv2%2Fmedia&parent=105735"}],"wp:term":[{"taxonomy":"category","embeddable":true,"href":"https:\/\/quehacerpolitico.mx\/index.php?rest_route=%2Fwp%2Fv2%2Fcategories&post=105735"},{"taxonomy":"post_tag","embeddable":true,"href":"https:\/\/quehacerpolitico.mx\/index.php?rest_route=%2Fwp%2Fv2%2Ftags&post=105735"}],"curies":[{"name":"wp","href":"https:\/\/api.w.org\/{rel}","templated":true}]}}