{"id":105703,"date":"2023-10-17T17:51:48","date_gmt":"2023-10-17T17:51:48","guid":{"rendered":"https:\/\/quehacerpolitico.mx\/?p=105703"},"modified":"2023-10-17T17:51:51","modified_gmt":"2023-10-17T17:51:51","slug":"esto-dijo-denise-dresser-sobre-quema-de-pinata-de-lopez-obrador","status":"publish","type":"post","link":"https:\/\/quehacerpolitico.mx\/?p=105703","title":{"rendered":"Esto dijo Denise Dresser sobre quema de pi\u00f1ata de L\u00f3pez Obrador"},"content":{"rendered":"\n<p>Por Redacci\u00f3n QP<\/p>\n\n\n\n<p>En videos publicados en redes sociales se observa a un grupo de personas bloquear calles y prenderle fuego a una pi\u00f1ata de &#8221;AMLITO&#8221;<\/p>\n\n\n\n<p>La polit\u00f3loga\u00a0Denise Dresser\u00a0<strong>conden\u00f3 la quema de figuras de cart\u00f3n del Presidente Andr\u00e9s Manuel L\u00f3pez Obrador,\u00a0<\/strong>como de la ministra presidenta de la Suprema Corte de\u00a0Justicia de la Naci\u00f3n (SCJN), Norma Pi\u00f1a.<\/p>\n\n\n\n<p>Este lunes, tanto en la Ciudad de M\u00e9xico como en diversos estados del pa\u00eds se llevaron a cabo movilizaciones por la posible desaparici\u00f3n de 13 fideicomisos del Poder Judicial de la Federaci\u00f3n (PJF),\u00a0<strong>motivo por el cual trabajadores sindicalizados de este \u00f3rgano quemaron una pi\u00f1ata de la figura caricaturizada del Presidente\u00a0<\/strong>Lopez Obrador.<\/p>\n\n\n\n<p>En videos publicados en redes sociales se observa a un grupo de personas bloquear una de las calles de la alcald\u00eda Benito Ju\u00e1rez y cuelgan de un tubo la pi\u00f1ata de un &#8220;Amlito&#8221;, al que le prenden fuego y gritan\u00a0<strong>&#8220;\u00a1Fuera AMLO!&#8221; y &#8220;\u00a1AMLO, entiende, el\u00a0Poder Judicial se defiende!&#8221;.<\/strong><\/p>\n\n\n\n<p>Por lo anterior, la tambi\u00e9n polit\u00f3loga Dresser record\u00f3 en X, antes Twitter, que hace unos meses, en el Z\u00f3calo de la CDMX, simpatizantes de la Cuarta Transformaci\u00f3n\u00a0<strong>quemaron la figura de la ministra presidenta Norma Pi\u00f1a, bajo el argumento de que era una costumbre popular.<\/strong><\/p>\n\n\n\n<figure class=\"wp-block-image size-large\"><img loading=\"lazy\" decoding=\"async\" width=\"639\" height=\"1024\" src=\"https:\/\/quehacerpolitico.mx\/wp-content\/uploads\/2023\/10\/image-38-639x1024.jpeg\" alt=\"\" class=\"wp-image-105704\" srcset=\"https:\/\/quehacerpolitico.mx\/wp-content\/uploads\/2023\/10\/image-38-639x1024.jpeg 639w, https:\/\/quehacerpolitico.mx\/wp-content\/uploads\/2023\/10\/image-38-187x300.jpeg 187w, https:\/\/quehacerpolitico.mx\/wp-content\/uploads\/2023\/10\/image-38-768x1232.jpeg 768w, https:\/\/quehacerpolitico.mx\/wp-content\/uploads\/2023\/10\/image-38-958x1536.jpeg 958w, https:\/\/quehacerpolitico.mx\/wp-content\/uploads\/2023\/10\/image-38-1277x2048.jpeg 1277w, https:\/\/quehacerpolitico.mx\/wp-content\/uploads\/2023\/10\/image-38-91x146.jpeg 91w, https:\/\/quehacerpolitico.mx\/wp-content\/uploads\/2023\/10\/image-38-31x50.jpeg 31w, https:\/\/quehacerpolitico.mx\/wp-content\/uploads\/2023\/10\/image-38-47x75.jpeg 47w, https:\/\/quehacerpolitico.mx\/wp-content\/uploads\/2023\/10\/image-38.jpeg 1284w\" sizes=\"auto, (max-width: 639px) 100vw, 639px\" \/><\/figure>\n\n\n\n<p>Dresser calific\u00f3 lo anterior como\u00a0<strong>un argumento &#8220;peligroso\/equivocado&#8221;,\u00a0<\/strong>conden\u00f3 ambas acciones y se\u00f1al\u00f3 que la polarizaci\u00f3n extrema mata la democracia.<\/p>\n\n\n\n<h3 class=\"wp-block-heading\"><strong>&#8220;No le hace&#8221;: L\u00f3pez Obrador ante quema de pi\u00f1atas de &#8220;Amlito&#8221;<\/strong><\/h3>\n\n\n\n<p>Esta ma\u00f1ana, L\u00f3pez Obrador asegur\u00f3 que<strong>&nbsp;&#8220;no le hace&#8221; que trabajadores sindicalizados del Poder Judicial quemen pi\u00f1atas de &#8220;Amlito&#8221;,<\/strong>&nbsp;contra el recorte de 15 mil millones de pesos, pues esos recursos significar\u00e1n 2 millones de becas para estudiantes pobres de educaci\u00f3n b\u00e1sica.<\/p>\n\n\n\n<p>&#8220;No le hace y no importa que quemen una pi\u00f1ata de Amlito, no importa porque es como cuando insultan,&nbsp;<strong>\u00bfsaben los 15 mil millones de privilegios que se entregar\u00e1n para becas, saben a cu\u00e1ntos ni\u00f1os pobres les llegar\u00e1n? a m\u00e1s de 2 millones de ni\u00f1os pobres de primaria&#8221;,&nbsp;<\/strong>mencion\u00f3.<\/p>\n\n\n\n<p>En conferencia de prensa, el Presidente se\u00f1al\u00f3 que no importa que insulten y que hagan lo que consideren, porque son libres, pero\u00a0<strong>llam\u00f3 a que no se dejen manipular pues no se les va a afectar en nada absolutamente.<\/strong><\/p>\n\n\n\n<p>&#8220;Aprovecho para decirle a los trabajadores del Poder Judicial que no es con ellos,<strong>\u00a0ellos no van a salir perjudicados en nada, al contrario, ellos van a resultar beneficiados&#8221;,<\/strong>\u00a0aclar\u00f3.<\/p>\n\n\n\n<p>Con informaci\u00f3n de SUN<\/p>\n","protected":false},"excerpt":{"rendered":"<p>Por Redacci\u00f3n QP En videos publicados en redes sociales se observa a un grupo de&#8230;<\/p>\n","protected":false},"author":2,"featured_media":105705,"comment_status":"open","ping_status":"open","sticky":false,"template":"","format":"standard","meta":{"_monsterinsights_skip_tracking":false,"_monsterinsights_sitenote_active":false,"_monsterinsights_sitenote_note":"","_monsterinsights_sitenote_category":0,"footnotes":""},"categories":[2],"tags":[],"class_list":["post-105703","post","type-post","status-publish","format-standard","has-post-thumbnail","hentry","category-noticias"],"yoast_head":"<!-- This site is optimized with the Yoast SEO plugin v27.3 - https:\/\/yoast.com\/product\/yoast-seo-wordpress\/ -->\n<title>Esto dijo Denise Dresser sobre quema de pi\u00f1ata de L\u00f3pez Obrador -<\/title>\n<meta name=\"robots\" content=\"index, follow, max-snippet:-1, max-image-preview:large, max-video-preview:-1\" \/>\n<link rel=\"canonical\" href=\"https:\/\/quehacerpolitico.mx\/?p=105703\" \/>\n<meta property=\"og:locale\" content=\"es_MX\" \/>\n<meta property=\"og:type\" content=\"article\" \/>\n<meta property=\"og:title\" content=\"Esto dijo Denise Dresser sobre quema de pi\u00f1ata de L\u00f3pez Obrador -\" \/>\n<meta property=\"og:description\" content=\"Por Redacci\u00f3n QP En videos publicados en redes sociales se observa a un grupo de...\" \/>\n<meta property=\"og:url\" content=\"https:\/\/quehacerpolitico.mx\/?p=105703\" \/>\n<meta property=\"article:published_time\" content=\"2023-10-17T17:51:48+00:00\" \/>\n<meta property=\"article:modified_time\" content=\"2023-10-17T17:51:51+00:00\" \/>\n<meta property=\"og:image\" content=\"https:\/\/quehacerpolitico.mx\/wp-content\/uploads\/2023\/10\/IMG_1412.jpeg\" \/>\n\t<meta property=\"og:image:width\" content=\"764\" \/>\n\t<meta property=\"og:image:height\" content=\"401\" \/>\n\t<meta property=\"og:image:type\" content=\"image\/jpeg\" \/>\n<meta name=\"author\" content=\"Redacci\u00f3n QP\" \/>\n<meta name=\"twitter:card\" content=\"summary_large_image\" \/>\n<meta name=\"twitter:label1\" content=\"Escrito por\" \/>\n\t<meta name=\"twitter:data1\" content=\"Redacci\u00f3n QP\" \/>\n\t<meta name=\"twitter:label2\" content=\"Tiempo de lectura\" \/>\n\t<meta name=\"twitter:data2\" content=\"2 minutos\" \/>\n<script type=\"application\/ld+json\" class=\"yoast-schema-graph\">{\"@context\":\"https:\\\/\\\/schema.org\",\"@graph\":[{\"@type\":\"Article\",\"@id\":\"https:\\\/\\\/quehacerpolitico.mx\\\/?p=105703#article\",\"isPartOf\":{\"@id\":\"https:\\\/\\\/quehacerpolitico.mx\\\/?p=105703\"},\"author\":{\"name\":\"Redacci\u00f3n QP\",\"@id\":\"https:\\\/\\\/quehacerpolitico.mx\\\/#\\\/schema\\\/person\\\/496d8ad2d1d3f8036101dca7ee39e585\"},\"headline\":\"Esto dijo Denise Dresser sobre quema de pi\u00f1ata de L\u00f3pez Obrador\",\"datePublished\":\"2023-10-17T17:51:48+00:00\",\"dateModified\":\"2023-10-17T17:51:51+00:00\",\"mainEntityOfPage\":{\"@id\":\"https:\\\/\\\/quehacerpolitico.mx\\\/?p=105703\"},\"wordCount\":456,\"commentCount\":0,\"image\":{\"@id\":\"https:\\\/\\\/quehacerpolitico.mx\\\/?p=105703#primaryimage\"},\"thumbnailUrl\":\"https:\\\/\\\/quehacerpolitico.mx\\\/wp-content\\\/uploads\\\/2023\\\/10\\\/IMG_1412.jpeg\",\"articleSection\":[\"Noticias\"],\"inLanguage\":\"es\",\"potentialAction\":[{\"@type\":\"CommentAction\",\"name\":\"Comment\",\"target\":[\"https:\\\/\\\/quehacerpolitico.mx\\\/?p=105703#respond\"]}]},{\"@type\":\"WebPage\",\"@id\":\"https:\\\/\\\/quehacerpolitico.mx\\\/?p=105703\",\"url\":\"https:\\\/\\\/quehacerpolitico.mx\\\/?p=105703\",\"name\":\"Esto dijo Denise Dresser sobre quema de pi\u00f1ata de L\u00f3pez Obrador -\",\"isPartOf\":{\"@id\":\"https:\\\/\\\/quehacerpolitico.mx\\\/#website\"},\"primaryImageOfPage\":{\"@id\":\"https:\\\/\\\/quehacerpolitico.mx\\\/?p=105703#primaryimage\"},\"image\":{\"@id\":\"https:\\\/\\\/quehacerpolitico.mx\\\/?p=105703#primaryimage\"},\"thumbnailUrl\":\"https:\\\/\\\/quehacerpolitico.mx\\\/wp-content\\\/uploads\\\/2023\\\/10\\\/IMG_1412.jpeg\",\"datePublished\":\"2023-10-17T17:51:48+00:00\",\"dateModified\":\"2023-10-17T17:51:51+00:00\",\"author\":{\"@id\":\"https:\\\/\\\/quehacerpolitico.mx\\\/#\\\/schema\\\/person\\\/496d8ad2d1d3f8036101dca7ee39e585\"},\"breadcrumb\":{\"@id\":\"https:\\\/\\\/quehacerpolitico.mx\\\/?p=105703#breadcrumb\"},\"inLanguage\":\"es\",\"potentialAction\":[{\"@type\":\"ReadAction\",\"target\":[\"https:\\\/\\\/quehacerpolitico.mx\\\/?p=105703\"]}]},{\"@type\":\"ImageObject\",\"inLanguage\":\"es\",\"@id\":\"https:\\\/\\\/quehacerpolitico.mx\\\/?p=105703#primaryimage\",\"url\":\"https:\\\/\\\/quehacerpolitico.mx\\\/wp-content\\\/uploads\\\/2023\\\/10\\\/IMG_1412.jpeg\",\"contentUrl\":\"https:\\\/\\\/quehacerpolitico.mx\\\/wp-content\\\/uploads\\\/2023\\\/10\\\/IMG_1412.jpeg\",\"width\":764,\"height\":401},{\"@type\":\"BreadcrumbList\",\"@id\":\"https:\\\/\\\/quehacerpolitico.mx\\\/?p=105703#breadcrumb\",\"itemListElement\":[{\"@type\":\"ListItem\",\"position\":1,\"name\":\"Inicio\",\"item\":\"https:\\\/\\\/quehacerpolitico.mx\\\/\"},{\"@type\":\"ListItem\",\"position\":2,\"name\":\"Esto dijo Denise Dresser sobre quema de pi\u00f1ata de L\u00f3pez Obrador\"}]},{\"@type\":\"WebSite\",\"@id\":\"https:\\\/\\\/quehacerpolitico.mx\\\/#website\",\"url\":\"https:\\\/\\\/quehacerpolitico.mx\\\/\",\"name\":\"\",\"description\":\"\",\"potentialAction\":[{\"@type\":\"SearchAction\",\"target\":{\"@type\":\"EntryPoint\",\"urlTemplate\":\"https:\\\/\\\/quehacerpolitico.mx\\\/?s={search_term_string}\"},\"query-input\":{\"@type\":\"PropertyValueSpecification\",\"valueRequired\":true,\"valueName\":\"search_term_string\"}}],\"inLanguage\":\"es\"},{\"@type\":\"Person\",\"@id\":\"https:\\\/\\\/quehacerpolitico.mx\\\/#\\\/schema\\\/person\\\/496d8ad2d1d3f8036101dca7ee39e585\",\"name\":\"Redacci\u00f3n QP\",\"image\":{\"@type\":\"ImageObject\",\"inLanguage\":\"es\",\"@id\":\"https:\\\/\\\/secure.gravatar.com\\\/avatar\\\/c7164ed6fdec453195284ad24a5ae5b6e1eed2b848477fa2a4787ba9adf39a41?s=96&d=mm&r=g\",\"url\":\"https:\\\/\\\/secure.gravatar.com\\\/avatar\\\/c7164ed6fdec453195284ad24a5ae5b6e1eed2b848477fa2a4787ba9adf39a41?s=96&d=mm&r=g\",\"contentUrl\":\"https:\\\/\\\/secure.gravatar.com\\\/avatar\\\/c7164ed6fdec453195284ad24a5ae5b6e1eed2b848477fa2a4787ba9adf39a41?s=96&d=mm&r=g\",\"caption\":\"Redacci\u00f3n QP\"},\"url\":\"https:\\\/\\\/quehacerpolitico.mx\\\/?author=2\"}]}<\/script>\n<!-- \/ Yoast SEO plugin. -->","yoast_head_json":{"title":"Esto dijo Denise Dresser sobre quema de pi\u00f1ata de L\u00f3pez Obrador -","robots":{"index":"index","follow":"follow","max-snippet":"max-snippet:-1","max-image-preview":"max-image-preview:large","max-video-preview":"max-video-preview:-1"},"canonical":"https:\/\/quehacerpolitico.mx\/?p=105703","og_locale":"es_MX","og_type":"article","og_title":"Esto dijo Denise Dresser sobre quema de pi\u00f1ata de L\u00f3pez Obrador -","og_description":"Por Redacci\u00f3n QP En videos publicados en redes sociales se observa a un grupo de...","og_url":"https:\/\/quehacerpolitico.mx\/?p=105703","article_published_time":"2023-10-17T17:51:48+00:00","article_modified_time":"2023-10-17T17:51:51+00:00","og_image":[{"width":764,"height":401,"url":"https:\/\/quehacerpolitico.mx\/wp-content\/uploads\/2023\/10\/IMG_1412.jpeg","type":"image\/jpeg"}],"author":"Redacci\u00f3n QP","twitter_card":"summary_large_image","twitter_misc":{"Escrito por":"Redacci\u00f3n QP","Tiempo de lectura":"2 minutos"},"schema":{"@context":"https:\/\/schema.org","@graph":[{"@type":"Article","@id":"https:\/\/quehacerpolitico.mx\/?p=105703#article","isPartOf":{"@id":"https:\/\/quehacerpolitico.mx\/?p=105703"},"author":{"name":"Redacci\u00f3n QP","@id":"https:\/\/quehacerpolitico.mx\/#\/schema\/person\/496d8ad2d1d3f8036101dca7ee39e585"},"headline":"Esto dijo Denise Dresser sobre quema de pi\u00f1ata de L\u00f3pez Obrador","datePublished":"2023-10-17T17:51:48+00:00","dateModified":"2023-10-17T17:51:51+00:00","mainEntityOfPage":{"@id":"https:\/\/quehacerpolitico.mx\/?p=105703"},"wordCount":456,"commentCount":0,"image":{"@id":"https:\/\/quehacerpolitico.mx\/?p=105703#primaryimage"},"thumbnailUrl":"https:\/\/quehacerpolitico.mx\/wp-content\/uploads\/2023\/10\/IMG_1412.jpeg","articleSection":["Noticias"],"inLanguage":"es","potentialAction":[{"@type":"CommentAction","name":"Comment","target":["https:\/\/quehacerpolitico.mx\/?p=105703#respond"]}]},{"@type":"WebPage","@id":"https:\/\/quehacerpolitico.mx\/?p=105703","url":"https:\/\/quehacerpolitico.mx\/?p=105703","name":"Esto dijo Denise Dresser sobre quema de pi\u00f1ata de L\u00f3pez Obrador -","isPartOf":{"@id":"https:\/\/quehacerpolitico.mx\/#website"},"primaryImageOfPage":{"@id":"https:\/\/quehacerpolitico.mx\/?p=105703#primaryimage"},"image":{"@id":"https:\/\/quehacerpolitico.mx\/?p=105703#primaryimage"},"thumbnailUrl":"https:\/\/quehacerpolitico.mx\/wp-content\/uploads\/2023\/10\/IMG_1412.jpeg","datePublished":"2023-10-17T17:51:48+00:00","dateModified":"2023-10-17T17:51:51+00:00","author":{"@id":"https:\/\/quehacerpolitico.mx\/#\/schema\/person\/496d8ad2d1d3f8036101dca7ee39e585"},"breadcrumb":{"@id":"https:\/\/quehacerpolitico.mx\/?p=105703#breadcrumb"},"inLanguage":"es","potentialAction":[{"@type":"ReadAction","target":["https:\/\/quehacerpolitico.mx\/?p=105703"]}]},{"@type":"ImageObject","inLanguage":"es","@id":"https:\/\/quehacerpolitico.mx\/?p=105703#primaryimage","url":"https:\/\/quehacerpolitico.mx\/wp-content\/uploads\/2023\/10\/IMG_1412.jpeg","contentUrl":"https:\/\/quehacerpolitico.mx\/wp-content\/uploads\/2023\/10\/IMG_1412.jpeg","width":764,"height":401},{"@type":"BreadcrumbList","@id":"https:\/\/quehacerpolitico.mx\/?p=105703#breadcrumb","itemListElement":[{"@type":"ListItem","position":1,"name":"Inicio","item":"https:\/\/quehacerpolitico.mx\/"},{"@type":"ListItem","position":2,"name":"Esto dijo Denise Dresser sobre quema de pi\u00f1ata de L\u00f3pez Obrador"}]},{"@type":"WebSite","@id":"https:\/\/quehacerpolitico.mx\/#website","url":"https:\/\/quehacerpolitico.mx\/","name":"","description":"","potentialAction":[{"@type":"SearchAction","target":{"@type":"EntryPoint","urlTemplate":"https:\/\/quehacerpolitico.mx\/?s={search_term_string}"},"query-input":{"@type":"PropertyValueSpecification","valueRequired":true,"valueName":"search_term_string"}}],"inLanguage":"es"},{"@type":"Person","@id":"https:\/\/quehacerpolitico.mx\/#\/schema\/person\/496d8ad2d1d3f8036101dca7ee39e585","name":"Redacci\u00f3n QP","image":{"@type":"ImageObject","inLanguage":"es","@id":"https:\/\/secure.gravatar.com\/avatar\/c7164ed6fdec453195284ad24a5ae5b6e1eed2b848477fa2a4787ba9adf39a41?s=96&d=mm&r=g","url":"https:\/\/secure.gravatar.com\/avatar\/c7164ed6fdec453195284ad24a5ae5b6e1eed2b848477fa2a4787ba9adf39a41?s=96&d=mm&r=g","contentUrl":"https:\/\/secure.gravatar.com\/avatar\/c7164ed6fdec453195284ad24a5ae5b6e1eed2b848477fa2a4787ba9adf39a41?s=96&d=mm&r=g","caption":"Redacci\u00f3n QP"},"url":"https:\/\/quehacerpolitico.mx\/?author=2"}]}},"featured_image_urls":{"full":["https:\/\/quehacerpolitico.mx\/wp-content\/uploads\/2023\/10\/IMG_1412.jpeg",764,401,false],"thumbnail":["https:\/\/quehacerpolitico.mx\/wp-content\/uploads\/2023\/10\/IMG_1412-150x150.jpeg",150,150,true],"medium":["https:\/\/quehacerpolitico.mx\/wp-content\/uploads\/2023\/10\/IMG_1412-300x157.jpeg",300,157,true],"medium_large":["https:\/\/quehacerpolitico.mx\/wp-content\/uploads\/2023\/10\/IMG_1412.jpeg",640,336,false],"large":["https:\/\/quehacerpolitico.mx\/wp-content\/uploads\/2023\/10\/IMG_1412.jpeg",640,336,false],"1536x1536":["https:\/\/quehacerpolitico.mx\/wp-content\/uploads\/2023\/10\/IMG_1412.jpeg",764,401,false],"2048x2048":["https:\/\/quehacerpolitico.mx\/wp-content\/uploads\/2023\/10\/IMG_1412.jpeg",764,401,false],"covernews-featured":["https:\/\/quehacerpolitico.mx\/wp-content\/uploads\/2023\/10\/IMG_1412.jpeg",764,401,false],"covernews-medium":["https:\/\/quehacerpolitico.mx\/wp-content\/uploads\/2023\/10\/IMG_1412.jpeg",540,283,false]},"author_info":{"display_name":"Redacci\u00f3n QP","author_link":"https:\/\/quehacerpolitico.mx\/?author=2"},"category_info":"<a href=\"https:\/\/quehacerpolitico.mx\/?cat=2\" rel=\"category\">Noticias<\/a>","tag_info":"Noticias","comment_count":"0","_links":{"self":[{"href":"https:\/\/quehacerpolitico.mx\/index.php?rest_route=\/wp\/v2\/posts\/105703","targetHints":{"allow":["GET"]}}],"collection":[{"href":"https:\/\/quehacerpolitico.mx\/index.php?rest_route=\/wp\/v2\/posts"}],"about":[{"href":"https:\/\/quehacerpolitico.mx\/index.php?rest_route=\/wp\/v2\/types\/post"}],"author":[{"embeddable":true,"href":"https:\/\/quehacerpolitico.mx\/index.php?rest_route=\/wp\/v2\/users\/2"}],"replies":[{"embeddable":true,"href":"https:\/\/quehacerpolitico.mx\/index.php?rest_route=%2Fwp%2Fv2%2Fcomments&post=105703"}],"version-history":[{"count":1,"href":"https:\/\/quehacerpolitico.mx\/index.php?rest_route=\/wp\/v2\/posts\/105703\/revisions"}],"predecessor-version":[{"id":105706,"href":"https:\/\/quehacerpolitico.mx\/index.php?rest_route=\/wp\/v2\/posts\/105703\/revisions\/105706"}],"wp:featuredmedia":[{"embeddable":true,"href":"https:\/\/quehacerpolitico.mx\/index.php?rest_route=\/wp\/v2\/media\/105705"}],"wp:attachment":[{"href":"https:\/\/quehacerpolitico.mx\/index.php?rest_route=%2Fwp%2Fv2%2Fmedia&parent=105703"}],"wp:term":[{"taxonomy":"category","embeddable":true,"href":"https:\/\/quehacerpolitico.mx\/index.php?rest_route=%2Fwp%2Fv2%2Fcategories&post=105703"},{"taxonomy":"post_tag","embeddable":true,"href":"https:\/\/quehacerpolitico.mx\/index.php?rest_route=%2Fwp%2Fv2%2Ftags&post=105703"}],"curies":[{"name":"wp","href":"https:\/\/api.w.org\/{rel}","templated":true}]}}