{"id":105700,"date":"2023-10-17T17:30:12","date_gmt":"2023-10-17T17:30:12","guid":{"rendered":"https:\/\/quehacerpolitico.mx\/?p=105700"},"modified":"2023-10-17T17:30:14","modified_gmt":"2023-10-17T17:30:14","slug":"se-buscan-acercamientos-con-hamas-para-liberar-a-2-mexicanos-lopez-obrador","status":"publish","type":"post","link":"https:\/\/quehacerpolitico.mx\/?p=105700","title":{"rendered":"Se buscan acercamientos con Ham\u00e1s para liberar a 2 mexicanos: L\u00f3pez Obrador"},"content":{"rendered":"\n<p>Por Redacci\u00f3n QP<\/p>\n\n\n\n<p>&#8220;Estamos hablando con todos&#8221;, dijo el Presidente en la ma\u00f1anera cuando se le cuestion\u00f3 si ya se ten\u00edan contactos ante el conflicto con Israel<\/p>\n\n\n\n<p>Esta ma\u00f1ana, el Presidente\u00a0Andres Manuel Lopez Obrador confirm\u00f3 que su gobierno busca acercamientos con la organizaci\u00f3n extremista Ham\u00e1s para liberar a dos mexicanos secuestrados, ante el conflicto con Israel.<\/p>\n\n\n\n<p><strong>&#8220;Tenemos comunicaci\u00f3n con las familias y estamos haciendo labor con todos los gobiernos, con todas las organizaciones porque queremos salvar las vidas de estas dos personas&#8221;,<\/strong>\u00a0dijo en su conferencia ma\u00f1anera de este martes 17 de octubre en Palacio Nacional.<\/p>\n\n\n\n<figure class=\"wp-block-embed is-type-video is-provider-youtube wp-block-embed-youtube wp-embed-aspect-16-9 wp-has-aspect-ratio\"><div class=\"wp-block-embed__wrapper\">\n<iframe loading=\"lazy\" title=\"Contacto con Hamas ser\u00e1 en sigilo, dice AMLO\" width=\"640\" height=\"360\" src=\"https:\/\/www.youtube.com\/embed\/HU5Wthn-TZA?feature=oembed\" frameborder=\"0\" allow=\"accelerometer; autoplay; clipboard-write; encrypted-media; gyroscope; picture-in-picture; web-share\" referrerpolicy=\"strict-origin-when-cross-origin\" allowfullscreen><\/iframe>\n<\/div><\/figure>\n\n\n\n<p>En el Sal\u00f3n Tesorer\u00eda se le cuestion\u00f3 L\u00f3pez Obrador si ya hab\u00edan tenido contacto con\u00a0Ham\u00e1s<\/p>\n\n\n\n<p>&#8220;Estamos hablando con todos, no solo con una parte,&nbsp;<strong>incluso, no tenemos nada todav\u00eda en firme,<\/strong>estamos haciendo&nbsp;<strong>un trabajo que requiere tambi\u00e9n, en este caso, de sigilo, de actuar con mucha responsabilidad,<\/strong>&nbsp;por lo que queremos es salvar las vidas&#8221;, coment\u00f3 el Presidente.<\/p>\n\n\n\n<p>Ayer, Jes\u00fas Ram\u00edrez Cuevas, vocero de Presidencia, inform\u00f3 que la Secretar\u00eda de Relaciones Exteriores (SRE)\u00a0busca contacto con Ham\u00e1s y gobiernos afines a esta organizaci\u00f3n para buscar el rescate de los dos mexicanos -Ori\u00f3n Hern\u00e1ndez e Ilana Gritzewsky- que fueron secuestrados durante la incursi\u00f3n del grupo en Israel.<\/p>\n\n\n\n<p>&#8220;La Canciller\u00eda est\u00e1 interviniendo para buscar contacto tanto con Ham\u00e1s como con gobiernos y organizaciones afines\u00a0<strong>para identificar d\u00f3nde est\u00e1n y buscar que los liberen&#8221;<\/strong>, expres\u00f3.<\/p>\n\n\n\n<p>Con informaci\u00f3n de SUN<\/p>\n","protected":false},"excerpt":{"rendered":"<p>Por Redacci\u00f3n QP &#8220;Estamos hablando con todos&#8221;, dijo el Presidente en la ma\u00f1anera cuando se&#8230;<\/p>\n","protected":false},"author":2,"featured_media":105701,"comment_status":"open","ping_status":"open","sticky":false,"template":"","format":"standard","meta":{"_monsterinsights_skip_tracking":false,"_monsterinsights_sitenote_active":false,"_monsterinsights_sitenote_note":"","_monsterinsights_sitenote_category":0,"footnotes":""},"categories":[2],"tags":[],"class_list":["post-105700","post","type-post","status-publish","format-standard","has-post-thumbnail","hentry","category-noticias"],"yoast_head":"<!-- This site is optimized with the Yoast SEO plugin v27.3 - https:\/\/yoast.com\/product\/yoast-seo-wordpress\/ -->\n<title>Se buscan acercamientos con Ham\u00e1s para liberar a 2 mexicanos: L\u00f3pez Obrador -<\/title>\n<meta name=\"robots\" content=\"index, follow, max-snippet:-1, max-image-preview:large, max-video-preview:-1\" \/>\n<link rel=\"canonical\" href=\"https:\/\/quehacerpolitico.mx\/?p=105700\" \/>\n<meta property=\"og:locale\" content=\"es_MX\" \/>\n<meta property=\"og:type\" content=\"article\" \/>\n<meta property=\"og:title\" content=\"Se buscan acercamientos con Ham\u00e1s para liberar a 2 mexicanos: L\u00f3pez Obrador -\" \/>\n<meta property=\"og:description\" content=\"Por Redacci\u00f3n QP &#8220;Estamos hablando con todos&#8221;, dijo el Presidente en la ma\u00f1anera cuando se...\" \/>\n<meta property=\"og:url\" content=\"https:\/\/quehacerpolitico.mx\/?p=105700\" \/>\n<meta property=\"article:published_time\" content=\"2023-10-17T17:30:12+00:00\" \/>\n<meta property=\"article:modified_time\" content=\"2023-10-17T17:30:14+00:00\" \/>\n<meta property=\"og:image\" content=\"https:\/\/quehacerpolitico.mx\/wp-content\/uploads\/2023\/10\/IMG_1410.jpeg\" \/>\n\t<meta property=\"og:image:width\" content=\"1277\" \/>\n\t<meta property=\"og:image:height\" content=\"702\" \/>\n\t<meta property=\"og:image:type\" content=\"image\/jpeg\" \/>\n<meta name=\"author\" content=\"Redacci\u00f3n QP\" \/>\n<meta name=\"twitter:card\" content=\"summary_large_image\" \/>\n<meta name=\"twitter:label1\" content=\"Escrito por\" \/>\n\t<meta name=\"twitter:data1\" content=\"Redacci\u00f3n QP\" \/>\n\t<meta name=\"twitter:label2\" content=\"Tiempo de lectura\" \/>\n\t<meta name=\"twitter:data2\" content=\"1 minuto\" \/>\n<script type=\"application\/ld+json\" class=\"yoast-schema-graph\">{\"@context\":\"https:\\\/\\\/schema.org\",\"@graph\":[{\"@type\":\"Article\",\"@id\":\"https:\\\/\\\/quehacerpolitico.mx\\\/?p=105700#article\",\"isPartOf\":{\"@id\":\"https:\\\/\\\/quehacerpolitico.mx\\\/?p=105700\"},\"author\":{\"name\":\"Redacci\u00f3n QP\",\"@id\":\"https:\\\/\\\/quehacerpolitico.mx\\\/#\\\/schema\\\/person\\\/496d8ad2d1d3f8036101dca7ee39e585\"},\"headline\":\"Se buscan acercamientos con Ham\u00e1s para liberar a 2 mexicanos: L\u00f3pez Obrador\",\"datePublished\":\"2023-10-17T17:30:12+00:00\",\"dateModified\":\"2023-10-17T17:30:14+00:00\",\"mainEntityOfPage\":{\"@id\":\"https:\\\/\\\/quehacerpolitico.mx\\\/?p=105700\"},\"wordCount\":286,\"commentCount\":0,\"image\":{\"@id\":\"https:\\\/\\\/quehacerpolitico.mx\\\/?p=105700#primaryimage\"},\"thumbnailUrl\":\"https:\\\/\\\/quehacerpolitico.mx\\\/wp-content\\\/uploads\\\/2023\\\/10\\\/IMG_1410.jpeg\",\"articleSection\":[\"Noticias\"],\"inLanguage\":\"es\",\"potentialAction\":[{\"@type\":\"CommentAction\",\"name\":\"Comment\",\"target\":[\"https:\\\/\\\/quehacerpolitico.mx\\\/?p=105700#respond\"]}]},{\"@type\":\"WebPage\",\"@id\":\"https:\\\/\\\/quehacerpolitico.mx\\\/?p=105700\",\"url\":\"https:\\\/\\\/quehacerpolitico.mx\\\/?p=105700\",\"name\":\"Se buscan acercamientos con Ham\u00e1s para liberar a 2 mexicanos: L\u00f3pez Obrador -\",\"isPartOf\":{\"@id\":\"https:\\\/\\\/quehacerpolitico.mx\\\/#website\"},\"primaryImageOfPage\":{\"@id\":\"https:\\\/\\\/quehacerpolitico.mx\\\/?p=105700#primaryimage\"},\"image\":{\"@id\":\"https:\\\/\\\/quehacerpolitico.mx\\\/?p=105700#primaryimage\"},\"thumbnailUrl\":\"https:\\\/\\\/quehacerpolitico.mx\\\/wp-content\\\/uploads\\\/2023\\\/10\\\/IMG_1410.jpeg\",\"datePublished\":\"2023-10-17T17:30:12+00:00\",\"dateModified\":\"2023-10-17T17:30:14+00:00\",\"author\":{\"@id\":\"https:\\\/\\\/quehacerpolitico.mx\\\/#\\\/schema\\\/person\\\/496d8ad2d1d3f8036101dca7ee39e585\"},\"breadcrumb\":{\"@id\":\"https:\\\/\\\/quehacerpolitico.mx\\\/?p=105700#breadcrumb\"},\"inLanguage\":\"es\",\"potentialAction\":[{\"@type\":\"ReadAction\",\"target\":[\"https:\\\/\\\/quehacerpolitico.mx\\\/?p=105700\"]}]},{\"@type\":\"ImageObject\",\"inLanguage\":\"es\",\"@id\":\"https:\\\/\\\/quehacerpolitico.mx\\\/?p=105700#primaryimage\",\"url\":\"https:\\\/\\\/quehacerpolitico.mx\\\/wp-content\\\/uploads\\\/2023\\\/10\\\/IMG_1410.jpeg\",\"contentUrl\":\"https:\\\/\\\/quehacerpolitico.mx\\\/wp-content\\\/uploads\\\/2023\\\/10\\\/IMG_1410.jpeg\",\"width\":1277,\"height\":702},{\"@type\":\"BreadcrumbList\",\"@id\":\"https:\\\/\\\/quehacerpolitico.mx\\\/?p=105700#breadcrumb\",\"itemListElement\":[{\"@type\":\"ListItem\",\"position\":1,\"name\":\"Inicio\",\"item\":\"https:\\\/\\\/quehacerpolitico.mx\\\/\"},{\"@type\":\"ListItem\",\"position\":2,\"name\":\"Se buscan acercamientos con Ham\u00e1s para liberar a 2 mexicanos: L\u00f3pez Obrador\"}]},{\"@type\":\"WebSite\",\"@id\":\"https:\\\/\\\/quehacerpolitico.mx\\\/#website\",\"url\":\"https:\\\/\\\/quehacerpolitico.mx\\\/\",\"name\":\"\",\"description\":\"\",\"potentialAction\":[{\"@type\":\"SearchAction\",\"target\":{\"@type\":\"EntryPoint\",\"urlTemplate\":\"https:\\\/\\\/quehacerpolitico.mx\\\/?s={search_term_string}\"},\"query-input\":{\"@type\":\"PropertyValueSpecification\",\"valueRequired\":true,\"valueName\":\"search_term_string\"}}],\"inLanguage\":\"es\"},{\"@type\":\"Person\",\"@id\":\"https:\\\/\\\/quehacerpolitico.mx\\\/#\\\/schema\\\/person\\\/496d8ad2d1d3f8036101dca7ee39e585\",\"name\":\"Redacci\u00f3n QP\",\"image\":{\"@type\":\"ImageObject\",\"inLanguage\":\"es\",\"@id\":\"https:\\\/\\\/secure.gravatar.com\\\/avatar\\\/c7164ed6fdec453195284ad24a5ae5b6e1eed2b848477fa2a4787ba9adf39a41?s=96&d=mm&r=g\",\"url\":\"https:\\\/\\\/secure.gravatar.com\\\/avatar\\\/c7164ed6fdec453195284ad24a5ae5b6e1eed2b848477fa2a4787ba9adf39a41?s=96&d=mm&r=g\",\"contentUrl\":\"https:\\\/\\\/secure.gravatar.com\\\/avatar\\\/c7164ed6fdec453195284ad24a5ae5b6e1eed2b848477fa2a4787ba9adf39a41?s=96&d=mm&r=g\",\"caption\":\"Redacci\u00f3n QP\"},\"url\":\"https:\\\/\\\/quehacerpolitico.mx\\\/?author=2\"}]}<\/script>\n<!-- \/ Yoast SEO plugin. -->","yoast_head_json":{"title":"Se buscan acercamientos con Ham\u00e1s para liberar a 2 mexicanos: L\u00f3pez Obrador -","robots":{"index":"index","follow":"follow","max-snippet":"max-snippet:-1","max-image-preview":"max-image-preview:large","max-video-preview":"max-video-preview:-1"},"canonical":"https:\/\/quehacerpolitico.mx\/?p=105700","og_locale":"es_MX","og_type":"article","og_title":"Se buscan acercamientos con Ham\u00e1s para liberar a 2 mexicanos: L\u00f3pez Obrador -","og_description":"Por Redacci\u00f3n QP &#8220;Estamos hablando con todos&#8221;, dijo el Presidente en la ma\u00f1anera cuando se...","og_url":"https:\/\/quehacerpolitico.mx\/?p=105700","article_published_time":"2023-10-17T17:30:12+00:00","article_modified_time":"2023-10-17T17:30:14+00:00","og_image":[{"width":1277,"height":702,"url":"https:\/\/quehacerpolitico.mx\/wp-content\/uploads\/2023\/10\/IMG_1410.jpeg","type":"image\/jpeg"}],"author":"Redacci\u00f3n QP","twitter_card":"summary_large_image","twitter_misc":{"Escrito por":"Redacci\u00f3n QP","Tiempo de lectura":"1 minuto"},"schema":{"@context":"https:\/\/schema.org","@graph":[{"@type":"Article","@id":"https:\/\/quehacerpolitico.mx\/?p=105700#article","isPartOf":{"@id":"https:\/\/quehacerpolitico.mx\/?p=105700"},"author":{"name":"Redacci\u00f3n QP","@id":"https:\/\/quehacerpolitico.mx\/#\/schema\/person\/496d8ad2d1d3f8036101dca7ee39e585"},"headline":"Se buscan acercamientos con Ham\u00e1s para liberar a 2 mexicanos: L\u00f3pez Obrador","datePublished":"2023-10-17T17:30:12+00:00","dateModified":"2023-10-17T17:30:14+00:00","mainEntityOfPage":{"@id":"https:\/\/quehacerpolitico.mx\/?p=105700"},"wordCount":286,"commentCount":0,"image":{"@id":"https:\/\/quehacerpolitico.mx\/?p=105700#primaryimage"},"thumbnailUrl":"https:\/\/quehacerpolitico.mx\/wp-content\/uploads\/2023\/10\/IMG_1410.jpeg","articleSection":["Noticias"],"inLanguage":"es","potentialAction":[{"@type":"CommentAction","name":"Comment","target":["https:\/\/quehacerpolitico.mx\/?p=105700#respond"]}]},{"@type":"WebPage","@id":"https:\/\/quehacerpolitico.mx\/?p=105700","url":"https:\/\/quehacerpolitico.mx\/?p=105700","name":"Se buscan acercamientos con Ham\u00e1s para liberar a 2 mexicanos: L\u00f3pez Obrador -","isPartOf":{"@id":"https:\/\/quehacerpolitico.mx\/#website"},"primaryImageOfPage":{"@id":"https:\/\/quehacerpolitico.mx\/?p=105700#primaryimage"},"image":{"@id":"https:\/\/quehacerpolitico.mx\/?p=105700#primaryimage"},"thumbnailUrl":"https:\/\/quehacerpolitico.mx\/wp-content\/uploads\/2023\/10\/IMG_1410.jpeg","datePublished":"2023-10-17T17:30:12+00:00","dateModified":"2023-10-17T17:30:14+00:00","author":{"@id":"https:\/\/quehacerpolitico.mx\/#\/schema\/person\/496d8ad2d1d3f8036101dca7ee39e585"},"breadcrumb":{"@id":"https:\/\/quehacerpolitico.mx\/?p=105700#breadcrumb"},"inLanguage":"es","potentialAction":[{"@type":"ReadAction","target":["https:\/\/quehacerpolitico.mx\/?p=105700"]}]},{"@type":"ImageObject","inLanguage":"es","@id":"https:\/\/quehacerpolitico.mx\/?p=105700#primaryimage","url":"https:\/\/quehacerpolitico.mx\/wp-content\/uploads\/2023\/10\/IMG_1410.jpeg","contentUrl":"https:\/\/quehacerpolitico.mx\/wp-content\/uploads\/2023\/10\/IMG_1410.jpeg","width":1277,"height":702},{"@type":"BreadcrumbList","@id":"https:\/\/quehacerpolitico.mx\/?p=105700#breadcrumb","itemListElement":[{"@type":"ListItem","position":1,"name":"Inicio","item":"https:\/\/quehacerpolitico.mx\/"},{"@type":"ListItem","position":2,"name":"Se buscan acercamientos con Ham\u00e1s para liberar a 2 mexicanos: L\u00f3pez Obrador"}]},{"@type":"WebSite","@id":"https:\/\/quehacerpolitico.mx\/#website","url":"https:\/\/quehacerpolitico.mx\/","name":"","description":"","potentialAction":[{"@type":"SearchAction","target":{"@type":"EntryPoint","urlTemplate":"https:\/\/quehacerpolitico.mx\/?s={search_term_string}"},"query-input":{"@type":"PropertyValueSpecification","valueRequired":true,"valueName":"search_term_string"}}],"inLanguage":"es"},{"@type":"Person","@id":"https:\/\/quehacerpolitico.mx\/#\/schema\/person\/496d8ad2d1d3f8036101dca7ee39e585","name":"Redacci\u00f3n QP","image":{"@type":"ImageObject","inLanguage":"es","@id":"https:\/\/secure.gravatar.com\/avatar\/c7164ed6fdec453195284ad24a5ae5b6e1eed2b848477fa2a4787ba9adf39a41?s=96&d=mm&r=g","url":"https:\/\/secure.gravatar.com\/avatar\/c7164ed6fdec453195284ad24a5ae5b6e1eed2b848477fa2a4787ba9adf39a41?s=96&d=mm&r=g","contentUrl":"https:\/\/secure.gravatar.com\/avatar\/c7164ed6fdec453195284ad24a5ae5b6e1eed2b848477fa2a4787ba9adf39a41?s=96&d=mm&r=g","caption":"Redacci\u00f3n QP"},"url":"https:\/\/quehacerpolitico.mx\/?author=2"}]}},"featured_image_urls":{"full":["https:\/\/quehacerpolitico.mx\/wp-content\/uploads\/2023\/10\/IMG_1410.jpeg",1277,702,false],"thumbnail":["https:\/\/quehacerpolitico.mx\/wp-content\/uploads\/2023\/10\/IMG_1410-150x150.jpeg",150,150,true],"medium":["https:\/\/quehacerpolitico.mx\/wp-content\/uploads\/2023\/10\/IMG_1410-300x165.jpeg",300,165,true],"medium_large":["https:\/\/quehacerpolitico.mx\/wp-content\/uploads\/2023\/10\/IMG_1410-768x422.jpeg",640,352,true],"large":["https:\/\/quehacerpolitico.mx\/wp-content\/uploads\/2023\/10\/IMG_1410-1024x563.jpeg",640,352,true],"1536x1536":["https:\/\/quehacerpolitico.mx\/wp-content\/uploads\/2023\/10\/IMG_1410.jpeg",1277,702,false],"2048x2048":["https:\/\/quehacerpolitico.mx\/wp-content\/uploads\/2023\/10\/IMG_1410.jpeg",1277,702,false],"covernews-featured":["https:\/\/quehacerpolitico.mx\/wp-content\/uploads\/2023\/10\/IMG_1410.jpeg",1024,563,false],"covernews-medium":["https:\/\/quehacerpolitico.mx\/wp-content\/uploads\/2023\/10\/IMG_1410.jpeg",540,297,false]},"author_info":{"display_name":"Redacci\u00f3n QP","author_link":"https:\/\/quehacerpolitico.mx\/?author=2"},"category_info":"<a href=\"https:\/\/quehacerpolitico.mx\/?cat=2\" rel=\"category\">Noticias<\/a>","tag_info":"Noticias","comment_count":"0","_links":{"self":[{"href":"https:\/\/quehacerpolitico.mx\/index.php?rest_route=\/wp\/v2\/posts\/105700","targetHints":{"allow":["GET"]}}],"collection":[{"href":"https:\/\/quehacerpolitico.mx\/index.php?rest_route=\/wp\/v2\/posts"}],"about":[{"href":"https:\/\/quehacerpolitico.mx\/index.php?rest_route=\/wp\/v2\/types\/post"}],"author":[{"embeddable":true,"href":"https:\/\/quehacerpolitico.mx\/index.php?rest_route=\/wp\/v2\/users\/2"}],"replies":[{"embeddable":true,"href":"https:\/\/quehacerpolitico.mx\/index.php?rest_route=%2Fwp%2Fv2%2Fcomments&post=105700"}],"version-history":[{"count":1,"href":"https:\/\/quehacerpolitico.mx\/index.php?rest_route=\/wp\/v2\/posts\/105700\/revisions"}],"predecessor-version":[{"id":105702,"href":"https:\/\/quehacerpolitico.mx\/index.php?rest_route=\/wp\/v2\/posts\/105700\/revisions\/105702"}],"wp:featuredmedia":[{"embeddable":true,"href":"https:\/\/quehacerpolitico.mx\/index.php?rest_route=\/wp\/v2\/media\/105701"}],"wp:attachment":[{"href":"https:\/\/quehacerpolitico.mx\/index.php?rest_route=%2Fwp%2Fv2%2Fmedia&parent=105700"}],"wp:term":[{"taxonomy":"category","embeddable":true,"href":"https:\/\/quehacerpolitico.mx\/index.php?rest_route=%2Fwp%2Fv2%2Fcategories&post=105700"},{"taxonomy":"post_tag","embeddable":true,"href":"https:\/\/quehacerpolitico.mx\/index.php?rest_route=%2Fwp%2Fv2%2Ftags&post=105700"}],"curies":[{"name":"wp","href":"https:\/\/api.w.org\/{rel}","templated":true}]}}