{"id":105696,"date":"2023-10-17T17:10:25","date_gmt":"2023-10-17T17:10:25","guid":{"rendered":"https:\/\/quehacerpolitico.mx\/?p=105696"},"modified":"2023-10-17T17:12:17","modified_gmt":"2023-10-17T17:12:17","slug":"amlo-descalifica-el-paro-en-el-poder-judicialse-van-de-vacaciones-no-trabajan-van-a-hacer-huelga-de-brazos-caidos-si-siempre-estan-asi","status":"publish","type":"post","link":"https:\/\/quehacerpolitico.mx\/?p=105696","title":{"rendered":"AMLO descalifica el paro en el Poder Judicial:&#8221;Se van de vacaciones, no trabajan (\u2026) van a hacer huelga de brazos ca\u00eddos, si siempre est\u00e1n as\u00ed&#8221;"},"content":{"rendered":"\n<p>Por Redacci\u00f3n QP<\/p>\n\n\n\n<p>El presidente de M\u00e9xico, A<strong>ndr\u00e9s Manuel L\u00f3pez Obrador<\/strong>, insisti\u00f3 en su cr\u00edtica a los jueces y magistrados del&nbsp;<strong>Poder Judicial<\/strong>&nbsp;y se burl\u00f3 del paro previsto para este martes, asegurando que los integrantes del organismo \u201cni trabajan\u201d.&nbsp;<\/p>\n\n\n\n<p>\u201cDicen, por ejemplo, vamos a hacer un paro, pues si se van de vacaciones no s\u00e9 cu\u00e1nto tiempo, si no trabajan, se tardan, hay miles de personas que tienen 10 a\u00f1os sin sentencia\u201d, dijo el mandatario tras su cr\u00edtica a&nbsp;<strong>jueces<\/strong>&nbsp;y&nbsp;<strong>magistrados<\/strong>; sin embargo, quienes se manifiestan son trabajadores.<\/p>\n\n\n\n<p>&nbsp;\u201cVan a hacer huelga de brazos ca\u00eddos, pues si siempre est\u00e1n, pues es lo mismo, no hay nada que haya hecho el&nbsp;<strong>Poder Judicial<\/strong>&nbsp;en 36 a\u00f1os\u201d, continu\u00f3.<\/p>\n\n\n\n<figure class=\"wp-block-embed is-type-video is-provider-youtube wp-block-embed-youtube wp-embed-aspect-16-9 wp-has-aspect-ratio\"><div class=\"wp-block-embed__wrapper\">\n<iframe loading=\"lazy\" title=\"Desde\u00f1a AMLO paro en Poder Judicial: &#039;no trabajan&#039;\" width=\"640\" height=\"360\" src=\"https:\/\/www.youtube.com\/embed\/g3Eyj6nvTHk?feature=oembed\" frameborder=\"0\" allow=\"accelerometer; autoplay; clipboard-write; encrypted-media; gyroscope; picture-in-picture; web-share\" referrerpolicy=\"strict-origin-when-cross-origin\" allowfullscreen><\/iframe>\n<\/div><\/figure>\n\n\n\n<p>El presidente dijo que no le importa que ayer durante las protestas en la&nbsp;<strong>Ciudad de M\u00e9xico<\/strong>hayan quemado una pi\u00f1ata de un \u201c<strong>Amlito<\/strong>\u201c.&nbsp;<\/p>\n\n\n\n<p>\u201cNo me importa nada, est\u00e1 como cuando insultan, pero f\u00edjense la quema de una pi\u00f1ata o un insulto y aqu\u00ed ahorrar\u00edamos para darle becas a los m\u00e1s pobres de M\u00e9xico, a los ni\u00f1os m\u00e1s pobres\u201d, asegur\u00f3.<\/p>\n\n\n\n<p>El mandatario asever\u00f3 que con la eliminaci\u00f3n de 13&nbsp;<strong>fideicomisos<\/strong>&nbsp;del&nbsp;<strong>Poder Judicial<\/strong>&nbsp;no se va a perjudicar a sus trabajadores, sino que busca bajar los privilegios de los jueces, magistrados y ministros.<\/p>\n\n\n\n<p>\u201cNo se les va a bajar el sueldo ni se les van a quitar las pensiones. Es algo tan dr\u00e1stico como se hizo en el&nbsp;<strong>Ejecutivo<\/strong>&nbsp;(\u2026). Que no los usen, que no los manipulen, ellos mismos se dan cuenta de la vida que se dan los ministros\u201d, mencion\u00f3<a href=\"https:\/\/twitter.com\/lopezobrador_\" target=\"_blank\" rel=\"noreferrer noopener\">.<\/a><\/p>\n\n\n\n<p>El presidente asegur\u00f3 que con los recursos de los fideicomisos se puede utilizar en becas que podr\u00edan llagar a m\u00e1s millones de ni\u00f1os.<\/p>\n\n\n\n<p>En la ma\u00f1ana de este martes trabajadores se han&nbsp;<strong>manifestado<\/strong>&nbsp;en contra de la eliminaci\u00f3n de los fideicomisos en sedes del&nbsp;<strong>Poder Judicial<\/strong>&nbsp;en la Ciudad de M\u00e9xico y en los distintos estados de la Rep\u00fablica.<\/p>\n","protected":false},"excerpt":{"rendered":"<p>Por Redacci\u00f3n QP El presidente de M\u00e9xico, Andr\u00e9s Manuel L\u00f3pez Obrador, insisti\u00f3 en su cr\u00edtica&#8230;<\/p>\n","protected":false},"author":2,"featured_media":105698,"comment_status":"open","ping_status":"open","sticky":false,"template":"","format":"standard","meta":{"_monsterinsights_skip_tracking":false,"_monsterinsights_sitenote_active":false,"_monsterinsights_sitenote_note":"","_monsterinsights_sitenote_category":0,"footnotes":""},"categories":[2],"tags":[],"class_list":["post-105696","post","type-post","status-publish","format-standard","has-post-thumbnail","hentry","category-noticias"],"yoast_head":"<!-- This site is optimized with the Yoast SEO plugin v27.3 - https:\/\/yoast.com\/product\/yoast-seo-wordpress\/ -->\n<title>AMLO descalifica el paro en el Poder Judicial:&quot;Se van de vacaciones, no trabajan (\u2026) van a hacer huelga de brazos ca\u00eddos, si siempre est\u00e1n as\u00ed&quot; -<\/title>\n<meta name=\"robots\" content=\"index, follow, max-snippet:-1, max-image-preview:large, max-video-preview:-1\" \/>\n<link rel=\"canonical\" href=\"https:\/\/quehacerpolitico.mx\/?p=105696\" \/>\n<meta property=\"og:locale\" content=\"es_MX\" \/>\n<meta property=\"og:type\" content=\"article\" \/>\n<meta property=\"og:title\" content=\"AMLO descalifica el paro en el Poder Judicial:&quot;Se van de vacaciones, no trabajan (\u2026) van a hacer huelga de brazos ca\u00eddos, si siempre est\u00e1n as\u00ed&quot; -\" \/>\n<meta property=\"og:description\" content=\"Por Redacci\u00f3n QP El presidente de M\u00e9xico, Andr\u00e9s Manuel L\u00f3pez Obrador, insisti\u00f3 en su cr\u00edtica...\" \/>\n<meta property=\"og:url\" content=\"https:\/\/quehacerpolitico.mx\/?p=105696\" \/>\n<meta property=\"article:published_time\" content=\"2023-10-17T17:10:25+00:00\" \/>\n<meta property=\"article:modified_time\" content=\"2023-10-17T17:12:17+00:00\" \/>\n<meta property=\"og:image\" content=\"https:\/\/quehacerpolitico.mx\/wp-content\/uploads\/2023\/10\/IMG_1409.jpeg\" \/>\n\t<meta property=\"og:image:width\" content=\"1284\" \/>\n\t<meta property=\"og:image:height\" content=\"697\" \/>\n\t<meta property=\"og:image:type\" content=\"image\/jpeg\" \/>\n<meta name=\"author\" content=\"Redacci\u00f3n QP\" \/>\n<meta name=\"twitter:card\" content=\"summary_large_image\" \/>\n<meta name=\"twitter:label1\" content=\"Escrito por\" \/>\n\t<meta name=\"twitter:data1\" content=\"Redacci\u00f3n QP\" \/>\n\t<meta name=\"twitter:label2\" content=\"Tiempo de lectura\" \/>\n\t<meta name=\"twitter:data2\" content=\"2 minutos\" \/>\n<script type=\"application\/ld+json\" class=\"yoast-schema-graph\">{\"@context\":\"https:\\\/\\\/schema.org\",\"@graph\":[{\"@type\":\"Article\",\"@id\":\"https:\\\/\\\/quehacerpolitico.mx\\\/?p=105696#article\",\"isPartOf\":{\"@id\":\"https:\\\/\\\/quehacerpolitico.mx\\\/?p=105696\"},\"author\":{\"name\":\"Redacci\u00f3n QP\",\"@id\":\"https:\\\/\\\/quehacerpolitico.mx\\\/#\\\/schema\\\/person\\\/496d8ad2d1d3f8036101dca7ee39e585\"},\"headline\":\"AMLO descalifica el paro en el Poder Judicial:&#8221;Se van de vacaciones, no trabajan (\u2026) van a hacer huelga de brazos ca\u00eddos, si siempre est\u00e1n as\u00ed&#8221;\",\"datePublished\":\"2023-10-17T17:10:25+00:00\",\"dateModified\":\"2023-10-17T17:12:17+00:00\",\"mainEntityOfPage\":{\"@id\":\"https:\\\/\\\/quehacerpolitico.mx\\\/?p=105696\"},\"wordCount\":401,\"commentCount\":0,\"image\":{\"@id\":\"https:\\\/\\\/quehacerpolitico.mx\\\/?p=105696#primaryimage\"},\"thumbnailUrl\":\"https:\\\/\\\/quehacerpolitico.mx\\\/wp-content\\\/uploads\\\/2023\\\/10\\\/IMG_1409.jpeg\",\"articleSection\":[\"Noticias\"],\"inLanguage\":\"es\",\"potentialAction\":[{\"@type\":\"CommentAction\",\"name\":\"Comment\",\"target\":[\"https:\\\/\\\/quehacerpolitico.mx\\\/?p=105696#respond\"]}]},{\"@type\":\"WebPage\",\"@id\":\"https:\\\/\\\/quehacerpolitico.mx\\\/?p=105696\",\"url\":\"https:\\\/\\\/quehacerpolitico.mx\\\/?p=105696\",\"name\":\"AMLO descalifica el paro en el Poder Judicial:\\\"Se van de vacaciones, no trabajan (\u2026) van a hacer huelga de brazos ca\u00eddos, si siempre est\u00e1n as\u00ed\\\" -\",\"isPartOf\":{\"@id\":\"https:\\\/\\\/quehacerpolitico.mx\\\/#website\"},\"primaryImageOfPage\":{\"@id\":\"https:\\\/\\\/quehacerpolitico.mx\\\/?p=105696#primaryimage\"},\"image\":{\"@id\":\"https:\\\/\\\/quehacerpolitico.mx\\\/?p=105696#primaryimage\"},\"thumbnailUrl\":\"https:\\\/\\\/quehacerpolitico.mx\\\/wp-content\\\/uploads\\\/2023\\\/10\\\/IMG_1409.jpeg\",\"datePublished\":\"2023-10-17T17:10:25+00:00\",\"dateModified\":\"2023-10-17T17:12:17+00:00\",\"author\":{\"@id\":\"https:\\\/\\\/quehacerpolitico.mx\\\/#\\\/schema\\\/person\\\/496d8ad2d1d3f8036101dca7ee39e585\"},\"breadcrumb\":{\"@id\":\"https:\\\/\\\/quehacerpolitico.mx\\\/?p=105696#breadcrumb\"},\"inLanguage\":\"es\",\"potentialAction\":[{\"@type\":\"ReadAction\",\"target\":[\"https:\\\/\\\/quehacerpolitico.mx\\\/?p=105696\"]}]},{\"@type\":\"ImageObject\",\"inLanguage\":\"es\",\"@id\":\"https:\\\/\\\/quehacerpolitico.mx\\\/?p=105696#primaryimage\",\"url\":\"https:\\\/\\\/quehacerpolitico.mx\\\/wp-content\\\/uploads\\\/2023\\\/10\\\/IMG_1409.jpeg\",\"contentUrl\":\"https:\\\/\\\/quehacerpolitico.mx\\\/wp-content\\\/uploads\\\/2023\\\/10\\\/IMG_1409.jpeg\",\"width\":1284,\"height\":697},{\"@type\":\"BreadcrumbList\",\"@id\":\"https:\\\/\\\/quehacerpolitico.mx\\\/?p=105696#breadcrumb\",\"itemListElement\":[{\"@type\":\"ListItem\",\"position\":1,\"name\":\"Inicio\",\"item\":\"https:\\\/\\\/quehacerpolitico.mx\\\/\"},{\"@type\":\"ListItem\",\"position\":2,\"name\":\"AMLO descalifica el paro en el Poder Judicial:&#8221;Se van de vacaciones, no trabajan (\u2026) van a hacer huelga de brazos ca\u00eddos, si siempre est\u00e1n as\u00ed&#8221;\"}]},{\"@type\":\"WebSite\",\"@id\":\"https:\\\/\\\/quehacerpolitico.mx\\\/#website\",\"url\":\"https:\\\/\\\/quehacerpolitico.mx\\\/\",\"name\":\"\",\"description\":\"\",\"potentialAction\":[{\"@type\":\"SearchAction\",\"target\":{\"@type\":\"EntryPoint\",\"urlTemplate\":\"https:\\\/\\\/quehacerpolitico.mx\\\/?s={search_term_string}\"},\"query-input\":{\"@type\":\"PropertyValueSpecification\",\"valueRequired\":true,\"valueName\":\"search_term_string\"}}],\"inLanguage\":\"es\"},{\"@type\":\"Person\",\"@id\":\"https:\\\/\\\/quehacerpolitico.mx\\\/#\\\/schema\\\/person\\\/496d8ad2d1d3f8036101dca7ee39e585\",\"name\":\"Redacci\u00f3n QP\",\"image\":{\"@type\":\"ImageObject\",\"inLanguage\":\"es\",\"@id\":\"https:\\\/\\\/secure.gravatar.com\\\/avatar\\\/c7164ed6fdec453195284ad24a5ae5b6e1eed2b848477fa2a4787ba9adf39a41?s=96&d=mm&r=g\",\"url\":\"https:\\\/\\\/secure.gravatar.com\\\/avatar\\\/c7164ed6fdec453195284ad24a5ae5b6e1eed2b848477fa2a4787ba9adf39a41?s=96&d=mm&r=g\",\"contentUrl\":\"https:\\\/\\\/secure.gravatar.com\\\/avatar\\\/c7164ed6fdec453195284ad24a5ae5b6e1eed2b848477fa2a4787ba9adf39a41?s=96&d=mm&r=g\",\"caption\":\"Redacci\u00f3n QP\"},\"url\":\"https:\\\/\\\/quehacerpolitico.mx\\\/?author=2\"}]}<\/script>\n<!-- \/ Yoast SEO plugin. -->","yoast_head_json":{"title":"AMLO descalifica el paro en el Poder Judicial:\"Se van de vacaciones, no trabajan (\u2026) van a hacer huelga de brazos ca\u00eddos, si siempre est\u00e1n as\u00ed\" -","robots":{"index":"index","follow":"follow","max-snippet":"max-snippet:-1","max-image-preview":"max-image-preview:large","max-video-preview":"max-video-preview:-1"},"canonical":"https:\/\/quehacerpolitico.mx\/?p=105696","og_locale":"es_MX","og_type":"article","og_title":"AMLO descalifica el paro en el Poder Judicial:\"Se van de vacaciones, no trabajan (\u2026) van a hacer huelga de brazos ca\u00eddos, si siempre est\u00e1n as\u00ed\" -","og_description":"Por Redacci\u00f3n QP El presidente de M\u00e9xico, Andr\u00e9s Manuel L\u00f3pez Obrador, insisti\u00f3 en su cr\u00edtica...","og_url":"https:\/\/quehacerpolitico.mx\/?p=105696","article_published_time":"2023-10-17T17:10:25+00:00","article_modified_time":"2023-10-17T17:12:17+00:00","og_image":[{"width":1284,"height":697,"url":"https:\/\/quehacerpolitico.mx\/wp-content\/uploads\/2023\/10\/IMG_1409.jpeg","type":"image\/jpeg"}],"author":"Redacci\u00f3n QP","twitter_card":"summary_large_image","twitter_misc":{"Escrito por":"Redacci\u00f3n QP","Tiempo de lectura":"2 minutos"},"schema":{"@context":"https:\/\/schema.org","@graph":[{"@type":"Article","@id":"https:\/\/quehacerpolitico.mx\/?p=105696#article","isPartOf":{"@id":"https:\/\/quehacerpolitico.mx\/?p=105696"},"author":{"name":"Redacci\u00f3n QP","@id":"https:\/\/quehacerpolitico.mx\/#\/schema\/person\/496d8ad2d1d3f8036101dca7ee39e585"},"headline":"AMLO descalifica el paro en el Poder Judicial:&#8221;Se van de vacaciones, no trabajan (\u2026) van a hacer huelga de brazos ca\u00eddos, si siempre est\u00e1n as\u00ed&#8221;","datePublished":"2023-10-17T17:10:25+00:00","dateModified":"2023-10-17T17:12:17+00:00","mainEntityOfPage":{"@id":"https:\/\/quehacerpolitico.mx\/?p=105696"},"wordCount":401,"commentCount":0,"image":{"@id":"https:\/\/quehacerpolitico.mx\/?p=105696#primaryimage"},"thumbnailUrl":"https:\/\/quehacerpolitico.mx\/wp-content\/uploads\/2023\/10\/IMG_1409.jpeg","articleSection":["Noticias"],"inLanguage":"es","potentialAction":[{"@type":"CommentAction","name":"Comment","target":["https:\/\/quehacerpolitico.mx\/?p=105696#respond"]}]},{"@type":"WebPage","@id":"https:\/\/quehacerpolitico.mx\/?p=105696","url":"https:\/\/quehacerpolitico.mx\/?p=105696","name":"AMLO descalifica el paro en el Poder Judicial:\"Se van de vacaciones, no trabajan (\u2026) van a hacer huelga de brazos ca\u00eddos, si siempre est\u00e1n as\u00ed\" -","isPartOf":{"@id":"https:\/\/quehacerpolitico.mx\/#website"},"primaryImageOfPage":{"@id":"https:\/\/quehacerpolitico.mx\/?p=105696#primaryimage"},"image":{"@id":"https:\/\/quehacerpolitico.mx\/?p=105696#primaryimage"},"thumbnailUrl":"https:\/\/quehacerpolitico.mx\/wp-content\/uploads\/2023\/10\/IMG_1409.jpeg","datePublished":"2023-10-17T17:10:25+00:00","dateModified":"2023-10-17T17:12:17+00:00","author":{"@id":"https:\/\/quehacerpolitico.mx\/#\/schema\/person\/496d8ad2d1d3f8036101dca7ee39e585"},"breadcrumb":{"@id":"https:\/\/quehacerpolitico.mx\/?p=105696#breadcrumb"},"inLanguage":"es","potentialAction":[{"@type":"ReadAction","target":["https:\/\/quehacerpolitico.mx\/?p=105696"]}]},{"@type":"ImageObject","inLanguage":"es","@id":"https:\/\/quehacerpolitico.mx\/?p=105696#primaryimage","url":"https:\/\/quehacerpolitico.mx\/wp-content\/uploads\/2023\/10\/IMG_1409.jpeg","contentUrl":"https:\/\/quehacerpolitico.mx\/wp-content\/uploads\/2023\/10\/IMG_1409.jpeg","width":1284,"height":697},{"@type":"BreadcrumbList","@id":"https:\/\/quehacerpolitico.mx\/?p=105696#breadcrumb","itemListElement":[{"@type":"ListItem","position":1,"name":"Inicio","item":"https:\/\/quehacerpolitico.mx\/"},{"@type":"ListItem","position":2,"name":"AMLO descalifica el paro en el Poder Judicial:&#8221;Se van de vacaciones, no trabajan (\u2026) van a hacer huelga de brazos ca\u00eddos, si siempre est\u00e1n as\u00ed&#8221;"}]},{"@type":"WebSite","@id":"https:\/\/quehacerpolitico.mx\/#website","url":"https:\/\/quehacerpolitico.mx\/","name":"","description":"","potentialAction":[{"@type":"SearchAction","target":{"@type":"EntryPoint","urlTemplate":"https:\/\/quehacerpolitico.mx\/?s={search_term_string}"},"query-input":{"@type":"PropertyValueSpecification","valueRequired":true,"valueName":"search_term_string"}}],"inLanguage":"es"},{"@type":"Person","@id":"https:\/\/quehacerpolitico.mx\/#\/schema\/person\/496d8ad2d1d3f8036101dca7ee39e585","name":"Redacci\u00f3n QP","image":{"@type":"ImageObject","inLanguage":"es","@id":"https:\/\/secure.gravatar.com\/avatar\/c7164ed6fdec453195284ad24a5ae5b6e1eed2b848477fa2a4787ba9adf39a41?s=96&d=mm&r=g","url":"https:\/\/secure.gravatar.com\/avatar\/c7164ed6fdec453195284ad24a5ae5b6e1eed2b848477fa2a4787ba9adf39a41?s=96&d=mm&r=g","contentUrl":"https:\/\/secure.gravatar.com\/avatar\/c7164ed6fdec453195284ad24a5ae5b6e1eed2b848477fa2a4787ba9adf39a41?s=96&d=mm&r=g","caption":"Redacci\u00f3n QP"},"url":"https:\/\/quehacerpolitico.mx\/?author=2"}]}},"featured_image_urls":{"full":["https:\/\/quehacerpolitico.mx\/wp-content\/uploads\/2023\/10\/IMG_1409.jpeg",1284,697,false],"thumbnail":["https:\/\/quehacerpolitico.mx\/wp-content\/uploads\/2023\/10\/IMG_1409-150x150.jpeg",150,150,true],"medium":["https:\/\/quehacerpolitico.mx\/wp-content\/uploads\/2023\/10\/IMG_1409-300x163.jpeg",300,163,true],"medium_large":["https:\/\/quehacerpolitico.mx\/wp-content\/uploads\/2023\/10\/IMG_1409-768x417.jpeg",640,348,true],"large":["https:\/\/quehacerpolitico.mx\/wp-content\/uploads\/2023\/10\/IMG_1409-1024x556.jpeg",640,348,true],"1536x1536":["https:\/\/quehacerpolitico.mx\/wp-content\/uploads\/2023\/10\/IMG_1409.jpeg",1284,697,false],"2048x2048":["https:\/\/quehacerpolitico.mx\/wp-content\/uploads\/2023\/10\/IMG_1409.jpeg",1284,697,false],"covernews-featured":["https:\/\/quehacerpolitico.mx\/wp-content\/uploads\/2023\/10\/IMG_1409.jpeg",1024,556,false],"covernews-medium":["https:\/\/quehacerpolitico.mx\/wp-content\/uploads\/2023\/10\/IMG_1409.jpeg",540,293,false]},"author_info":{"display_name":"Redacci\u00f3n QP","author_link":"https:\/\/quehacerpolitico.mx\/?author=2"},"category_info":"<a href=\"https:\/\/quehacerpolitico.mx\/?cat=2\" rel=\"category\">Noticias<\/a>","tag_info":"Noticias","comment_count":"0","_links":{"self":[{"href":"https:\/\/quehacerpolitico.mx\/index.php?rest_route=\/wp\/v2\/posts\/105696","targetHints":{"allow":["GET"]}}],"collection":[{"href":"https:\/\/quehacerpolitico.mx\/index.php?rest_route=\/wp\/v2\/posts"}],"about":[{"href":"https:\/\/quehacerpolitico.mx\/index.php?rest_route=\/wp\/v2\/types\/post"}],"author":[{"embeddable":true,"href":"https:\/\/quehacerpolitico.mx\/index.php?rest_route=\/wp\/v2\/users\/2"}],"replies":[{"embeddable":true,"href":"https:\/\/quehacerpolitico.mx\/index.php?rest_route=%2Fwp%2Fv2%2Fcomments&post=105696"}],"version-history":[{"count":2,"href":"https:\/\/quehacerpolitico.mx\/index.php?rest_route=\/wp\/v2\/posts\/105696\/revisions"}],"predecessor-version":[{"id":105699,"href":"https:\/\/quehacerpolitico.mx\/index.php?rest_route=\/wp\/v2\/posts\/105696\/revisions\/105699"}],"wp:featuredmedia":[{"embeddable":true,"href":"https:\/\/quehacerpolitico.mx\/index.php?rest_route=\/wp\/v2\/media\/105698"}],"wp:attachment":[{"href":"https:\/\/quehacerpolitico.mx\/index.php?rest_route=%2Fwp%2Fv2%2Fmedia&parent=105696"}],"wp:term":[{"taxonomy":"category","embeddable":true,"href":"https:\/\/quehacerpolitico.mx\/index.php?rest_route=%2Fwp%2Fv2%2Fcategories&post=105696"},{"taxonomy":"post_tag","embeddable":true,"href":"https:\/\/quehacerpolitico.mx\/index.php?rest_route=%2Fwp%2Fv2%2Ftags&post=105696"}],"curies":[{"name":"wp","href":"https:\/\/api.w.org\/{rel}","templated":true}]}}