{"id":10569,"date":"2018-11-29T17:21:57","date_gmt":"2018-11-29T17:21:57","guid":{"rendered":"http:\/\/quehacerpolitico.mx\/el-reggae-se-suma-a-la-lista-de-patrimonio-inmaterial-de-la-humanidad\/"},"modified":"2018-11-29T17:21:57","modified_gmt":"2018-11-29T17:21:57","slug":"el-reggae-se-suma-a-la-lista-de-patrimonio-inmaterial-de-la-humanidad","status":"publish","type":"post","link":"https:\/\/quehacerpolitico.mx\/?p=10569","title":{"rendered":"El reggae se suma a la lista de Patrimonio Inmaterial de la Humanidad"},"content":{"rendered":"<h1 class=\"news-title\">El reggae se suma a la lista de Patrimonio Inmaterial de la Humanidad<\/h1>\n<p>Por Redacci\u00f3n QP<\/p>\n<div class=\"news-subtitle\">\n<p>De acuerdo con la Unesco, el origen del g\u00e9nero musical\u00a0ha\u00a0aportado a la reflexi\u00f3n cuestiones como la injusticia, la resistencia, el amor y la condici\u00f3n humana<\/p>\n<\/div>\n<div class=\"social-share-box normal\">La m\u00fasica reggae\u00a0de Jamaica, que se populariz\u00f3 en el mundo por reflexi\u00f3n de temas como la injusticia social, el amor y la condici\u00f3n humana, fue inscrita este jueves en la lista de Patrimonio Inmaterial de la Humanidad de la Organizaci\u00f3n de las Naciones Unidas para la Educaci\u00f3n, la Ciencia y la Cultura (Unesco).<\/div>\n<div>\n<blockquote>\n<p>\u201cAunque en sus inicios el reggae fue una expresi\u00f3n musical vocal e instrumental de comunidades marginadas, actualmente ha sido abrazado por amplios sectores de la sociedad sin distinci\u00f3n de sexo, etnia o religi\u00f3n&#8221;<\/p>\n<\/blockquote>\n<p>El Comit\u00e9 Intergubernamental para la Salvaguardia del Patrimonio Cultural Inmaterial de la Unesco tom\u00f3 esa decisi\u00f3n durante su reuni\u00f3n en Port-Louis, la capital de Mauricio, en Africa.<\/p>\n<p>De acuerdo con la organizaci\u00f3n internacional, <strong>el reggae se origin\u00f3 en un medio cultural de grupos marginados que viv\u00edan principalmente en la parte occidental de la ciudad de Kingston.<\/strong><\/p>\n<p>A lo largo del tiempo se fueron incorporando a este elemento estilos musicales neoafricanos, la m\u00fasica soul y el rhythm and blues, transformando paulatinamente el ska primigenio en rock steady, primero, y luego en reggae.<\/p>\n<p>\u201cAunque en sus inicios el reggae fue una expresi\u00f3n musical vocal e instrumental de comunidades marginadas, actualmente ha sido abrazado por amplios sectores de la sociedad sin distinci\u00f3n de sexo, etnia o religi\u00f3n\u201d, destac\u00f3.<\/p>\n<p>Su aportaci\u00f3n a la reflexi\u00f3n internacional sobre cuestiones como la injusticia, la resistencia, el amor y la condici\u00f3n humana pone de relieve la fuerza intelectual, sociopol\u00edtica, espiritual y sensual de este elemento del patrimonio cultural.<\/p>\n<blockquote class=\"twitter-tweet\" data-width=\"550\" data-dnt=\"true\">\n<p lang=\"en\" dir=\"ltr\">\ud83d\udd34 BREAKING<a href=\"https:\/\/twitter.com\/hashtag\/Reggae?src=hash&amp;ref_src=twsrc%5Etfw\">#Reggae<\/a> music of <a href=\"https:\/\/twitter.com\/hashtag\/Jamaica?src=hash&amp;ref_src=twsrc%5Etfw\">#Jamaica<\/a>\ud83c\uddef\ud83c\uddf2 has just been inscribed on the <a href=\"https:\/\/twitter.com\/hashtag\/IntangibleHeritage?src=hash&amp;ref_src=twsrc%5Etfw\">#IntangibleHeritage<\/a> List! Congratulations! \ud83d\udc4f<\/p>\n<p>\u2139\ufe0f <a href=\"https:\/\/t.co\/1SDzLr4U5F\">https:\/\/t.co\/1SDzLr4U5F<\/a> <a href=\"https:\/\/twitter.com\/hashtag\/LivingHeritage?src=hash&amp;ref_src=twsrc%5Etfw\">#LivingHeritage<\/a> <a href=\"https:\/\/t.co\/7t1jkD2Z8n\">pic.twitter.com\/7t1jkD2Z8n<\/a><\/p>\n<p>&mdash; UNESCO \ud83c\udfdb\ufe0f #Education #Sciences #Culture \ud83c\uddfa\ud83c\uddf3 (@UNESCO) <a href=\"https:\/\/twitter.com\/UNESCO\/status\/1068043872863993857?ref_src=twsrc%5Etfw\">November 29, 2018<\/a><\/p><\/blockquote>\n<p><script async src=\"https:\/\/platform.twitter.com\/widgets.js\" charset=\"utf-8\"><\/script><\/p>\n<p><strong>El reggae conserva intactas toda una serie de funciones sociales b\u00e1sicas de la m\u00fasica como veh\u00edculo de opiniones sociales, pr\u00e1ctica cat\u00e1rtica y la religiosa, y contin\u00faa como un medio de expresi\u00f3n cultural del conjunto de la poblaci\u00f3n jamaicana.<\/strong><\/p>\n<p>En todos los niveles del sistema educativo del pa\u00eds est\u00e1 presente la ense\u00f1anza de esa m\u00fasica, desde los jardines de la infancia hasta las universidades.<\/p>\n<p>Conciertos y festivales como el Reggae Sumfest y el Reggae Salute proporcionan anualmente a este g\u00e9nero musical un mercado y ofrecen una oportunidad para practicarlo y transmitirlo a las nuevas generaciones de m\u00fasicos.<\/p>\n<\/div>\n","protected":false},"excerpt":{"rendered":"<p>El reggae se suma a la lista de Patrimonio Inmaterial de la Humanidad<br \/>\nPor Redacci\u00f3n QP<\/p>\n","protected":false},"author":2,"featured_media":10568,"comment_status":"open","ping_status":"open","sticky":false,"template":"","format":"standard","meta":{"_monsterinsights_skip_tracking":false,"_monsterinsights_sitenote_active":false,"_monsterinsights_sitenote_note":"","_monsterinsights_sitenote_category":0,"footnotes":""},"categories":[58],"tags":[],"class_list":["post-10569","post","type-post","status-publish","format-standard","has-post-thumbnail","hentry","category-cultura"],"yoast_head":"<!-- This site is optimized with the Yoast SEO plugin v27.3 - https:\/\/yoast.com\/product\/yoast-seo-wordpress\/ -->\n<title>El reggae se suma a la lista de Patrimonio Inmaterial de la Humanidad -<\/title>\n<meta name=\"robots\" content=\"index, follow, max-snippet:-1, max-image-preview:large, max-video-preview:-1\" \/>\n<link rel=\"canonical\" href=\"https:\/\/quehacerpolitico.mx\/?p=10569\" \/>\n<meta property=\"og:locale\" content=\"es_MX\" \/>\n<meta property=\"og:type\" content=\"article\" \/>\n<meta property=\"og:title\" content=\"El reggae se suma a la lista de Patrimonio Inmaterial de la Humanidad -\" \/>\n<meta property=\"og:description\" content=\"El reggae se suma a la lista de Patrimonio Inmaterial de la Humanidad Por Redacci\u00f3n QP\" \/>\n<meta property=\"og:url\" content=\"https:\/\/quehacerpolitico.mx\/?p=10569\" \/>\n<meta property=\"article:published_time\" content=\"2018-11-29T17:21:57+00:00\" \/>\n<meta name=\"author\" content=\"Redacci\u00f3n QP\" \/>\n<meta name=\"twitter:card\" content=\"summary_large_image\" \/>\n<meta name=\"twitter:label1\" content=\"Escrito por\" \/>\n\t<meta name=\"twitter:data1\" content=\"Redacci\u00f3n QP\" \/>\n\t<meta name=\"twitter:label2\" content=\"Tiempo de lectura\" \/>\n\t<meta name=\"twitter:data2\" content=\"2 minutos\" \/>\n<script type=\"application\/ld+json\" class=\"yoast-schema-graph\">{\"@context\":\"https:\\\/\\\/schema.org\",\"@graph\":[{\"@type\":\"Article\",\"@id\":\"https:\\\/\\\/quehacerpolitico.mx\\\/?p=10569#article\",\"isPartOf\":{\"@id\":\"https:\\\/\\\/quehacerpolitico.mx\\\/?p=10569\"},\"author\":{\"name\":\"Redacci\u00f3n QP\",\"@id\":\"https:\\\/\\\/quehacerpolitico.mx\\\/#\\\/schema\\\/person\\\/496d8ad2d1d3f8036101dca7ee39e585\"},\"headline\":\"El reggae se suma a la lista de Patrimonio Inmaterial de la Humanidad\",\"datePublished\":\"2018-11-29T17:21:57+00:00\",\"mainEntityOfPage\":{\"@id\":\"https:\\\/\\\/quehacerpolitico.mx\\\/?p=10569\"},\"wordCount\":442,\"commentCount\":0,\"image\":{\"@id\":\"https:\\\/\\\/quehacerpolitico.mx\\\/?p=10569#primaryimage\"},\"thumbnailUrl\":\"\",\"articleSection\":[\"Cultura y Entretenimiento\"],\"inLanguage\":\"es\",\"potentialAction\":[{\"@type\":\"CommentAction\",\"name\":\"Comment\",\"target\":[\"https:\\\/\\\/quehacerpolitico.mx\\\/?p=10569#respond\"]}]},{\"@type\":\"WebPage\",\"@id\":\"https:\\\/\\\/quehacerpolitico.mx\\\/?p=10569\",\"url\":\"https:\\\/\\\/quehacerpolitico.mx\\\/?p=10569\",\"name\":\"El reggae se suma a la lista de Patrimonio Inmaterial de la Humanidad -\",\"isPartOf\":{\"@id\":\"https:\\\/\\\/quehacerpolitico.mx\\\/#website\"},\"primaryImageOfPage\":{\"@id\":\"https:\\\/\\\/quehacerpolitico.mx\\\/?p=10569#primaryimage\"},\"image\":{\"@id\":\"https:\\\/\\\/quehacerpolitico.mx\\\/?p=10569#primaryimage\"},\"thumbnailUrl\":\"\",\"datePublished\":\"2018-11-29T17:21:57+00:00\",\"author\":{\"@id\":\"https:\\\/\\\/quehacerpolitico.mx\\\/#\\\/schema\\\/person\\\/496d8ad2d1d3f8036101dca7ee39e585\"},\"breadcrumb\":{\"@id\":\"https:\\\/\\\/quehacerpolitico.mx\\\/?p=10569#breadcrumb\"},\"inLanguage\":\"es\",\"potentialAction\":[{\"@type\":\"ReadAction\",\"target\":[\"https:\\\/\\\/quehacerpolitico.mx\\\/?p=10569\"]}]},{\"@type\":\"ImageObject\",\"inLanguage\":\"es\",\"@id\":\"https:\\\/\\\/quehacerpolitico.mx\\\/?p=10569#primaryimage\",\"url\":\"\",\"contentUrl\":\"\"},{\"@type\":\"BreadcrumbList\",\"@id\":\"https:\\\/\\\/quehacerpolitico.mx\\\/?p=10569#breadcrumb\",\"itemListElement\":[{\"@type\":\"ListItem\",\"position\":1,\"name\":\"Inicio\",\"item\":\"https:\\\/\\\/quehacerpolitico.mx\\\/\"},{\"@type\":\"ListItem\",\"position\":2,\"name\":\"El reggae se suma a la lista de Patrimonio Inmaterial de la Humanidad\"}]},{\"@type\":\"WebSite\",\"@id\":\"https:\\\/\\\/quehacerpolitico.mx\\\/#website\",\"url\":\"https:\\\/\\\/quehacerpolitico.mx\\\/\",\"name\":\"\",\"description\":\"\",\"potentialAction\":[{\"@type\":\"SearchAction\",\"target\":{\"@type\":\"EntryPoint\",\"urlTemplate\":\"https:\\\/\\\/quehacerpolitico.mx\\\/?s={search_term_string}\"},\"query-input\":{\"@type\":\"PropertyValueSpecification\",\"valueRequired\":true,\"valueName\":\"search_term_string\"}}],\"inLanguage\":\"es\"},{\"@type\":\"Person\",\"@id\":\"https:\\\/\\\/quehacerpolitico.mx\\\/#\\\/schema\\\/person\\\/496d8ad2d1d3f8036101dca7ee39e585\",\"name\":\"Redacci\u00f3n QP\",\"image\":{\"@type\":\"ImageObject\",\"inLanguage\":\"es\",\"@id\":\"https:\\\/\\\/secure.gravatar.com\\\/avatar\\\/c7164ed6fdec453195284ad24a5ae5b6e1eed2b848477fa2a4787ba9adf39a41?s=96&d=mm&r=g\",\"url\":\"https:\\\/\\\/secure.gravatar.com\\\/avatar\\\/c7164ed6fdec453195284ad24a5ae5b6e1eed2b848477fa2a4787ba9adf39a41?s=96&d=mm&r=g\",\"contentUrl\":\"https:\\\/\\\/secure.gravatar.com\\\/avatar\\\/c7164ed6fdec453195284ad24a5ae5b6e1eed2b848477fa2a4787ba9adf39a41?s=96&d=mm&r=g\",\"caption\":\"Redacci\u00f3n QP\"},\"url\":\"https:\\\/\\\/quehacerpolitico.mx\\\/?author=2\"}]}<\/script>\n<!-- \/ Yoast SEO plugin. -->","yoast_head_json":{"title":"El reggae se suma a la lista de Patrimonio Inmaterial de la Humanidad -","robots":{"index":"index","follow":"follow","max-snippet":"max-snippet:-1","max-image-preview":"max-image-preview:large","max-video-preview":"max-video-preview:-1"},"canonical":"https:\/\/quehacerpolitico.mx\/?p=10569","og_locale":"es_MX","og_type":"article","og_title":"El reggae se suma a la lista de Patrimonio Inmaterial de la Humanidad -","og_description":"El reggae se suma a la lista de Patrimonio Inmaterial de la Humanidad Por Redacci\u00f3n QP","og_url":"https:\/\/quehacerpolitico.mx\/?p=10569","article_published_time":"2018-11-29T17:21:57+00:00","author":"Redacci\u00f3n QP","twitter_card":"summary_large_image","twitter_misc":{"Escrito por":"Redacci\u00f3n QP","Tiempo de lectura":"2 minutos"},"schema":{"@context":"https:\/\/schema.org","@graph":[{"@type":"Article","@id":"https:\/\/quehacerpolitico.mx\/?p=10569#article","isPartOf":{"@id":"https:\/\/quehacerpolitico.mx\/?p=10569"},"author":{"name":"Redacci\u00f3n QP","@id":"https:\/\/quehacerpolitico.mx\/#\/schema\/person\/496d8ad2d1d3f8036101dca7ee39e585"},"headline":"El reggae se suma a la lista de Patrimonio Inmaterial de la Humanidad","datePublished":"2018-11-29T17:21:57+00:00","mainEntityOfPage":{"@id":"https:\/\/quehacerpolitico.mx\/?p=10569"},"wordCount":442,"commentCount":0,"image":{"@id":"https:\/\/quehacerpolitico.mx\/?p=10569#primaryimage"},"thumbnailUrl":"","articleSection":["Cultura y Entretenimiento"],"inLanguage":"es","potentialAction":[{"@type":"CommentAction","name":"Comment","target":["https:\/\/quehacerpolitico.mx\/?p=10569#respond"]}]},{"@type":"WebPage","@id":"https:\/\/quehacerpolitico.mx\/?p=10569","url":"https:\/\/quehacerpolitico.mx\/?p=10569","name":"El reggae se suma a la lista de Patrimonio Inmaterial de la Humanidad -","isPartOf":{"@id":"https:\/\/quehacerpolitico.mx\/#website"},"primaryImageOfPage":{"@id":"https:\/\/quehacerpolitico.mx\/?p=10569#primaryimage"},"image":{"@id":"https:\/\/quehacerpolitico.mx\/?p=10569#primaryimage"},"thumbnailUrl":"","datePublished":"2018-11-29T17:21:57+00:00","author":{"@id":"https:\/\/quehacerpolitico.mx\/#\/schema\/person\/496d8ad2d1d3f8036101dca7ee39e585"},"breadcrumb":{"@id":"https:\/\/quehacerpolitico.mx\/?p=10569#breadcrumb"},"inLanguage":"es","potentialAction":[{"@type":"ReadAction","target":["https:\/\/quehacerpolitico.mx\/?p=10569"]}]},{"@type":"ImageObject","inLanguage":"es","@id":"https:\/\/quehacerpolitico.mx\/?p=10569#primaryimage","url":"","contentUrl":""},{"@type":"BreadcrumbList","@id":"https:\/\/quehacerpolitico.mx\/?p=10569#breadcrumb","itemListElement":[{"@type":"ListItem","position":1,"name":"Inicio","item":"https:\/\/quehacerpolitico.mx\/"},{"@type":"ListItem","position":2,"name":"El reggae se suma a la lista de Patrimonio Inmaterial de la Humanidad"}]},{"@type":"WebSite","@id":"https:\/\/quehacerpolitico.mx\/#website","url":"https:\/\/quehacerpolitico.mx\/","name":"","description":"","potentialAction":[{"@type":"SearchAction","target":{"@type":"EntryPoint","urlTemplate":"https:\/\/quehacerpolitico.mx\/?s={search_term_string}"},"query-input":{"@type":"PropertyValueSpecification","valueRequired":true,"valueName":"search_term_string"}}],"inLanguage":"es"},{"@type":"Person","@id":"https:\/\/quehacerpolitico.mx\/#\/schema\/person\/496d8ad2d1d3f8036101dca7ee39e585","name":"Redacci\u00f3n QP","image":{"@type":"ImageObject","inLanguage":"es","@id":"https:\/\/secure.gravatar.com\/avatar\/c7164ed6fdec453195284ad24a5ae5b6e1eed2b848477fa2a4787ba9adf39a41?s=96&d=mm&r=g","url":"https:\/\/secure.gravatar.com\/avatar\/c7164ed6fdec453195284ad24a5ae5b6e1eed2b848477fa2a4787ba9adf39a41?s=96&d=mm&r=g","contentUrl":"https:\/\/secure.gravatar.com\/avatar\/c7164ed6fdec453195284ad24a5ae5b6e1eed2b848477fa2a4787ba9adf39a41?s=96&d=mm&r=g","caption":"Redacci\u00f3n QP"},"url":"https:\/\/quehacerpolitico.mx\/?author=2"}]}},"featured_image_urls":{"full":"","thumbnail":"","medium":"","medium_large":"","large":"","1536x1536":"","2048x2048":"","covernews-featured":"","covernews-medium":""},"author_info":{"display_name":"Redacci\u00f3n QP","author_link":"https:\/\/quehacerpolitico.mx\/?author=2"},"category_info":"<a href=\"https:\/\/quehacerpolitico.mx\/?cat=58\" rel=\"category\">Cultura y Entretenimiento<\/a>","tag_info":"Cultura y Entretenimiento","comment_count":"0","_links":{"self":[{"href":"https:\/\/quehacerpolitico.mx\/index.php?rest_route=\/wp\/v2\/posts\/10569","targetHints":{"allow":["GET"]}}],"collection":[{"href":"https:\/\/quehacerpolitico.mx\/index.php?rest_route=\/wp\/v2\/posts"}],"about":[{"href":"https:\/\/quehacerpolitico.mx\/index.php?rest_route=\/wp\/v2\/types\/post"}],"author":[{"embeddable":true,"href":"https:\/\/quehacerpolitico.mx\/index.php?rest_route=\/wp\/v2\/users\/2"}],"replies":[{"embeddable":true,"href":"https:\/\/quehacerpolitico.mx\/index.php?rest_route=%2Fwp%2Fv2%2Fcomments&post=10569"}],"version-history":[{"count":0,"href":"https:\/\/quehacerpolitico.mx\/index.php?rest_route=\/wp\/v2\/posts\/10569\/revisions"}],"wp:featuredmedia":[{"embeddable":true,"href":"https:\/\/quehacerpolitico.mx\/index.php?rest_route=\/"}],"wp:attachment":[{"href":"https:\/\/quehacerpolitico.mx\/index.php?rest_route=%2Fwp%2Fv2%2Fmedia&parent=10569"}],"wp:term":[{"taxonomy":"category","embeddable":true,"href":"https:\/\/quehacerpolitico.mx\/index.php?rest_route=%2Fwp%2Fv2%2Fcategories&post=10569"},{"taxonomy":"post_tag","embeddable":true,"href":"https:\/\/quehacerpolitico.mx\/index.php?rest_route=%2Fwp%2Fv2%2Ftags&post=10569"}],"curies":[{"name":"wp","href":"https:\/\/api.w.org\/{rel}","templated":true}]}}