{"id":105673,"date":"2023-10-16T19:13:10","date_gmt":"2023-10-16T19:13:10","guid":{"rendered":"https:\/\/quehacerpolitico.mx\/?p=105673"},"modified":"2023-10-16T19:13:18","modified_gmt":"2023-10-16T19:13:18","slug":"si-cuba-nos-pide-que-le-vendamos-petroleo-claro-que-si-amlo","status":"publish","type":"post","link":"https:\/\/quehacerpolitico.mx\/?p=105673","title":{"rendered":"&#8220;Si #Cuba nos pide que le vendamos petr\u00f3leo, claro que s\u00ed&#8221;: AMLO"},"content":{"rendered":"\n<p>Por Redacci\u00f3n QP<\/p>\n\n\n\n<p>El presidente de M\u00e9xico,\u00a0<strong>Andr\u00e9s Manuel L\u00f3pez Obrador<\/strong>, neg\u00f3 este lunes que existan reacciones adversas de\u00a0<strong>Estados Unidos<\/strong>\u00a0y prestamistas por la venta de crudo de Petr\u00f3leos Mexicanos (<strong>Pemex<\/strong>) a Cuba.<\/p>\n\n\n\n<p>\u201cNo (hay afectaciones), al contrario, en todo lo que nosotros podamos ayudar al pueblo de\u00a0<strong>Cuba<\/strong>\u00a0lo vamos a hacer, para que no les quede ya ninguna\u00a0<strong>duda<\/strong>, incluido\u00a0<strong>petr\u00f3leo<\/strong>, porque es un pueblo que est\u00e1 padeciendo un\u00a0<strong>bloqueo<\/strong> inhumano, injusto, y nosotros no podemos darle la espalda al pueblo\u201d, declar\u00f3.<\/p>\n\n\n\n<p>El mandatario federal justific\u00f3 el suministro de combustible a la isla, que depende pr\u00e1cticamente de las\u00a0<strong>importaciones<\/strong>\u00a0de pa\u00edses aliados como\u00a0<strong>Rusia<\/strong>\u00a0y\u00a0<strong>Venezuela<\/strong>\u00a0para echar a andar su sistema energ\u00e9tico, por su pol\u00edtica de \u201c<strong>fraternidad<\/strong>\u00a0<strong>universal<\/strong>\u201c.<\/p>\n\n\n\n<figure class=\"wp-block-embed is-type-video is-provider-youtube wp-block-embed-youtube wp-embed-aspect-16-9 wp-has-aspect-ratio\"><div class=\"wp-block-embed__wrapper\">\n<iframe loading=\"lazy\" title=\"En todo lo que podamos ayudar a Cuba, incluso petr\u00f3leo.-AMLO\" width=\"640\" height=\"360\" src=\"https:\/\/www.youtube.com\/embed\/rNbLz6RfCBg?feature=oembed\" frameborder=\"0\" allow=\"accelerometer; autoplay; clipboard-write; encrypted-media; gyroscope; picture-in-picture; web-share\" referrerpolicy=\"strict-origin-when-cross-origin\" allowfullscreen><\/iframe>\n<\/div><\/figure>\n\n\n\n<p>\u201cEn todo lo que podamos ayudar. Si nos dicen: \u2018v\u00e9ndenos petr\u00f3leo, porque no tenemos como adquirirlo\u2019, claro que s\u00ed. Cuando les pedimos nosotros: \u2018ay\u00fadennos porque no tenemos&nbsp;<strong>m\u00e9dicos<\/strong>&nbsp;<strong>especialistas<\/strong>\u2018, incluso cuando la&nbsp;<strong>pandemia<\/strong>, vinieron m\u00e9dicos, y est\u00e1n trabajando m\u00e9dicos cubanos\u201d, a\u00f1adi\u00f3 en su conferencia matutina.<\/p>\n\n\n\n<p><em>EFE<\/em>&nbsp;public\u00f3 el 30 de septiembre que M\u00e9xico ha enviado a Cuba unos&nbsp;<strong>200 millones de d\u00f3lares<\/strong>de petr\u00f3leo este a\u00f1o, seg\u00fan c\u00e1lculos del Instituto de Energ\u00eda de la Universidad de Texas a los que la agencia accedi\u00f3.<\/p>\n\n\n\n<p>El director de Pemex,&nbsp;<strong>Octavio Romero Oropeza<\/strong>, neg\u00f3 la semana pasada que la petrolera, la m\u00e1s endeudada del mundo, hubiese&nbsp;<strong>donado<\/strong>&nbsp;el petr\u00f3leo a Cuba.<\/p>\n\n\n\n<p>\u201c<strong>Petr\u00f3leos Mexicanos<\/strong>&nbsp;no ha realizado ning\u00fan&nbsp;<strong>donativo<\/strong>&nbsp;de combustibles a ning\u00fan gobierno extranjero\u201d, asever\u00f3 en una comparecencia en el&nbsp;<strong>Congreso<\/strong>.<\/p>\n\n\n\n<p>Mientras que&nbsp;el Banco de Exportaciones e Importaciones de Estados Unidos (<strong>EXIM<\/strong>) desminti\u00f3 en la&nbsp;<strong>prensa<\/strong>&nbsp;<strong>internacional<\/strong>&nbsp;que hubiese cancelado un financiamiento a Pemex por enviar petr\u00f3leo a la isla.<\/p>\n\n\n\n<p>\u201cEs que no es cierto, no hab\u00eda ning\u00fan&nbsp;<strong>pr\u00e9stamo<\/strong>, nada, eso lo inventaron\u201d, remarc\u00f3 L\u00f3pez Obrador.<\/p>\n\n\n\n<p>El presidente neg\u00f3 que\u00a0<strong>Washington<\/strong>\u00a0hubiese criticado a\u00a0<strong>M\u00e9xico<\/strong>\u00a0por este env\u00edo de crudo durante la visita del 5 de octubre de una delegaci\u00f3n de Estados Unidos encabezada por el secretario de Estado,\u00a0<strong>Antony<\/strong>\u00a0<strong>Blinken<\/strong>, por el Di\u00e1logo de Alto Nivel en Seguridad.<\/p>\n\n\n\n<p>\u201cNo, son muy\u00a0<strong>respetuosos<\/strong>\u00a0de nosotros, el gobierno de Estados Unidos, el presidente (Joe) Biden, no nos tratan estos temas\u201d, sostuvo<\/p>\n\n\n\n<p>Con informaci\u00f3n de EFE<\/p>\n","protected":false},"excerpt":{"rendered":"<p>Por Redacci\u00f3n QP El presidente de M\u00e9xico,\u00a0Andr\u00e9s Manuel L\u00f3pez Obrador, neg\u00f3 este lunes que existan&#8230;<\/p>\n","protected":false},"author":2,"featured_media":105674,"comment_status":"open","ping_status":"open","sticky":false,"template":"","format":"standard","meta":{"_monsterinsights_skip_tracking":false,"_monsterinsights_sitenote_active":false,"_monsterinsights_sitenote_note":"","_monsterinsights_sitenote_category":0,"footnotes":""},"categories":[2],"tags":[],"class_list":["post-105673","post","type-post","status-publish","format-standard","has-post-thumbnail","hentry","category-noticias"],"yoast_head":"<!-- This site is optimized with the Yoast SEO plugin v27.3 - https:\/\/yoast.com\/product\/yoast-seo-wordpress\/ -->\n<title>&quot;Si #Cuba nos pide que le vendamos petr\u00f3leo, claro que s\u00ed&quot;: AMLO -<\/title>\n<meta name=\"robots\" content=\"index, follow, max-snippet:-1, max-image-preview:large, max-video-preview:-1\" \/>\n<link rel=\"canonical\" href=\"https:\/\/quehacerpolitico.mx\/?p=105673\" \/>\n<meta property=\"og:locale\" content=\"es_MX\" \/>\n<meta property=\"og:type\" content=\"article\" \/>\n<meta property=\"og:title\" content=\"&quot;Si #Cuba nos pide que le vendamos petr\u00f3leo, claro que s\u00ed&quot;: AMLO -\" \/>\n<meta property=\"og:description\" content=\"Por Redacci\u00f3n QP El presidente de M\u00e9xico,\u00a0Andr\u00e9s Manuel L\u00f3pez Obrador, neg\u00f3 este lunes que existan...\" \/>\n<meta property=\"og:url\" content=\"https:\/\/quehacerpolitico.mx\/?p=105673\" \/>\n<meta property=\"article:published_time\" content=\"2023-10-16T19:13:10+00:00\" \/>\n<meta property=\"article:modified_time\" content=\"2023-10-16T19:13:18+00:00\" \/>\n<meta property=\"og:image\" content=\"https:\/\/quehacerpolitico.mx\/wp-content\/uploads\/2023\/10\/IMG_1391.jpeg\" \/>\n\t<meta property=\"og:image:width\" content=\"1284\" \/>\n\t<meta property=\"og:image:height\" content=\"704\" \/>\n\t<meta property=\"og:image:type\" content=\"image\/jpeg\" \/>\n<meta name=\"author\" content=\"Redacci\u00f3n QP\" \/>\n<meta name=\"twitter:card\" content=\"summary_large_image\" \/>\n<meta name=\"twitter:label1\" content=\"Escrito por\" \/>\n\t<meta name=\"twitter:data1\" content=\"Redacci\u00f3n QP\" \/>\n\t<meta name=\"twitter:label2\" content=\"Tiempo de lectura\" \/>\n\t<meta name=\"twitter:data2\" content=\"2 minutos\" \/>\n<script type=\"application\/ld+json\" class=\"yoast-schema-graph\">{\"@context\":\"https:\\\/\\\/schema.org\",\"@graph\":[{\"@type\":\"Article\",\"@id\":\"https:\\\/\\\/quehacerpolitico.mx\\\/?p=105673#article\",\"isPartOf\":{\"@id\":\"https:\\\/\\\/quehacerpolitico.mx\\\/?p=105673\"},\"author\":{\"name\":\"Redacci\u00f3n QP\",\"@id\":\"https:\\\/\\\/quehacerpolitico.mx\\\/#\\\/schema\\\/person\\\/496d8ad2d1d3f8036101dca7ee39e585\"},\"headline\":\"&#8220;Si #Cuba nos pide que le vendamos petr\u00f3leo, claro que s\u00ed&#8221;: AMLO\",\"datePublished\":\"2023-10-16T19:13:10+00:00\",\"dateModified\":\"2023-10-16T19:13:18+00:00\",\"mainEntityOfPage\":{\"@id\":\"https:\\\/\\\/quehacerpolitico.mx\\\/?p=105673\"},\"wordCount\":440,\"commentCount\":0,\"image\":{\"@id\":\"https:\\\/\\\/quehacerpolitico.mx\\\/?p=105673#primaryimage\"},\"thumbnailUrl\":\"https:\\\/\\\/quehacerpolitico.mx\\\/wp-content\\\/uploads\\\/2023\\\/10\\\/IMG_1391.jpeg\",\"articleSection\":[\"Noticias\"],\"inLanguage\":\"es\",\"potentialAction\":[{\"@type\":\"CommentAction\",\"name\":\"Comment\",\"target\":[\"https:\\\/\\\/quehacerpolitico.mx\\\/?p=105673#respond\"]}]},{\"@type\":\"WebPage\",\"@id\":\"https:\\\/\\\/quehacerpolitico.mx\\\/?p=105673\",\"url\":\"https:\\\/\\\/quehacerpolitico.mx\\\/?p=105673\",\"name\":\"\\\"Si #Cuba nos pide que le vendamos petr\u00f3leo, claro que s\u00ed\\\": AMLO -\",\"isPartOf\":{\"@id\":\"https:\\\/\\\/quehacerpolitico.mx\\\/#website\"},\"primaryImageOfPage\":{\"@id\":\"https:\\\/\\\/quehacerpolitico.mx\\\/?p=105673#primaryimage\"},\"image\":{\"@id\":\"https:\\\/\\\/quehacerpolitico.mx\\\/?p=105673#primaryimage\"},\"thumbnailUrl\":\"https:\\\/\\\/quehacerpolitico.mx\\\/wp-content\\\/uploads\\\/2023\\\/10\\\/IMG_1391.jpeg\",\"datePublished\":\"2023-10-16T19:13:10+00:00\",\"dateModified\":\"2023-10-16T19:13:18+00:00\",\"author\":{\"@id\":\"https:\\\/\\\/quehacerpolitico.mx\\\/#\\\/schema\\\/person\\\/496d8ad2d1d3f8036101dca7ee39e585\"},\"breadcrumb\":{\"@id\":\"https:\\\/\\\/quehacerpolitico.mx\\\/?p=105673#breadcrumb\"},\"inLanguage\":\"es\",\"potentialAction\":[{\"@type\":\"ReadAction\",\"target\":[\"https:\\\/\\\/quehacerpolitico.mx\\\/?p=105673\"]}]},{\"@type\":\"ImageObject\",\"inLanguage\":\"es\",\"@id\":\"https:\\\/\\\/quehacerpolitico.mx\\\/?p=105673#primaryimage\",\"url\":\"https:\\\/\\\/quehacerpolitico.mx\\\/wp-content\\\/uploads\\\/2023\\\/10\\\/IMG_1391.jpeg\",\"contentUrl\":\"https:\\\/\\\/quehacerpolitico.mx\\\/wp-content\\\/uploads\\\/2023\\\/10\\\/IMG_1391.jpeg\",\"width\":1284,\"height\":704},{\"@type\":\"BreadcrumbList\",\"@id\":\"https:\\\/\\\/quehacerpolitico.mx\\\/?p=105673#breadcrumb\",\"itemListElement\":[{\"@type\":\"ListItem\",\"position\":1,\"name\":\"Inicio\",\"item\":\"https:\\\/\\\/quehacerpolitico.mx\\\/\"},{\"@type\":\"ListItem\",\"position\":2,\"name\":\"&#8220;Si #Cuba nos pide que le vendamos petr\u00f3leo, claro que s\u00ed&#8221;: AMLO\"}]},{\"@type\":\"WebSite\",\"@id\":\"https:\\\/\\\/quehacerpolitico.mx\\\/#website\",\"url\":\"https:\\\/\\\/quehacerpolitico.mx\\\/\",\"name\":\"\",\"description\":\"\",\"potentialAction\":[{\"@type\":\"SearchAction\",\"target\":{\"@type\":\"EntryPoint\",\"urlTemplate\":\"https:\\\/\\\/quehacerpolitico.mx\\\/?s={search_term_string}\"},\"query-input\":{\"@type\":\"PropertyValueSpecification\",\"valueRequired\":true,\"valueName\":\"search_term_string\"}}],\"inLanguage\":\"es\"},{\"@type\":\"Person\",\"@id\":\"https:\\\/\\\/quehacerpolitico.mx\\\/#\\\/schema\\\/person\\\/496d8ad2d1d3f8036101dca7ee39e585\",\"name\":\"Redacci\u00f3n QP\",\"image\":{\"@type\":\"ImageObject\",\"inLanguage\":\"es\",\"@id\":\"https:\\\/\\\/secure.gravatar.com\\\/avatar\\\/c7164ed6fdec453195284ad24a5ae5b6e1eed2b848477fa2a4787ba9adf39a41?s=96&d=mm&r=g\",\"url\":\"https:\\\/\\\/secure.gravatar.com\\\/avatar\\\/c7164ed6fdec453195284ad24a5ae5b6e1eed2b848477fa2a4787ba9adf39a41?s=96&d=mm&r=g\",\"contentUrl\":\"https:\\\/\\\/secure.gravatar.com\\\/avatar\\\/c7164ed6fdec453195284ad24a5ae5b6e1eed2b848477fa2a4787ba9adf39a41?s=96&d=mm&r=g\",\"caption\":\"Redacci\u00f3n QP\"},\"url\":\"https:\\\/\\\/quehacerpolitico.mx\\\/?author=2\"}]}<\/script>\n<!-- \/ Yoast SEO plugin. -->","yoast_head_json":{"title":"\"Si #Cuba nos pide que le vendamos petr\u00f3leo, claro que s\u00ed\": AMLO -","robots":{"index":"index","follow":"follow","max-snippet":"max-snippet:-1","max-image-preview":"max-image-preview:large","max-video-preview":"max-video-preview:-1"},"canonical":"https:\/\/quehacerpolitico.mx\/?p=105673","og_locale":"es_MX","og_type":"article","og_title":"\"Si #Cuba nos pide que le vendamos petr\u00f3leo, claro que s\u00ed\": AMLO -","og_description":"Por Redacci\u00f3n QP El presidente de M\u00e9xico,\u00a0Andr\u00e9s Manuel L\u00f3pez Obrador, neg\u00f3 este lunes que existan...","og_url":"https:\/\/quehacerpolitico.mx\/?p=105673","article_published_time":"2023-10-16T19:13:10+00:00","article_modified_time":"2023-10-16T19:13:18+00:00","og_image":[{"width":1284,"height":704,"url":"https:\/\/quehacerpolitico.mx\/wp-content\/uploads\/2023\/10\/IMG_1391.jpeg","type":"image\/jpeg"}],"author":"Redacci\u00f3n QP","twitter_card":"summary_large_image","twitter_misc":{"Escrito por":"Redacci\u00f3n QP","Tiempo de lectura":"2 minutos"},"schema":{"@context":"https:\/\/schema.org","@graph":[{"@type":"Article","@id":"https:\/\/quehacerpolitico.mx\/?p=105673#article","isPartOf":{"@id":"https:\/\/quehacerpolitico.mx\/?p=105673"},"author":{"name":"Redacci\u00f3n QP","@id":"https:\/\/quehacerpolitico.mx\/#\/schema\/person\/496d8ad2d1d3f8036101dca7ee39e585"},"headline":"&#8220;Si #Cuba nos pide que le vendamos petr\u00f3leo, claro que s\u00ed&#8221;: AMLO","datePublished":"2023-10-16T19:13:10+00:00","dateModified":"2023-10-16T19:13:18+00:00","mainEntityOfPage":{"@id":"https:\/\/quehacerpolitico.mx\/?p=105673"},"wordCount":440,"commentCount":0,"image":{"@id":"https:\/\/quehacerpolitico.mx\/?p=105673#primaryimage"},"thumbnailUrl":"https:\/\/quehacerpolitico.mx\/wp-content\/uploads\/2023\/10\/IMG_1391.jpeg","articleSection":["Noticias"],"inLanguage":"es","potentialAction":[{"@type":"CommentAction","name":"Comment","target":["https:\/\/quehacerpolitico.mx\/?p=105673#respond"]}]},{"@type":"WebPage","@id":"https:\/\/quehacerpolitico.mx\/?p=105673","url":"https:\/\/quehacerpolitico.mx\/?p=105673","name":"\"Si #Cuba nos pide que le vendamos petr\u00f3leo, claro que s\u00ed\": AMLO -","isPartOf":{"@id":"https:\/\/quehacerpolitico.mx\/#website"},"primaryImageOfPage":{"@id":"https:\/\/quehacerpolitico.mx\/?p=105673#primaryimage"},"image":{"@id":"https:\/\/quehacerpolitico.mx\/?p=105673#primaryimage"},"thumbnailUrl":"https:\/\/quehacerpolitico.mx\/wp-content\/uploads\/2023\/10\/IMG_1391.jpeg","datePublished":"2023-10-16T19:13:10+00:00","dateModified":"2023-10-16T19:13:18+00:00","author":{"@id":"https:\/\/quehacerpolitico.mx\/#\/schema\/person\/496d8ad2d1d3f8036101dca7ee39e585"},"breadcrumb":{"@id":"https:\/\/quehacerpolitico.mx\/?p=105673#breadcrumb"},"inLanguage":"es","potentialAction":[{"@type":"ReadAction","target":["https:\/\/quehacerpolitico.mx\/?p=105673"]}]},{"@type":"ImageObject","inLanguage":"es","@id":"https:\/\/quehacerpolitico.mx\/?p=105673#primaryimage","url":"https:\/\/quehacerpolitico.mx\/wp-content\/uploads\/2023\/10\/IMG_1391.jpeg","contentUrl":"https:\/\/quehacerpolitico.mx\/wp-content\/uploads\/2023\/10\/IMG_1391.jpeg","width":1284,"height":704},{"@type":"BreadcrumbList","@id":"https:\/\/quehacerpolitico.mx\/?p=105673#breadcrumb","itemListElement":[{"@type":"ListItem","position":1,"name":"Inicio","item":"https:\/\/quehacerpolitico.mx\/"},{"@type":"ListItem","position":2,"name":"&#8220;Si #Cuba nos pide que le vendamos petr\u00f3leo, claro que s\u00ed&#8221;: AMLO"}]},{"@type":"WebSite","@id":"https:\/\/quehacerpolitico.mx\/#website","url":"https:\/\/quehacerpolitico.mx\/","name":"","description":"","potentialAction":[{"@type":"SearchAction","target":{"@type":"EntryPoint","urlTemplate":"https:\/\/quehacerpolitico.mx\/?s={search_term_string}"},"query-input":{"@type":"PropertyValueSpecification","valueRequired":true,"valueName":"search_term_string"}}],"inLanguage":"es"},{"@type":"Person","@id":"https:\/\/quehacerpolitico.mx\/#\/schema\/person\/496d8ad2d1d3f8036101dca7ee39e585","name":"Redacci\u00f3n QP","image":{"@type":"ImageObject","inLanguage":"es","@id":"https:\/\/secure.gravatar.com\/avatar\/c7164ed6fdec453195284ad24a5ae5b6e1eed2b848477fa2a4787ba9adf39a41?s=96&d=mm&r=g","url":"https:\/\/secure.gravatar.com\/avatar\/c7164ed6fdec453195284ad24a5ae5b6e1eed2b848477fa2a4787ba9adf39a41?s=96&d=mm&r=g","contentUrl":"https:\/\/secure.gravatar.com\/avatar\/c7164ed6fdec453195284ad24a5ae5b6e1eed2b848477fa2a4787ba9adf39a41?s=96&d=mm&r=g","caption":"Redacci\u00f3n QP"},"url":"https:\/\/quehacerpolitico.mx\/?author=2"}]}},"featured_image_urls":{"full":["https:\/\/quehacerpolitico.mx\/wp-content\/uploads\/2023\/10\/IMG_1391.jpeg",1284,704,false],"thumbnail":["https:\/\/quehacerpolitico.mx\/wp-content\/uploads\/2023\/10\/IMG_1391-150x150.jpeg",150,150,true],"medium":["https:\/\/quehacerpolitico.mx\/wp-content\/uploads\/2023\/10\/IMG_1391-300x164.jpeg",300,164,true],"medium_large":["https:\/\/quehacerpolitico.mx\/wp-content\/uploads\/2023\/10\/IMG_1391-768x421.jpeg",640,351,true],"large":["https:\/\/quehacerpolitico.mx\/wp-content\/uploads\/2023\/10\/IMG_1391-1024x561.jpeg",640,351,true],"1536x1536":["https:\/\/quehacerpolitico.mx\/wp-content\/uploads\/2023\/10\/IMG_1391.jpeg",1284,704,false],"2048x2048":["https:\/\/quehacerpolitico.mx\/wp-content\/uploads\/2023\/10\/IMG_1391.jpeg",1284,704,false],"covernews-featured":["https:\/\/quehacerpolitico.mx\/wp-content\/uploads\/2023\/10\/IMG_1391.jpeg",1024,561,false],"covernews-medium":["https:\/\/quehacerpolitico.mx\/wp-content\/uploads\/2023\/10\/IMG_1391.jpeg",540,296,false]},"author_info":{"display_name":"Redacci\u00f3n QP","author_link":"https:\/\/quehacerpolitico.mx\/?author=2"},"category_info":"<a href=\"https:\/\/quehacerpolitico.mx\/?cat=2\" rel=\"category\">Noticias<\/a>","tag_info":"Noticias","comment_count":"0","_links":{"self":[{"href":"https:\/\/quehacerpolitico.mx\/index.php?rest_route=\/wp\/v2\/posts\/105673","targetHints":{"allow":["GET"]}}],"collection":[{"href":"https:\/\/quehacerpolitico.mx\/index.php?rest_route=\/wp\/v2\/posts"}],"about":[{"href":"https:\/\/quehacerpolitico.mx\/index.php?rest_route=\/wp\/v2\/types\/post"}],"author":[{"embeddable":true,"href":"https:\/\/quehacerpolitico.mx\/index.php?rest_route=\/wp\/v2\/users\/2"}],"replies":[{"embeddable":true,"href":"https:\/\/quehacerpolitico.mx\/index.php?rest_route=%2Fwp%2Fv2%2Fcomments&post=105673"}],"version-history":[{"count":1,"href":"https:\/\/quehacerpolitico.mx\/index.php?rest_route=\/wp\/v2\/posts\/105673\/revisions"}],"predecessor-version":[{"id":105675,"href":"https:\/\/quehacerpolitico.mx\/index.php?rest_route=\/wp\/v2\/posts\/105673\/revisions\/105675"}],"wp:featuredmedia":[{"embeddable":true,"href":"https:\/\/quehacerpolitico.mx\/index.php?rest_route=\/wp\/v2\/media\/105674"}],"wp:attachment":[{"href":"https:\/\/quehacerpolitico.mx\/index.php?rest_route=%2Fwp%2Fv2%2Fmedia&parent=105673"}],"wp:term":[{"taxonomy":"category","embeddable":true,"href":"https:\/\/quehacerpolitico.mx\/index.php?rest_route=%2Fwp%2Fv2%2Fcategories&post=105673"},{"taxonomy":"post_tag","embeddable":true,"href":"https:\/\/quehacerpolitico.mx\/index.php?rest_route=%2Fwp%2Fv2%2Ftags&post=105673"}],"curies":[{"name":"wp","href":"https:\/\/api.w.org\/{rel}","templated":true}]}}