{"id":105667,"date":"2023-10-16T18:44:13","date_gmt":"2023-10-16T18:44:13","guid":{"rendered":"https:\/\/quehacerpolitico.mx\/?p=105667"},"modified":"2023-10-16T18:44:18","modified_gmt":"2023-10-16T18:44:18","slug":"lopez-obrador-niega-desbordamiento-de-la-migracion-y-niega-xenofobia-en-mexico","status":"publish","type":"post","link":"https:\/\/quehacerpolitico.mx\/?p=105667","title":{"rendered":"L\u00f3pez Obrador niega desbordamiento de la migraci\u00f3n y niega xenofobia en M\u00e9xico"},"content":{"rendered":"\n<p>Por Redacci\u00f3n QP<\/p>\n\n\n\n<p>El Presidente asegura que a pesar de que el tema migratorio &#8220;es un asunto muy complejo&#8221;, su gobierno va bien con la atenci\u00f3n al fen\u00f3meno<\/p>\n\n\n\n<p>El Presidente\u00a0 Andres Manuel L\u00f3pez Obrador asegur\u00f3 hoy lunes que a pesar de que el tema migratorio\u00a0<strong>&#8220;es un asunto muy complejo&#8221;<\/strong>, su gobierno va bien con la atenci\u00f3n al fen\u00f3meno y\u00a0<strong>&#8220;no hay desbordamiento&#8221;<\/strong>, a pesar de que se ha registrado un incremento.<\/p>\n\n\n\n<figure class=\"wp-block-embed is-type-video is-provider-youtube wp-block-embed-youtube wp-embed-aspect-16-9 wp-has-aspect-ratio\"><div class=\"wp-block-embed__wrapper\">\n<iframe loading=\"lazy\" title=\"Admite alza migratoria pero niega desbordamiento\" width=\"640\" height=\"360\" src=\"https:\/\/www.youtube.com\/embed\/FlgL_kkpn9s?feature=oembed\" frameborder=\"0\" allow=\"accelerometer; autoplay; clipboard-write; encrypted-media; gyroscope; picture-in-picture; web-share\" referrerpolicy=\"strict-origin-when-cross-origin\" allowfullscreen><\/iframe>\n<\/div><\/figure>\n\n\n\n<p>En la ma\u00f1anera de hoy lunes 16 de octubre en Palacio Nacional, L\u00f3pez Obrador indic\u00f3 que &#8220;<strong>desde que llegamos, estamos atendiendo el fen\u00f3meno migratorio&#8221;<\/strong>, previ\u00f3 al encuentro con cancilleres y presidentes de pa\u00edses vecinos para analizar &#8220;el problema&#8221; y presentar un plan de acci\u00f3n conjunto.<\/p>\n\n\n\n<p>&#8220;Nosotros, lo que procuramos, es ayudar a los\u00a0migrantes y no hay desbordamiento a pesar de que ha crecido el flujo migratorio, ah\u00ed vamos ordenando las cosas porque trabajamos todos los d\u00edas&#8221;, expres\u00f3.<\/p>\n\n\n\n<p>&#8220;Nosotros, en el caso de nuestro pa\u00eds, con toda la pol\u00edtica que se ha aplicado de atender las causas que ocasionan la pobreza, que es lo que estamos haciendo,&nbsp;<strong>hemos logrado disminuir la migraci\u00f3n de mexicanos a Estados Unidos porque hay trabajo en M\u00e9xico<\/strong>&nbsp;y porque no sucede lo que pasaba en el gobierno de Calder\u00f3n; lo tengo que decir con toda claridad porque tambi\u00e9n se olvida.<\/p>\n\n\n\n<p>&#8220;\u00bfCu\u00e1nta gente del norte se fue a por inseguridad a vivir a\u00a0Estados Unidos? Miles, nada m\u00e1s que ya se olvid\u00f3, entonces esto afortunadamente ya no est\u00e1 sucediendo en nuestro pa\u00eds&#8221;, declar\u00f3 al expresar que\u00a0<strong>&#8220;M\u00e9xico es pa\u00eds de paso&#8221;.<\/strong><\/p>\n\n\n\n<p>L\u00f3pez Obrador mencion\u00f3 que apoya a pa\u00edses de Centroam\u00e9rica y El Caribe con programas como Sembrando Vida y J\u00f3venes Construyendo el Futuro.<\/p>\n\n\n\n<h2 class=\"wp-block-heading\">M\u00e9xico &#8220;no pr\u00e1ctica la xenofobia&#8221;<\/h2>\n\n\n\n<p>Al ser cuestionado sobre la ola migratoria que se presenta en nuestro pa\u00eds, el Presidente L\u00f3pez Obrador asegur\u00f3 que en M\u00e9xico no se pr\u00e1ctica la xenofobia y&nbsp;<strong>solo hay sectores muy peque\u00f1os de derecha que les incomoda la presencia de migrantes.<\/strong><\/p>\n\n\n\n<p>Asegur\u00f3 que el pueblo mexicano es muy fraterno y solidario.<\/p>\n\n\n\n<p><strong>&#8220;El pueblo de M\u00e9xico es un pueblo muy fraterno, muy solidario, no pr\u00e1ctica la xenofobia. S\u00ed hay algunos sectores, pero muy peque\u00f1os<\/strong>&nbsp;que les incomoda o les puede afectar sentirse mal porque hay migrantes, pero la mayor\u00eda del pueblo no, la mayor\u00eda del pueblo de M\u00e9xico es muy solidario, es muy fraterno es muy humano y entiende las casas, las razones por las que la gente sale de sus pueblos, que no es por gusto, es por necesidad.<\/p>\n\n\n\n<p>&#8220;En el pensamiento de derecha, conservador s\u00ed hay eso. Les genera alguna molestia, pero en general en M\u00e9xico no pasa eso&#8221;, declar\u00f3.<\/p>\n\n\n\n<p>Con informaci\u00f3n de SUN<\/p>\n","protected":false},"excerpt":{"rendered":"<p>Por Redacci\u00f3n QP El Presidente asegura que a pesar de que el tema migratorio &#8220;es&#8230;<\/p>\n","protected":false},"author":2,"featured_media":105668,"comment_status":"open","ping_status":"open","sticky":false,"template":"","format":"standard","meta":{"_monsterinsights_skip_tracking":false,"_monsterinsights_sitenote_active":false,"_monsterinsights_sitenote_note":"","_monsterinsights_sitenote_category":0,"footnotes":""},"categories":[2],"tags":[],"class_list":["post-105667","post","type-post","status-publish","format-standard","has-post-thumbnail","hentry","category-noticias"],"yoast_head":"<!-- This site is optimized with the Yoast SEO plugin v27.3 - https:\/\/yoast.com\/product\/yoast-seo-wordpress\/ -->\n<title>L\u00f3pez Obrador niega desbordamiento de la migraci\u00f3n y niega xenofobia en M\u00e9xico -<\/title>\n<meta name=\"robots\" content=\"index, follow, max-snippet:-1, max-image-preview:large, max-video-preview:-1\" \/>\n<link rel=\"canonical\" href=\"https:\/\/quehacerpolitico.mx\/?p=105667\" \/>\n<meta property=\"og:locale\" content=\"es_MX\" \/>\n<meta property=\"og:type\" content=\"article\" \/>\n<meta property=\"og:title\" content=\"L\u00f3pez Obrador niega desbordamiento de la migraci\u00f3n y niega xenofobia en M\u00e9xico -\" \/>\n<meta property=\"og:description\" content=\"Por Redacci\u00f3n QP El Presidente asegura que a pesar de que el tema migratorio &#8220;es...\" \/>\n<meta property=\"og:url\" content=\"https:\/\/quehacerpolitico.mx\/?p=105667\" \/>\n<meta property=\"article:published_time\" content=\"2023-10-16T18:44:13+00:00\" \/>\n<meta property=\"article:modified_time\" content=\"2023-10-16T18:44:18+00:00\" \/>\n<meta property=\"og:image\" content=\"https:\/\/quehacerpolitico.mx\/wp-content\/uploads\/2023\/10\/IMG_1388.jpeg\" \/>\n\t<meta property=\"og:image:width\" content=\"1284\" \/>\n\t<meta property=\"og:image:height\" content=\"701\" \/>\n\t<meta property=\"og:image:type\" content=\"image\/jpeg\" \/>\n<meta name=\"author\" content=\"Redacci\u00f3n QP\" \/>\n<meta name=\"twitter:card\" content=\"summary_large_image\" \/>\n<meta name=\"twitter:label1\" content=\"Escrito por\" \/>\n\t<meta name=\"twitter:data1\" content=\"Redacci\u00f3n QP\" \/>\n\t<meta name=\"twitter:label2\" content=\"Tiempo de lectura\" \/>\n\t<meta name=\"twitter:data2\" content=\"2 minutos\" \/>\n<script type=\"application\/ld+json\" class=\"yoast-schema-graph\">{\"@context\":\"https:\\\/\\\/schema.org\",\"@graph\":[{\"@type\":\"Article\",\"@id\":\"https:\\\/\\\/quehacerpolitico.mx\\\/?p=105667#article\",\"isPartOf\":{\"@id\":\"https:\\\/\\\/quehacerpolitico.mx\\\/?p=105667\"},\"author\":{\"name\":\"Redacci\u00f3n QP\",\"@id\":\"https:\\\/\\\/quehacerpolitico.mx\\\/#\\\/schema\\\/person\\\/496d8ad2d1d3f8036101dca7ee39e585\"},\"headline\":\"L\u00f3pez Obrador niega desbordamiento de la migraci\u00f3n y niega xenofobia en M\u00e9xico\",\"datePublished\":\"2023-10-16T18:44:13+00:00\",\"dateModified\":\"2023-10-16T18:44:18+00:00\",\"mainEntityOfPage\":{\"@id\":\"https:\\\/\\\/quehacerpolitico.mx\\\/?p=105667\"},\"wordCount\":509,\"commentCount\":0,\"image\":{\"@id\":\"https:\\\/\\\/quehacerpolitico.mx\\\/?p=105667#primaryimage\"},\"thumbnailUrl\":\"https:\\\/\\\/quehacerpolitico.mx\\\/wp-content\\\/uploads\\\/2023\\\/10\\\/IMG_1388.jpeg\",\"articleSection\":[\"Noticias\"],\"inLanguage\":\"es\",\"potentialAction\":[{\"@type\":\"CommentAction\",\"name\":\"Comment\",\"target\":[\"https:\\\/\\\/quehacerpolitico.mx\\\/?p=105667#respond\"]}]},{\"@type\":\"WebPage\",\"@id\":\"https:\\\/\\\/quehacerpolitico.mx\\\/?p=105667\",\"url\":\"https:\\\/\\\/quehacerpolitico.mx\\\/?p=105667\",\"name\":\"L\u00f3pez Obrador niega desbordamiento de la migraci\u00f3n y niega xenofobia en M\u00e9xico -\",\"isPartOf\":{\"@id\":\"https:\\\/\\\/quehacerpolitico.mx\\\/#website\"},\"primaryImageOfPage\":{\"@id\":\"https:\\\/\\\/quehacerpolitico.mx\\\/?p=105667#primaryimage\"},\"image\":{\"@id\":\"https:\\\/\\\/quehacerpolitico.mx\\\/?p=105667#primaryimage\"},\"thumbnailUrl\":\"https:\\\/\\\/quehacerpolitico.mx\\\/wp-content\\\/uploads\\\/2023\\\/10\\\/IMG_1388.jpeg\",\"datePublished\":\"2023-10-16T18:44:13+00:00\",\"dateModified\":\"2023-10-16T18:44:18+00:00\",\"author\":{\"@id\":\"https:\\\/\\\/quehacerpolitico.mx\\\/#\\\/schema\\\/person\\\/496d8ad2d1d3f8036101dca7ee39e585\"},\"breadcrumb\":{\"@id\":\"https:\\\/\\\/quehacerpolitico.mx\\\/?p=105667#breadcrumb\"},\"inLanguage\":\"es\",\"potentialAction\":[{\"@type\":\"ReadAction\",\"target\":[\"https:\\\/\\\/quehacerpolitico.mx\\\/?p=105667\"]}]},{\"@type\":\"ImageObject\",\"inLanguage\":\"es\",\"@id\":\"https:\\\/\\\/quehacerpolitico.mx\\\/?p=105667#primaryimage\",\"url\":\"https:\\\/\\\/quehacerpolitico.mx\\\/wp-content\\\/uploads\\\/2023\\\/10\\\/IMG_1388.jpeg\",\"contentUrl\":\"https:\\\/\\\/quehacerpolitico.mx\\\/wp-content\\\/uploads\\\/2023\\\/10\\\/IMG_1388.jpeg\",\"width\":1284,\"height\":701},{\"@type\":\"BreadcrumbList\",\"@id\":\"https:\\\/\\\/quehacerpolitico.mx\\\/?p=105667#breadcrumb\",\"itemListElement\":[{\"@type\":\"ListItem\",\"position\":1,\"name\":\"Inicio\",\"item\":\"https:\\\/\\\/quehacerpolitico.mx\\\/\"},{\"@type\":\"ListItem\",\"position\":2,\"name\":\"L\u00f3pez Obrador niega desbordamiento de la migraci\u00f3n y niega xenofobia en M\u00e9xico\"}]},{\"@type\":\"WebSite\",\"@id\":\"https:\\\/\\\/quehacerpolitico.mx\\\/#website\",\"url\":\"https:\\\/\\\/quehacerpolitico.mx\\\/\",\"name\":\"\",\"description\":\"\",\"potentialAction\":[{\"@type\":\"SearchAction\",\"target\":{\"@type\":\"EntryPoint\",\"urlTemplate\":\"https:\\\/\\\/quehacerpolitico.mx\\\/?s={search_term_string}\"},\"query-input\":{\"@type\":\"PropertyValueSpecification\",\"valueRequired\":true,\"valueName\":\"search_term_string\"}}],\"inLanguage\":\"es\"},{\"@type\":\"Person\",\"@id\":\"https:\\\/\\\/quehacerpolitico.mx\\\/#\\\/schema\\\/person\\\/496d8ad2d1d3f8036101dca7ee39e585\",\"name\":\"Redacci\u00f3n QP\",\"image\":{\"@type\":\"ImageObject\",\"inLanguage\":\"es\",\"@id\":\"https:\\\/\\\/secure.gravatar.com\\\/avatar\\\/c7164ed6fdec453195284ad24a5ae5b6e1eed2b848477fa2a4787ba9adf39a41?s=96&d=mm&r=g\",\"url\":\"https:\\\/\\\/secure.gravatar.com\\\/avatar\\\/c7164ed6fdec453195284ad24a5ae5b6e1eed2b848477fa2a4787ba9adf39a41?s=96&d=mm&r=g\",\"contentUrl\":\"https:\\\/\\\/secure.gravatar.com\\\/avatar\\\/c7164ed6fdec453195284ad24a5ae5b6e1eed2b848477fa2a4787ba9adf39a41?s=96&d=mm&r=g\",\"caption\":\"Redacci\u00f3n QP\"},\"url\":\"https:\\\/\\\/quehacerpolitico.mx\\\/?author=2\"}]}<\/script>\n<!-- \/ Yoast SEO plugin. -->","yoast_head_json":{"title":"L\u00f3pez Obrador niega desbordamiento de la migraci\u00f3n y niega xenofobia en M\u00e9xico -","robots":{"index":"index","follow":"follow","max-snippet":"max-snippet:-1","max-image-preview":"max-image-preview:large","max-video-preview":"max-video-preview:-1"},"canonical":"https:\/\/quehacerpolitico.mx\/?p=105667","og_locale":"es_MX","og_type":"article","og_title":"L\u00f3pez Obrador niega desbordamiento de la migraci\u00f3n y niega xenofobia en M\u00e9xico -","og_description":"Por Redacci\u00f3n QP El Presidente asegura que a pesar de que el tema migratorio &#8220;es...","og_url":"https:\/\/quehacerpolitico.mx\/?p=105667","article_published_time":"2023-10-16T18:44:13+00:00","article_modified_time":"2023-10-16T18:44:18+00:00","og_image":[{"width":1284,"height":701,"url":"https:\/\/quehacerpolitico.mx\/wp-content\/uploads\/2023\/10\/IMG_1388.jpeg","type":"image\/jpeg"}],"author":"Redacci\u00f3n QP","twitter_card":"summary_large_image","twitter_misc":{"Escrito por":"Redacci\u00f3n QP","Tiempo de lectura":"2 minutos"},"schema":{"@context":"https:\/\/schema.org","@graph":[{"@type":"Article","@id":"https:\/\/quehacerpolitico.mx\/?p=105667#article","isPartOf":{"@id":"https:\/\/quehacerpolitico.mx\/?p=105667"},"author":{"name":"Redacci\u00f3n QP","@id":"https:\/\/quehacerpolitico.mx\/#\/schema\/person\/496d8ad2d1d3f8036101dca7ee39e585"},"headline":"L\u00f3pez Obrador niega desbordamiento de la migraci\u00f3n y niega xenofobia en M\u00e9xico","datePublished":"2023-10-16T18:44:13+00:00","dateModified":"2023-10-16T18:44:18+00:00","mainEntityOfPage":{"@id":"https:\/\/quehacerpolitico.mx\/?p=105667"},"wordCount":509,"commentCount":0,"image":{"@id":"https:\/\/quehacerpolitico.mx\/?p=105667#primaryimage"},"thumbnailUrl":"https:\/\/quehacerpolitico.mx\/wp-content\/uploads\/2023\/10\/IMG_1388.jpeg","articleSection":["Noticias"],"inLanguage":"es","potentialAction":[{"@type":"CommentAction","name":"Comment","target":["https:\/\/quehacerpolitico.mx\/?p=105667#respond"]}]},{"@type":"WebPage","@id":"https:\/\/quehacerpolitico.mx\/?p=105667","url":"https:\/\/quehacerpolitico.mx\/?p=105667","name":"L\u00f3pez Obrador niega desbordamiento de la migraci\u00f3n y niega xenofobia en M\u00e9xico -","isPartOf":{"@id":"https:\/\/quehacerpolitico.mx\/#website"},"primaryImageOfPage":{"@id":"https:\/\/quehacerpolitico.mx\/?p=105667#primaryimage"},"image":{"@id":"https:\/\/quehacerpolitico.mx\/?p=105667#primaryimage"},"thumbnailUrl":"https:\/\/quehacerpolitico.mx\/wp-content\/uploads\/2023\/10\/IMG_1388.jpeg","datePublished":"2023-10-16T18:44:13+00:00","dateModified":"2023-10-16T18:44:18+00:00","author":{"@id":"https:\/\/quehacerpolitico.mx\/#\/schema\/person\/496d8ad2d1d3f8036101dca7ee39e585"},"breadcrumb":{"@id":"https:\/\/quehacerpolitico.mx\/?p=105667#breadcrumb"},"inLanguage":"es","potentialAction":[{"@type":"ReadAction","target":["https:\/\/quehacerpolitico.mx\/?p=105667"]}]},{"@type":"ImageObject","inLanguage":"es","@id":"https:\/\/quehacerpolitico.mx\/?p=105667#primaryimage","url":"https:\/\/quehacerpolitico.mx\/wp-content\/uploads\/2023\/10\/IMG_1388.jpeg","contentUrl":"https:\/\/quehacerpolitico.mx\/wp-content\/uploads\/2023\/10\/IMG_1388.jpeg","width":1284,"height":701},{"@type":"BreadcrumbList","@id":"https:\/\/quehacerpolitico.mx\/?p=105667#breadcrumb","itemListElement":[{"@type":"ListItem","position":1,"name":"Inicio","item":"https:\/\/quehacerpolitico.mx\/"},{"@type":"ListItem","position":2,"name":"L\u00f3pez Obrador niega desbordamiento de la migraci\u00f3n y niega xenofobia en M\u00e9xico"}]},{"@type":"WebSite","@id":"https:\/\/quehacerpolitico.mx\/#website","url":"https:\/\/quehacerpolitico.mx\/","name":"","description":"","potentialAction":[{"@type":"SearchAction","target":{"@type":"EntryPoint","urlTemplate":"https:\/\/quehacerpolitico.mx\/?s={search_term_string}"},"query-input":{"@type":"PropertyValueSpecification","valueRequired":true,"valueName":"search_term_string"}}],"inLanguage":"es"},{"@type":"Person","@id":"https:\/\/quehacerpolitico.mx\/#\/schema\/person\/496d8ad2d1d3f8036101dca7ee39e585","name":"Redacci\u00f3n QP","image":{"@type":"ImageObject","inLanguage":"es","@id":"https:\/\/secure.gravatar.com\/avatar\/c7164ed6fdec453195284ad24a5ae5b6e1eed2b848477fa2a4787ba9adf39a41?s=96&d=mm&r=g","url":"https:\/\/secure.gravatar.com\/avatar\/c7164ed6fdec453195284ad24a5ae5b6e1eed2b848477fa2a4787ba9adf39a41?s=96&d=mm&r=g","contentUrl":"https:\/\/secure.gravatar.com\/avatar\/c7164ed6fdec453195284ad24a5ae5b6e1eed2b848477fa2a4787ba9adf39a41?s=96&d=mm&r=g","caption":"Redacci\u00f3n QP"},"url":"https:\/\/quehacerpolitico.mx\/?author=2"}]}},"featured_image_urls":{"full":["https:\/\/quehacerpolitico.mx\/wp-content\/uploads\/2023\/10\/IMG_1388.jpeg",1284,701,false],"thumbnail":["https:\/\/quehacerpolitico.mx\/wp-content\/uploads\/2023\/10\/IMG_1388-150x150.jpeg",150,150,true],"medium":["https:\/\/quehacerpolitico.mx\/wp-content\/uploads\/2023\/10\/IMG_1388-300x164.jpeg",300,164,true],"medium_large":["https:\/\/quehacerpolitico.mx\/wp-content\/uploads\/2023\/10\/IMG_1388-768x419.jpeg",640,349,true],"large":["https:\/\/quehacerpolitico.mx\/wp-content\/uploads\/2023\/10\/IMG_1388-1024x559.jpeg",640,349,true],"1536x1536":["https:\/\/quehacerpolitico.mx\/wp-content\/uploads\/2023\/10\/IMG_1388.jpeg",1284,701,false],"2048x2048":["https:\/\/quehacerpolitico.mx\/wp-content\/uploads\/2023\/10\/IMG_1388.jpeg",1284,701,false],"covernews-featured":["https:\/\/quehacerpolitico.mx\/wp-content\/uploads\/2023\/10\/IMG_1388.jpeg",1024,559,false],"covernews-medium":["https:\/\/quehacerpolitico.mx\/wp-content\/uploads\/2023\/10\/IMG_1388.jpeg",540,295,false]},"author_info":{"display_name":"Redacci\u00f3n QP","author_link":"https:\/\/quehacerpolitico.mx\/?author=2"},"category_info":"<a href=\"https:\/\/quehacerpolitico.mx\/?cat=2\" rel=\"category\">Noticias<\/a>","tag_info":"Noticias","comment_count":"0","_links":{"self":[{"href":"https:\/\/quehacerpolitico.mx\/index.php?rest_route=\/wp\/v2\/posts\/105667","targetHints":{"allow":["GET"]}}],"collection":[{"href":"https:\/\/quehacerpolitico.mx\/index.php?rest_route=\/wp\/v2\/posts"}],"about":[{"href":"https:\/\/quehacerpolitico.mx\/index.php?rest_route=\/wp\/v2\/types\/post"}],"author":[{"embeddable":true,"href":"https:\/\/quehacerpolitico.mx\/index.php?rest_route=\/wp\/v2\/users\/2"}],"replies":[{"embeddable":true,"href":"https:\/\/quehacerpolitico.mx\/index.php?rest_route=%2Fwp%2Fv2%2Fcomments&post=105667"}],"version-history":[{"count":1,"href":"https:\/\/quehacerpolitico.mx\/index.php?rest_route=\/wp\/v2\/posts\/105667\/revisions"}],"predecessor-version":[{"id":105669,"href":"https:\/\/quehacerpolitico.mx\/index.php?rest_route=\/wp\/v2\/posts\/105667\/revisions\/105669"}],"wp:featuredmedia":[{"embeddable":true,"href":"https:\/\/quehacerpolitico.mx\/index.php?rest_route=\/wp\/v2\/media\/105668"}],"wp:attachment":[{"href":"https:\/\/quehacerpolitico.mx\/index.php?rest_route=%2Fwp%2Fv2%2Fmedia&parent=105667"}],"wp:term":[{"taxonomy":"category","embeddable":true,"href":"https:\/\/quehacerpolitico.mx\/index.php?rest_route=%2Fwp%2Fv2%2Fcategories&post=105667"},{"taxonomy":"post_tag","embeddable":true,"href":"https:\/\/quehacerpolitico.mx\/index.php?rest_route=%2Fwp%2Fv2%2Ftags&post=105667"}],"curies":[{"name":"wp","href":"https:\/\/api.w.org\/{rel}","templated":true}]}}