{"id":105633,"date":"2023-10-13T15:39:31","date_gmt":"2023-10-13T15:39:31","guid":{"rendered":"https:\/\/quehacerpolitico.mx\/?p=105633"},"modified":"2023-10-13T15:39:35","modified_gmt":"2023-10-13T15:39:35","slug":"internacionales-carolina-alonso-romei-israel-dice-a-onu-que-se-debe-evacuar-norte-de-la-franja-de-gaza-en-24-horas","status":"publish","type":"post","link":"https:\/\/quehacerpolitico.mx\/?p=105633","title":{"rendered":"Internacionales\/\/\/Carolina Alonso Romei\/\/\/Israel dice a ONU que se debe evacuar\u00a0Norte de la Franja de Gaza en 24 horas"},"content":{"rendered":"\n<p>Por Carolina Alonso Romei<\/p>\n\n\n\n<p>Internacionalista <\/p>\n\n\n\n<p>La ONU considera que una evacuaci\u00f3n de esas proporciones podr\u00eda tener\u00a0consecuencias humanitarias devastadoras<\/p>\n\n\n\n<p>El Ej\u00e9rcito israel\u00ed inform\u00f3 a la Organizaci\u00f3n de las Naciones Unidas (ONU) que toda la poblaci\u00f3n que est\u00e1 en la zona Norte de la Franja de Gaza debe evacuar el lugar en las pr\u00f3ximas 24 horas.&nbsp;<\/p>\n\n\n\n<p>La ONU considera que una evacuaci\u00f3n de esas proporciones, que implica reubicar a \u201caproximadamente 1.1 millones de personas\u201d, es \u201cimposible\u201d sin que tenga \u201cconsecuencias humanitarias devastadoras\u201d, asegur\u00f3 el portavoz St\u00e9phane Dujarric en una declaraci\u00f3n escrita.<\/p>\n\n\n\n<p><strong>El organismo, agreg\u00f3, hace un \u201cfirme llamamiento\u201d a que esta orden \u201csea rescindida para evitar que una situaci\u00f3n, que ya es una tragedia, se convierta en una situaci\u00f3n desastrosa\u201d.<\/strong><\/p>\n\n\n\n<p>La orden de evacuaci\u00f3n por parte del Gobierno israel\u00ed, detall\u00f3 Dujaricc, tambi\u00e9n aplica para todo el personal de la ONU en la zona, al igual que para las personas que est\u00e1n refugiadas en instalaciones del organismo que incluyen \u201ccolegios, centros de salud y hospitales\u201d.<\/p>\n\n\n\n<p>Israel hizo llegar esta informaci\u00f3n a la Oficina de la ONU para la Coordinaci\u00f3n de Asuntos Humanitarios y el Departamento de Seguridad de Gaza.<\/p>\n\n\n\n<p>Por otra parte,\u00a0<strong>el ministro de Asuntos Exteriores de Ir\u00e1n, Hosein Amir Abdolahian, pidi\u00f3 ayer \u201cdetener la matanza de ni\u00f1os y civiles\u201d en la Franja de Gaza en referencia a los constantes bombardeos de Israel contra el enclave palestino<\/strong>como represalia al ataque del grupo Ham\u00e1s.<\/p>\n\n\n\n<figure class=\"wp-block-embed is-type-video is-provider-youtube wp-block-embed-youtube wp-embed-aspect-16-9 wp-has-aspect-ratio\"><div class=\"wp-block-embed__wrapper\">\n<iframe loading=\"lazy\" title=\"Israel pide que se evac\u00fae el norte de Gaza en 24 horas\" width=\"640\" height=\"360\" src=\"https:\/\/www.youtube.com\/embed\/M_gSR1a8dJs?feature=oembed\" frameborder=\"0\" allow=\"accelerometer; autoplay; clipboard-write; encrypted-media; gyroscope; picture-in-picture; web-share\" referrerpolicy=\"strict-origin-when-cross-origin\" allowfullscreen><\/iframe>\n<\/div><\/figure>\n\n\n\n<h4 class=\"wp-block-heading\"><strong>Sin electricidad ni agua hasta liberar a rehenes<\/strong><\/h4>\n\n\n\n<p>El Ej\u00e9rcito israel\u00ed pulveriz\u00f3 la Franja de Gaza con bombardeos, se preparaba para una posible invasi\u00f3n terrestre y anunci\u00f3 ayer que su asedio contra el territorio -que&nbsp;ha dejado a civiles palestinos buscando desesperadamente alimentos, combustible y medicinas- se mantendr\u00e1 hasta que los combatientes de Ham\u00e1s liberen unos 150 rehenes que fueron tomados cautivos durante el ataque del fin de semana.<\/p>\n\n\n\n<p>Una visita del secretario de Estado de Estados Unidos, Antony Blinken, junto con env\u00edos de armas estadounidenses, fueron una poderosa luz verde para que Israel siga adelante con sus represalias contra Gaza tras el mort\u00edfero ataque de Ham\u00e1s contra civiles y soldados israel\u00edes, pese a que grupos de ayuda internacional advirtieron sobre el empeoramiento de la crisis humanitaria.&nbsp;<strong>Israel ha interrumpido el suministro de art\u00edculos de primera necesidad y electricidad a los 2.3 millones de habitantes de Gaza y ha impedido la entrada de suministros procedentes de Egipto.<\/strong><\/p>\n\n\n\n<p>&#8220;No se activar\u00e1 ni un solo interruptor el\u00e9ctrico, ni un s\u00f3lo grifo se abrir\u00e1 y no entrar\u00e1 ni un s\u00f3lo cami\u00f3n de combustible hasta que los rehenes israel\u00edes regresen a casa&#8221;, asever\u00f3 el ministro de Energ\u00eda israel\u00ed, Israel Katz, en redes sociales.<\/p>\n\n\n\n<p>El teniente coronel Richard Hecht, un portavoz militar israel\u00ed, dijo a los periodistas ayer que las fuerzas &#8220;se est\u00e1n preparando para una maniobra terrestre&#8221; en caso de que los l\u00edderes pol\u00edticos as\u00ed lo ordenen.<\/p>\n\n\n\n<p>Una ofensiva terrestre en Gaza, que es gobernada por Ham\u00e1s y donde la poblaci\u00f3n est\u00e1 densamente api\u00f1ada en una franja de s\u00f3lo 40 kil\u00f3metros de largo, probablemente deje a\u00fan m\u00e1s muertos en ambos lados en brutales combates casa por casa.<\/p>\n\n\n\n<p>El ataque de Ham\u00e1s ocurrido hace seis d\u00edas dej\u00f3 m\u00e1s de mil 300 muertos en Israel, entre ellos 247 soldados&nbsp;-una cifra que no se hab\u00eda visto en Israel durante d\u00e9cadas-&nbsp;y los ataques israel\u00edes posteriores han cobrado la vida de m\u00e1s de mil 530 personas en Gaza, seg\u00fan las autoridades de ambos lados. Israel afirma que aproximadamente mil 500 combatientes de Ham\u00e1s murieron dentro de Israel y que cientos de los muertos en Gaza son miembros de Ham\u00e1s. Miles m\u00e1s han resultado heridos en ambos bandos.<\/p>\n\n\n\n<p>Mientras Israel ataca Gaza desde el aire, los combatientes de Ham\u00e1s han disparado miles de cohetes hacia Israel. En medio de preocupaciones de que los combates puedan extenderse a otras partes de la regi\u00f3n, medios de comunicaci\u00f3n estatales sirios reportaron que Israel bombarde\u00f3 dos aeropuertos internacionales sirios, dej\u00e1ndolos fuera de servicio.<\/p>\n\n\n\n<p>Los implacables bombardeos contra Gaza &#8211;<strong>se han arrojado seis mil municiones desde que comenz\u00f3 el conflicto, de acuerdo con fuerzas militares- obligaron a la poblaci\u00f3n civil palestina a huir corriendo por las calles, cargando sus pertenencias y buscando refugio<\/strong>.<\/p>\n\n\n\n<p>AP<\/p>\n\n\n\n<figure class=\"wp-block-image\"><img decoding=\"async\" src=\"https:\/\/www.informador.mx\/__export\/1697195010583\/sites\/elinformador\/img\/2023\/10\/13\/imagen_imagen_20231012-290f010f5acd40fc0983dd0b78f5ed6cf6c88661.jpg_158021514.jpg\" alt=\"\"\/><figcaption class=\"wp-element-caption\">Siguen los bombardeos en la zona de Gaza. EFE&nbsp;<\/figcaption><\/figure>\n\n\n\n<h4 class=\"wp-block-heading\"><strong>Amenazan con \u201cviernes de ira\u201d<\/strong><\/h4>\n\n\n\n<p>El l\u00edder pol\u00edtico de la rama siria de Ham\u00e1s, Jaled Meshal, exiliado en Damasco y uno de los fundadores del grupo terrorista, emiti\u00f3 un llamado el d\u00eda de ayer instando a los musulmanes de todo el mundo a llevar a cabo una \u201cjornada de ira\u201d hoy viernes, junto con la aplicaci\u00f3n de la yihad isl\u00e1mica (guerra santa) a nivel global. Este mensaje, percibido como una peligrosa amenaza, gener\u00f3 preocupaciones en comunidades jud\u00edas de todo el planeta. As\u00ed lo public\u00f3 el diario espa\u00f1ol ABC.<\/p>\n\n\n\n<p>Jaled Meshal ha estado involucrado en actos de violencia pasados, como el atentado en 2002 en el que dos kamikazes de Ham\u00e1s asesinaron a cuatro soldados israel\u00edes y el secuestro de Gilad Shalit en 2006, un episodio que desencaden\u00f3 la Operaci\u00f3n Lluvia de Verano de Israel.<\/p>\n\n\n\n<p><strong>La Uni\u00f3n Europea ha tomado nota de este llamado y ha implementado medidas para prevenir posibles incidentes como respuesta al llamado de Meshal.<\/strong>Se han reforzado las medidas de seguridad en la Embajada de Israel y en todos sus intereses estrat\u00e9gicos, as\u00ed como en los centros de reuni\u00f3n de la comunidad jud\u00eda en Espa\u00f1a, con el fin de garantizar la protecci\u00f3n de estas instalaciones.<\/p>\n\n\n\n<figure class=\"wp-block-embed is-type-video is-provider-youtube wp-block-embed-youtube wp-embed-aspect-16-9 wp-has-aspect-ratio\"><div class=\"wp-block-embed__wrapper\">\n<iframe loading=\"lazy\" title=\"Israel ordena evacuaci\u00f3n de m\u00e1s de un mill\u00f3n de habitantes de Franja de Gaza en 24 horas | AFP\" width=\"640\" height=\"360\" src=\"https:\/\/www.youtube.com\/embed\/hSOxz4_h1D0?feature=oembed\" frameborder=\"0\" allow=\"accelerometer; autoplay; clipboard-write; encrypted-media; gyroscope; picture-in-picture; web-share\" referrerpolicy=\"strict-origin-when-cross-origin\" allowfullscreen><\/iframe>\n<\/div><\/figure>\n\n\n\n<p><strong>Las autoridades europeas est\u00e1n tomando en serio esta amenaza y est\u00e1n trabajando para garantizar la seguridad de sus ciudadanos.&nbsp;<\/strong><\/p>\n\n\n\n<h4 class=\"wp-block-heading\"><strong>Llevar\u00e1n a mexicanos a Espa\u00f1a<\/strong><\/h4>\n\n\n\n<p>El Presidente Andr\u00e9s Manuel L\u00f3pez Obrador anunci\u00f3 ayer un puente a\u00e9reo para que mexicanos puedan salir de la zona de conflicto en Israel-Ham\u00e1s.&nbsp;Al respecto, la Secretar\u00eda de Relaciones Exteriores (SRE) inform\u00f3 que los dos aviones de la Fuerza A\u00e9rea Mexicana que viajar\u00e1n a Israel para comenzar a evacuar a mexicanos que soliciten su salida, los llevar\u00e1n a Espa\u00f1a, \u201cdesde donde cada persona podr\u00e1 buscar en condiciones de seguridad sus opciones de regreso a M\u00e9xico\u201d.<\/p>\n\n\n\n<p><strong>Para ser considerado en los vuelos del puente a\u00e9reo Tel Aviv-Madrid, las personas solicitantes deber\u00e1n registrarse en un nuevo. Para el puente a\u00e9reo Tel Aviv-Madrid se dar\u00e1 prioridad a las personas en situaci\u00f3n de vulnerabilidad<\/strong>, entendida \u00e9sta de manera enunciativa, m\u00e1s no limitativa: ni\u00f1as, ni\u00f1os y adolescentes; personas lesionadas, accidentadas o con alguna condici\u00f3n m\u00e9dica; personas de la tercera edad, personas con alguna discapacidad y mujeres embarazadas.<\/p>\n\n\n\n<p>\u201cAl finalizar la evacuaci\u00f3n del puente a\u00e9reo, los dos aviones de la Fuerza A\u00e9rea Mexicana regresar\u00e1n al pa\u00eds una sola vez, con ocupaci\u00f3n total de personas mexicanas que busquen su repatriaci\u00f3n, acorde con los mismos criterios de necesidad a partir de la condici\u00f3n de vulnerabilidad\u201d, indic\u00f3 la Canciller\u00eda.<\/p>\n\n\n\n<figure class=\"wp-block-image\"><img decoding=\"async\" src=\"https:\/\/www.informador.mx\/__export\/1697195382784\/sites\/elinformador\/img\/2023\/10\/13\/imagen_imagen_20231012-8be06b0c68b64b0aca1c6d4562818359a7551622.jpg_158021514.jpg\" alt=\"\"\/><figcaption class=\"wp-element-caption\">Gobiernos de varios pa\u00edses activaron medios consulares para sacar a sus ciudadanos de la zona del conflicto. EFE&nbsp;<\/figcaption><\/figure>\n\n\n\n<h4 class=\"wp-block-heading\"><strong>\u201cNo tendr\u00e1n que defenderse solos\u201d<\/strong><\/h4>\n\n\n\n<p>El secretario de Estado de EU, Antony Blinken, insisti\u00f3 ayer en Tel Aviv que mientras su pa\u00eds exista, Israel no tendr\u00e1 que defenderse por su cuenta. &#8220;El mensaje que traigo a Israel es que puede que sean suficientemente fuertes para defenderse por su cuenta, pero mientras Estados Unidos exista, nunca tendr\u00e1n que hacerlo solo. Estaremos siempre ah\u00ed a su lado&#8221;, dijo Blinken en una comparecencia conjunta ante los medios con el primer ministro israel\u00ed, Benjam\u00edn Netanyahu.&nbsp;<\/p>\n\n\n\n<p><strong>Blinken confirm\u00f3 que hay 25 estadounidense fallecidos en Israel en los \u00faltimos d\u00edas tras el inicio del conflicto.&nbsp;<\/strong><\/p>\n\n\n\n<figure class=\"wp-block-image\"><img decoding=\"async\" src=\"https:\/\/www.informador.mx\/__export\/1697195933640\/sites\/elinformador\/img\/2023\/10\/13\/imagen_imagen_blinken.jpg_1563092755.jpg\" alt=\"\"\/><figcaption class=\"wp-element-caption\">ESPECIAL&nbsp;<\/figcaption><\/figure>\n\n\n\n<h4 class=\"wp-block-heading\"><strong>Han usado f\u00f3sforo blanco en los ataques<\/strong><\/h4>\n\n\n\n<p>La ONG Human Rights Watch (HRW) denunci\u00f3 ayer que Israel ha usado f\u00f3sforo blanco, un arma prohibida internacionalmente, en operaciones militares contra Gaza y L\u00edbano, y alert\u00f3 de los graves riesgos que supone para la poblaci\u00f3n civil, seg\u00fan un comunicado. HRW indic\u00f3 que verific\u00f3 videos tomados el 10 de octubre en L\u00edbano y el 11 de octubre en Gaza que &#8220;mostraban m\u00faltiples explosiones en el aire de f\u00f3sforo blanco disparado con artiller\u00eda sobre el puerto de la Ciudad de Gaza y dos localizaciones rurales en la frontera entre Israel y L\u00edbano&#8221;; adem\u00e1s, entrevist\u00f3 a dos testigos.\u00a0<strong>&#8220;Cada vez que se usa f\u00f3sforo blanco en \u00e1reas civiles concurridas, supone un alto riesgo de quemaduras insoportables y sufrimiento de por vida&#8221;, advirti\u00f3 la directora de HRW para Oriente Medio, Lama Fakih.<\/strong><\/p>\n\n\n\n<figure class=\"wp-block-embed is-type-video is-provider-youtube wp-block-embed-youtube wp-embed-aspect-16-9 wp-has-aspect-ratio\"><div class=\"wp-block-embed__wrapper\">\n<iframe loading=\"lazy\" title=\"Naciones Unidas pide a Israel evitar una &quot;situaci\u00f3n calamitosa&quot; en el norte de Gaza\" width=\"640\" height=\"360\" src=\"https:\/\/www.youtube.com\/embed\/NwIj-9VGJDw?feature=oembed\" frameborder=\"0\" allow=\"accelerometer; autoplay; clipboard-write; encrypted-media; gyroscope; picture-in-picture; web-share\" referrerpolicy=\"strict-origin-when-cross-origin\" allowfullscreen><\/iframe>\n<\/div><\/figure>\n\n\n\n<h4 class=\"wp-block-heading\"><strong>El resto de los ejes responder\u00e1n&nbsp;<\/strong><\/h4>\n\n\n\n<p>El ministro iran\u00ed de Exteriores, Hosein Amir Abdolahian, asegur\u00f3 ayer en Beirut que &#8220;el resto de ejes&#8221; responder\u00e1n a Israel si sus &#8220;cr\u00edmenes&#8221; contin\u00faan, en aparente referencia a un grupo que incluye a Siria, el movimiento chi\u00ed liban\u00e9s Hizbul\u00e1 o milicias iraqu\u00edes. &#8220;Por supuesto que&nbsp;<strong>si los cr\u00edmenes de guerra contra Palestina y Gaza contin\u00faan van a recibir respuesta del resto de los ejes, y la Entidad y los pa\u00edses que la apoyan son responsables de estas consecuencias<\/strong>&#8220;, sentenci\u00f3 el jefe de la diplomacia iran\u00ed en una rueda de prensa tras aterrizar en la capital libanesa. Los denominados Ejes de la Resistencia, una suerte de alianza informal capitaneada por Ir\u00e1n, est\u00e1n compuestos por Siria, Hizbul\u00e1, facciones palestinas, milicias iraqu\u00edes y los rebeldes hut\u00edes del Yemen, entre otros.<\/p>\n\n\n\n<h4 class=\"wp-block-heading\"><strong>Francia proh\u00edbe marchas pro Palestina<\/strong><\/h4>\n\n\n\n<p>El ministro del Interior de Francia, Gerald Darmanin, orden\u00f3 ayer a las autoridades locales que proh\u00edban todas las manifestaciones a favor de los palestinos en medio de un aumento de actos antisemitas desde que el grupo islamista Ham\u00e1s atac\u00f3 Israel durante el fin de semana.<\/p>\n\n\n\n<p>En tanto,&nbsp;el presidente Emmanuel Macron inst\u00f3 a los franceses a que no permitan que la guerra en Medio Oriente desate tensiones al interior del pa\u00eds. Poco antes de que Macron se dirigiera a la naci\u00f3n en un discurso televisado sobre el conflicto en Medio Oriente, la polic\u00eda de Par\u00eds utiliz\u00f3 gas lacrim\u00f3geno y ca\u00f1ones de agua para dispersar a manifestantes en favor de los palestinos .<\/p>\n\n\n\n<p><strong>Voz del experto<br>Roni Kaplan, vocero de las Fuerzas de Defensa de Israel<\/strong><\/p>\n\n\n\n<h4 class=\"wp-block-heading\"><strong>Usan tecnolog\u00eda facial para ubicar a enemigos<\/strong><\/h4>\n\n\n\n<p>Roni Kaplan, vocero de las Fuerzas de Defensa de Israel, asegur\u00f3 que los operativos en contra del grupo terrorista Ham\u00e1s, que&nbsp;han dejado hasta ahora la muerte de mil 200 israel\u00edes y tres mil 391 heridos, no busca afectar a la poblaci\u00f3n civil de la Franja de Gaza, ya que la estrategia es maximizar el da\u00f1o a los cuarteles de esa organizaci\u00f3n y minimizar las afectaciones a las personas, por lo que se lanzan mensajes antes de los ataques.<\/p>\n\n\n\n<p>Expuso que de esas cifras&nbsp;<strong>hay 247 soldados asesinados y 97 secuestrados que son rehenes en la Franja de Gaza, aunque el n\u00famero puede ser mayor; as\u00ed como desde los ataques terroristas se han reclutado a 300 mil soldados para hacer frente a esta tragedia y luto nacional que viven<\/strong>.<\/p>\n\n\n\n<p>\u201cEstamos acorralando al liderazgo de Ham\u00e1s en la Franja de Gaza, vamos a atrapar a todos aquellos que est\u00e9n involucrados en la invasi\u00f3n y en la masacre, para eso estamos utilizando tecnolog\u00eda de reconocimiento facial a trav\u00e9s de los videos subidos en internet&#8230;vamos a atraparlos vivos o muertos\u201d, declar\u00f3.<\/p>\n\n\n\n<p>Inform\u00f3 que&nbsp;en este momento tienen 35 posiciones en la zona que separa la Franja de Gaza con Israel, con la ayuda de tanques y tropas en el \u00e1rea: \u201cEstamos en el \u00faltimo tramo, esperando para la toma de decisi\u00f3n del Gobierno israel\u00ed\u201d.<\/p>\n\n\n\n<p>\u201cHam\u00e1s escribi\u00f3 el primer cap\u00edtulo en esta guerra contra Israel, nosotros vamos a escribir el \u00faltimo cap\u00edtulo\u201d, dijo.<\/p>\n\n\n\n<p>Cuestionado sobre la situaci\u00f3n de las dos personas mexicanas que se asegura fueron secuestrados por Ham\u00e1s y el n\u00famero de connacionales que est\u00e1n en el Ej\u00e9rcito de Israel, dijo que se desconoce esa informaci\u00f3n, pero record\u00f3 que su pa\u00eds es uno de los que m\u00e1s inmigrantes ha recibido en los \u00faltimos a\u00f1os y que incluso en la Franja de Gaza viven mucha poblaci\u00f3n de origen latinoamericano.<\/p>\n\n\n\n<h4 class=\"wp-block-heading\"><strong>\u00bfA qu\u00e9 hora regresan los aviones?&nbsp;<\/strong><\/h4>\n\n\n\n<p>Aunque Diana Guerrero Juncal se registr\u00f3 desde el primer minuto en el sistema de la Secretar\u00eda de Relaciones Exteriores (SRE) para quienes piden ser rescatados de la zona de conflicto en Israel, la canciller\u00eda le respondi\u00f3 que espere y el temor de que su familia sea objeto de alg\u00fan ataque armado mientras hace fila por ayuda, hizo que pida auxilio en redes sociales.<\/p>\n\n\n\n<p>&#8220;Por favor ay\u00fadenme. Mi familia y yo est\u00e1bamos en la zona de conflicto, salimos huyendo sin pasaportes, ni nada en mano, es muy peligroso regresar, tengo dos ni\u00f1os peque\u00f1os y mi \u00fanica opci\u00f3n es salir con los aviones que mand\u00f3 M\u00e9xico&#8221;, difundi\u00f3 la originaria de \u00c1lamo, Veracruz, como un grito desesperado de ayuda.<\/p>\n\n\n\n<p>La veracruzana, que se encuentra desde hace a\u00f1os en Israel, viv\u00eda cerca de la frontera donde el s\u00e1bado cayeron los primeros cohetes disparados desde Gaza, al escuchar los estruendos que provocaron, tuvo que huir acompa\u00f1ada de sus dos hijos y su marido, y olvid\u00f3 sus documentos.<\/p>\n","protected":false},"excerpt":{"rendered":"<p>Por Carolina Alonso Romei Internacionalista La ONU considera que una evacuaci\u00f3n de esas proporciones podr\u00eda&#8230;<\/p>\n","protected":false},"author":2,"featured_media":105634,"comment_status":"open","ping_status":"open","sticky":false,"template":"","format":"standard","meta":{"_monsterinsights_skip_tracking":false,"_monsterinsights_sitenote_active":false,"_monsterinsights_sitenote_note":"","_monsterinsights_sitenote_category":0,"footnotes":""},"categories":[1],"tags":[],"class_list":["post-105633","post","type-post","status-publish","format-standard","has-post-thumbnail","hentry","category-sin-categoria"],"yoast_head":"<!-- This site is optimized with the Yoast SEO plugin v27.3 - https:\/\/yoast.com\/product\/yoast-seo-wordpress\/ -->\n<title>Internacionales\/\/\/Carolina Alonso Romei\/\/\/Israel dice a ONU que se debe evacuar\u00a0Norte de la Franja de Gaza en 24 horas -<\/title>\n<meta name=\"robots\" content=\"index, follow, max-snippet:-1, max-image-preview:large, max-video-preview:-1\" \/>\n<link rel=\"canonical\" href=\"https:\/\/quehacerpolitico.mx\/?p=105633\" \/>\n<meta property=\"og:locale\" content=\"es_MX\" \/>\n<meta property=\"og:type\" content=\"article\" \/>\n<meta property=\"og:title\" content=\"Internacionales\/\/\/Carolina Alonso Romei\/\/\/Israel dice a ONU que se debe evacuar\u00a0Norte de la Franja de Gaza en 24 horas -\" \/>\n<meta property=\"og:description\" content=\"Por Carolina Alonso Romei Internacionalista La ONU considera que una evacuaci\u00f3n de esas proporciones podr\u00eda...\" \/>\n<meta property=\"og:url\" content=\"https:\/\/quehacerpolitico.mx\/?p=105633\" \/>\n<meta property=\"article:published_time\" content=\"2023-10-13T15:39:31+00:00\" \/>\n<meta property=\"article:modified_time\" content=\"2023-10-13T15:39:35+00:00\" \/>\n<meta property=\"og:image\" content=\"https:\/\/quehacerpolitico.mx\/wp-content\/uploads\/2023\/10\/IMG_1346.jpeg\" \/>\n\t<meta property=\"og:image:width\" content=\"739\" \/>\n\t<meta property=\"og:image:height\" content=\"415\" \/>\n\t<meta property=\"og:image:type\" content=\"image\/jpeg\" \/>\n<meta name=\"author\" content=\"Redacci\u00f3n QP\" \/>\n<meta name=\"twitter:card\" content=\"summary_large_image\" \/>\n<meta name=\"twitter:label1\" content=\"Escrito por\" \/>\n\t<meta name=\"twitter:data1\" content=\"Redacci\u00f3n QP\" \/>\n\t<meta name=\"twitter:label2\" content=\"Tiempo de lectura\" \/>\n\t<meta name=\"twitter:data2\" content=\"12 minutos\" \/>\n<script type=\"application\/ld+json\" class=\"yoast-schema-graph\">{\"@context\":\"https:\\\/\\\/schema.org\",\"@graph\":[{\"@type\":\"Article\",\"@id\":\"https:\\\/\\\/quehacerpolitico.mx\\\/?p=105633#article\",\"isPartOf\":{\"@id\":\"https:\\\/\\\/quehacerpolitico.mx\\\/?p=105633\"},\"author\":{\"name\":\"Redacci\u00f3n QP\",\"@id\":\"https:\\\/\\\/quehacerpolitico.mx\\\/#\\\/schema\\\/person\\\/496d8ad2d1d3f8036101dca7ee39e585\"},\"headline\":\"Internacionales\\\/\\\/\\\/Carolina Alonso Romei\\\/\\\/\\\/Israel dice a ONU que se debe evacuar\u00a0Norte de la Franja de Gaza en 24 horas\",\"datePublished\":\"2023-10-13T15:39:31+00:00\",\"dateModified\":\"2023-10-13T15:39:35+00:00\",\"mainEntityOfPage\":{\"@id\":\"https:\\\/\\\/quehacerpolitico.mx\\\/?p=105633\"},\"wordCount\":2334,\"commentCount\":0,\"image\":{\"@id\":\"https:\\\/\\\/quehacerpolitico.mx\\\/?p=105633#primaryimage\"},\"thumbnailUrl\":\"https:\\\/\\\/quehacerpolitico.mx\\\/wp-content\\\/uploads\\\/2023\\\/10\\\/IMG_1346.jpeg\",\"articleSection\":[\"Internacionales\"],\"inLanguage\":\"es\",\"potentialAction\":[{\"@type\":\"CommentAction\",\"name\":\"Comment\",\"target\":[\"https:\\\/\\\/quehacerpolitico.mx\\\/?p=105633#respond\"]}]},{\"@type\":\"WebPage\",\"@id\":\"https:\\\/\\\/quehacerpolitico.mx\\\/?p=105633\",\"url\":\"https:\\\/\\\/quehacerpolitico.mx\\\/?p=105633\",\"name\":\"Internacionales\\\/\\\/\\\/Carolina Alonso Romei\\\/\\\/\\\/Israel dice a ONU que se debe evacuar\u00a0Norte de la Franja de Gaza en 24 horas -\",\"isPartOf\":{\"@id\":\"https:\\\/\\\/quehacerpolitico.mx\\\/#website\"},\"primaryImageOfPage\":{\"@id\":\"https:\\\/\\\/quehacerpolitico.mx\\\/?p=105633#primaryimage\"},\"image\":{\"@id\":\"https:\\\/\\\/quehacerpolitico.mx\\\/?p=105633#primaryimage\"},\"thumbnailUrl\":\"https:\\\/\\\/quehacerpolitico.mx\\\/wp-content\\\/uploads\\\/2023\\\/10\\\/IMG_1346.jpeg\",\"datePublished\":\"2023-10-13T15:39:31+00:00\",\"dateModified\":\"2023-10-13T15:39:35+00:00\",\"author\":{\"@id\":\"https:\\\/\\\/quehacerpolitico.mx\\\/#\\\/schema\\\/person\\\/496d8ad2d1d3f8036101dca7ee39e585\"},\"breadcrumb\":{\"@id\":\"https:\\\/\\\/quehacerpolitico.mx\\\/?p=105633#breadcrumb\"},\"inLanguage\":\"es\",\"potentialAction\":[{\"@type\":\"ReadAction\",\"target\":[\"https:\\\/\\\/quehacerpolitico.mx\\\/?p=105633\"]}]},{\"@type\":\"ImageObject\",\"inLanguage\":\"es\",\"@id\":\"https:\\\/\\\/quehacerpolitico.mx\\\/?p=105633#primaryimage\",\"url\":\"https:\\\/\\\/quehacerpolitico.mx\\\/wp-content\\\/uploads\\\/2023\\\/10\\\/IMG_1346.jpeg\",\"contentUrl\":\"https:\\\/\\\/quehacerpolitico.mx\\\/wp-content\\\/uploads\\\/2023\\\/10\\\/IMG_1346.jpeg\",\"width\":739,\"height\":415},{\"@type\":\"BreadcrumbList\",\"@id\":\"https:\\\/\\\/quehacerpolitico.mx\\\/?p=105633#breadcrumb\",\"itemListElement\":[{\"@type\":\"ListItem\",\"position\":1,\"name\":\"Inicio\",\"item\":\"https:\\\/\\\/quehacerpolitico.mx\\\/\"},{\"@type\":\"ListItem\",\"position\":2,\"name\":\"Internacionales\\\/\\\/\\\/Carolina Alonso Romei\\\/\\\/\\\/Israel dice a ONU que se debe evacuar\u00a0Norte de la Franja de Gaza en 24 horas\"}]},{\"@type\":\"WebSite\",\"@id\":\"https:\\\/\\\/quehacerpolitico.mx\\\/#website\",\"url\":\"https:\\\/\\\/quehacerpolitico.mx\\\/\",\"name\":\"\",\"description\":\"\",\"potentialAction\":[{\"@type\":\"SearchAction\",\"target\":{\"@type\":\"EntryPoint\",\"urlTemplate\":\"https:\\\/\\\/quehacerpolitico.mx\\\/?s={search_term_string}\"},\"query-input\":{\"@type\":\"PropertyValueSpecification\",\"valueRequired\":true,\"valueName\":\"search_term_string\"}}],\"inLanguage\":\"es\"},{\"@type\":\"Person\",\"@id\":\"https:\\\/\\\/quehacerpolitico.mx\\\/#\\\/schema\\\/person\\\/496d8ad2d1d3f8036101dca7ee39e585\",\"name\":\"Redacci\u00f3n QP\",\"image\":{\"@type\":\"ImageObject\",\"inLanguage\":\"es\",\"@id\":\"https:\\\/\\\/secure.gravatar.com\\\/avatar\\\/c7164ed6fdec453195284ad24a5ae5b6e1eed2b848477fa2a4787ba9adf39a41?s=96&d=mm&r=g\",\"url\":\"https:\\\/\\\/secure.gravatar.com\\\/avatar\\\/c7164ed6fdec453195284ad24a5ae5b6e1eed2b848477fa2a4787ba9adf39a41?s=96&d=mm&r=g\",\"contentUrl\":\"https:\\\/\\\/secure.gravatar.com\\\/avatar\\\/c7164ed6fdec453195284ad24a5ae5b6e1eed2b848477fa2a4787ba9adf39a41?s=96&d=mm&r=g\",\"caption\":\"Redacci\u00f3n QP\"},\"url\":\"https:\\\/\\\/quehacerpolitico.mx\\\/?author=2\"}]}<\/script>\n<!-- \/ Yoast SEO plugin. -->","yoast_head_json":{"title":"Internacionales\/\/\/Carolina Alonso Romei\/\/\/Israel dice a ONU que se debe evacuar\u00a0Norte de la Franja de Gaza en 24 horas -","robots":{"index":"index","follow":"follow","max-snippet":"max-snippet:-1","max-image-preview":"max-image-preview:large","max-video-preview":"max-video-preview:-1"},"canonical":"https:\/\/quehacerpolitico.mx\/?p=105633","og_locale":"es_MX","og_type":"article","og_title":"Internacionales\/\/\/Carolina Alonso Romei\/\/\/Israel dice a ONU que se debe evacuar\u00a0Norte de la Franja de Gaza en 24 horas -","og_description":"Por Carolina Alonso Romei Internacionalista La ONU considera que una evacuaci\u00f3n de esas proporciones podr\u00eda...","og_url":"https:\/\/quehacerpolitico.mx\/?p=105633","article_published_time":"2023-10-13T15:39:31+00:00","article_modified_time":"2023-10-13T15:39:35+00:00","og_image":[{"width":739,"height":415,"url":"https:\/\/quehacerpolitico.mx\/wp-content\/uploads\/2023\/10\/IMG_1346.jpeg","type":"image\/jpeg"}],"author":"Redacci\u00f3n QP","twitter_card":"summary_large_image","twitter_misc":{"Escrito por":"Redacci\u00f3n QP","Tiempo de lectura":"12 minutos"},"schema":{"@context":"https:\/\/schema.org","@graph":[{"@type":"Article","@id":"https:\/\/quehacerpolitico.mx\/?p=105633#article","isPartOf":{"@id":"https:\/\/quehacerpolitico.mx\/?p=105633"},"author":{"name":"Redacci\u00f3n QP","@id":"https:\/\/quehacerpolitico.mx\/#\/schema\/person\/496d8ad2d1d3f8036101dca7ee39e585"},"headline":"Internacionales\/\/\/Carolina Alonso Romei\/\/\/Israel dice a ONU que se debe evacuar\u00a0Norte de la Franja de Gaza en 24 horas","datePublished":"2023-10-13T15:39:31+00:00","dateModified":"2023-10-13T15:39:35+00:00","mainEntityOfPage":{"@id":"https:\/\/quehacerpolitico.mx\/?p=105633"},"wordCount":2334,"commentCount":0,"image":{"@id":"https:\/\/quehacerpolitico.mx\/?p=105633#primaryimage"},"thumbnailUrl":"https:\/\/quehacerpolitico.mx\/wp-content\/uploads\/2023\/10\/IMG_1346.jpeg","articleSection":["Internacionales"],"inLanguage":"es","potentialAction":[{"@type":"CommentAction","name":"Comment","target":["https:\/\/quehacerpolitico.mx\/?p=105633#respond"]}]},{"@type":"WebPage","@id":"https:\/\/quehacerpolitico.mx\/?p=105633","url":"https:\/\/quehacerpolitico.mx\/?p=105633","name":"Internacionales\/\/\/Carolina Alonso Romei\/\/\/Israel dice a ONU que se debe evacuar\u00a0Norte de la Franja de Gaza en 24 horas -","isPartOf":{"@id":"https:\/\/quehacerpolitico.mx\/#website"},"primaryImageOfPage":{"@id":"https:\/\/quehacerpolitico.mx\/?p=105633#primaryimage"},"image":{"@id":"https:\/\/quehacerpolitico.mx\/?p=105633#primaryimage"},"thumbnailUrl":"https:\/\/quehacerpolitico.mx\/wp-content\/uploads\/2023\/10\/IMG_1346.jpeg","datePublished":"2023-10-13T15:39:31+00:00","dateModified":"2023-10-13T15:39:35+00:00","author":{"@id":"https:\/\/quehacerpolitico.mx\/#\/schema\/person\/496d8ad2d1d3f8036101dca7ee39e585"},"breadcrumb":{"@id":"https:\/\/quehacerpolitico.mx\/?p=105633#breadcrumb"},"inLanguage":"es","potentialAction":[{"@type":"ReadAction","target":["https:\/\/quehacerpolitico.mx\/?p=105633"]}]},{"@type":"ImageObject","inLanguage":"es","@id":"https:\/\/quehacerpolitico.mx\/?p=105633#primaryimage","url":"https:\/\/quehacerpolitico.mx\/wp-content\/uploads\/2023\/10\/IMG_1346.jpeg","contentUrl":"https:\/\/quehacerpolitico.mx\/wp-content\/uploads\/2023\/10\/IMG_1346.jpeg","width":739,"height":415},{"@type":"BreadcrumbList","@id":"https:\/\/quehacerpolitico.mx\/?p=105633#breadcrumb","itemListElement":[{"@type":"ListItem","position":1,"name":"Inicio","item":"https:\/\/quehacerpolitico.mx\/"},{"@type":"ListItem","position":2,"name":"Internacionales\/\/\/Carolina Alonso Romei\/\/\/Israel dice a ONU que se debe evacuar\u00a0Norte de la Franja de Gaza en 24 horas"}]},{"@type":"WebSite","@id":"https:\/\/quehacerpolitico.mx\/#website","url":"https:\/\/quehacerpolitico.mx\/","name":"","description":"","potentialAction":[{"@type":"SearchAction","target":{"@type":"EntryPoint","urlTemplate":"https:\/\/quehacerpolitico.mx\/?s={search_term_string}"},"query-input":{"@type":"PropertyValueSpecification","valueRequired":true,"valueName":"search_term_string"}}],"inLanguage":"es"},{"@type":"Person","@id":"https:\/\/quehacerpolitico.mx\/#\/schema\/person\/496d8ad2d1d3f8036101dca7ee39e585","name":"Redacci\u00f3n QP","image":{"@type":"ImageObject","inLanguage":"es","@id":"https:\/\/secure.gravatar.com\/avatar\/c7164ed6fdec453195284ad24a5ae5b6e1eed2b848477fa2a4787ba9adf39a41?s=96&d=mm&r=g","url":"https:\/\/secure.gravatar.com\/avatar\/c7164ed6fdec453195284ad24a5ae5b6e1eed2b848477fa2a4787ba9adf39a41?s=96&d=mm&r=g","contentUrl":"https:\/\/secure.gravatar.com\/avatar\/c7164ed6fdec453195284ad24a5ae5b6e1eed2b848477fa2a4787ba9adf39a41?s=96&d=mm&r=g","caption":"Redacci\u00f3n QP"},"url":"https:\/\/quehacerpolitico.mx\/?author=2"}]}},"featured_image_urls":{"full":["https:\/\/quehacerpolitico.mx\/wp-content\/uploads\/2023\/10\/IMG_1346.jpeg",739,415,false],"thumbnail":["https:\/\/quehacerpolitico.mx\/wp-content\/uploads\/2023\/10\/IMG_1346-150x150.jpeg",150,150,true],"medium":["https:\/\/quehacerpolitico.mx\/wp-content\/uploads\/2023\/10\/IMG_1346-300x168.jpeg",300,168,true],"medium_large":["https:\/\/quehacerpolitico.mx\/wp-content\/uploads\/2023\/10\/IMG_1346.jpeg",640,359,false],"large":["https:\/\/quehacerpolitico.mx\/wp-content\/uploads\/2023\/10\/IMG_1346.jpeg",640,359,false],"1536x1536":["https:\/\/quehacerpolitico.mx\/wp-content\/uploads\/2023\/10\/IMG_1346.jpeg",739,415,false],"2048x2048":["https:\/\/quehacerpolitico.mx\/wp-content\/uploads\/2023\/10\/IMG_1346.jpeg",739,415,false],"covernews-featured":["https:\/\/quehacerpolitico.mx\/wp-content\/uploads\/2023\/10\/IMG_1346.jpeg",739,415,false],"covernews-medium":["https:\/\/quehacerpolitico.mx\/wp-content\/uploads\/2023\/10\/IMG_1346.jpeg",540,303,false]},"author_info":{"display_name":"Redacci\u00f3n QP","author_link":"https:\/\/quehacerpolitico.mx\/?author=2"},"category_info":"<a href=\"https:\/\/quehacerpolitico.mx\/?cat=1\" rel=\"category\">Internacionales<\/a>","tag_info":"Internacionales","comment_count":"0","_links":{"self":[{"href":"https:\/\/quehacerpolitico.mx\/index.php?rest_route=\/wp\/v2\/posts\/105633","targetHints":{"allow":["GET"]}}],"collection":[{"href":"https:\/\/quehacerpolitico.mx\/index.php?rest_route=\/wp\/v2\/posts"}],"about":[{"href":"https:\/\/quehacerpolitico.mx\/index.php?rest_route=\/wp\/v2\/types\/post"}],"author":[{"embeddable":true,"href":"https:\/\/quehacerpolitico.mx\/index.php?rest_route=\/wp\/v2\/users\/2"}],"replies":[{"embeddable":true,"href":"https:\/\/quehacerpolitico.mx\/index.php?rest_route=%2Fwp%2Fv2%2Fcomments&post=105633"}],"version-history":[{"count":1,"href":"https:\/\/quehacerpolitico.mx\/index.php?rest_route=\/wp\/v2\/posts\/105633\/revisions"}],"predecessor-version":[{"id":105635,"href":"https:\/\/quehacerpolitico.mx\/index.php?rest_route=\/wp\/v2\/posts\/105633\/revisions\/105635"}],"wp:featuredmedia":[{"embeddable":true,"href":"https:\/\/quehacerpolitico.mx\/index.php?rest_route=\/wp\/v2\/media\/105634"}],"wp:attachment":[{"href":"https:\/\/quehacerpolitico.mx\/index.php?rest_route=%2Fwp%2Fv2%2Fmedia&parent=105633"}],"wp:term":[{"taxonomy":"category","embeddable":true,"href":"https:\/\/quehacerpolitico.mx\/index.php?rest_route=%2Fwp%2Fv2%2Fcategories&post=105633"},{"taxonomy":"post_tag","embeddable":true,"href":"https:\/\/quehacerpolitico.mx\/index.php?rest_route=%2Fwp%2Fv2%2Ftags&post=105633"}],"curies":[{"name":"wp","href":"https:\/\/api.w.org\/{rel}","templated":true}]}}