{"id":105627,"date":"2023-10-13T14:56:59","date_gmt":"2023-10-13T14:56:59","guid":{"rendered":"https:\/\/quehacerpolitico.mx\/?p=105627"},"modified":"2023-10-13T14:57:03","modified_gmt":"2023-10-13T14:57:03","slug":"thomas-bach-presidente-del-coi-anuncio-que-validaran-el-beisbol-softbol-criquet-lacrosse-tocho-bandera-y-squash-para-la-2028","status":"publish","type":"post","link":"https:\/\/quehacerpolitico.mx\/?p=105627","title":{"rendered":"Thomas Bach, presidente del COI, anunci\u00f3 que validar\u00e1n el beisbol\/softbol, cr\u00edquet, lacrosse, \u2019tocho&#8217; bandera y squash para LA 2028"},"content":{"rendered":"\n<p>Por Redacci\u00f3n QP<\/p>\n\n\n\n<p>La 141 Sesi\u00f3n del\u00a0<strong>Comit\u00e9 Ol\u00edmpico Internacional (COI)<\/strong>\u00a0validar\u00e1 la\u00a0<strong>pr\u00f3xima semana<\/strong>\u00a0la inclusi\u00f3n en el\u00a0<strong>programa de los Juegos de Los \u00c1ngeles 2028<\/strong>\u00a0de los\u00a0<strong>cinco deportes\u00a0<\/strong>propuestos\u00a0por el comit\u00e9 organizador (<strong>beisbol\/softbol, cr\u00edquet, lacrosse, futbol\u00a0\u2019tocho\u2019 bandera y squash<\/strong>), despu\u00e9s de que la Ejecutiva del organismo diera el visto bueno a la iniciativa,\u00a0anuncios este viernes el presidente\u00a0<strong>Thomas Bach<\/strong>.<\/p>\n\n\n\n<p>De los otros&nbsp;<strong>tres deportes pendientes<\/strong>&nbsp;de una decisi\u00f3n para Los \u00c1ngeles 2028, la&nbsp;<strong>halterofilia, el pentatl\u00f3n moderno y el boxeo<\/strong>, se incluir\u00e1 a los dos primeros y se seguir\u00e1 estudiando el caso del tercero.<\/p>\n\n\n\n<p>Bach indic\u00f3 asimismo que hab\u00eda para esa edici\u00f3n&nbsp;<strong>16 propuestas de nuevas disciplinas<\/strong>(pruebas de deportes ya admitidos) y que la \u00fanica que se acept\u00f3 es la del&nbsp;<strong>remo de playa esprint<\/strong>, lo que implicar\u00e1 la eliminaci\u00f3n del doble scull ligero.<\/p>\n\n\n\n<p>Adem\u00e1s de recomendar la admisi\u00f3n de los cinco nuevos deportes, \u201cque est\u00e1n en consonancia\u201d con la tradici\u00f3n deportiva y la cultura del pa\u00eds organizador, Bach explic\u00f3 que est\u00e1n&nbsp;<strong>a favor de la continuidad del pentatl\u00f3n moderno<\/strong>&nbsp;tras el cambio de la prueba de salto ecuestre por las carreras de obst\u00e1culos a pie.<\/p>\n\n\n\n<p>\u201cSin este cambio, el pentatl\u00f3n moderno no se habr\u00eda incluido en el programa\u201d, asegur\u00f3 Bach en una&nbsp;<strong>conferencia de prensa<\/strong>&nbsp;en Bombay (India).<\/p>\n\n\n\n<h2 class=\"wp-block-heading\" id=\"h-pendientes\">PENDIENTES<\/h2>\n\n\n\n<p>Tambi\u00e9n se recomendar\u00e1 a la Sesi\u00f3n la<strong>admisi\u00f3n de la halterofilia<\/strong>, que estaba en duda por las irregularidades en su gesti\u00f3n. La decisi\u00f3n de la Federaci\u00f3n Internacional de delegar las pruebas antidopaje a la Agencia Internacional de Controles (ITA) y las sanciones al Tribunal de Arbitraje Deportivo (TAS) ha sido decisiva, dijo el presidente.<\/p>\n\n\n\n<p>El tercer deporte pendiente de una decisi\u00f3n, el&nbsp;<strong>boxeo<\/strong>, seguir\u00e1 bajo estudio. Su federaci\u00f3n (IBA) est\u00e1 suspendida, tambi\u00e9n por m\u00faltiples deficiencias, y Bach record\u00f3 que no hay otro organismo que haya adquirido ese reconocimiento.<\/p>\n\n\n\n<p>\u201cQueremos el boxeo en el programa, no tenemos\u00a0<strong>problemas<\/strong>\u00a0con el boxeo, lo tenemos enorme con su federaci\u00f3n\u201d, afirm\u00f3 al mandatario.<\/p>\n\n\n\n<p>Si la Sesi\u00f3n aprueba las propuestas de la Ejecutiva, como sucede habitualmente, el programa de los Juegos Ol\u00edmpicos de Los \u00c1ngeles 2028 lo compondr\u00e1n los siguientes deportes: atletismo, remo (con la novedad del remo esprint playa), b\u00e1dminton, baloncesto, pirag\u00fcismo, ciclismo, h\u00edpica, esgrima, futbol, golf, gimnasia, balonmano, hockey, judo, lucha, nataci\u00f3n, rugby, taekwondo, tenis, tenis de mesa, tiro, tiro con arco, triatl\u00f3n, vela, voleibol, surf, skateboarding, escalada, pentatl\u00f3n moderno, halterofilia, beisbol\/softbol, lacrosse, squash, cr\u00edquet y futbol&nbsp;\u2019tocho\u2019 bandera; con el boxeo a\u00fan&nbsp;<strong>pendiente<\/strong>&nbsp;de decisi\u00f3n.<\/p>\n\n\n\n<p>Respecto al programa de Par\u00eds 2024,\u00a0<strong>desaparece el breaking<\/strong>.<\/p>\n\n\n\n<p>Con informaci\u00f3n de EFE<\/p>\n","protected":false},"excerpt":{"rendered":"<p>Por Redacci\u00f3n QP La 141 Sesi\u00f3n del\u00a0Comit\u00e9 Ol\u00edmpico Internacional (COI)\u00a0validar\u00e1 la\u00a0pr\u00f3xima semana\u00a0la inclusi\u00f3n en el\u00a0programa&#8230;<\/p>\n","protected":false},"author":2,"featured_media":105628,"comment_status":"open","ping_status":"open","sticky":false,"template":"","format":"standard","meta":{"_monsterinsights_skip_tracking":false,"_monsterinsights_sitenote_active":false,"_monsterinsights_sitenote_note":"","_monsterinsights_sitenote_category":0,"footnotes":""},"categories":[54],"tags":[],"class_list":["post-105627","post","type-post","status-publish","format-standard","has-post-thumbnail","hentry","category-deportes"],"yoast_head":"<!-- This site is optimized with the Yoast SEO plugin v27.3 - https:\/\/yoast.com\/product\/yoast-seo-wordpress\/ -->\n<title>Thomas Bach, presidente del COI, anunci\u00f3 que validar\u00e1n el beisbol\/softbol, cr\u00edquet, lacrosse, \u2019tocho&#039; bandera y squash para LA 2028 -<\/title>\n<meta name=\"robots\" content=\"index, follow, max-snippet:-1, max-image-preview:large, max-video-preview:-1\" \/>\n<link rel=\"canonical\" href=\"https:\/\/quehacerpolitico.mx\/?p=105627\" \/>\n<meta property=\"og:locale\" content=\"es_MX\" \/>\n<meta property=\"og:type\" content=\"article\" \/>\n<meta property=\"og:title\" content=\"Thomas Bach, presidente del COI, anunci\u00f3 que validar\u00e1n el beisbol\/softbol, cr\u00edquet, lacrosse, \u2019tocho&#039; bandera y squash para LA 2028 -\" \/>\n<meta property=\"og:description\" content=\"Por Redacci\u00f3n QP La 141 Sesi\u00f3n del\u00a0Comit\u00e9 Ol\u00edmpico Internacional (COI)\u00a0validar\u00e1 la\u00a0pr\u00f3xima semana\u00a0la inclusi\u00f3n en el\u00a0programa...\" \/>\n<meta property=\"og:url\" content=\"https:\/\/quehacerpolitico.mx\/?p=105627\" \/>\n<meta property=\"article:published_time\" content=\"2023-10-13T14:56:59+00:00\" \/>\n<meta property=\"article:modified_time\" content=\"2023-10-13T14:57:03+00:00\" \/>\n<meta property=\"og:image\" content=\"https:\/\/quehacerpolitico.mx\/wp-content\/uploads\/2023\/10\/IMG_1343.jpeg\" \/>\n\t<meta property=\"og:image:width\" content=\"1439\" \/>\n\t<meta property=\"og:image:height\" content=\"809\" \/>\n\t<meta property=\"og:image:type\" content=\"image\/jpeg\" \/>\n<meta name=\"author\" content=\"Redacci\u00f3n QP\" \/>\n<meta name=\"twitter:card\" content=\"summary_large_image\" \/>\n<meta name=\"twitter:label1\" content=\"Escrito por\" \/>\n\t<meta name=\"twitter:data1\" content=\"Redacci\u00f3n QP\" \/>\n\t<meta name=\"twitter:label2\" content=\"Tiempo de lectura\" \/>\n\t<meta name=\"twitter:data2\" content=\"2 minutos\" \/>\n<script type=\"application\/ld+json\" class=\"yoast-schema-graph\">{\"@context\":\"https:\\\/\\\/schema.org\",\"@graph\":[{\"@type\":\"Article\",\"@id\":\"https:\\\/\\\/quehacerpolitico.mx\\\/?p=105627#article\",\"isPartOf\":{\"@id\":\"https:\\\/\\\/quehacerpolitico.mx\\\/?p=105627\"},\"author\":{\"name\":\"Redacci\u00f3n QP\",\"@id\":\"https:\\\/\\\/quehacerpolitico.mx\\\/#\\\/schema\\\/person\\\/496d8ad2d1d3f8036101dca7ee39e585\"},\"headline\":\"Thomas Bach, presidente del COI, anunci\u00f3 que validar\u00e1n el beisbol\\\/softbol, cr\u00edquet, lacrosse, \u2019tocho&#8217; bandera y squash para LA 2028\",\"datePublished\":\"2023-10-13T14:56:59+00:00\",\"dateModified\":\"2023-10-13T14:57:03+00:00\",\"mainEntityOfPage\":{\"@id\":\"https:\\\/\\\/quehacerpolitico.mx\\\/?p=105627\"},\"wordCount\":499,\"commentCount\":0,\"image\":{\"@id\":\"https:\\\/\\\/quehacerpolitico.mx\\\/?p=105627#primaryimage\"},\"thumbnailUrl\":\"https:\\\/\\\/quehacerpolitico.mx\\\/wp-content\\\/uploads\\\/2023\\\/10\\\/IMG_1343.jpeg\",\"articleSection\":[\"Deportes\"],\"inLanguage\":\"es\",\"potentialAction\":[{\"@type\":\"CommentAction\",\"name\":\"Comment\",\"target\":[\"https:\\\/\\\/quehacerpolitico.mx\\\/?p=105627#respond\"]}]},{\"@type\":\"WebPage\",\"@id\":\"https:\\\/\\\/quehacerpolitico.mx\\\/?p=105627\",\"url\":\"https:\\\/\\\/quehacerpolitico.mx\\\/?p=105627\",\"name\":\"Thomas Bach, presidente del COI, anunci\u00f3 que validar\u00e1n el beisbol\\\/softbol, cr\u00edquet, lacrosse, \u2019tocho' bandera y squash para LA 2028 -\",\"isPartOf\":{\"@id\":\"https:\\\/\\\/quehacerpolitico.mx\\\/#website\"},\"primaryImageOfPage\":{\"@id\":\"https:\\\/\\\/quehacerpolitico.mx\\\/?p=105627#primaryimage\"},\"image\":{\"@id\":\"https:\\\/\\\/quehacerpolitico.mx\\\/?p=105627#primaryimage\"},\"thumbnailUrl\":\"https:\\\/\\\/quehacerpolitico.mx\\\/wp-content\\\/uploads\\\/2023\\\/10\\\/IMG_1343.jpeg\",\"datePublished\":\"2023-10-13T14:56:59+00:00\",\"dateModified\":\"2023-10-13T14:57:03+00:00\",\"author\":{\"@id\":\"https:\\\/\\\/quehacerpolitico.mx\\\/#\\\/schema\\\/person\\\/496d8ad2d1d3f8036101dca7ee39e585\"},\"breadcrumb\":{\"@id\":\"https:\\\/\\\/quehacerpolitico.mx\\\/?p=105627#breadcrumb\"},\"inLanguage\":\"es\",\"potentialAction\":[{\"@type\":\"ReadAction\",\"target\":[\"https:\\\/\\\/quehacerpolitico.mx\\\/?p=105627\"]}]},{\"@type\":\"ImageObject\",\"inLanguage\":\"es\",\"@id\":\"https:\\\/\\\/quehacerpolitico.mx\\\/?p=105627#primaryimage\",\"url\":\"https:\\\/\\\/quehacerpolitico.mx\\\/wp-content\\\/uploads\\\/2023\\\/10\\\/IMG_1343.jpeg\",\"contentUrl\":\"https:\\\/\\\/quehacerpolitico.mx\\\/wp-content\\\/uploads\\\/2023\\\/10\\\/IMG_1343.jpeg\",\"width\":1439,\"height\":809},{\"@type\":\"BreadcrumbList\",\"@id\":\"https:\\\/\\\/quehacerpolitico.mx\\\/?p=105627#breadcrumb\",\"itemListElement\":[{\"@type\":\"ListItem\",\"position\":1,\"name\":\"Inicio\",\"item\":\"https:\\\/\\\/quehacerpolitico.mx\\\/\"},{\"@type\":\"ListItem\",\"position\":2,\"name\":\"Thomas Bach, presidente del COI, anunci\u00f3 que validar\u00e1n el beisbol\\\/softbol, cr\u00edquet, lacrosse, \u2019tocho&#8217; bandera y squash para LA 2028\"}]},{\"@type\":\"WebSite\",\"@id\":\"https:\\\/\\\/quehacerpolitico.mx\\\/#website\",\"url\":\"https:\\\/\\\/quehacerpolitico.mx\\\/\",\"name\":\"\",\"description\":\"\",\"potentialAction\":[{\"@type\":\"SearchAction\",\"target\":{\"@type\":\"EntryPoint\",\"urlTemplate\":\"https:\\\/\\\/quehacerpolitico.mx\\\/?s={search_term_string}\"},\"query-input\":{\"@type\":\"PropertyValueSpecification\",\"valueRequired\":true,\"valueName\":\"search_term_string\"}}],\"inLanguage\":\"es\"},{\"@type\":\"Person\",\"@id\":\"https:\\\/\\\/quehacerpolitico.mx\\\/#\\\/schema\\\/person\\\/496d8ad2d1d3f8036101dca7ee39e585\",\"name\":\"Redacci\u00f3n QP\",\"image\":{\"@type\":\"ImageObject\",\"inLanguage\":\"es\",\"@id\":\"https:\\\/\\\/secure.gravatar.com\\\/avatar\\\/c7164ed6fdec453195284ad24a5ae5b6e1eed2b848477fa2a4787ba9adf39a41?s=96&d=mm&r=g\",\"url\":\"https:\\\/\\\/secure.gravatar.com\\\/avatar\\\/c7164ed6fdec453195284ad24a5ae5b6e1eed2b848477fa2a4787ba9adf39a41?s=96&d=mm&r=g\",\"contentUrl\":\"https:\\\/\\\/secure.gravatar.com\\\/avatar\\\/c7164ed6fdec453195284ad24a5ae5b6e1eed2b848477fa2a4787ba9adf39a41?s=96&d=mm&r=g\",\"caption\":\"Redacci\u00f3n QP\"},\"url\":\"https:\\\/\\\/quehacerpolitico.mx\\\/?author=2\"}]}<\/script>\n<!-- \/ Yoast SEO plugin. -->","yoast_head_json":{"title":"Thomas Bach, presidente del COI, anunci\u00f3 que validar\u00e1n el beisbol\/softbol, cr\u00edquet, lacrosse, \u2019tocho' bandera y squash para LA 2028 -","robots":{"index":"index","follow":"follow","max-snippet":"max-snippet:-1","max-image-preview":"max-image-preview:large","max-video-preview":"max-video-preview:-1"},"canonical":"https:\/\/quehacerpolitico.mx\/?p=105627","og_locale":"es_MX","og_type":"article","og_title":"Thomas Bach, presidente del COI, anunci\u00f3 que validar\u00e1n el beisbol\/softbol, cr\u00edquet, lacrosse, \u2019tocho' bandera y squash para LA 2028 -","og_description":"Por Redacci\u00f3n QP La 141 Sesi\u00f3n del\u00a0Comit\u00e9 Ol\u00edmpico Internacional (COI)\u00a0validar\u00e1 la\u00a0pr\u00f3xima semana\u00a0la inclusi\u00f3n en el\u00a0programa...","og_url":"https:\/\/quehacerpolitico.mx\/?p=105627","article_published_time":"2023-10-13T14:56:59+00:00","article_modified_time":"2023-10-13T14:57:03+00:00","og_image":[{"width":1439,"height":809,"url":"https:\/\/quehacerpolitico.mx\/wp-content\/uploads\/2023\/10\/IMG_1343.jpeg","type":"image\/jpeg"}],"author":"Redacci\u00f3n QP","twitter_card":"summary_large_image","twitter_misc":{"Escrito por":"Redacci\u00f3n QP","Tiempo de lectura":"2 minutos"},"schema":{"@context":"https:\/\/schema.org","@graph":[{"@type":"Article","@id":"https:\/\/quehacerpolitico.mx\/?p=105627#article","isPartOf":{"@id":"https:\/\/quehacerpolitico.mx\/?p=105627"},"author":{"name":"Redacci\u00f3n QP","@id":"https:\/\/quehacerpolitico.mx\/#\/schema\/person\/496d8ad2d1d3f8036101dca7ee39e585"},"headline":"Thomas Bach, presidente del COI, anunci\u00f3 que validar\u00e1n el beisbol\/softbol, cr\u00edquet, lacrosse, \u2019tocho&#8217; bandera y squash para LA 2028","datePublished":"2023-10-13T14:56:59+00:00","dateModified":"2023-10-13T14:57:03+00:00","mainEntityOfPage":{"@id":"https:\/\/quehacerpolitico.mx\/?p=105627"},"wordCount":499,"commentCount":0,"image":{"@id":"https:\/\/quehacerpolitico.mx\/?p=105627#primaryimage"},"thumbnailUrl":"https:\/\/quehacerpolitico.mx\/wp-content\/uploads\/2023\/10\/IMG_1343.jpeg","articleSection":["Deportes"],"inLanguage":"es","potentialAction":[{"@type":"CommentAction","name":"Comment","target":["https:\/\/quehacerpolitico.mx\/?p=105627#respond"]}]},{"@type":"WebPage","@id":"https:\/\/quehacerpolitico.mx\/?p=105627","url":"https:\/\/quehacerpolitico.mx\/?p=105627","name":"Thomas Bach, presidente del COI, anunci\u00f3 que validar\u00e1n el beisbol\/softbol, cr\u00edquet, lacrosse, \u2019tocho' bandera y squash para LA 2028 -","isPartOf":{"@id":"https:\/\/quehacerpolitico.mx\/#website"},"primaryImageOfPage":{"@id":"https:\/\/quehacerpolitico.mx\/?p=105627#primaryimage"},"image":{"@id":"https:\/\/quehacerpolitico.mx\/?p=105627#primaryimage"},"thumbnailUrl":"https:\/\/quehacerpolitico.mx\/wp-content\/uploads\/2023\/10\/IMG_1343.jpeg","datePublished":"2023-10-13T14:56:59+00:00","dateModified":"2023-10-13T14:57:03+00:00","author":{"@id":"https:\/\/quehacerpolitico.mx\/#\/schema\/person\/496d8ad2d1d3f8036101dca7ee39e585"},"breadcrumb":{"@id":"https:\/\/quehacerpolitico.mx\/?p=105627#breadcrumb"},"inLanguage":"es","potentialAction":[{"@type":"ReadAction","target":["https:\/\/quehacerpolitico.mx\/?p=105627"]}]},{"@type":"ImageObject","inLanguage":"es","@id":"https:\/\/quehacerpolitico.mx\/?p=105627#primaryimage","url":"https:\/\/quehacerpolitico.mx\/wp-content\/uploads\/2023\/10\/IMG_1343.jpeg","contentUrl":"https:\/\/quehacerpolitico.mx\/wp-content\/uploads\/2023\/10\/IMG_1343.jpeg","width":1439,"height":809},{"@type":"BreadcrumbList","@id":"https:\/\/quehacerpolitico.mx\/?p=105627#breadcrumb","itemListElement":[{"@type":"ListItem","position":1,"name":"Inicio","item":"https:\/\/quehacerpolitico.mx\/"},{"@type":"ListItem","position":2,"name":"Thomas Bach, presidente del COI, anunci\u00f3 que validar\u00e1n el beisbol\/softbol, cr\u00edquet, lacrosse, \u2019tocho&#8217; bandera y squash para LA 2028"}]},{"@type":"WebSite","@id":"https:\/\/quehacerpolitico.mx\/#website","url":"https:\/\/quehacerpolitico.mx\/","name":"","description":"","potentialAction":[{"@type":"SearchAction","target":{"@type":"EntryPoint","urlTemplate":"https:\/\/quehacerpolitico.mx\/?s={search_term_string}"},"query-input":{"@type":"PropertyValueSpecification","valueRequired":true,"valueName":"search_term_string"}}],"inLanguage":"es"},{"@type":"Person","@id":"https:\/\/quehacerpolitico.mx\/#\/schema\/person\/496d8ad2d1d3f8036101dca7ee39e585","name":"Redacci\u00f3n QP","image":{"@type":"ImageObject","inLanguage":"es","@id":"https:\/\/secure.gravatar.com\/avatar\/c7164ed6fdec453195284ad24a5ae5b6e1eed2b848477fa2a4787ba9adf39a41?s=96&d=mm&r=g","url":"https:\/\/secure.gravatar.com\/avatar\/c7164ed6fdec453195284ad24a5ae5b6e1eed2b848477fa2a4787ba9adf39a41?s=96&d=mm&r=g","contentUrl":"https:\/\/secure.gravatar.com\/avatar\/c7164ed6fdec453195284ad24a5ae5b6e1eed2b848477fa2a4787ba9adf39a41?s=96&d=mm&r=g","caption":"Redacci\u00f3n QP"},"url":"https:\/\/quehacerpolitico.mx\/?author=2"}]}},"featured_image_urls":{"full":["https:\/\/quehacerpolitico.mx\/wp-content\/uploads\/2023\/10\/IMG_1343.jpeg",1439,809,false],"thumbnail":["https:\/\/quehacerpolitico.mx\/wp-content\/uploads\/2023\/10\/IMG_1343-150x150.jpeg",150,150,true],"medium":["https:\/\/quehacerpolitico.mx\/wp-content\/uploads\/2023\/10\/IMG_1343-300x169.jpeg",300,169,true],"medium_large":["https:\/\/quehacerpolitico.mx\/wp-content\/uploads\/2023\/10\/IMG_1343-768x432.jpeg",640,360,true],"large":["https:\/\/quehacerpolitico.mx\/wp-content\/uploads\/2023\/10\/IMG_1343-1024x576.jpeg",640,360,true],"1536x1536":["https:\/\/quehacerpolitico.mx\/wp-content\/uploads\/2023\/10\/IMG_1343.jpeg",1439,809,false],"2048x2048":["https:\/\/quehacerpolitico.mx\/wp-content\/uploads\/2023\/10\/IMG_1343.jpeg",1439,809,false],"covernews-featured":["https:\/\/quehacerpolitico.mx\/wp-content\/uploads\/2023\/10\/IMG_1343.jpeg",1024,576,false],"covernews-medium":["https:\/\/quehacerpolitico.mx\/wp-content\/uploads\/2023\/10\/IMG_1343.jpeg",540,304,false]},"author_info":{"display_name":"Redacci\u00f3n QP","author_link":"https:\/\/quehacerpolitico.mx\/?author=2"},"category_info":"<a href=\"https:\/\/quehacerpolitico.mx\/?cat=54\" rel=\"category\">Deportes<\/a>","tag_info":"Deportes","comment_count":"0","_links":{"self":[{"href":"https:\/\/quehacerpolitico.mx\/index.php?rest_route=\/wp\/v2\/posts\/105627","targetHints":{"allow":["GET"]}}],"collection":[{"href":"https:\/\/quehacerpolitico.mx\/index.php?rest_route=\/wp\/v2\/posts"}],"about":[{"href":"https:\/\/quehacerpolitico.mx\/index.php?rest_route=\/wp\/v2\/types\/post"}],"author":[{"embeddable":true,"href":"https:\/\/quehacerpolitico.mx\/index.php?rest_route=\/wp\/v2\/users\/2"}],"replies":[{"embeddable":true,"href":"https:\/\/quehacerpolitico.mx\/index.php?rest_route=%2Fwp%2Fv2%2Fcomments&post=105627"}],"version-history":[{"count":1,"href":"https:\/\/quehacerpolitico.mx\/index.php?rest_route=\/wp\/v2\/posts\/105627\/revisions"}],"predecessor-version":[{"id":105629,"href":"https:\/\/quehacerpolitico.mx\/index.php?rest_route=\/wp\/v2\/posts\/105627\/revisions\/105629"}],"wp:featuredmedia":[{"embeddable":true,"href":"https:\/\/quehacerpolitico.mx\/index.php?rest_route=\/wp\/v2\/media\/105628"}],"wp:attachment":[{"href":"https:\/\/quehacerpolitico.mx\/index.php?rest_route=%2Fwp%2Fv2%2Fmedia&parent=105627"}],"wp:term":[{"taxonomy":"category","embeddable":true,"href":"https:\/\/quehacerpolitico.mx\/index.php?rest_route=%2Fwp%2Fv2%2Fcategories&post=105627"},{"taxonomy":"post_tag","embeddable":true,"href":"https:\/\/quehacerpolitico.mx\/index.php?rest_route=%2Fwp%2Fv2%2Ftags&post=105627"}],"curies":[{"name":"wp","href":"https:\/\/api.w.org\/{rel}","templated":true}]}}