{"id":105614,"date":"2023-10-12T18:18:48","date_gmt":"2023-10-12T18:18:48","guid":{"rendered":"https:\/\/quehacerpolitico.mx\/?p=105614"},"modified":"2023-10-12T18:18:51","modified_gmt":"2023-10-12T18:18:51","slug":"a-mi-me-obedece-el-ejercito-amlo","status":"publish","type":"post","link":"https:\/\/quehacerpolitico.mx\/?p=105614","title":{"rendered":"A mi me obedece el ej\u00e9rcito: AMLO"},"content":{"rendered":"\n<p>Por Redacci\u00f3n QP<\/p>\n\n\n\n<p>El presidente de M\u00e9xico,&nbsp;<strong>Andr\u00e9s Manuel L\u00f3pez Obrador<\/strong>, critic\u00f3 a los investigadores del Mecanismo para la Verdad y el Esclarecimiento Hist\u00f3rico (<strong>MEH<\/strong>) que acusaron ayer mi\u00e9rcoles que el&nbsp;<strong>Ej\u00e9rcito<\/strong>&nbsp;ha incurrido en diversas pr\u00e1cticas para ocultar informaci\u00f3n sobre los cr\u00edmenes ocurridos en la&nbsp;<strong>Guerra Sucia&nbsp;<\/strong>(1965 a 1990).<\/p>\n\n\n\n<p>En su conferencia matutina, el presidente insisti\u00f3 que las\u00a0<strong>Fuerzas Armadas<\/strong>\u00a0s\u00ed cumplen con sus \u00f3rdenes.<\/p>\n\n\n\n<p>\u201cEst\u00e1n mal informados o est\u00e1n desinformando, no est\u00e1n siendo\u00a0<strong>objetivos<\/strong>, no est\u00e1n hablando con la verdad, porque primero a m\u00ed me obedecen, segundo, hay por convicci\u00f3n la voluntad de esclarecer todo, de no ocultar\u00a0<strong>absolutamente<\/strong> nada, hacer todo transparente, es una regla de oro de la democracia y me consta que han entregado todo lo que tienen en la\u00a0<strong>Secretar\u00eda de la Defensa<\/strong>\u201d, dijo.<\/p>\n\n\n\n<figure class=\"wp-block-embed is-type-video is-provider-youtube wp-block-embed-youtube wp-embed-aspect-16-9 wp-has-aspect-ratio\"><div class=\"wp-block-embed__wrapper\">\n<iframe loading=\"lazy\" title=\"A m\u00ed me obedecen, dice AMLO sobre Ej\u00e9rcito\" width=\"640\" height=\"360\" src=\"https:\/\/www.youtube.com\/embed\/k7mUuP5ikMY?feature=oembed\" frameborder=\"0\" allow=\"accelerometer; autoplay; clipboard-write; encrypted-media; gyroscope; picture-in-picture; web-share\" referrerpolicy=\"strict-origin-when-cross-origin\" allowfullscreen><\/iframe>\n<\/div><\/figure>\n\n\n\n<p>Respecto a la decisi\u00f3n del Mecanismo para la Verdad y el Esclarecimiento Hist\u00f3rico de retirar a su equipo de investigadores hasta que el&nbsp;<strong>Ej\u00e9rcito<\/strong>&nbsp;d\u00e9 acceso a los archivos,<strong>&nbsp;L\u00f3pez Obrador&nbsp;<\/strong>no prometi\u00f3 ninguna garant\u00eda.<\/p>\n\n\n\n<p>\u201cSi ellos no tienen convicciones y no tienen confianza, mejor que no regresen y ya buscamos a otras personas que nos ayuden\u201d, dijo el presidente y refiri\u00f3 que hizo lo mismo en el&nbsp;<strong>caso Ayotzinapa<\/strong>&nbsp;con la renuncia del fiscal Omar G\u00f3mez Trejo.<\/p>\n\n\n\n<p>En respuesta a las declaraciones del mandatario, Carlos P\u00e9rez Ricard, integrante del MEH, asegur\u00f3 que los&nbsp;<strong>investigadores<\/strong>&nbsp;no est\u00e1n desinformando sobre sus acusaciones contra el&nbsp;<strong>Ej\u00e9rcito<\/strong>.<\/p>\n\n\n\n<p>\u201cQueremos cumplir el mandato presidencial y la demanda de las v\u00edctimas de la\u00a0<strong>Guerra Sucia<\/strong>: verdad y justicia. No m\u00e1s, pero tampoco menos. Le haremos llegar al presidente la informaci\u00f3n precisa\u201d, se\u00f1al\u00f3 en redes sociales.<\/p>\n\n\n\n<p>Ayer, el&nbsp;<strong>MEH<\/strong>&nbsp;acus\u00f3 que en las \u00faltimas semanas el Ej\u00e9rcito ha multiplicado los obst\u00e1culos para dar acceso a los archivos sobre la Guerra Sucia.<\/p>\n\n\n\n<p>\u201cHan derivado en que el personal militar haya incurrido en pr\u00e1cticas de ocultamiento de informaci\u00f3n por medio de&nbsp;<strong>alteraci\u00f3n<\/strong>,&nbsp;<strong>mutilaci\u00f3n<\/strong>&nbsp;e inutilizaci\u00f3n parcial o total de&nbsp;<strong>expedientes<\/strong>\u201d, se\u00f1al\u00f3 David de Jes\u00fas Fern\u00e1ndez D\u00e1valos, integrante del mecanismo<a href=\"https:\/\/twitter.com\/perezricart\/status\/1712479693545566557\">.<\/a><\/p>\n\n\n\n<p>El mecanismo es parte de la Comisi\u00f3n para el Acceso a la Verdad, el Esclarecimiento Hist\u00f3rico y el Impulso a la Justicia de&nbsp;<strong>Violaciones Graves a Derechos humanos&nbsp;<\/strong>de 1965 a 1990, creada en octubre de 2021 por el presidente&nbsp;<strong>L\u00f3pez Obrador<\/strong>, quien el a\u00f1o pasado prometi\u00f3 abrir los archivos del&nbsp;<strong>Ej\u00e9rcito<\/strong>&nbsp;y la Marina.<\/p>\n","protected":false},"excerpt":{"rendered":"<p>Por Redacci\u00f3n QP El presidente de M\u00e9xico,&nbsp;Andr\u00e9s Manuel L\u00f3pez Obrador, critic\u00f3 a los investigadores del&#8230;<\/p>\n","protected":false},"author":2,"featured_media":105615,"comment_status":"open","ping_status":"open","sticky":false,"template":"","format":"standard","meta":{"_monsterinsights_skip_tracking":false,"_monsterinsights_sitenote_active":false,"_monsterinsights_sitenote_note":"","_monsterinsights_sitenote_category":0,"footnotes":""},"categories":[2],"tags":[],"class_list":["post-105614","post","type-post","status-publish","format-standard","has-post-thumbnail","hentry","category-noticias"],"yoast_head":"<!-- This site is optimized with the Yoast SEO plugin v27.3 - https:\/\/yoast.com\/product\/yoast-seo-wordpress\/ -->\n<title>A mi me obedece el ej\u00e9rcito: AMLO -<\/title>\n<meta name=\"robots\" content=\"index, follow, max-snippet:-1, max-image-preview:large, max-video-preview:-1\" \/>\n<link rel=\"canonical\" href=\"https:\/\/quehacerpolitico.mx\/?p=105614\" \/>\n<meta property=\"og:locale\" content=\"es_MX\" \/>\n<meta property=\"og:type\" content=\"article\" \/>\n<meta property=\"og:title\" content=\"A mi me obedece el ej\u00e9rcito: AMLO -\" \/>\n<meta property=\"og:description\" content=\"Por Redacci\u00f3n QP El presidente de M\u00e9xico,&nbsp;Andr\u00e9s Manuel L\u00f3pez Obrador, critic\u00f3 a los investigadores del...\" \/>\n<meta property=\"og:url\" content=\"https:\/\/quehacerpolitico.mx\/?p=105614\" \/>\n<meta property=\"article:published_time\" content=\"2023-10-12T18:18:48+00:00\" \/>\n<meta property=\"article:modified_time\" content=\"2023-10-12T18:18:51+00:00\" \/>\n<meta property=\"og:image\" content=\"https:\/\/quehacerpolitico.mx\/wp-content\/uploads\/2023\/10\/IMG_1328.jpeg\" \/>\n\t<meta property=\"og:image:width\" content=\"1245\" \/>\n\t<meta property=\"og:image:height\" content=\"705\" \/>\n\t<meta property=\"og:image:type\" content=\"image\/jpeg\" \/>\n<meta name=\"author\" content=\"Redacci\u00f3n QP\" \/>\n<meta name=\"twitter:card\" content=\"summary_large_image\" \/>\n<meta name=\"twitter:label1\" content=\"Escrito por\" \/>\n\t<meta name=\"twitter:data1\" content=\"Redacci\u00f3n QP\" \/>\n\t<meta name=\"twitter:label2\" content=\"Tiempo de lectura\" \/>\n\t<meta name=\"twitter:data2\" content=\"2 minutos\" \/>\n<script type=\"application\/ld+json\" class=\"yoast-schema-graph\">{\"@context\":\"https:\\\/\\\/schema.org\",\"@graph\":[{\"@type\":\"Article\",\"@id\":\"https:\\\/\\\/quehacerpolitico.mx\\\/?p=105614#article\",\"isPartOf\":{\"@id\":\"https:\\\/\\\/quehacerpolitico.mx\\\/?p=105614\"},\"author\":{\"name\":\"Redacci\u00f3n QP\",\"@id\":\"https:\\\/\\\/quehacerpolitico.mx\\\/#\\\/schema\\\/person\\\/496d8ad2d1d3f8036101dca7ee39e585\"},\"headline\":\"A mi me obedece el ej\u00e9rcito: AMLO\",\"datePublished\":\"2023-10-12T18:18:48+00:00\",\"dateModified\":\"2023-10-12T18:18:51+00:00\",\"mainEntityOfPage\":{\"@id\":\"https:\\\/\\\/quehacerpolitico.mx\\\/?p=105614\"},\"wordCount\":467,\"commentCount\":0,\"image\":{\"@id\":\"https:\\\/\\\/quehacerpolitico.mx\\\/?p=105614#primaryimage\"},\"thumbnailUrl\":\"https:\\\/\\\/quehacerpolitico.mx\\\/wp-content\\\/uploads\\\/2023\\\/10\\\/IMG_1328.jpeg\",\"articleSection\":[\"Noticias\"],\"inLanguage\":\"es\",\"potentialAction\":[{\"@type\":\"CommentAction\",\"name\":\"Comment\",\"target\":[\"https:\\\/\\\/quehacerpolitico.mx\\\/?p=105614#respond\"]}]},{\"@type\":\"WebPage\",\"@id\":\"https:\\\/\\\/quehacerpolitico.mx\\\/?p=105614\",\"url\":\"https:\\\/\\\/quehacerpolitico.mx\\\/?p=105614\",\"name\":\"A mi me obedece el ej\u00e9rcito: AMLO -\",\"isPartOf\":{\"@id\":\"https:\\\/\\\/quehacerpolitico.mx\\\/#website\"},\"primaryImageOfPage\":{\"@id\":\"https:\\\/\\\/quehacerpolitico.mx\\\/?p=105614#primaryimage\"},\"image\":{\"@id\":\"https:\\\/\\\/quehacerpolitico.mx\\\/?p=105614#primaryimage\"},\"thumbnailUrl\":\"https:\\\/\\\/quehacerpolitico.mx\\\/wp-content\\\/uploads\\\/2023\\\/10\\\/IMG_1328.jpeg\",\"datePublished\":\"2023-10-12T18:18:48+00:00\",\"dateModified\":\"2023-10-12T18:18:51+00:00\",\"author\":{\"@id\":\"https:\\\/\\\/quehacerpolitico.mx\\\/#\\\/schema\\\/person\\\/496d8ad2d1d3f8036101dca7ee39e585\"},\"breadcrumb\":{\"@id\":\"https:\\\/\\\/quehacerpolitico.mx\\\/?p=105614#breadcrumb\"},\"inLanguage\":\"es\",\"potentialAction\":[{\"@type\":\"ReadAction\",\"target\":[\"https:\\\/\\\/quehacerpolitico.mx\\\/?p=105614\"]}]},{\"@type\":\"ImageObject\",\"inLanguage\":\"es\",\"@id\":\"https:\\\/\\\/quehacerpolitico.mx\\\/?p=105614#primaryimage\",\"url\":\"https:\\\/\\\/quehacerpolitico.mx\\\/wp-content\\\/uploads\\\/2023\\\/10\\\/IMG_1328.jpeg\",\"contentUrl\":\"https:\\\/\\\/quehacerpolitico.mx\\\/wp-content\\\/uploads\\\/2023\\\/10\\\/IMG_1328.jpeg\",\"width\":1245,\"height\":705},{\"@type\":\"BreadcrumbList\",\"@id\":\"https:\\\/\\\/quehacerpolitico.mx\\\/?p=105614#breadcrumb\",\"itemListElement\":[{\"@type\":\"ListItem\",\"position\":1,\"name\":\"Inicio\",\"item\":\"https:\\\/\\\/quehacerpolitico.mx\\\/\"},{\"@type\":\"ListItem\",\"position\":2,\"name\":\"A mi me obedece el ej\u00e9rcito: AMLO\"}]},{\"@type\":\"WebSite\",\"@id\":\"https:\\\/\\\/quehacerpolitico.mx\\\/#website\",\"url\":\"https:\\\/\\\/quehacerpolitico.mx\\\/\",\"name\":\"\",\"description\":\"\",\"potentialAction\":[{\"@type\":\"SearchAction\",\"target\":{\"@type\":\"EntryPoint\",\"urlTemplate\":\"https:\\\/\\\/quehacerpolitico.mx\\\/?s={search_term_string}\"},\"query-input\":{\"@type\":\"PropertyValueSpecification\",\"valueRequired\":true,\"valueName\":\"search_term_string\"}}],\"inLanguage\":\"es\"},{\"@type\":\"Person\",\"@id\":\"https:\\\/\\\/quehacerpolitico.mx\\\/#\\\/schema\\\/person\\\/496d8ad2d1d3f8036101dca7ee39e585\",\"name\":\"Redacci\u00f3n QP\",\"image\":{\"@type\":\"ImageObject\",\"inLanguage\":\"es\",\"@id\":\"https:\\\/\\\/secure.gravatar.com\\\/avatar\\\/c7164ed6fdec453195284ad24a5ae5b6e1eed2b848477fa2a4787ba9adf39a41?s=96&d=mm&r=g\",\"url\":\"https:\\\/\\\/secure.gravatar.com\\\/avatar\\\/c7164ed6fdec453195284ad24a5ae5b6e1eed2b848477fa2a4787ba9adf39a41?s=96&d=mm&r=g\",\"contentUrl\":\"https:\\\/\\\/secure.gravatar.com\\\/avatar\\\/c7164ed6fdec453195284ad24a5ae5b6e1eed2b848477fa2a4787ba9adf39a41?s=96&d=mm&r=g\",\"caption\":\"Redacci\u00f3n QP\"},\"url\":\"https:\\\/\\\/quehacerpolitico.mx\\\/?author=2\"}]}<\/script>\n<!-- \/ Yoast SEO plugin. -->","yoast_head_json":{"title":"A mi me obedece el ej\u00e9rcito: AMLO -","robots":{"index":"index","follow":"follow","max-snippet":"max-snippet:-1","max-image-preview":"max-image-preview:large","max-video-preview":"max-video-preview:-1"},"canonical":"https:\/\/quehacerpolitico.mx\/?p=105614","og_locale":"es_MX","og_type":"article","og_title":"A mi me obedece el ej\u00e9rcito: AMLO -","og_description":"Por Redacci\u00f3n QP El presidente de M\u00e9xico,&nbsp;Andr\u00e9s Manuel L\u00f3pez Obrador, critic\u00f3 a los investigadores del...","og_url":"https:\/\/quehacerpolitico.mx\/?p=105614","article_published_time":"2023-10-12T18:18:48+00:00","article_modified_time":"2023-10-12T18:18:51+00:00","og_image":[{"width":1245,"height":705,"url":"https:\/\/quehacerpolitico.mx\/wp-content\/uploads\/2023\/10\/IMG_1328.jpeg","type":"image\/jpeg"}],"author":"Redacci\u00f3n QP","twitter_card":"summary_large_image","twitter_misc":{"Escrito por":"Redacci\u00f3n QP","Tiempo de lectura":"2 minutos"},"schema":{"@context":"https:\/\/schema.org","@graph":[{"@type":"Article","@id":"https:\/\/quehacerpolitico.mx\/?p=105614#article","isPartOf":{"@id":"https:\/\/quehacerpolitico.mx\/?p=105614"},"author":{"name":"Redacci\u00f3n QP","@id":"https:\/\/quehacerpolitico.mx\/#\/schema\/person\/496d8ad2d1d3f8036101dca7ee39e585"},"headline":"A mi me obedece el ej\u00e9rcito: AMLO","datePublished":"2023-10-12T18:18:48+00:00","dateModified":"2023-10-12T18:18:51+00:00","mainEntityOfPage":{"@id":"https:\/\/quehacerpolitico.mx\/?p=105614"},"wordCount":467,"commentCount":0,"image":{"@id":"https:\/\/quehacerpolitico.mx\/?p=105614#primaryimage"},"thumbnailUrl":"https:\/\/quehacerpolitico.mx\/wp-content\/uploads\/2023\/10\/IMG_1328.jpeg","articleSection":["Noticias"],"inLanguage":"es","potentialAction":[{"@type":"CommentAction","name":"Comment","target":["https:\/\/quehacerpolitico.mx\/?p=105614#respond"]}]},{"@type":"WebPage","@id":"https:\/\/quehacerpolitico.mx\/?p=105614","url":"https:\/\/quehacerpolitico.mx\/?p=105614","name":"A mi me obedece el ej\u00e9rcito: AMLO -","isPartOf":{"@id":"https:\/\/quehacerpolitico.mx\/#website"},"primaryImageOfPage":{"@id":"https:\/\/quehacerpolitico.mx\/?p=105614#primaryimage"},"image":{"@id":"https:\/\/quehacerpolitico.mx\/?p=105614#primaryimage"},"thumbnailUrl":"https:\/\/quehacerpolitico.mx\/wp-content\/uploads\/2023\/10\/IMG_1328.jpeg","datePublished":"2023-10-12T18:18:48+00:00","dateModified":"2023-10-12T18:18:51+00:00","author":{"@id":"https:\/\/quehacerpolitico.mx\/#\/schema\/person\/496d8ad2d1d3f8036101dca7ee39e585"},"breadcrumb":{"@id":"https:\/\/quehacerpolitico.mx\/?p=105614#breadcrumb"},"inLanguage":"es","potentialAction":[{"@type":"ReadAction","target":["https:\/\/quehacerpolitico.mx\/?p=105614"]}]},{"@type":"ImageObject","inLanguage":"es","@id":"https:\/\/quehacerpolitico.mx\/?p=105614#primaryimage","url":"https:\/\/quehacerpolitico.mx\/wp-content\/uploads\/2023\/10\/IMG_1328.jpeg","contentUrl":"https:\/\/quehacerpolitico.mx\/wp-content\/uploads\/2023\/10\/IMG_1328.jpeg","width":1245,"height":705},{"@type":"BreadcrumbList","@id":"https:\/\/quehacerpolitico.mx\/?p=105614#breadcrumb","itemListElement":[{"@type":"ListItem","position":1,"name":"Inicio","item":"https:\/\/quehacerpolitico.mx\/"},{"@type":"ListItem","position":2,"name":"A mi me obedece el ej\u00e9rcito: AMLO"}]},{"@type":"WebSite","@id":"https:\/\/quehacerpolitico.mx\/#website","url":"https:\/\/quehacerpolitico.mx\/","name":"","description":"","potentialAction":[{"@type":"SearchAction","target":{"@type":"EntryPoint","urlTemplate":"https:\/\/quehacerpolitico.mx\/?s={search_term_string}"},"query-input":{"@type":"PropertyValueSpecification","valueRequired":true,"valueName":"search_term_string"}}],"inLanguage":"es"},{"@type":"Person","@id":"https:\/\/quehacerpolitico.mx\/#\/schema\/person\/496d8ad2d1d3f8036101dca7ee39e585","name":"Redacci\u00f3n QP","image":{"@type":"ImageObject","inLanguage":"es","@id":"https:\/\/secure.gravatar.com\/avatar\/c7164ed6fdec453195284ad24a5ae5b6e1eed2b848477fa2a4787ba9adf39a41?s=96&d=mm&r=g","url":"https:\/\/secure.gravatar.com\/avatar\/c7164ed6fdec453195284ad24a5ae5b6e1eed2b848477fa2a4787ba9adf39a41?s=96&d=mm&r=g","contentUrl":"https:\/\/secure.gravatar.com\/avatar\/c7164ed6fdec453195284ad24a5ae5b6e1eed2b848477fa2a4787ba9adf39a41?s=96&d=mm&r=g","caption":"Redacci\u00f3n QP"},"url":"https:\/\/quehacerpolitico.mx\/?author=2"}]}},"featured_image_urls":{"full":["https:\/\/quehacerpolitico.mx\/wp-content\/uploads\/2023\/10\/IMG_1328.jpeg",1245,705,false],"thumbnail":["https:\/\/quehacerpolitico.mx\/wp-content\/uploads\/2023\/10\/IMG_1328-150x150.jpeg",150,150,true],"medium":["https:\/\/quehacerpolitico.mx\/wp-content\/uploads\/2023\/10\/IMG_1328-300x170.jpeg",300,170,true],"medium_large":["https:\/\/quehacerpolitico.mx\/wp-content\/uploads\/2023\/10\/IMG_1328-768x435.jpeg",640,363,true],"large":["https:\/\/quehacerpolitico.mx\/wp-content\/uploads\/2023\/10\/IMG_1328-1024x580.jpeg",640,363,true],"1536x1536":["https:\/\/quehacerpolitico.mx\/wp-content\/uploads\/2023\/10\/IMG_1328.jpeg",1245,705,false],"2048x2048":["https:\/\/quehacerpolitico.mx\/wp-content\/uploads\/2023\/10\/IMG_1328.jpeg",1245,705,false],"covernews-featured":["https:\/\/quehacerpolitico.mx\/wp-content\/uploads\/2023\/10\/IMG_1328.jpeg",1024,580,false],"covernews-medium":["https:\/\/quehacerpolitico.mx\/wp-content\/uploads\/2023\/10\/IMG_1328.jpeg",540,306,false]},"author_info":{"display_name":"Redacci\u00f3n QP","author_link":"https:\/\/quehacerpolitico.mx\/?author=2"},"category_info":"<a href=\"https:\/\/quehacerpolitico.mx\/?cat=2\" rel=\"category\">Noticias<\/a>","tag_info":"Noticias","comment_count":"0","_links":{"self":[{"href":"https:\/\/quehacerpolitico.mx\/index.php?rest_route=\/wp\/v2\/posts\/105614","targetHints":{"allow":["GET"]}}],"collection":[{"href":"https:\/\/quehacerpolitico.mx\/index.php?rest_route=\/wp\/v2\/posts"}],"about":[{"href":"https:\/\/quehacerpolitico.mx\/index.php?rest_route=\/wp\/v2\/types\/post"}],"author":[{"embeddable":true,"href":"https:\/\/quehacerpolitico.mx\/index.php?rest_route=\/wp\/v2\/users\/2"}],"replies":[{"embeddable":true,"href":"https:\/\/quehacerpolitico.mx\/index.php?rest_route=%2Fwp%2Fv2%2Fcomments&post=105614"}],"version-history":[{"count":1,"href":"https:\/\/quehacerpolitico.mx\/index.php?rest_route=\/wp\/v2\/posts\/105614\/revisions"}],"predecessor-version":[{"id":105616,"href":"https:\/\/quehacerpolitico.mx\/index.php?rest_route=\/wp\/v2\/posts\/105614\/revisions\/105616"}],"wp:featuredmedia":[{"embeddable":true,"href":"https:\/\/quehacerpolitico.mx\/index.php?rest_route=\/wp\/v2\/media\/105615"}],"wp:attachment":[{"href":"https:\/\/quehacerpolitico.mx\/index.php?rest_route=%2Fwp%2Fv2%2Fmedia&parent=105614"}],"wp:term":[{"taxonomy":"category","embeddable":true,"href":"https:\/\/quehacerpolitico.mx\/index.php?rest_route=%2Fwp%2Fv2%2Fcategories&post=105614"},{"taxonomy":"post_tag","embeddable":true,"href":"https:\/\/quehacerpolitico.mx\/index.php?rest_route=%2Fwp%2Fv2%2Ftags&post=105614"}],"curies":[{"name":"wp","href":"https:\/\/api.w.org\/{rel}","templated":true}]}}