{"id":105588,"date":"2023-10-11T19:56:22","date_gmt":"2023-10-11T19:56:22","guid":{"rendered":"https:\/\/quehacerpolitico.mx\/?p=105588"},"modified":"2023-10-11T19:56:25","modified_gmt":"2023-10-11T19:56:25","slug":"internacionales-carolins-alonso-romei-nuevo-terremoto-de-magnitud-6-3-en-el-oeste-de-afganistan-deja-153-heridos","status":"publish","type":"post","link":"https:\/\/quehacerpolitico.mx\/?p=105588","title":{"rendered":"Internacionales\/\/\/Carolins Alonso Romei\/\/\/Nuevo terremoto de magnitud 6.3 en el oeste de Afganist\u00e1n deja 153 heridos"},"content":{"rendered":"\n<p>Por Carolina Alonso Romei<\/p>\n\n\n\n<p>Internacionalista<\/p>\n\n\n\n<p>El n\u00famero de heridos a causa de un&nbsp;<strong>terremoto<\/strong>&nbsp;de magnitud 6.3 este mi\u00e9rcoles aument\u00f3 a 153 en el oeste de&nbsp;<strong>Afganist\u00e1n<\/strong>, golpeado desde el pasado s\u00e1bado por una serie de sismos que han dejado m\u00e1s de 2 mil 400 muertos seg\u00fan el \u00faltimo balance de los&nbsp;<strong>talibanes<\/strong>.<\/p>\n\n\n\n<p>El nuevo\u00a0<strong>terremoto<\/strong>\u00a0de esta ma\u00f1ana dej\u00f3 153 heridos en el distrito de\u00a0<strong>Kushk<\/strong>\u00a0de la provincia de\u00a0<strong>Herat<\/strong>, inform\u00f3 la agencia oficial del gobierno interino de los fundamentalistas, Bhaktar.<\/p>\n\n\n\n<figure class=\"wp-block-embed is-type-video is-provider-youtube wp-block-embed-youtube wp-embed-aspect-16-9 wp-has-aspect-ratio\"><div class=\"wp-block-embed__wrapper\">\n<iframe loading=\"lazy\" title=\"\u00a1OTRO SISMO! | Afganist\u00e1n volvi\u00f3 a ser v\u00edctima de un movimiento tel\u00farico\" width=\"640\" height=\"360\" src=\"https:\/\/www.youtube.com\/embed\/hBTVEPjLnEQ?feature=oembed\" frameborder=\"0\" allow=\"accelerometer; autoplay; clipboard-write; encrypted-media; gyroscope; picture-in-picture; web-share\" referrerpolicy=\"strict-origin-when-cross-origin\" allowfullscreen><\/iframe>\n<\/div><\/figure>\n\n\n\n<p>El&nbsp;<strong>terremoto<\/strong>&nbsp;de hoy tuvo lugar en el noroeste de la provincia de&nbsp;<strong>Herat<\/strong>, en el oeste del pa\u00eds, y estuvo seguido por tres r\u00e9plicas de 5.0; 4.1 y 4.5 seg\u00fan el Servicio Geol\u00f3gico de los Estados Unidos (USGS, en ingl\u00e9s).<\/p>\n\n\n\n<p>Este nuevo temblor y las r\u00e9plicas se producen tras los&nbsp;<strong>terremotos<\/strong>&nbsp;de magnitud 6.3 que sacudieron el pasado s\u00e1bado el oeste de&nbsp;<strong>Afganist\u00e1n<\/strong>, afectando sobre todo el distrito de Zindah Jan, ubicado en&nbsp;<strong>Herat<\/strong>.<\/p>\n\n\n\n<p>Se estima que 12 mil 110 personas, incluidas mil 730 familias, resultaron afectadas por el sismo en cinco distritos de la provincia de\u00a0<strong>Herat<\/strong>, donde ocurrieron los temblores, seg\u00fan los datos de la Oficina de la\u00a0<strong>ONU<\/strong>\u00a0para la Coordinaci\u00f3n de Asuntos Humanitarios (<strong>OCHA<\/strong>).<\/p>\n\n\n\n<figure class=\"wp-block-image size-large\"><img loading=\"lazy\" decoding=\"async\" width=\"1024\" height=\"1024\" src=\"https:\/\/quehacerpolitico.mx\/wp-content\/uploads\/2023\/10\/image-31-1024x1024.jpeg\" alt=\"\" class=\"wp-image-105591\" srcset=\"https:\/\/quehacerpolitico.mx\/wp-content\/uploads\/2023\/10\/image-31-1024x1024.jpeg 1024w, https:\/\/quehacerpolitico.mx\/wp-content\/uploads\/2023\/10\/image-31-300x300.jpeg 300w, https:\/\/quehacerpolitico.mx\/wp-content\/uploads\/2023\/10\/image-31-150x150.jpeg 150w, https:\/\/quehacerpolitico.mx\/wp-content\/uploads\/2023\/10\/image-31-768x768.jpeg 768w, https:\/\/quehacerpolitico.mx\/wp-content\/uploads\/2023\/10\/image-31-1536x1536.jpeg 1536w, https:\/\/quehacerpolitico.mx\/wp-content\/uploads\/2023\/10\/image-31-146x146.jpeg 146w, https:\/\/quehacerpolitico.mx\/wp-content\/uploads\/2023\/10\/image-31-50x50.jpeg 50w, https:\/\/quehacerpolitico.mx\/wp-content\/uploads\/2023\/10\/image-31-75x75.jpeg 75w, https:\/\/quehacerpolitico.mx\/wp-content\/uploads\/2023\/10\/image-31-85x85.jpeg 85w, https:\/\/quehacerpolitico.mx\/wp-content\/uploads\/2023\/10\/image-31-80x80.jpeg 80w, https:\/\/quehacerpolitico.mx\/wp-content\/uploads\/2023\/10\/image-31.jpeg 1920w\" sizes=\"auto, (max-width: 1024px) 100vw, 1024px\" \/><\/figure>\n\n\n\n<figure class=\"wp-block-image size-large\"><img loading=\"lazy\" decoding=\"async\" width=\"1024\" height=\"1024\" src=\"https:\/\/quehacerpolitico.mx\/wp-content\/uploads\/2023\/10\/image-30-1024x1024.jpeg\" alt=\"\" class=\"wp-image-105590\" srcset=\"https:\/\/quehacerpolitico.mx\/wp-content\/uploads\/2023\/10\/image-30-1024x1024.jpeg 1024w, https:\/\/quehacerpolitico.mx\/wp-content\/uploads\/2023\/10\/image-30-300x300.jpeg 300w, https:\/\/quehacerpolitico.mx\/wp-content\/uploads\/2023\/10\/image-30-150x150.jpeg 150w, https:\/\/quehacerpolitico.mx\/wp-content\/uploads\/2023\/10\/image-30-768x768.jpeg 768w, https:\/\/quehacerpolitico.mx\/wp-content\/uploads\/2023\/10\/image-30-1536x1536.jpeg 1536w, https:\/\/quehacerpolitico.mx\/wp-content\/uploads\/2023\/10\/image-30-146x146.jpeg 146w, https:\/\/quehacerpolitico.mx\/wp-content\/uploads\/2023\/10\/image-30-50x50.jpeg 50w, https:\/\/quehacerpolitico.mx\/wp-content\/uploads\/2023\/10\/image-30-75x75.jpeg 75w, https:\/\/quehacerpolitico.mx\/wp-content\/uploads\/2023\/10\/image-30-85x85.jpeg 85w, https:\/\/quehacerpolitico.mx\/wp-content\/uploads\/2023\/10\/image-30-80x80.jpeg 80w, https:\/\/quehacerpolitico.mx\/wp-content\/uploads\/2023\/10\/image-30.jpeg 1920w\" sizes=\"auto, (max-width: 1024px) 100vw, 1024px\" \/><\/figure>\n\n\n\n<figure class=\"wp-block-image size-large\"><img loading=\"lazy\" decoding=\"async\" width=\"1024\" height=\"1024\" src=\"https:\/\/quehacerpolitico.mx\/wp-content\/uploads\/2023\/10\/image-29-1024x1024.jpeg\" alt=\"\" class=\"wp-image-105589\" srcset=\"https:\/\/quehacerpolitico.mx\/wp-content\/uploads\/2023\/10\/image-29-1024x1024.jpeg 1024w, https:\/\/quehacerpolitico.mx\/wp-content\/uploads\/2023\/10\/image-29-300x300.jpeg 300w, https:\/\/quehacerpolitico.mx\/wp-content\/uploads\/2023\/10\/image-29-150x150.jpeg 150w, https:\/\/quehacerpolitico.mx\/wp-content\/uploads\/2023\/10\/image-29-768x768.jpeg 768w, https:\/\/quehacerpolitico.mx\/wp-content\/uploads\/2023\/10\/image-29-1536x1536.jpeg 1536w, https:\/\/quehacerpolitico.mx\/wp-content\/uploads\/2023\/10\/image-29-146x146.jpeg 146w, https:\/\/quehacerpolitico.mx\/wp-content\/uploads\/2023\/10\/image-29-50x50.jpeg 50w, https:\/\/quehacerpolitico.mx\/wp-content\/uploads\/2023\/10\/image-29-75x75.jpeg 75w, https:\/\/quehacerpolitico.mx\/wp-content\/uploads\/2023\/10\/image-29-85x85.jpeg 85w, https:\/\/quehacerpolitico.mx\/wp-content\/uploads\/2023\/10\/image-29-80x80.jpeg 80w, https:\/\/quehacerpolitico.mx\/wp-content\/uploads\/2023\/10\/image-29.jpeg 1920w\" sizes=\"auto, (max-width: 1024px) 100vw, 1024px\" \/><\/figure>\n\n\n\n<p>El gobierno de los\u00a0<strong>talibanes<\/strong>\u00a0calcula que unos 4 mil 500 murieron o est\u00e1n heridos por el\u00a0<strong>terremoto<\/strong>, aunque sostienen que de momento es muy dif\u00edcil precisar cu\u00e1ntas de estas personas est\u00e1n muertas y cu\u00e1ntas est\u00e1n heridas. Los grupos de\u00a0<strong>rescate<\/strong>\u00a0todav\u00eda contin\u00faan recuperando cuerpos de los escombros.<\/p>\n\n\n\n<p>La\u00a0<strong>devastaci\u00f3n<\/strong>\u00a0del pasado fin de semana dej\u00f3 unas 20 aldeas destruidas. Se trata del tercer sismo m\u00e1s mort\u00edfero que\u00a0<strong>golpea<\/strong>\u00a0el pa\u00eds asi\u00e1tico desde 1998 y el peor desde la toma de los\u00a0<strong>talibanes<\/strong>\u00a0a mediados de agosto 2021<\/p>\n\n\n\n<p>Con informaci\u00f3n de EFE<\/p>\n","protected":false},"excerpt":{"rendered":"<p>Por Carolina Alonso Romei Internacionalista El n\u00famero de heridos a causa de un&nbsp;terremoto&nbsp;de magnitud 6.3&#8230;<\/p>\n","protected":false},"author":2,"featured_media":105592,"comment_status":"open","ping_status":"open","sticky":false,"template":"","format":"standard","meta":{"_monsterinsights_skip_tracking":false,"_monsterinsights_sitenote_active":false,"_monsterinsights_sitenote_note":"","_monsterinsights_sitenote_category":0,"footnotes":""},"categories":[1],"tags":[],"class_list":["post-105588","post","type-post","status-publish","format-standard","has-post-thumbnail","hentry","category-sin-categoria"],"yoast_head":"<!-- This site is optimized with the Yoast SEO plugin v27.3 - https:\/\/yoast.com\/product\/yoast-seo-wordpress\/ -->\n<title>Internacionales\/\/\/Carolins Alonso Romei\/\/\/Nuevo terremoto de magnitud 6.3 en el oeste de Afganist\u00e1n deja 153 heridos -<\/title>\n<meta name=\"robots\" content=\"index, follow, max-snippet:-1, max-image-preview:large, max-video-preview:-1\" \/>\n<link rel=\"canonical\" href=\"https:\/\/quehacerpolitico.mx\/?p=105588\" \/>\n<meta property=\"og:locale\" content=\"es_MX\" \/>\n<meta property=\"og:type\" content=\"article\" \/>\n<meta property=\"og:title\" content=\"Internacionales\/\/\/Carolins Alonso Romei\/\/\/Nuevo terremoto de magnitud 6.3 en el oeste de Afganist\u00e1n deja 153 heridos -\" \/>\n<meta property=\"og:description\" content=\"Por Carolina Alonso Romei Internacionalista El n\u00famero de heridos a causa de un&nbsp;terremoto&nbsp;de magnitud 6.3...\" \/>\n<meta property=\"og:url\" content=\"https:\/\/quehacerpolitico.mx\/?p=105588\" \/>\n<meta property=\"article:published_time\" content=\"2023-10-11T19:56:22+00:00\" \/>\n<meta property=\"article:modified_time\" content=\"2023-10-11T19:56:25+00:00\" \/>\n<meta property=\"og:image\" content=\"https:\/\/quehacerpolitico.mx\/wp-content\/uploads\/2023\/10\/IMG_1308.jpeg\" \/>\n\t<meta property=\"og:image:width\" content=\"1920\" \/>\n\t<meta property=\"og:image:height\" content=\"1920\" \/>\n\t<meta property=\"og:image:type\" content=\"image\/jpeg\" \/>\n<meta name=\"author\" content=\"Redacci\u00f3n QP\" \/>\n<meta name=\"twitter:card\" content=\"summary_large_image\" \/>\n<meta name=\"twitter:label1\" content=\"Escrito por\" \/>\n\t<meta name=\"twitter:data1\" content=\"Redacci\u00f3n QP\" \/>\n\t<meta name=\"twitter:label2\" content=\"Tiempo de lectura\" \/>\n\t<meta name=\"twitter:data2\" content=\"2 minutos\" \/>\n<script type=\"application\/ld+json\" class=\"yoast-schema-graph\">{\"@context\":\"https:\\\/\\\/schema.org\",\"@graph\":[{\"@type\":\"Article\",\"@id\":\"https:\\\/\\\/quehacerpolitico.mx\\\/?p=105588#article\",\"isPartOf\":{\"@id\":\"https:\\\/\\\/quehacerpolitico.mx\\\/?p=105588\"},\"author\":{\"name\":\"Redacci\u00f3n QP\",\"@id\":\"https:\\\/\\\/quehacerpolitico.mx\\\/#\\\/schema\\\/person\\\/496d8ad2d1d3f8036101dca7ee39e585\"},\"headline\":\"Internacionales\\\/\\\/\\\/Carolins Alonso Romei\\\/\\\/\\\/Nuevo terremoto de magnitud 6.3 en el oeste de Afganist\u00e1n deja 153 heridos\",\"datePublished\":\"2023-10-11T19:56:22+00:00\",\"dateModified\":\"2023-10-11T19:56:25+00:00\",\"mainEntityOfPage\":{\"@id\":\"https:\\\/\\\/quehacerpolitico.mx\\\/?p=105588\"},\"wordCount\":344,\"commentCount\":0,\"image\":{\"@id\":\"https:\\\/\\\/quehacerpolitico.mx\\\/?p=105588#primaryimage\"},\"thumbnailUrl\":\"https:\\\/\\\/quehacerpolitico.mx\\\/wp-content\\\/uploads\\\/2023\\\/10\\\/IMG_1308.jpeg\",\"articleSection\":[\"Internacionales\"],\"inLanguage\":\"es\",\"potentialAction\":[{\"@type\":\"CommentAction\",\"name\":\"Comment\",\"target\":[\"https:\\\/\\\/quehacerpolitico.mx\\\/?p=105588#respond\"]}]},{\"@type\":\"WebPage\",\"@id\":\"https:\\\/\\\/quehacerpolitico.mx\\\/?p=105588\",\"url\":\"https:\\\/\\\/quehacerpolitico.mx\\\/?p=105588\",\"name\":\"Internacionales\\\/\\\/\\\/Carolins Alonso Romei\\\/\\\/\\\/Nuevo terremoto de magnitud 6.3 en el oeste de Afganist\u00e1n deja 153 heridos -\",\"isPartOf\":{\"@id\":\"https:\\\/\\\/quehacerpolitico.mx\\\/#website\"},\"primaryImageOfPage\":{\"@id\":\"https:\\\/\\\/quehacerpolitico.mx\\\/?p=105588#primaryimage\"},\"image\":{\"@id\":\"https:\\\/\\\/quehacerpolitico.mx\\\/?p=105588#primaryimage\"},\"thumbnailUrl\":\"https:\\\/\\\/quehacerpolitico.mx\\\/wp-content\\\/uploads\\\/2023\\\/10\\\/IMG_1308.jpeg\",\"datePublished\":\"2023-10-11T19:56:22+00:00\",\"dateModified\":\"2023-10-11T19:56:25+00:00\",\"author\":{\"@id\":\"https:\\\/\\\/quehacerpolitico.mx\\\/#\\\/schema\\\/person\\\/496d8ad2d1d3f8036101dca7ee39e585\"},\"breadcrumb\":{\"@id\":\"https:\\\/\\\/quehacerpolitico.mx\\\/?p=105588#breadcrumb\"},\"inLanguage\":\"es\",\"potentialAction\":[{\"@type\":\"ReadAction\",\"target\":[\"https:\\\/\\\/quehacerpolitico.mx\\\/?p=105588\"]}]},{\"@type\":\"ImageObject\",\"inLanguage\":\"es\",\"@id\":\"https:\\\/\\\/quehacerpolitico.mx\\\/?p=105588#primaryimage\",\"url\":\"https:\\\/\\\/quehacerpolitico.mx\\\/wp-content\\\/uploads\\\/2023\\\/10\\\/IMG_1308.jpeg\",\"contentUrl\":\"https:\\\/\\\/quehacerpolitico.mx\\\/wp-content\\\/uploads\\\/2023\\\/10\\\/IMG_1308.jpeg\",\"width\":1920,\"height\":1920},{\"@type\":\"BreadcrumbList\",\"@id\":\"https:\\\/\\\/quehacerpolitico.mx\\\/?p=105588#breadcrumb\",\"itemListElement\":[{\"@type\":\"ListItem\",\"position\":1,\"name\":\"Inicio\",\"item\":\"https:\\\/\\\/quehacerpolitico.mx\\\/\"},{\"@type\":\"ListItem\",\"position\":2,\"name\":\"Internacionales\\\/\\\/\\\/Carolins Alonso Romei\\\/\\\/\\\/Nuevo terremoto de magnitud 6.3 en el oeste de Afganist\u00e1n deja 153 heridos\"}]},{\"@type\":\"WebSite\",\"@id\":\"https:\\\/\\\/quehacerpolitico.mx\\\/#website\",\"url\":\"https:\\\/\\\/quehacerpolitico.mx\\\/\",\"name\":\"\",\"description\":\"\",\"potentialAction\":[{\"@type\":\"SearchAction\",\"target\":{\"@type\":\"EntryPoint\",\"urlTemplate\":\"https:\\\/\\\/quehacerpolitico.mx\\\/?s={search_term_string}\"},\"query-input\":{\"@type\":\"PropertyValueSpecification\",\"valueRequired\":true,\"valueName\":\"search_term_string\"}}],\"inLanguage\":\"es\"},{\"@type\":\"Person\",\"@id\":\"https:\\\/\\\/quehacerpolitico.mx\\\/#\\\/schema\\\/person\\\/496d8ad2d1d3f8036101dca7ee39e585\",\"name\":\"Redacci\u00f3n QP\",\"image\":{\"@type\":\"ImageObject\",\"inLanguage\":\"es\",\"@id\":\"https:\\\/\\\/secure.gravatar.com\\\/avatar\\\/c7164ed6fdec453195284ad24a5ae5b6e1eed2b848477fa2a4787ba9adf39a41?s=96&d=mm&r=g\",\"url\":\"https:\\\/\\\/secure.gravatar.com\\\/avatar\\\/c7164ed6fdec453195284ad24a5ae5b6e1eed2b848477fa2a4787ba9adf39a41?s=96&d=mm&r=g\",\"contentUrl\":\"https:\\\/\\\/secure.gravatar.com\\\/avatar\\\/c7164ed6fdec453195284ad24a5ae5b6e1eed2b848477fa2a4787ba9adf39a41?s=96&d=mm&r=g\",\"caption\":\"Redacci\u00f3n QP\"},\"url\":\"https:\\\/\\\/quehacerpolitico.mx\\\/?author=2\"}]}<\/script>\n<!-- \/ Yoast SEO plugin. -->","yoast_head_json":{"title":"Internacionales\/\/\/Carolins Alonso Romei\/\/\/Nuevo terremoto de magnitud 6.3 en el oeste de Afganist\u00e1n deja 153 heridos -","robots":{"index":"index","follow":"follow","max-snippet":"max-snippet:-1","max-image-preview":"max-image-preview:large","max-video-preview":"max-video-preview:-1"},"canonical":"https:\/\/quehacerpolitico.mx\/?p=105588","og_locale":"es_MX","og_type":"article","og_title":"Internacionales\/\/\/Carolins Alonso Romei\/\/\/Nuevo terremoto de magnitud 6.3 en el oeste de Afganist\u00e1n deja 153 heridos -","og_description":"Por Carolina Alonso Romei Internacionalista El n\u00famero de heridos a causa de un&nbsp;terremoto&nbsp;de magnitud 6.3...","og_url":"https:\/\/quehacerpolitico.mx\/?p=105588","article_published_time":"2023-10-11T19:56:22+00:00","article_modified_time":"2023-10-11T19:56:25+00:00","og_image":[{"width":1920,"height":1920,"url":"https:\/\/quehacerpolitico.mx\/wp-content\/uploads\/2023\/10\/IMG_1308.jpeg","type":"image\/jpeg"}],"author":"Redacci\u00f3n QP","twitter_card":"summary_large_image","twitter_misc":{"Escrito por":"Redacci\u00f3n QP","Tiempo de lectura":"2 minutos"},"schema":{"@context":"https:\/\/schema.org","@graph":[{"@type":"Article","@id":"https:\/\/quehacerpolitico.mx\/?p=105588#article","isPartOf":{"@id":"https:\/\/quehacerpolitico.mx\/?p=105588"},"author":{"name":"Redacci\u00f3n QP","@id":"https:\/\/quehacerpolitico.mx\/#\/schema\/person\/496d8ad2d1d3f8036101dca7ee39e585"},"headline":"Internacionales\/\/\/Carolins Alonso Romei\/\/\/Nuevo terremoto de magnitud 6.3 en el oeste de Afganist\u00e1n deja 153 heridos","datePublished":"2023-10-11T19:56:22+00:00","dateModified":"2023-10-11T19:56:25+00:00","mainEntityOfPage":{"@id":"https:\/\/quehacerpolitico.mx\/?p=105588"},"wordCount":344,"commentCount":0,"image":{"@id":"https:\/\/quehacerpolitico.mx\/?p=105588#primaryimage"},"thumbnailUrl":"https:\/\/quehacerpolitico.mx\/wp-content\/uploads\/2023\/10\/IMG_1308.jpeg","articleSection":["Internacionales"],"inLanguage":"es","potentialAction":[{"@type":"CommentAction","name":"Comment","target":["https:\/\/quehacerpolitico.mx\/?p=105588#respond"]}]},{"@type":"WebPage","@id":"https:\/\/quehacerpolitico.mx\/?p=105588","url":"https:\/\/quehacerpolitico.mx\/?p=105588","name":"Internacionales\/\/\/Carolins Alonso Romei\/\/\/Nuevo terremoto de magnitud 6.3 en el oeste de Afganist\u00e1n deja 153 heridos -","isPartOf":{"@id":"https:\/\/quehacerpolitico.mx\/#website"},"primaryImageOfPage":{"@id":"https:\/\/quehacerpolitico.mx\/?p=105588#primaryimage"},"image":{"@id":"https:\/\/quehacerpolitico.mx\/?p=105588#primaryimage"},"thumbnailUrl":"https:\/\/quehacerpolitico.mx\/wp-content\/uploads\/2023\/10\/IMG_1308.jpeg","datePublished":"2023-10-11T19:56:22+00:00","dateModified":"2023-10-11T19:56:25+00:00","author":{"@id":"https:\/\/quehacerpolitico.mx\/#\/schema\/person\/496d8ad2d1d3f8036101dca7ee39e585"},"breadcrumb":{"@id":"https:\/\/quehacerpolitico.mx\/?p=105588#breadcrumb"},"inLanguage":"es","potentialAction":[{"@type":"ReadAction","target":["https:\/\/quehacerpolitico.mx\/?p=105588"]}]},{"@type":"ImageObject","inLanguage":"es","@id":"https:\/\/quehacerpolitico.mx\/?p=105588#primaryimage","url":"https:\/\/quehacerpolitico.mx\/wp-content\/uploads\/2023\/10\/IMG_1308.jpeg","contentUrl":"https:\/\/quehacerpolitico.mx\/wp-content\/uploads\/2023\/10\/IMG_1308.jpeg","width":1920,"height":1920},{"@type":"BreadcrumbList","@id":"https:\/\/quehacerpolitico.mx\/?p=105588#breadcrumb","itemListElement":[{"@type":"ListItem","position":1,"name":"Inicio","item":"https:\/\/quehacerpolitico.mx\/"},{"@type":"ListItem","position":2,"name":"Internacionales\/\/\/Carolins Alonso Romei\/\/\/Nuevo terremoto de magnitud 6.3 en el oeste de Afganist\u00e1n deja 153 heridos"}]},{"@type":"WebSite","@id":"https:\/\/quehacerpolitico.mx\/#website","url":"https:\/\/quehacerpolitico.mx\/","name":"","description":"","potentialAction":[{"@type":"SearchAction","target":{"@type":"EntryPoint","urlTemplate":"https:\/\/quehacerpolitico.mx\/?s={search_term_string}"},"query-input":{"@type":"PropertyValueSpecification","valueRequired":true,"valueName":"search_term_string"}}],"inLanguage":"es"},{"@type":"Person","@id":"https:\/\/quehacerpolitico.mx\/#\/schema\/person\/496d8ad2d1d3f8036101dca7ee39e585","name":"Redacci\u00f3n QP","image":{"@type":"ImageObject","inLanguage":"es","@id":"https:\/\/secure.gravatar.com\/avatar\/c7164ed6fdec453195284ad24a5ae5b6e1eed2b848477fa2a4787ba9adf39a41?s=96&d=mm&r=g","url":"https:\/\/secure.gravatar.com\/avatar\/c7164ed6fdec453195284ad24a5ae5b6e1eed2b848477fa2a4787ba9adf39a41?s=96&d=mm&r=g","contentUrl":"https:\/\/secure.gravatar.com\/avatar\/c7164ed6fdec453195284ad24a5ae5b6e1eed2b848477fa2a4787ba9adf39a41?s=96&d=mm&r=g","caption":"Redacci\u00f3n QP"},"url":"https:\/\/quehacerpolitico.mx\/?author=2"}]}},"featured_image_urls":{"full":["https:\/\/quehacerpolitico.mx\/wp-content\/uploads\/2023\/10\/IMG_1308.jpeg",1920,1920,false],"thumbnail":["https:\/\/quehacerpolitico.mx\/wp-content\/uploads\/2023\/10\/IMG_1308-150x150.jpeg",150,150,true],"medium":["https:\/\/quehacerpolitico.mx\/wp-content\/uploads\/2023\/10\/IMG_1308-300x300.jpeg",300,300,true],"medium_large":["https:\/\/quehacerpolitico.mx\/wp-content\/uploads\/2023\/10\/IMG_1308-768x768.jpeg",640,640,true],"large":["https:\/\/quehacerpolitico.mx\/wp-content\/uploads\/2023\/10\/IMG_1308-1024x1024.jpeg",640,640,true],"1536x1536":["https:\/\/quehacerpolitico.mx\/wp-content\/uploads\/2023\/10\/IMG_1308-1536x1536.jpeg",1536,1536,true],"2048x2048":["https:\/\/quehacerpolitico.mx\/wp-content\/uploads\/2023\/10\/IMG_1308.jpeg",1920,1920,false],"covernews-featured":["https:\/\/quehacerpolitico.mx\/wp-content\/uploads\/2023\/10\/IMG_1308.jpeg",1024,1024,false],"covernews-medium":["https:\/\/quehacerpolitico.mx\/wp-content\/uploads\/2023\/10\/IMG_1308.jpeg",340,340,false]},"author_info":{"display_name":"Redacci\u00f3n QP","author_link":"https:\/\/quehacerpolitico.mx\/?author=2"},"category_info":"<a href=\"https:\/\/quehacerpolitico.mx\/?cat=1\" rel=\"category\">Internacionales<\/a>","tag_info":"Internacionales","comment_count":"0","_links":{"self":[{"href":"https:\/\/quehacerpolitico.mx\/index.php?rest_route=\/wp\/v2\/posts\/105588","targetHints":{"allow":["GET"]}}],"collection":[{"href":"https:\/\/quehacerpolitico.mx\/index.php?rest_route=\/wp\/v2\/posts"}],"about":[{"href":"https:\/\/quehacerpolitico.mx\/index.php?rest_route=\/wp\/v2\/types\/post"}],"author":[{"embeddable":true,"href":"https:\/\/quehacerpolitico.mx\/index.php?rest_route=\/wp\/v2\/users\/2"}],"replies":[{"embeddable":true,"href":"https:\/\/quehacerpolitico.mx\/index.php?rest_route=%2Fwp%2Fv2%2Fcomments&post=105588"}],"version-history":[{"count":1,"href":"https:\/\/quehacerpolitico.mx\/index.php?rest_route=\/wp\/v2\/posts\/105588\/revisions"}],"predecessor-version":[{"id":105593,"href":"https:\/\/quehacerpolitico.mx\/index.php?rest_route=\/wp\/v2\/posts\/105588\/revisions\/105593"}],"wp:featuredmedia":[{"embeddable":true,"href":"https:\/\/quehacerpolitico.mx\/index.php?rest_route=\/wp\/v2\/media\/105592"}],"wp:attachment":[{"href":"https:\/\/quehacerpolitico.mx\/index.php?rest_route=%2Fwp%2Fv2%2Fmedia&parent=105588"}],"wp:term":[{"taxonomy":"category","embeddable":true,"href":"https:\/\/quehacerpolitico.mx\/index.php?rest_route=%2Fwp%2Fv2%2Fcategories&post=105588"},{"taxonomy":"post_tag","embeddable":true,"href":"https:\/\/quehacerpolitico.mx\/index.php?rest_route=%2Fwp%2Fv2%2Ftags&post=105588"}],"curies":[{"name":"wp","href":"https:\/\/api.w.org\/{rel}","templated":true}]}}