{"id":105582,"date":"2023-10-11T19:28:02","date_gmt":"2023-10-11T19:28:02","guid":{"rendered":"https:\/\/quehacerpolitico.mx\/?p=105582"},"modified":"2023-10-11T19:28:05","modified_gmt":"2023-10-11T19:28:05","slug":"con-un-mensaje-muy-efusivo-viva-mexico-cab-julian-quinones-presumio-junto-a-su-esposa-que-recibieron-su-carta-de-naturalizacion","status":"publish","type":"post","link":"https:\/\/quehacerpolitico.mx\/?p=105582","title":{"rendered":"Con un mensaje muy efusivo (&#8220;Viva M\u00e9xico cab&#8230;&#8221;) Juli\u00e1n Qui\u00f1ones presumi\u00f3 junto a su esposa que recibieron su carta de naturalizaci\u00f3n"},"content":{"rendered":"\n<p>Por Redacci\u00f3n QP<\/p>\n\n\n\n<p><strong>Juli\u00e1n\u00a0<\/strong>Qui\u00f1ones, delantero del Am\u00e9rica, recibi\u00f3 este mi\u00e9rcoles la\u00a0<strong>carta de naturalizaci\u00f3n<\/strong>\u00a0que lo acredita como\u00a0<strong>mexicano<\/strong>, con lo que cumple el requisito que le faltaba para que lo puedan\u00a0<strong>convocar oficialmente para la Selecci\u00f3n Mexicana de Futbol<\/strong>.<\/p>\n\n\n\n<p>En publicaciones de\u00a0redes sociales, tanto de su\u00a0<strong>esposa<\/strong>\u00a0como del propio delantero, se ve a los Qui\u00f1ones con sus\u00a0<strong>cartas de naturalizaci\u00f3n<\/strong>.<\/p>\n\n\n\n<figure class=\"wp-block-embed is-type-video is-provider-youtube wp-block-embed-youtube wp-embed-aspect-16-9 wp-has-aspect-ratio\"><div class=\"wp-block-embed__wrapper\">\n<iframe loading=\"lazy\" title=\"\u00a1PODR\u00c1 SER LLAMADO AL TRI! \ud83c\uddf2\ud83c\uddfd Juli\u00e1n Qui\u00f1ones recibi\u00f3 carta de naturalizaci\u00f3n | TUDN\" width=\"640\" height=\"360\" src=\"https:\/\/www.youtube.com\/embed\/MHzSmLZ5xss?feature=oembed\" frameborder=\"0\" allow=\"accelerometer; autoplay; clipboard-write; encrypted-media; gyroscope; picture-in-picture; web-share\" referrerpolicy=\"strict-origin-when-cross-origin\" allowfullscreen><\/iframe>\n<\/div><\/figure>\n\n\n\n<p>Nacido en&nbsp;<strong>Colombia<\/strong>, el delantero inici\u00f3 el proceso para recibir la nacionalidad mexicana y cumplir con el cambio de Federaci\u00f3n que solicita la FIFA para que rerpresente al Tri, con el que incluso ya tuvo oportunidad de entrenar por una invitaci\u00f3n del t\u00e9cnico nacional, Jaime Lozano.<\/p>\n\n\n\n<p>Juli\u00e1n Qui\u00f1ones presumi\u00f3 en redes sociales su carta de naturalizaci\u00f3n y acompa\u00f1\u00f3 la imagen con el mensaje \u201c<strong>Viva M\u00e9xico cabrones<\/strong>\u201c, adem\u00e1s de unas banderas tricolores.<\/p>\n\n\n\n<h2 class=\"wp-block-heading\" id=\"h-seleccion\">SELECCI\u00d3N<\/h2>\n\n\n\n<p>Juli\u00e1n Qui\u00f1ones&nbsp;<strong>se concentr\u00f3<\/strong>&nbsp;con la Selecci\u00f3n Mexicana en la pasada Fecha FIFA de septiembre y, aunque no lo consideraron para los partidos y s\u00f3lo form\u00f3 parte de los entrenamientos que se realizaron en el Centro de Alto Rendimiento, fue un primer paso para su pr\u00f3xima integraci\u00f3n al equipo.<\/p>\n\n\n\n<p>Juli\u00e1n Qui\u00f1ones llegar\u00e1 a competir en el Tri con elementos como\u00a0<strong>Santiago Gim\u00e9nez, Ra\u00fal Jim\u00e9nez y Henry Mart\u00edn<\/strong>\u00a0por un lugar de cara al Mundial 2026.<\/p>\n\n\n\n<p>La Selecci\u00f3n Mexicana se prepara actualmente en\u00a0<strong>Estados Unidos<\/strong>\u00a0para enfrentar en partidos amistosos a Ghana y Alemania.<\/p>\n","protected":false},"excerpt":{"rendered":"<p>Por Redacci\u00f3n QP Juli\u00e1n\u00a0Qui\u00f1ones, delantero del Am\u00e9rica, recibi\u00f3 este mi\u00e9rcoles la\u00a0carta de naturalizaci\u00f3n\u00a0que lo acredita&#8230;<\/p>\n","protected":false},"author":2,"featured_media":105583,"comment_status":"open","ping_status":"open","sticky":false,"template":"","format":"standard","meta":{"_monsterinsights_skip_tracking":false,"_monsterinsights_sitenote_active":false,"_monsterinsights_sitenote_note":"","_monsterinsights_sitenote_category":0,"footnotes":""},"categories":[54],"tags":[],"class_list":["post-105582","post","type-post","status-publish","format-standard","has-post-thumbnail","hentry","category-deportes"],"yoast_head":"<!-- This site is optimized with the Yoast SEO plugin v27.3 - https:\/\/yoast.com\/product\/yoast-seo-wordpress\/ -->\n<title>Con un mensaje muy efusivo (&quot;Viva M\u00e9xico cab...&quot;) Juli\u00e1n Qui\u00f1ones presumi\u00f3 junto a su esposa que recibieron su carta de naturalizaci\u00f3n -<\/title>\n<meta name=\"robots\" content=\"index, follow, max-snippet:-1, max-image-preview:large, max-video-preview:-1\" \/>\n<link rel=\"canonical\" href=\"https:\/\/quehacerpolitico.mx\/?p=105582\" \/>\n<meta property=\"og:locale\" content=\"es_MX\" \/>\n<meta property=\"og:type\" content=\"article\" \/>\n<meta property=\"og:title\" content=\"Con un mensaje muy efusivo (&quot;Viva M\u00e9xico cab...&quot;) Juli\u00e1n Qui\u00f1ones presumi\u00f3 junto a su esposa que recibieron su carta de naturalizaci\u00f3n -\" \/>\n<meta property=\"og:description\" content=\"Por Redacci\u00f3n QP Juli\u00e1n\u00a0Qui\u00f1ones, delantero del Am\u00e9rica, recibi\u00f3 este mi\u00e9rcoles la\u00a0carta de naturalizaci\u00f3n\u00a0que lo acredita...\" \/>\n<meta property=\"og:url\" content=\"https:\/\/quehacerpolitico.mx\/?p=105582\" \/>\n<meta property=\"article:published_time\" content=\"2023-10-11T19:28:02+00:00\" \/>\n<meta property=\"article:modified_time\" content=\"2023-10-11T19:28:05+00:00\" \/>\n<meta property=\"og:image\" content=\"https:\/\/quehacerpolitico.mx\/wp-content\/uploads\/2023\/10\/IMG_1303.jpeg\" \/>\n\t<meta property=\"og:image:width\" content=\"1349\" \/>\n\t<meta property=\"og:image:height\" content=\"760\" \/>\n\t<meta property=\"og:image:type\" content=\"image\/jpeg\" \/>\n<meta name=\"author\" content=\"Redacci\u00f3n QP\" \/>\n<meta name=\"twitter:card\" content=\"summary_large_image\" \/>\n<meta name=\"twitter:label1\" content=\"Escrito por\" \/>\n\t<meta name=\"twitter:data1\" content=\"Redacci\u00f3n QP\" \/>\n\t<meta name=\"twitter:label2\" content=\"Tiempo de lectura\" \/>\n\t<meta name=\"twitter:data2\" content=\"1 minuto\" \/>\n<script type=\"application\/ld+json\" class=\"yoast-schema-graph\">{\"@context\":\"https:\\\/\\\/schema.org\",\"@graph\":[{\"@type\":\"Article\",\"@id\":\"https:\\\/\\\/quehacerpolitico.mx\\\/?p=105582#article\",\"isPartOf\":{\"@id\":\"https:\\\/\\\/quehacerpolitico.mx\\\/?p=105582\"},\"author\":{\"name\":\"Redacci\u00f3n QP\",\"@id\":\"https:\\\/\\\/quehacerpolitico.mx\\\/#\\\/schema\\\/person\\\/496d8ad2d1d3f8036101dca7ee39e585\"},\"headline\":\"Con un mensaje muy efusivo (&#8220;Viva M\u00e9xico cab&#8230;&#8221;) Juli\u00e1n Qui\u00f1ones presumi\u00f3 junto a su esposa que recibieron su carta de naturalizaci\u00f3n\",\"datePublished\":\"2023-10-11T19:28:02+00:00\",\"dateModified\":\"2023-10-11T19:28:05+00:00\",\"mainEntityOfPage\":{\"@id\":\"https:\\\/\\\/quehacerpolitico.mx\\\/?p=105582\"},\"wordCount\":295,\"commentCount\":0,\"image\":{\"@id\":\"https:\\\/\\\/quehacerpolitico.mx\\\/?p=105582#primaryimage\"},\"thumbnailUrl\":\"https:\\\/\\\/quehacerpolitico.mx\\\/wp-content\\\/uploads\\\/2023\\\/10\\\/IMG_1303.jpeg\",\"articleSection\":[\"Deportes\"],\"inLanguage\":\"es\",\"potentialAction\":[{\"@type\":\"CommentAction\",\"name\":\"Comment\",\"target\":[\"https:\\\/\\\/quehacerpolitico.mx\\\/?p=105582#respond\"]}]},{\"@type\":\"WebPage\",\"@id\":\"https:\\\/\\\/quehacerpolitico.mx\\\/?p=105582\",\"url\":\"https:\\\/\\\/quehacerpolitico.mx\\\/?p=105582\",\"name\":\"Con un mensaje muy efusivo (\\\"Viva M\u00e9xico cab...\\\") Juli\u00e1n Qui\u00f1ones presumi\u00f3 junto a su esposa que recibieron su carta de naturalizaci\u00f3n -\",\"isPartOf\":{\"@id\":\"https:\\\/\\\/quehacerpolitico.mx\\\/#website\"},\"primaryImageOfPage\":{\"@id\":\"https:\\\/\\\/quehacerpolitico.mx\\\/?p=105582#primaryimage\"},\"image\":{\"@id\":\"https:\\\/\\\/quehacerpolitico.mx\\\/?p=105582#primaryimage\"},\"thumbnailUrl\":\"https:\\\/\\\/quehacerpolitico.mx\\\/wp-content\\\/uploads\\\/2023\\\/10\\\/IMG_1303.jpeg\",\"datePublished\":\"2023-10-11T19:28:02+00:00\",\"dateModified\":\"2023-10-11T19:28:05+00:00\",\"author\":{\"@id\":\"https:\\\/\\\/quehacerpolitico.mx\\\/#\\\/schema\\\/person\\\/496d8ad2d1d3f8036101dca7ee39e585\"},\"breadcrumb\":{\"@id\":\"https:\\\/\\\/quehacerpolitico.mx\\\/?p=105582#breadcrumb\"},\"inLanguage\":\"es\",\"potentialAction\":[{\"@type\":\"ReadAction\",\"target\":[\"https:\\\/\\\/quehacerpolitico.mx\\\/?p=105582\"]}]},{\"@type\":\"ImageObject\",\"inLanguage\":\"es\",\"@id\":\"https:\\\/\\\/quehacerpolitico.mx\\\/?p=105582#primaryimage\",\"url\":\"https:\\\/\\\/quehacerpolitico.mx\\\/wp-content\\\/uploads\\\/2023\\\/10\\\/IMG_1303.jpeg\",\"contentUrl\":\"https:\\\/\\\/quehacerpolitico.mx\\\/wp-content\\\/uploads\\\/2023\\\/10\\\/IMG_1303.jpeg\",\"width\":1349,\"height\":760},{\"@type\":\"BreadcrumbList\",\"@id\":\"https:\\\/\\\/quehacerpolitico.mx\\\/?p=105582#breadcrumb\",\"itemListElement\":[{\"@type\":\"ListItem\",\"position\":1,\"name\":\"Inicio\",\"item\":\"https:\\\/\\\/quehacerpolitico.mx\\\/\"},{\"@type\":\"ListItem\",\"position\":2,\"name\":\"Con un mensaje muy efusivo (&#8220;Viva M\u00e9xico cab&#8230;&#8221;) Juli\u00e1n Qui\u00f1ones presumi\u00f3 junto a su esposa que recibieron su carta de naturalizaci\u00f3n\"}]},{\"@type\":\"WebSite\",\"@id\":\"https:\\\/\\\/quehacerpolitico.mx\\\/#website\",\"url\":\"https:\\\/\\\/quehacerpolitico.mx\\\/\",\"name\":\"\",\"description\":\"\",\"potentialAction\":[{\"@type\":\"SearchAction\",\"target\":{\"@type\":\"EntryPoint\",\"urlTemplate\":\"https:\\\/\\\/quehacerpolitico.mx\\\/?s={search_term_string}\"},\"query-input\":{\"@type\":\"PropertyValueSpecification\",\"valueRequired\":true,\"valueName\":\"search_term_string\"}}],\"inLanguage\":\"es\"},{\"@type\":\"Person\",\"@id\":\"https:\\\/\\\/quehacerpolitico.mx\\\/#\\\/schema\\\/person\\\/496d8ad2d1d3f8036101dca7ee39e585\",\"name\":\"Redacci\u00f3n QP\",\"image\":{\"@type\":\"ImageObject\",\"inLanguage\":\"es\",\"@id\":\"https:\\\/\\\/secure.gravatar.com\\\/avatar\\\/c7164ed6fdec453195284ad24a5ae5b6e1eed2b848477fa2a4787ba9adf39a41?s=96&d=mm&r=g\",\"url\":\"https:\\\/\\\/secure.gravatar.com\\\/avatar\\\/c7164ed6fdec453195284ad24a5ae5b6e1eed2b848477fa2a4787ba9adf39a41?s=96&d=mm&r=g\",\"contentUrl\":\"https:\\\/\\\/secure.gravatar.com\\\/avatar\\\/c7164ed6fdec453195284ad24a5ae5b6e1eed2b848477fa2a4787ba9adf39a41?s=96&d=mm&r=g\",\"caption\":\"Redacci\u00f3n QP\"},\"url\":\"https:\\\/\\\/quehacerpolitico.mx\\\/?author=2\"}]}<\/script>\n<!-- \/ Yoast SEO plugin. -->","yoast_head_json":{"title":"Con un mensaje muy efusivo (\"Viva M\u00e9xico cab...\") Juli\u00e1n Qui\u00f1ones presumi\u00f3 junto a su esposa que recibieron su carta de naturalizaci\u00f3n -","robots":{"index":"index","follow":"follow","max-snippet":"max-snippet:-1","max-image-preview":"max-image-preview:large","max-video-preview":"max-video-preview:-1"},"canonical":"https:\/\/quehacerpolitico.mx\/?p=105582","og_locale":"es_MX","og_type":"article","og_title":"Con un mensaje muy efusivo (\"Viva M\u00e9xico cab...\") Juli\u00e1n Qui\u00f1ones presumi\u00f3 junto a su esposa que recibieron su carta de naturalizaci\u00f3n -","og_description":"Por Redacci\u00f3n QP Juli\u00e1n\u00a0Qui\u00f1ones, delantero del Am\u00e9rica, recibi\u00f3 este mi\u00e9rcoles la\u00a0carta de naturalizaci\u00f3n\u00a0que lo acredita...","og_url":"https:\/\/quehacerpolitico.mx\/?p=105582","article_published_time":"2023-10-11T19:28:02+00:00","article_modified_time":"2023-10-11T19:28:05+00:00","og_image":[{"width":1349,"height":760,"url":"https:\/\/quehacerpolitico.mx\/wp-content\/uploads\/2023\/10\/IMG_1303.jpeg","type":"image\/jpeg"}],"author":"Redacci\u00f3n QP","twitter_card":"summary_large_image","twitter_misc":{"Escrito por":"Redacci\u00f3n QP","Tiempo de lectura":"1 minuto"},"schema":{"@context":"https:\/\/schema.org","@graph":[{"@type":"Article","@id":"https:\/\/quehacerpolitico.mx\/?p=105582#article","isPartOf":{"@id":"https:\/\/quehacerpolitico.mx\/?p=105582"},"author":{"name":"Redacci\u00f3n QP","@id":"https:\/\/quehacerpolitico.mx\/#\/schema\/person\/496d8ad2d1d3f8036101dca7ee39e585"},"headline":"Con un mensaje muy efusivo (&#8220;Viva M\u00e9xico cab&#8230;&#8221;) Juli\u00e1n Qui\u00f1ones presumi\u00f3 junto a su esposa que recibieron su carta de naturalizaci\u00f3n","datePublished":"2023-10-11T19:28:02+00:00","dateModified":"2023-10-11T19:28:05+00:00","mainEntityOfPage":{"@id":"https:\/\/quehacerpolitico.mx\/?p=105582"},"wordCount":295,"commentCount":0,"image":{"@id":"https:\/\/quehacerpolitico.mx\/?p=105582#primaryimage"},"thumbnailUrl":"https:\/\/quehacerpolitico.mx\/wp-content\/uploads\/2023\/10\/IMG_1303.jpeg","articleSection":["Deportes"],"inLanguage":"es","potentialAction":[{"@type":"CommentAction","name":"Comment","target":["https:\/\/quehacerpolitico.mx\/?p=105582#respond"]}]},{"@type":"WebPage","@id":"https:\/\/quehacerpolitico.mx\/?p=105582","url":"https:\/\/quehacerpolitico.mx\/?p=105582","name":"Con un mensaje muy efusivo (\"Viva M\u00e9xico cab...\") Juli\u00e1n Qui\u00f1ones presumi\u00f3 junto a su esposa que recibieron su carta de naturalizaci\u00f3n -","isPartOf":{"@id":"https:\/\/quehacerpolitico.mx\/#website"},"primaryImageOfPage":{"@id":"https:\/\/quehacerpolitico.mx\/?p=105582#primaryimage"},"image":{"@id":"https:\/\/quehacerpolitico.mx\/?p=105582#primaryimage"},"thumbnailUrl":"https:\/\/quehacerpolitico.mx\/wp-content\/uploads\/2023\/10\/IMG_1303.jpeg","datePublished":"2023-10-11T19:28:02+00:00","dateModified":"2023-10-11T19:28:05+00:00","author":{"@id":"https:\/\/quehacerpolitico.mx\/#\/schema\/person\/496d8ad2d1d3f8036101dca7ee39e585"},"breadcrumb":{"@id":"https:\/\/quehacerpolitico.mx\/?p=105582#breadcrumb"},"inLanguage":"es","potentialAction":[{"@type":"ReadAction","target":["https:\/\/quehacerpolitico.mx\/?p=105582"]}]},{"@type":"ImageObject","inLanguage":"es","@id":"https:\/\/quehacerpolitico.mx\/?p=105582#primaryimage","url":"https:\/\/quehacerpolitico.mx\/wp-content\/uploads\/2023\/10\/IMG_1303.jpeg","contentUrl":"https:\/\/quehacerpolitico.mx\/wp-content\/uploads\/2023\/10\/IMG_1303.jpeg","width":1349,"height":760},{"@type":"BreadcrumbList","@id":"https:\/\/quehacerpolitico.mx\/?p=105582#breadcrumb","itemListElement":[{"@type":"ListItem","position":1,"name":"Inicio","item":"https:\/\/quehacerpolitico.mx\/"},{"@type":"ListItem","position":2,"name":"Con un mensaje muy efusivo (&#8220;Viva M\u00e9xico cab&#8230;&#8221;) Juli\u00e1n Qui\u00f1ones presumi\u00f3 junto a su esposa que recibieron su carta de naturalizaci\u00f3n"}]},{"@type":"WebSite","@id":"https:\/\/quehacerpolitico.mx\/#website","url":"https:\/\/quehacerpolitico.mx\/","name":"","description":"","potentialAction":[{"@type":"SearchAction","target":{"@type":"EntryPoint","urlTemplate":"https:\/\/quehacerpolitico.mx\/?s={search_term_string}"},"query-input":{"@type":"PropertyValueSpecification","valueRequired":true,"valueName":"search_term_string"}}],"inLanguage":"es"},{"@type":"Person","@id":"https:\/\/quehacerpolitico.mx\/#\/schema\/person\/496d8ad2d1d3f8036101dca7ee39e585","name":"Redacci\u00f3n QP","image":{"@type":"ImageObject","inLanguage":"es","@id":"https:\/\/secure.gravatar.com\/avatar\/c7164ed6fdec453195284ad24a5ae5b6e1eed2b848477fa2a4787ba9adf39a41?s=96&d=mm&r=g","url":"https:\/\/secure.gravatar.com\/avatar\/c7164ed6fdec453195284ad24a5ae5b6e1eed2b848477fa2a4787ba9adf39a41?s=96&d=mm&r=g","contentUrl":"https:\/\/secure.gravatar.com\/avatar\/c7164ed6fdec453195284ad24a5ae5b6e1eed2b848477fa2a4787ba9adf39a41?s=96&d=mm&r=g","caption":"Redacci\u00f3n QP"},"url":"https:\/\/quehacerpolitico.mx\/?author=2"}]}},"featured_image_urls":{"full":["https:\/\/quehacerpolitico.mx\/wp-content\/uploads\/2023\/10\/IMG_1303.jpeg",1349,760,false],"thumbnail":["https:\/\/quehacerpolitico.mx\/wp-content\/uploads\/2023\/10\/IMG_1303-150x150.jpeg",150,150,true],"medium":["https:\/\/quehacerpolitico.mx\/wp-content\/uploads\/2023\/10\/IMG_1303-300x169.jpeg",300,169,true],"medium_large":["https:\/\/quehacerpolitico.mx\/wp-content\/uploads\/2023\/10\/IMG_1303-768x433.jpeg",640,361,true],"large":["https:\/\/quehacerpolitico.mx\/wp-content\/uploads\/2023\/10\/IMG_1303-1024x577.jpeg",640,361,true],"1536x1536":["https:\/\/quehacerpolitico.mx\/wp-content\/uploads\/2023\/10\/IMG_1303.jpeg",1349,760,false],"2048x2048":["https:\/\/quehacerpolitico.mx\/wp-content\/uploads\/2023\/10\/IMG_1303.jpeg",1349,760,false],"covernews-featured":["https:\/\/quehacerpolitico.mx\/wp-content\/uploads\/2023\/10\/IMG_1303.jpeg",1024,577,false],"covernews-medium":["https:\/\/quehacerpolitico.mx\/wp-content\/uploads\/2023\/10\/IMG_1303.jpeg",540,304,false]},"author_info":{"display_name":"Redacci\u00f3n QP","author_link":"https:\/\/quehacerpolitico.mx\/?author=2"},"category_info":"<a href=\"https:\/\/quehacerpolitico.mx\/?cat=54\" rel=\"category\">Deportes<\/a>","tag_info":"Deportes","comment_count":"0","_links":{"self":[{"href":"https:\/\/quehacerpolitico.mx\/index.php?rest_route=\/wp\/v2\/posts\/105582","targetHints":{"allow":["GET"]}}],"collection":[{"href":"https:\/\/quehacerpolitico.mx\/index.php?rest_route=\/wp\/v2\/posts"}],"about":[{"href":"https:\/\/quehacerpolitico.mx\/index.php?rest_route=\/wp\/v2\/types\/post"}],"author":[{"embeddable":true,"href":"https:\/\/quehacerpolitico.mx\/index.php?rest_route=\/wp\/v2\/users\/2"}],"replies":[{"embeddable":true,"href":"https:\/\/quehacerpolitico.mx\/index.php?rest_route=%2Fwp%2Fv2%2Fcomments&post=105582"}],"version-history":[{"count":1,"href":"https:\/\/quehacerpolitico.mx\/index.php?rest_route=\/wp\/v2\/posts\/105582\/revisions"}],"predecessor-version":[{"id":105584,"href":"https:\/\/quehacerpolitico.mx\/index.php?rest_route=\/wp\/v2\/posts\/105582\/revisions\/105584"}],"wp:featuredmedia":[{"embeddable":true,"href":"https:\/\/quehacerpolitico.mx\/index.php?rest_route=\/wp\/v2\/media\/105583"}],"wp:attachment":[{"href":"https:\/\/quehacerpolitico.mx\/index.php?rest_route=%2Fwp%2Fv2%2Fmedia&parent=105582"}],"wp:term":[{"taxonomy":"category","embeddable":true,"href":"https:\/\/quehacerpolitico.mx\/index.php?rest_route=%2Fwp%2Fv2%2Fcategories&post=105582"},{"taxonomy":"post_tag","embeddable":true,"href":"https:\/\/quehacerpolitico.mx\/index.php?rest_route=%2Fwp%2Fv2%2Ftags&post=105582"}],"curies":[{"name":"wp","href":"https:\/\/api.w.org\/{rel}","templated":true}]}}