{"id":105573,"date":"2023-10-11T18:03:54","date_gmt":"2023-10-11T18:03:54","guid":{"rendered":"https:\/\/quehacerpolitico.mx\/?p=105573"},"modified":"2023-10-11T18:03:58","modified_gmt":"2023-10-11T18:03:58","slug":"al-referirse-al-buen-momento-de-gimenez-en-el-feyenoord-blanco-aseguro-con-respeto-que-la-liga-de-holanda-no-es-muy-competitiva","status":"publish","type":"post","link":"https:\/\/quehacerpolitico.mx\/?p=105573","title":{"rendered":"Al referirse al buen momento de Gim\u00e9nez en el Feyenoord, Blanco asegur\u00f3, con &#8220;respeto&#8221;, que la liga de Holanda no es muy competitiva"},"content":{"rendered":"\n<p>Por Redacci\u00f3n QP<\/p>\n\n\n\n<p>El delantero mexicano\u00a0<strong>Santiago Gim\u00e9nez<\/strong>\u00a0brilla con luz propia en el Feyenoord, y en su segunda temporada ya lleva\u00a0<strong>12 goles y dos asistencias en nueve partidos disputados<\/strong>, pero al exfutbolista\u00a0Cuauhtemoc Blanco no le parece para tanto, pues cuestion\u00f3 el nivel de la liga neerlandesa, al considerar que no es competitiva.<\/p>\n\n\n\n<p>\u201cCon todo respeto,\u00a0<strong>est\u00e1s hablando de Holanda<\/strong>\u00a0no est\u00e1s hablando de la\u00a0<strong>Liga inglesa<\/strong>. Hay que ser realistas, est\u00e1s hablando de una liga holandesa que realmente no es una liga competitiva\u201d, coment\u00f3 Blanco, uno de los mejores futbolistas mexicanos de la historia, en\u00a0entrevista con\u00a0<em>Fox Sports<\/em>, al hablar del buen momento de Gim\u00e9nez en el Feyenoord.<\/p>\n\n\n\n<p>Blanco habl\u00f3 del&nbsp;<strong>momento actual de la Selecci\u00f3n Mexicana<\/strong>&nbsp;y de la&nbsp;<strong>falta de l\u00edderes<\/strong>:&nbsp;\u201cYo creo que con eso se nace,&nbsp;<strong>ser l\u00edder<\/strong>&nbsp;es hablarle fuerte a tus compa\u00f1eros, con respeto, pero tambi\u00e9n el entusiasmo de si yo voy para adelante, vamos todos para adelante.<\/p>\n\n\n\n<p>\u201cEl hablar, el estar enojado en el vestidor cuando vas perdiendo, yo creo que tambi\u00e9n la&nbsp;<strong>actitud<\/strong>, hoy el que no corre no puede jugar futbol\u201d, se\u00f1al\u00f3 Cuauht\u00e9moc Blanco.<\/p>\n\n\n\n<h2 class=\"wp-block-heading\" id=\"h-destacado\">DESTACADO<\/h2>\n\n\n\n<p>Gim\u00e9nez fue elegido como el\u00a0<strong>mejor jugador del mes de septiembre<\/strong>\u00a0en la\u00a0<strong>Eredivisie<\/strong>. A pesar de su gran momento,\u00a0no pudo disputar los dos primeros partidos de la Champions League 2023-24 debido a una sanci\u00f3n que arrastra de la temporada pasada, pero podr\u00eda debutar el pr\u00f3ximo 25 de octubre cuando el Feyenoord enfrente al Lazio en la Jornada 3 de la fase de grupos.<\/p>\n\n\n\n<p>Santiago Gim\u00e9nez actualmente est\u00e1 concentrado con la Selecci\u00f3n Mexicana en Estados Unidos para los\u00a0<strong>partidos amistosos<\/strong> que sostendr\u00e1n el s\u00e1bado ante Ghana y el martes ante Alemania.<\/p>\n","protected":false},"excerpt":{"rendered":"<p>Por Redacci\u00f3n QP El delantero mexicano\u00a0Santiago Gim\u00e9nez\u00a0brilla con luz propia en el Feyenoord, y en&#8230;<\/p>\n","protected":false},"author":2,"featured_media":105574,"comment_status":"open","ping_status":"open","sticky":false,"template":"","format":"standard","meta":{"_monsterinsights_skip_tracking":false,"_monsterinsights_sitenote_active":false,"_monsterinsights_sitenote_note":"","_monsterinsights_sitenote_category":0,"footnotes":""},"categories":[54],"tags":[],"class_list":["post-105573","post","type-post","status-publish","format-standard","has-post-thumbnail","hentry","category-deportes"],"yoast_head":"<!-- This site is optimized with the Yoast SEO plugin v27.3 - https:\/\/yoast.com\/product\/yoast-seo-wordpress\/ -->\n<title>Al referirse al buen momento de Gim\u00e9nez en el Feyenoord, Blanco asegur\u00f3, con &quot;respeto&quot;, que la liga de Holanda no es muy competitiva -<\/title>\n<meta name=\"robots\" content=\"index, follow, max-snippet:-1, max-image-preview:large, max-video-preview:-1\" \/>\n<link rel=\"canonical\" href=\"https:\/\/quehacerpolitico.mx\/?p=105573\" \/>\n<meta property=\"og:locale\" content=\"es_MX\" \/>\n<meta property=\"og:type\" content=\"article\" \/>\n<meta property=\"og:title\" content=\"Al referirse al buen momento de Gim\u00e9nez en el Feyenoord, Blanco asegur\u00f3, con &quot;respeto&quot;, que la liga de Holanda no es muy competitiva -\" \/>\n<meta property=\"og:description\" content=\"Por Redacci\u00f3n QP El delantero mexicano\u00a0Santiago Gim\u00e9nez\u00a0brilla con luz propia en el Feyenoord, y en...\" \/>\n<meta property=\"og:url\" content=\"https:\/\/quehacerpolitico.mx\/?p=105573\" \/>\n<meta property=\"article:published_time\" content=\"2023-10-11T18:03:54+00:00\" \/>\n<meta property=\"article:modified_time\" content=\"2023-10-11T18:03:58+00:00\" \/>\n<meta property=\"og:image\" content=\"https:\/\/quehacerpolitico.mx\/wp-content\/uploads\/2023\/10\/IMG_1296.jpeg\" \/>\n\t<meta property=\"og:image:width\" content=\"739\" \/>\n\t<meta property=\"og:image:height\" content=\"415\" \/>\n\t<meta property=\"og:image:type\" content=\"image\/jpeg\" \/>\n<meta name=\"author\" content=\"Redacci\u00f3n QP\" \/>\n<meta name=\"twitter:card\" content=\"summary_large_image\" \/>\n<meta name=\"twitter:label1\" content=\"Escrito por\" \/>\n\t<meta name=\"twitter:data1\" content=\"Redacci\u00f3n QP\" \/>\n\t<meta name=\"twitter:label2\" content=\"Tiempo de lectura\" \/>\n\t<meta name=\"twitter:data2\" content=\"2 minutos\" \/>\n<script type=\"application\/ld+json\" class=\"yoast-schema-graph\">{\"@context\":\"https:\\\/\\\/schema.org\",\"@graph\":[{\"@type\":\"Article\",\"@id\":\"https:\\\/\\\/quehacerpolitico.mx\\\/?p=105573#article\",\"isPartOf\":{\"@id\":\"https:\\\/\\\/quehacerpolitico.mx\\\/?p=105573\"},\"author\":{\"name\":\"Redacci\u00f3n QP\",\"@id\":\"https:\\\/\\\/quehacerpolitico.mx\\\/#\\\/schema\\\/person\\\/496d8ad2d1d3f8036101dca7ee39e585\"},\"headline\":\"Al referirse al buen momento de Gim\u00e9nez en el Feyenoord, Blanco asegur\u00f3, con &#8220;respeto&#8221;, que la liga de Holanda no es muy competitiva\",\"datePublished\":\"2023-10-11T18:03:54+00:00\",\"dateModified\":\"2023-10-11T18:03:58+00:00\",\"mainEntityOfPage\":{\"@id\":\"https:\\\/\\\/quehacerpolitico.mx\\\/?p=105573\"},\"wordCount\":330,\"commentCount\":0,\"image\":{\"@id\":\"https:\\\/\\\/quehacerpolitico.mx\\\/?p=105573#primaryimage\"},\"thumbnailUrl\":\"https:\\\/\\\/quehacerpolitico.mx\\\/wp-content\\\/uploads\\\/2023\\\/10\\\/IMG_1296.jpeg\",\"articleSection\":[\"Deportes\"],\"inLanguage\":\"es\",\"potentialAction\":[{\"@type\":\"CommentAction\",\"name\":\"Comment\",\"target\":[\"https:\\\/\\\/quehacerpolitico.mx\\\/?p=105573#respond\"]}]},{\"@type\":\"WebPage\",\"@id\":\"https:\\\/\\\/quehacerpolitico.mx\\\/?p=105573\",\"url\":\"https:\\\/\\\/quehacerpolitico.mx\\\/?p=105573\",\"name\":\"Al referirse al buen momento de Gim\u00e9nez en el Feyenoord, Blanco asegur\u00f3, con \\\"respeto\\\", que la liga de Holanda no es muy competitiva -\",\"isPartOf\":{\"@id\":\"https:\\\/\\\/quehacerpolitico.mx\\\/#website\"},\"primaryImageOfPage\":{\"@id\":\"https:\\\/\\\/quehacerpolitico.mx\\\/?p=105573#primaryimage\"},\"image\":{\"@id\":\"https:\\\/\\\/quehacerpolitico.mx\\\/?p=105573#primaryimage\"},\"thumbnailUrl\":\"https:\\\/\\\/quehacerpolitico.mx\\\/wp-content\\\/uploads\\\/2023\\\/10\\\/IMG_1296.jpeg\",\"datePublished\":\"2023-10-11T18:03:54+00:00\",\"dateModified\":\"2023-10-11T18:03:58+00:00\",\"author\":{\"@id\":\"https:\\\/\\\/quehacerpolitico.mx\\\/#\\\/schema\\\/person\\\/496d8ad2d1d3f8036101dca7ee39e585\"},\"breadcrumb\":{\"@id\":\"https:\\\/\\\/quehacerpolitico.mx\\\/?p=105573#breadcrumb\"},\"inLanguage\":\"es\",\"potentialAction\":[{\"@type\":\"ReadAction\",\"target\":[\"https:\\\/\\\/quehacerpolitico.mx\\\/?p=105573\"]}]},{\"@type\":\"ImageObject\",\"inLanguage\":\"es\",\"@id\":\"https:\\\/\\\/quehacerpolitico.mx\\\/?p=105573#primaryimage\",\"url\":\"https:\\\/\\\/quehacerpolitico.mx\\\/wp-content\\\/uploads\\\/2023\\\/10\\\/IMG_1296.jpeg\",\"contentUrl\":\"https:\\\/\\\/quehacerpolitico.mx\\\/wp-content\\\/uploads\\\/2023\\\/10\\\/IMG_1296.jpeg\",\"width\":739,\"height\":415},{\"@type\":\"BreadcrumbList\",\"@id\":\"https:\\\/\\\/quehacerpolitico.mx\\\/?p=105573#breadcrumb\",\"itemListElement\":[{\"@type\":\"ListItem\",\"position\":1,\"name\":\"Inicio\",\"item\":\"https:\\\/\\\/quehacerpolitico.mx\\\/\"},{\"@type\":\"ListItem\",\"position\":2,\"name\":\"Al referirse al buen momento de Gim\u00e9nez en el Feyenoord, Blanco asegur\u00f3, con &#8220;respeto&#8221;, que la liga de Holanda no es muy competitiva\"}]},{\"@type\":\"WebSite\",\"@id\":\"https:\\\/\\\/quehacerpolitico.mx\\\/#website\",\"url\":\"https:\\\/\\\/quehacerpolitico.mx\\\/\",\"name\":\"\",\"description\":\"\",\"potentialAction\":[{\"@type\":\"SearchAction\",\"target\":{\"@type\":\"EntryPoint\",\"urlTemplate\":\"https:\\\/\\\/quehacerpolitico.mx\\\/?s={search_term_string}\"},\"query-input\":{\"@type\":\"PropertyValueSpecification\",\"valueRequired\":true,\"valueName\":\"search_term_string\"}}],\"inLanguage\":\"es\"},{\"@type\":\"Person\",\"@id\":\"https:\\\/\\\/quehacerpolitico.mx\\\/#\\\/schema\\\/person\\\/496d8ad2d1d3f8036101dca7ee39e585\",\"name\":\"Redacci\u00f3n QP\",\"image\":{\"@type\":\"ImageObject\",\"inLanguage\":\"es\",\"@id\":\"https:\\\/\\\/secure.gravatar.com\\\/avatar\\\/c7164ed6fdec453195284ad24a5ae5b6e1eed2b848477fa2a4787ba9adf39a41?s=96&d=mm&r=g\",\"url\":\"https:\\\/\\\/secure.gravatar.com\\\/avatar\\\/c7164ed6fdec453195284ad24a5ae5b6e1eed2b848477fa2a4787ba9adf39a41?s=96&d=mm&r=g\",\"contentUrl\":\"https:\\\/\\\/secure.gravatar.com\\\/avatar\\\/c7164ed6fdec453195284ad24a5ae5b6e1eed2b848477fa2a4787ba9adf39a41?s=96&d=mm&r=g\",\"caption\":\"Redacci\u00f3n QP\"},\"url\":\"https:\\\/\\\/quehacerpolitico.mx\\\/?author=2\"}]}<\/script>\n<!-- \/ Yoast SEO plugin. -->","yoast_head_json":{"title":"Al referirse al buen momento de Gim\u00e9nez en el Feyenoord, Blanco asegur\u00f3, con \"respeto\", que la liga de Holanda no es muy competitiva -","robots":{"index":"index","follow":"follow","max-snippet":"max-snippet:-1","max-image-preview":"max-image-preview:large","max-video-preview":"max-video-preview:-1"},"canonical":"https:\/\/quehacerpolitico.mx\/?p=105573","og_locale":"es_MX","og_type":"article","og_title":"Al referirse al buen momento de Gim\u00e9nez en el Feyenoord, Blanco asegur\u00f3, con \"respeto\", que la liga de Holanda no es muy competitiva -","og_description":"Por Redacci\u00f3n QP El delantero mexicano\u00a0Santiago Gim\u00e9nez\u00a0brilla con luz propia en el Feyenoord, y en...","og_url":"https:\/\/quehacerpolitico.mx\/?p=105573","article_published_time":"2023-10-11T18:03:54+00:00","article_modified_time":"2023-10-11T18:03:58+00:00","og_image":[{"width":739,"height":415,"url":"https:\/\/quehacerpolitico.mx\/wp-content\/uploads\/2023\/10\/IMG_1296.jpeg","type":"image\/jpeg"}],"author":"Redacci\u00f3n QP","twitter_card":"summary_large_image","twitter_misc":{"Escrito por":"Redacci\u00f3n QP","Tiempo de lectura":"2 minutos"},"schema":{"@context":"https:\/\/schema.org","@graph":[{"@type":"Article","@id":"https:\/\/quehacerpolitico.mx\/?p=105573#article","isPartOf":{"@id":"https:\/\/quehacerpolitico.mx\/?p=105573"},"author":{"name":"Redacci\u00f3n QP","@id":"https:\/\/quehacerpolitico.mx\/#\/schema\/person\/496d8ad2d1d3f8036101dca7ee39e585"},"headline":"Al referirse al buen momento de Gim\u00e9nez en el Feyenoord, Blanco asegur\u00f3, con &#8220;respeto&#8221;, que la liga de Holanda no es muy competitiva","datePublished":"2023-10-11T18:03:54+00:00","dateModified":"2023-10-11T18:03:58+00:00","mainEntityOfPage":{"@id":"https:\/\/quehacerpolitico.mx\/?p=105573"},"wordCount":330,"commentCount":0,"image":{"@id":"https:\/\/quehacerpolitico.mx\/?p=105573#primaryimage"},"thumbnailUrl":"https:\/\/quehacerpolitico.mx\/wp-content\/uploads\/2023\/10\/IMG_1296.jpeg","articleSection":["Deportes"],"inLanguage":"es","potentialAction":[{"@type":"CommentAction","name":"Comment","target":["https:\/\/quehacerpolitico.mx\/?p=105573#respond"]}]},{"@type":"WebPage","@id":"https:\/\/quehacerpolitico.mx\/?p=105573","url":"https:\/\/quehacerpolitico.mx\/?p=105573","name":"Al referirse al buen momento de Gim\u00e9nez en el Feyenoord, Blanco asegur\u00f3, con \"respeto\", que la liga de Holanda no es muy competitiva -","isPartOf":{"@id":"https:\/\/quehacerpolitico.mx\/#website"},"primaryImageOfPage":{"@id":"https:\/\/quehacerpolitico.mx\/?p=105573#primaryimage"},"image":{"@id":"https:\/\/quehacerpolitico.mx\/?p=105573#primaryimage"},"thumbnailUrl":"https:\/\/quehacerpolitico.mx\/wp-content\/uploads\/2023\/10\/IMG_1296.jpeg","datePublished":"2023-10-11T18:03:54+00:00","dateModified":"2023-10-11T18:03:58+00:00","author":{"@id":"https:\/\/quehacerpolitico.mx\/#\/schema\/person\/496d8ad2d1d3f8036101dca7ee39e585"},"breadcrumb":{"@id":"https:\/\/quehacerpolitico.mx\/?p=105573#breadcrumb"},"inLanguage":"es","potentialAction":[{"@type":"ReadAction","target":["https:\/\/quehacerpolitico.mx\/?p=105573"]}]},{"@type":"ImageObject","inLanguage":"es","@id":"https:\/\/quehacerpolitico.mx\/?p=105573#primaryimage","url":"https:\/\/quehacerpolitico.mx\/wp-content\/uploads\/2023\/10\/IMG_1296.jpeg","contentUrl":"https:\/\/quehacerpolitico.mx\/wp-content\/uploads\/2023\/10\/IMG_1296.jpeg","width":739,"height":415},{"@type":"BreadcrumbList","@id":"https:\/\/quehacerpolitico.mx\/?p=105573#breadcrumb","itemListElement":[{"@type":"ListItem","position":1,"name":"Inicio","item":"https:\/\/quehacerpolitico.mx\/"},{"@type":"ListItem","position":2,"name":"Al referirse al buen momento de Gim\u00e9nez en el Feyenoord, Blanco asegur\u00f3, con &#8220;respeto&#8221;, que la liga de Holanda no es muy competitiva"}]},{"@type":"WebSite","@id":"https:\/\/quehacerpolitico.mx\/#website","url":"https:\/\/quehacerpolitico.mx\/","name":"","description":"","potentialAction":[{"@type":"SearchAction","target":{"@type":"EntryPoint","urlTemplate":"https:\/\/quehacerpolitico.mx\/?s={search_term_string}"},"query-input":{"@type":"PropertyValueSpecification","valueRequired":true,"valueName":"search_term_string"}}],"inLanguage":"es"},{"@type":"Person","@id":"https:\/\/quehacerpolitico.mx\/#\/schema\/person\/496d8ad2d1d3f8036101dca7ee39e585","name":"Redacci\u00f3n QP","image":{"@type":"ImageObject","inLanguage":"es","@id":"https:\/\/secure.gravatar.com\/avatar\/c7164ed6fdec453195284ad24a5ae5b6e1eed2b848477fa2a4787ba9adf39a41?s=96&d=mm&r=g","url":"https:\/\/secure.gravatar.com\/avatar\/c7164ed6fdec453195284ad24a5ae5b6e1eed2b848477fa2a4787ba9adf39a41?s=96&d=mm&r=g","contentUrl":"https:\/\/secure.gravatar.com\/avatar\/c7164ed6fdec453195284ad24a5ae5b6e1eed2b848477fa2a4787ba9adf39a41?s=96&d=mm&r=g","caption":"Redacci\u00f3n QP"},"url":"https:\/\/quehacerpolitico.mx\/?author=2"}]}},"featured_image_urls":{"full":["https:\/\/quehacerpolitico.mx\/wp-content\/uploads\/2023\/10\/IMG_1296.jpeg",739,415,false],"thumbnail":["https:\/\/quehacerpolitico.mx\/wp-content\/uploads\/2023\/10\/IMG_1296-150x150.jpeg",150,150,true],"medium":["https:\/\/quehacerpolitico.mx\/wp-content\/uploads\/2023\/10\/IMG_1296-300x168.jpeg",300,168,true],"medium_large":["https:\/\/quehacerpolitico.mx\/wp-content\/uploads\/2023\/10\/IMG_1296.jpeg",640,359,false],"large":["https:\/\/quehacerpolitico.mx\/wp-content\/uploads\/2023\/10\/IMG_1296.jpeg",640,359,false],"1536x1536":["https:\/\/quehacerpolitico.mx\/wp-content\/uploads\/2023\/10\/IMG_1296.jpeg",739,415,false],"2048x2048":["https:\/\/quehacerpolitico.mx\/wp-content\/uploads\/2023\/10\/IMG_1296.jpeg",739,415,false],"covernews-featured":["https:\/\/quehacerpolitico.mx\/wp-content\/uploads\/2023\/10\/IMG_1296.jpeg",739,415,false],"covernews-medium":["https:\/\/quehacerpolitico.mx\/wp-content\/uploads\/2023\/10\/IMG_1296.jpeg",540,303,false]},"author_info":{"display_name":"Redacci\u00f3n QP","author_link":"https:\/\/quehacerpolitico.mx\/?author=2"},"category_info":"<a href=\"https:\/\/quehacerpolitico.mx\/?cat=54\" rel=\"category\">Deportes<\/a>","tag_info":"Deportes","comment_count":"0","_links":{"self":[{"href":"https:\/\/quehacerpolitico.mx\/index.php?rest_route=\/wp\/v2\/posts\/105573","targetHints":{"allow":["GET"]}}],"collection":[{"href":"https:\/\/quehacerpolitico.mx\/index.php?rest_route=\/wp\/v2\/posts"}],"about":[{"href":"https:\/\/quehacerpolitico.mx\/index.php?rest_route=\/wp\/v2\/types\/post"}],"author":[{"embeddable":true,"href":"https:\/\/quehacerpolitico.mx\/index.php?rest_route=\/wp\/v2\/users\/2"}],"replies":[{"embeddable":true,"href":"https:\/\/quehacerpolitico.mx\/index.php?rest_route=%2Fwp%2Fv2%2Fcomments&post=105573"}],"version-history":[{"count":1,"href":"https:\/\/quehacerpolitico.mx\/index.php?rest_route=\/wp\/v2\/posts\/105573\/revisions"}],"predecessor-version":[{"id":105575,"href":"https:\/\/quehacerpolitico.mx\/index.php?rest_route=\/wp\/v2\/posts\/105573\/revisions\/105575"}],"wp:featuredmedia":[{"embeddable":true,"href":"https:\/\/quehacerpolitico.mx\/index.php?rest_route=\/wp\/v2\/media\/105574"}],"wp:attachment":[{"href":"https:\/\/quehacerpolitico.mx\/index.php?rest_route=%2Fwp%2Fv2%2Fmedia&parent=105573"}],"wp:term":[{"taxonomy":"category","embeddable":true,"href":"https:\/\/quehacerpolitico.mx\/index.php?rest_route=%2Fwp%2Fv2%2Fcategories&post=105573"},{"taxonomy":"post_tag","embeddable":true,"href":"https:\/\/quehacerpolitico.mx\/index.php?rest_route=%2Fwp%2Fv2%2Ftags&post=105573"}],"curies":[{"name":"wp","href":"https:\/\/api.w.org\/{rel}","templated":true}]}}