{"id":105570,"date":"2023-10-11T16:49:00","date_gmt":"2023-10-11T16:49:00","guid":{"rendered":"https:\/\/quehacerpolitico.mx\/?p=105570"},"modified":"2023-10-11T16:49:03","modified_gmt":"2023-10-11T16:49:03","slug":"vilchis-descarta-que-exista-una-plaga-de-chinches-en-mexico","status":"publish","type":"post","link":"https:\/\/quehacerpolitico.mx\/?p=105570","title":{"rendered":"Vilchis descarta que exista una plaga de chinches en M\u00e9xico"},"content":{"rendered":"\n<p>Por Redacci\u00f3n QP<\/p>\n\n\n\n<p>Garc\u00eda Vilchis sostuvo que la plaga son los medios de comunicaci\u00f3n, que intentan desinformar a la poblaci\u00f3n mexicana con el tema de las chinches<\/p>\n\n\n\n<p>Al afirmar que &#8220;nadie las ha visto hasta ahora&#8221;,\u00a0Elizabeth Garc\u00eda Vilchis lectora de la secci\u00f3n Qui\u00e9n es Qui\u00e9n en las Mentiras de la Semana, sostuvo que\u00a0<strong>es falso que exista una plaga de\u00a0Chinches en M\u00e9xico y acus\u00f3 que ese ha provocado una historia colectiva en algunos lugares del pa\u00eds.<\/strong><\/p>\n\n\n\n<figure class=\"wp-block-embed is-type-video is-provider-youtube wp-block-embed-youtube wp-embed-aspect-16-9 wp-has-aspect-ratio\"><div class=\"wp-block-embed__wrapper\">\nhttps:\/\/youtu.be\/Ph5ScN6-z7M?si=wRZ9Hsm_MnrSJ8Os\n<\/div><\/figure>\n\n\n\n<p>Frente al Presidente\u00a0Andres Manuel L\u00f3pez Obrador la funcionaria federal aseguro que con estas campa\u00f1as se\u00a0<strong>busca crear un &#8220;sentimiento de miedo&#8221; en la poblaci\u00f3n mexicana que sea susceptible a ser manipulada por medios de comunicaci\u00f3n.<\/strong><\/p>\n\n\n\n<p>Entre risas, se\u00f1al\u00f3 que la UNAM cerr\u00f3 algunas escuelas para fumigarlas y en donde &#8220;solo encontraron un insecto&#8221;.<\/p>\n\n\n\n<p>&#8220;La plaga de desinformaci\u00f3n de muchos medios ya sabemos no tiene l\u00edmites, ahora salen con una supuesta plaga de chinches en M\u00e9xico, est\u00e1 no existe.&nbsp;<strong>En muchos espacios informativos se ha desinformado sobre una supuesta plaga de chinches en M\u00e9xico, lo cual es falso y nadie las ha visto hasta ahora, o \u00bfustedes s\u00ed?<\/strong><\/p>\n\n\n\n<p>&#8220;Se habla de plagas de chinches en la UNAM y en otros lugares de M\u00e9xico, como Guanajuato. Se ha provocado una histeria colectiva en algunos lugares. En la Universidad Nacional cerr\u00f3 escuelas y las fumig\u00f3, pero \u00bfqu\u00e9 creen? solo encontraron un insecto; en la Universidad de Guanajuato igual.\u00a0<strong>Todo el mundo habla de las chinches, pero nadie las ha visto. Bueno, m\u00e1s all\u00e1 de lo normal, tambi\u00e9n lo hemos visto much\u00edsimo en los `memes\u00b4 que se comparten en las redes sociales que la verdad s\u00ed son muy graciosos&#8221;<\/strong><\/p>\n\n\n\n<p>En Palacio Nacional,\u00a0acus\u00f3 a los medios de informaci\u00f3n de &#8220;no dejar de enchinchar&#8221; al difundir estas notas.<\/p>\n\n\n\n<p>&#8220;La verdad es que s\u00ed son muy graciosos,&nbsp;<strong>ya de plano varios medios dijeron que en todo M\u00e9xico hab\u00eda plaga, s\u00ed, as\u00ed de ese tama\u00f1o, no dejan de enchinchar.<\/strong><\/p>\n\n\n\n<p>&#8220;Con este tipo de campa\u00f1as de desinformaci\u00f3n se busca crear un sentimiento de miedo en la poblaci\u00f3n para que sea muy susceptible a ser manipulada por los mismos medios de comunicaci\u00f3n. Lo buenos es que<strong>&nbsp;ya casi nadie las cree y que el pueblo informado busca otras v\u00edas de comunicaci\u00f3n para obtener la informaci\u00f3n veraz&#8221;.<\/strong><\/p>\n\n\n\n<p>Garc\u00eda Vilchis se\u00f1al\u00f3 que la Secretar\u00eda de Salud del gobierno federal y de la Ciudad de M\u00e9xico informaron que no existe una alerta sanitaria por la presencia de chinches &#8220;que\u00a0<strong>se pueden multiplicar eso s\u00ed, cuando no se limpian habitaciones, ni colchones, principalmente, no en universidades ni en el territorio nacional&#8221;.<\/strong><\/p>\n\n\n\n<p>Con informaci\u00f3n de SUN<\/p>\n","protected":false},"excerpt":{"rendered":"<p>Por Redacci\u00f3n QP Garc\u00eda Vilchis sostuvo que la plaga son los medios de comunicaci\u00f3n, que&#8230;<\/p>\n","protected":false},"author":2,"featured_media":105571,"comment_status":"open","ping_status":"open","sticky":false,"template":"","format":"standard","meta":{"_monsterinsights_skip_tracking":false,"_monsterinsights_sitenote_active":false,"_monsterinsights_sitenote_note":"","_monsterinsights_sitenote_category":0,"footnotes":""},"categories":[2],"tags":[],"class_list":["post-105570","post","type-post","status-publish","format-standard","has-post-thumbnail","hentry","category-noticias"],"yoast_head":"<!-- This site is optimized with the Yoast SEO plugin v27.3 - https:\/\/yoast.com\/product\/yoast-seo-wordpress\/ -->\n<title>Vilchis descarta que exista una plaga de chinches en M\u00e9xico -<\/title>\n<meta name=\"robots\" content=\"index, follow, max-snippet:-1, max-image-preview:large, max-video-preview:-1\" \/>\n<link rel=\"canonical\" href=\"https:\/\/quehacerpolitico.mx\/?p=105570\" \/>\n<meta property=\"og:locale\" content=\"es_MX\" \/>\n<meta property=\"og:type\" content=\"article\" \/>\n<meta property=\"og:title\" content=\"Vilchis descarta que exista una plaga de chinches en M\u00e9xico -\" \/>\n<meta property=\"og:description\" content=\"Por Redacci\u00f3n QP Garc\u00eda Vilchis sostuvo que la plaga son los medios de comunicaci\u00f3n, que...\" \/>\n<meta property=\"og:url\" content=\"https:\/\/quehacerpolitico.mx\/?p=105570\" \/>\n<meta property=\"article:published_time\" content=\"2023-10-11T16:49:00+00:00\" \/>\n<meta property=\"article:modified_time\" content=\"2023-10-11T16:49:03+00:00\" \/>\n<meta property=\"og:image\" content=\"https:\/\/quehacerpolitico.mx\/wp-content\/uploads\/2023\/10\/IMG_1294.jpeg\" \/>\n\t<meta property=\"og:image:width\" content=\"989\" \/>\n\t<meta property=\"og:image:height\" content=\"566\" \/>\n\t<meta property=\"og:image:type\" content=\"image\/jpeg\" \/>\n<meta name=\"author\" content=\"Redacci\u00f3n QP\" \/>\n<meta name=\"twitter:card\" content=\"summary_large_image\" \/>\n<meta name=\"twitter:label1\" content=\"Escrito por\" \/>\n\t<meta name=\"twitter:data1\" content=\"Redacci\u00f3n QP\" \/>\n\t<meta name=\"twitter:label2\" content=\"Tiempo de lectura\" \/>\n\t<meta name=\"twitter:data2\" content=\"2 minutos\" \/>\n<script type=\"application\/ld+json\" class=\"yoast-schema-graph\">{\"@context\":\"https:\\\/\\\/schema.org\",\"@graph\":[{\"@type\":\"Article\",\"@id\":\"https:\\\/\\\/quehacerpolitico.mx\\\/?p=105570#article\",\"isPartOf\":{\"@id\":\"https:\\\/\\\/quehacerpolitico.mx\\\/?p=105570\"},\"author\":{\"name\":\"Redacci\u00f3n QP\",\"@id\":\"https:\\\/\\\/quehacerpolitico.mx\\\/#\\\/schema\\\/person\\\/496d8ad2d1d3f8036101dca7ee39e585\"},\"headline\":\"Vilchis descarta que exista una plaga de chinches en M\u00e9xico\",\"datePublished\":\"2023-10-11T16:49:00+00:00\",\"dateModified\":\"2023-10-11T16:49:03+00:00\",\"mainEntityOfPage\":{\"@id\":\"https:\\\/\\\/quehacerpolitico.mx\\\/?p=105570\"},\"wordCount\":496,\"commentCount\":0,\"image\":{\"@id\":\"https:\\\/\\\/quehacerpolitico.mx\\\/?p=105570#primaryimage\"},\"thumbnailUrl\":\"https:\\\/\\\/quehacerpolitico.mx\\\/wp-content\\\/uploads\\\/2023\\\/10\\\/IMG_1294.jpeg\",\"articleSection\":[\"Noticias\"],\"inLanguage\":\"es\",\"potentialAction\":[{\"@type\":\"CommentAction\",\"name\":\"Comment\",\"target\":[\"https:\\\/\\\/quehacerpolitico.mx\\\/?p=105570#respond\"]}]},{\"@type\":\"WebPage\",\"@id\":\"https:\\\/\\\/quehacerpolitico.mx\\\/?p=105570\",\"url\":\"https:\\\/\\\/quehacerpolitico.mx\\\/?p=105570\",\"name\":\"Vilchis descarta que exista una plaga de chinches en M\u00e9xico -\",\"isPartOf\":{\"@id\":\"https:\\\/\\\/quehacerpolitico.mx\\\/#website\"},\"primaryImageOfPage\":{\"@id\":\"https:\\\/\\\/quehacerpolitico.mx\\\/?p=105570#primaryimage\"},\"image\":{\"@id\":\"https:\\\/\\\/quehacerpolitico.mx\\\/?p=105570#primaryimage\"},\"thumbnailUrl\":\"https:\\\/\\\/quehacerpolitico.mx\\\/wp-content\\\/uploads\\\/2023\\\/10\\\/IMG_1294.jpeg\",\"datePublished\":\"2023-10-11T16:49:00+00:00\",\"dateModified\":\"2023-10-11T16:49:03+00:00\",\"author\":{\"@id\":\"https:\\\/\\\/quehacerpolitico.mx\\\/#\\\/schema\\\/person\\\/496d8ad2d1d3f8036101dca7ee39e585\"},\"breadcrumb\":{\"@id\":\"https:\\\/\\\/quehacerpolitico.mx\\\/?p=105570#breadcrumb\"},\"inLanguage\":\"es\",\"potentialAction\":[{\"@type\":\"ReadAction\",\"target\":[\"https:\\\/\\\/quehacerpolitico.mx\\\/?p=105570\"]}]},{\"@type\":\"ImageObject\",\"inLanguage\":\"es\",\"@id\":\"https:\\\/\\\/quehacerpolitico.mx\\\/?p=105570#primaryimage\",\"url\":\"https:\\\/\\\/quehacerpolitico.mx\\\/wp-content\\\/uploads\\\/2023\\\/10\\\/IMG_1294.jpeg\",\"contentUrl\":\"https:\\\/\\\/quehacerpolitico.mx\\\/wp-content\\\/uploads\\\/2023\\\/10\\\/IMG_1294.jpeg\",\"width\":989,\"height\":566},{\"@type\":\"BreadcrumbList\",\"@id\":\"https:\\\/\\\/quehacerpolitico.mx\\\/?p=105570#breadcrumb\",\"itemListElement\":[{\"@type\":\"ListItem\",\"position\":1,\"name\":\"Inicio\",\"item\":\"https:\\\/\\\/quehacerpolitico.mx\\\/\"},{\"@type\":\"ListItem\",\"position\":2,\"name\":\"Vilchis descarta que exista una plaga de chinches en M\u00e9xico\"}]},{\"@type\":\"WebSite\",\"@id\":\"https:\\\/\\\/quehacerpolitico.mx\\\/#website\",\"url\":\"https:\\\/\\\/quehacerpolitico.mx\\\/\",\"name\":\"\",\"description\":\"\",\"potentialAction\":[{\"@type\":\"SearchAction\",\"target\":{\"@type\":\"EntryPoint\",\"urlTemplate\":\"https:\\\/\\\/quehacerpolitico.mx\\\/?s={search_term_string}\"},\"query-input\":{\"@type\":\"PropertyValueSpecification\",\"valueRequired\":true,\"valueName\":\"search_term_string\"}}],\"inLanguage\":\"es\"},{\"@type\":\"Person\",\"@id\":\"https:\\\/\\\/quehacerpolitico.mx\\\/#\\\/schema\\\/person\\\/496d8ad2d1d3f8036101dca7ee39e585\",\"name\":\"Redacci\u00f3n QP\",\"image\":{\"@type\":\"ImageObject\",\"inLanguage\":\"es\",\"@id\":\"https:\\\/\\\/secure.gravatar.com\\\/avatar\\\/c7164ed6fdec453195284ad24a5ae5b6e1eed2b848477fa2a4787ba9adf39a41?s=96&d=mm&r=g\",\"url\":\"https:\\\/\\\/secure.gravatar.com\\\/avatar\\\/c7164ed6fdec453195284ad24a5ae5b6e1eed2b848477fa2a4787ba9adf39a41?s=96&d=mm&r=g\",\"contentUrl\":\"https:\\\/\\\/secure.gravatar.com\\\/avatar\\\/c7164ed6fdec453195284ad24a5ae5b6e1eed2b848477fa2a4787ba9adf39a41?s=96&d=mm&r=g\",\"caption\":\"Redacci\u00f3n QP\"},\"url\":\"https:\\\/\\\/quehacerpolitico.mx\\\/?author=2\"}]}<\/script>\n<!-- \/ Yoast SEO plugin. -->","yoast_head_json":{"title":"Vilchis descarta que exista una plaga de chinches en M\u00e9xico -","robots":{"index":"index","follow":"follow","max-snippet":"max-snippet:-1","max-image-preview":"max-image-preview:large","max-video-preview":"max-video-preview:-1"},"canonical":"https:\/\/quehacerpolitico.mx\/?p=105570","og_locale":"es_MX","og_type":"article","og_title":"Vilchis descarta que exista una plaga de chinches en M\u00e9xico -","og_description":"Por Redacci\u00f3n QP Garc\u00eda Vilchis sostuvo que la plaga son los medios de comunicaci\u00f3n, que...","og_url":"https:\/\/quehacerpolitico.mx\/?p=105570","article_published_time":"2023-10-11T16:49:00+00:00","article_modified_time":"2023-10-11T16:49:03+00:00","og_image":[{"width":989,"height":566,"url":"https:\/\/quehacerpolitico.mx\/wp-content\/uploads\/2023\/10\/IMG_1294.jpeg","type":"image\/jpeg"}],"author":"Redacci\u00f3n QP","twitter_card":"summary_large_image","twitter_misc":{"Escrito por":"Redacci\u00f3n QP","Tiempo de lectura":"2 minutos"},"schema":{"@context":"https:\/\/schema.org","@graph":[{"@type":"Article","@id":"https:\/\/quehacerpolitico.mx\/?p=105570#article","isPartOf":{"@id":"https:\/\/quehacerpolitico.mx\/?p=105570"},"author":{"name":"Redacci\u00f3n QP","@id":"https:\/\/quehacerpolitico.mx\/#\/schema\/person\/496d8ad2d1d3f8036101dca7ee39e585"},"headline":"Vilchis descarta que exista una plaga de chinches en M\u00e9xico","datePublished":"2023-10-11T16:49:00+00:00","dateModified":"2023-10-11T16:49:03+00:00","mainEntityOfPage":{"@id":"https:\/\/quehacerpolitico.mx\/?p=105570"},"wordCount":496,"commentCount":0,"image":{"@id":"https:\/\/quehacerpolitico.mx\/?p=105570#primaryimage"},"thumbnailUrl":"https:\/\/quehacerpolitico.mx\/wp-content\/uploads\/2023\/10\/IMG_1294.jpeg","articleSection":["Noticias"],"inLanguage":"es","potentialAction":[{"@type":"CommentAction","name":"Comment","target":["https:\/\/quehacerpolitico.mx\/?p=105570#respond"]}]},{"@type":"WebPage","@id":"https:\/\/quehacerpolitico.mx\/?p=105570","url":"https:\/\/quehacerpolitico.mx\/?p=105570","name":"Vilchis descarta que exista una plaga de chinches en M\u00e9xico -","isPartOf":{"@id":"https:\/\/quehacerpolitico.mx\/#website"},"primaryImageOfPage":{"@id":"https:\/\/quehacerpolitico.mx\/?p=105570#primaryimage"},"image":{"@id":"https:\/\/quehacerpolitico.mx\/?p=105570#primaryimage"},"thumbnailUrl":"https:\/\/quehacerpolitico.mx\/wp-content\/uploads\/2023\/10\/IMG_1294.jpeg","datePublished":"2023-10-11T16:49:00+00:00","dateModified":"2023-10-11T16:49:03+00:00","author":{"@id":"https:\/\/quehacerpolitico.mx\/#\/schema\/person\/496d8ad2d1d3f8036101dca7ee39e585"},"breadcrumb":{"@id":"https:\/\/quehacerpolitico.mx\/?p=105570#breadcrumb"},"inLanguage":"es","potentialAction":[{"@type":"ReadAction","target":["https:\/\/quehacerpolitico.mx\/?p=105570"]}]},{"@type":"ImageObject","inLanguage":"es","@id":"https:\/\/quehacerpolitico.mx\/?p=105570#primaryimage","url":"https:\/\/quehacerpolitico.mx\/wp-content\/uploads\/2023\/10\/IMG_1294.jpeg","contentUrl":"https:\/\/quehacerpolitico.mx\/wp-content\/uploads\/2023\/10\/IMG_1294.jpeg","width":989,"height":566},{"@type":"BreadcrumbList","@id":"https:\/\/quehacerpolitico.mx\/?p=105570#breadcrumb","itemListElement":[{"@type":"ListItem","position":1,"name":"Inicio","item":"https:\/\/quehacerpolitico.mx\/"},{"@type":"ListItem","position":2,"name":"Vilchis descarta que exista una plaga de chinches en M\u00e9xico"}]},{"@type":"WebSite","@id":"https:\/\/quehacerpolitico.mx\/#website","url":"https:\/\/quehacerpolitico.mx\/","name":"","description":"","potentialAction":[{"@type":"SearchAction","target":{"@type":"EntryPoint","urlTemplate":"https:\/\/quehacerpolitico.mx\/?s={search_term_string}"},"query-input":{"@type":"PropertyValueSpecification","valueRequired":true,"valueName":"search_term_string"}}],"inLanguage":"es"},{"@type":"Person","@id":"https:\/\/quehacerpolitico.mx\/#\/schema\/person\/496d8ad2d1d3f8036101dca7ee39e585","name":"Redacci\u00f3n QP","image":{"@type":"ImageObject","inLanguage":"es","@id":"https:\/\/secure.gravatar.com\/avatar\/c7164ed6fdec453195284ad24a5ae5b6e1eed2b848477fa2a4787ba9adf39a41?s=96&d=mm&r=g","url":"https:\/\/secure.gravatar.com\/avatar\/c7164ed6fdec453195284ad24a5ae5b6e1eed2b848477fa2a4787ba9adf39a41?s=96&d=mm&r=g","contentUrl":"https:\/\/secure.gravatar.com\/avatar\/c7164ed6fdec453195284ad24a5ae5b6e1eed2b848477fa2a4787ba9adf39a41?s=96&d=mm&r=g","caption":"Redacci\u00f3n QP"},"url":"https:\/\/quehacerpolitico.mx\/?author=2"}]}},"featured_image_urls":{"full":["https:\/\/quehacerpolitico.mx\/wp-content\/uploads\/2023\/10\/IMG_1294.jpeg",989,566,false],"thumbnail":["https:\/\/quehacerpolitico.mx\/wp-content\/uploads\/2023\/10\/IMG_1294-150x150.jpeg",150,150,true],"medium":["https:\/\/quehacerpolitico.mx\/wp-content\/uploads\/2023\/10\/IMG_1294-300x172.jpeg",300,172,true],"medium_large":["https:\/\/quehacerpolitico.mx\/wp-content\/uploads\/2023\/10\/IMG_1294-768x440.jpeg",640,367,true],"large":["https:\/\/quehacerpolitico.mx\/wp-content\/uploads\/2023\/10\/IMG_1294.jpeg",640,366,false],"1536x1536":["https:\/\/quehacerpolitico.mx\/wp-content\/uploads\/2023\/10\/IMG_1294.jpeg",989,566,false],"2048x2048":["https:\/\/quehacerpolitico.mx\/wp-content\/uploads\/2023\/10\/IMG_1294.jpeg",989,566,false],"covernews-featured":["https:\/\/quehacerpolitico.mx\/wp-content\/uploads\/2023\/10\/IMG_1294.jpeg",989,566,false],"covernews-medium":["https:\/\/quehacerpolitico.mx\/wp-content\/uploads\/2023\/10\/IMG_1294.jpeg",540,309,false]},"author_info":{"display_name":"Redacci\u00f3n QP","author_link":"https:\/\/quehacerpolitico.mx\/?author=2"},"category_info":"<a href=\"https:\/\/quehacerpolitico.mx\/?cat=2\" rel=\"category\">Noticias<\/a>","tag_info":"Noticias","comment_count":"0","_links":{"self":[{"href":"https:\/\/quehacerpolitico.mx\/index.php?rest_route=\/wp\/v2\/posts\/105570","targetHints":{"allow":["GET"]}}],"collection":[{"href":"https:\/\/quehacerpolitico.mx\/index.php?rest_route=\/wp\/v2\/posts"}],"about":[{"href":"https:\/\/quehacerpolitico.mx\/index.php?rest_route=\/wp\/v2\/types\/post"}],"author":[{"embeddable":true,"href":"https:\/\/quehacerpolitico.mx\/index.php?rest_route=\/wp\/v2\/users\/2"}],"replies":[{"embeddable":true,"href":"https:\/\/quehacerpolitico.mx\/index.php?rest_route=%2Fwp%2Fv2%2Fcomments&post=105570"}],"version-history":[{"count":1,"href":"https:\/\/quehacerpolitico.mx\/index.php?rest_route=\/wp\/v2\/posts\/105570\/revisions"}],"predecessor-version":[{"id":105572,"href":"https:\/\/quehacerpolitico.mx\/index.php?rest_route=\/wp\/v2\/posts\/105570\/revisions\/105572"}],"wp:featuredmedia":[{"embeddable":true,"href":"https:\/\/quehacerpolitico.mx\/index.php?rest_route=\/wp\/v2\/media\/105571"}],"wp:attachment":[{"href":"https:\/\/quehacerpolitico.mx\/index.php?rest_route=%2Fwp%2Fv2%2Fmedia&parent=105570"}],"wp:term":[{"taxonomy":"category","embeddable":true,"href":"https:\/\/quehacerpolitico.mx\/index.php?rest_route=%2Fwp%2Fv2%2Fcategories&post=105570"},{"taxonomy":"post_tag","embeddable":true,"href":"https:\/\/quehacerpolitico.mx\/index.php?rest_route=%2Fwp%2Fv2%2Ftags&post=105570"}],"curies":[{"name":"wp","href":"https:\/\/api.w.org\/{rel}","templated":true}]}}