{"id":105567,"date":"2023-10-11T15:01:32","date_gmt":"2023-10-11T15:01:32","guid":{"rendered":"https:\/\/quehacerpolitico.mx\/?p=105567"},"modified":"2023-10-11T15:01:36","modified_gmt":"2023-10-11T15:01:36","slug":"internacionales-carolina-alonso-romei-israel-recupera-territorios-que-habia-tomado-hamas","status":"publish","type":"post","link":"https:\/\/quehacerpolitico.mx\/?p=105567","title":{"rendered":"Internacionales\/\/\/Carolina Alonso Romei\/\/\/Israel recupera territorios que hab\u00eda tomado Ham\u00e1s"},"content":{"rendered":"\n<p>Por Carolina Alonso Romei<\/p>\n\n\n\n<p>Internacionalista<\/p>\n\n\n\n<p>Gobierno anuncia que el pa\u00eds lanzar\u00e1 &#8220;una ofensiva total&#8221; contra la Franja de Gaza<\/p>\n\n\n\n<p><strong>Israel recuper\u00f3 ayer el control de todo su territorio colindante a la Franja de Gaza, donde Ham\u00e1s dej\u00f3 un rastro de muerte y sangre; mientras contin\u00faa con los intensos bombardeos sobre el enclave<\/strong>&nbsp;y promete una \u201cofensiva total\u201d en el cuarto d\u00eda de guerra con las milicias palestinas y con m\u00e1s de tres mil 300 muertos.<\/p>\n\n\n\n<p>Las im\u00e1genes de los \u00faltimos kibutzs y comunidades recuperadas por el Ej\u00e9rcito son espeluznantes con cad\u00e1veres dispersos, cuerpos mutilados y quemados.<\/p>\n\n\n\n<p><strong>Tropas israel\u00edes liberaron el kibutz de Kfar Aza, una de las comunidades m\u00e1s pr\u00f3ximas a Gaza, de tan solo 800 habitantes, y han hallado un horror de cuerpos desmembrados y decapitados, incluidos ni\u00f1os y beb\u00e9s. Im\u00e1genes semejantes se vieron ayer en el kibutz Beeri,<\/strong>donde los servicios de emergencia encontraron m\u00e1s de 100 cuerpos.<\/p>\n\n\n\n<p>Un param\u00e9dico que estuvo en esos lugares revel\u00f3, visiblemente conmocionado, que se encontraron con pilas de cuerpos calcinados y mutilados y varios cad\u00e1veres de mujeres violadas. Otro miembro de los servicios de emergencia tambi\u00e9n explic\u00f3 que se hab\u00edan encontrado con cad\u00e1veres quemados en estas comunidades.<\/p>\n\n\n\n<p>El Ej\u00e9rcito no ofreci\u00f3 detalles sobre esos episodios pero se\u00f1al\u00f3 que \u201clo que pas\u00f3 en el kibutz Kfar Aza es una masacre en la que mujeres, ni\u00f1os, beb\u00e9s y ancianos fueron brutalmente masacrados a la manera del Estado Isl\u00e1mico\u201d.<\/p>\n\n\n\n<p><strong>La cifra oficial de muertos en Israel supera los 900, aunque los cuerpos encontrados en las zonas liberadas pueden elevar el n\u00famero, y los heridos superan los dos mil 900, mientras que los intensos bombardeos sobre la Franja de Gaza han dejado tambi\u00e9n 900 muertos y m\u00e1s de cuatro mil 500 heridos.<\/strong><\/p>\n\n\n\n<figure class=\"wp-block-embed is-type-video is-provider-youtube wp-block-embed-youtube wp-embed-aspect-16-9 wp-has-aspect-ratio\"><div class=\"wp-block-embed__wrapper\">\n<iframe loading=\"lazy\" title=\"Israel, abocado a una peligrosa ofensiva terrestre en Gaza\" width=\"640\" height=\"360\" src=\"https:\/\/www.youtube.com\/embed\/0Lb-LXqnaSQ?feature=oembed\" frameborder=\"0\" allow=\"accelerometer; autoplay; clipboard-write; encrypted-media; gyroscope; picture-in-picture; web-share\" referrerpolicy=\"strict-origin-when-cross-origin\" allowfullscreen><\/iframe>\n<\/div><\/figure>\n\n\n\n<p>El Ej\u00e9rcito asegura que&nbsp;<strong>en la contraofensiva ha recuperado los cuerpos de unos mil 500 milicianos de Ham\u00e1s dentro de su territorio<\/strong>, lo que da una idea de la envergadura del ataque que la milicia inici\u00f3 el s\u00e1bado y que dio comienzo a esta guerra.<\/p>\n\n\n\n<p>Aunque Israel ha retomado el control de todo su territorio, ha advertido de que todav\u00eda pueden quedar \u201cterroristas infiltrados\u201d, y de hecho ayer mat\u00f3 al menos a siete miembros de Ham\u00e1s cuando trataban de infiltrarse.<\/p>\n\n\n\n<p><strong>El ministro de Defensa de Israel, Yoav Gallant, anunci\u00f3 que el pa\u00eds lanzar\u00e1 \u201cuna ofensiva total\u201d contra la Franja de Gaza, que cambiar\u00e1 totalmente la situaci\u00f3n sobre el terreno.<\/strong><\/p>\n\n\n\n<p>\u201cHe levantado todas las restricciones. Hemos recuperado el control de la frontera y estamos pasando a una ofensiva total\u201d, afirm\u00f3 Gallant, al reunirse con militares israel\u00edes y combatientes de \u00e9lite cerca de la frontera de Gaza.<\/p>\n\n\n\n<p>Todav\u00eda sigue flotando en el aire la posibilidad de una gran incursi\u00f3n terrestre sobre la Franja, donde las milicias palestinas mantienen secuestrados a m\u00e1s de un centenar de rehenes israel\u00edes, lo que dificulta esa operaci\u00f3n.<\/p>\n\n\n\n<p>La aviaci\u00f3n israel\u00ed ha intensificado sus ataques sobre Gaza y en el \u00faltimo d\u00eda ha atacado m\u00e1s de 250 objetivos y matado a dos altos cargos de Ham\u00e1s. Pero desde la Franja, las im\u00e1genes de bombardeos sobre infraestructura civil revelan una estela desoladora de destrucci\u00f3n:&nbsp;<strong>unos 170 edificios residenciales y mil casas han sido derruidas.<\/strong><\/p>\n\n\n\n<p><strong>Los bombardeos han aniquilado por completo a 22 familias, con un total de 150 individuos, y han obligado a 140 mil ciudadanos a huir de sus casas y alojarse en refugios<\/strong>&nbsp;hacinados o en patios de hospitales, indic\u00f3 el Ministerio de Sanidad de la Franja.<\/p>\n\n\n\n<p>El barrio de Remal, en la ciudad de Gaza, ha quedado devastado, as\u00ed como la ciudad de Jan Yunis o el cruce de Rafah, en la frontera con Egipto, el \u00fanico paso por el que entra ayuda humanitaria. S<strong>e teme que cientos de cuerpos est\u00e9n a\u00fan bajo los escombros y varios hospitales han dejado de funcionar.<\/strong><\/p>\n\n\n\n<p>Mientras tanto han seguido los lanzamientos de cohetes desde Gaza, causando dos muertes, ambos trabajadores extranjeros, en la zona de Eshkol, al sureste de la Franja, y alcanzando incluso la periferia sur de Tel Aviv, aunque sin causar heridos.<\/p>\n\n\n\n<figure class=\"wp-block-image\"><img decoding=\"async\" src=\"https:\/\/www.informador.mx\/__export\/1697026423958\/sites\/elinformador\/img\/2023\/10\/11\/6f66c08abafc41a6bed2b_x12010069x_crop1697026422889.jpg_70287019.jpg\" alt=\"\"\/><figcaption class=\"wp-element-caption\">Ciudadanos palestinos buscan refugio. AP\/F. Shbair&nbsp;<\/figcaption><\/figure>\n\n\n\n<h4 class=\"wp-block-heading\">Lanzan ataque desde L\u00edbano&nbsp;<\/h4>\n\n\n\n<p><strong>Un funcionario de seguridad liban\u00e9s dijo ayer que se dispararon seis cohetes desde el sur del L\u00edbano hacia el norte de Israel.<\/strong><\/p>\n\n\n\n<p>Infom\u00f3 que no estaba claro de inmediato qui\u00e9n dispar\u00f3 los cohetes desde el \u00e1rea de la aldea de Qlaileh, en el sur del L\u00edbano y habl\u00f3 bajo condici\u00f3n de anonimato de acuerdo con las regulaciones.<\/p>\n\n\n\n<p>Una declaraci\u00f3n de las Fuerza de Paz de la ONU tambi\u00e9n confirm\u00f3 el lanzamiento de cohetes e inst\u00f3 a \u201ctodos a actuar con moderaci\u00f3n en este momento cr\u00edtico\u201d.<\/p>\n\n\n\n<p><strong>Representantes del grupo armado liban\u00e9s Hezbollah no respondieron de momento a las solicitudes de comentarios. Portavoces de Ham\u00e1s y de la Yihad Isl\u00e1mica Palestina dijeron que no ten\u00edan informaci\u00f3n sobre los cohetes.<\/strong><\/p>\n\n\n\n<h4 class=\"wp-block-heading\">Palestinos buscan refugio<\/h4>\n\n\n\n<p>Aviones de combate israel\u00edes atacaron barrio por barrio la Franja de Gaza ayer, reduciendo edificios a escombros y provocando que los habitantes corrieran para encontrar un lugar seguro en el peque\u00f1o territorio asediado que ahora es blanco de fuerte represalia por los ataques del fin de semana por parte de combatientes de Ham\u00e1s.<\/p>\n\n\n\n<p>Grupos humanitarios pidieron la creaci\u00f3n de corredores humanitarios para llevar ayuda a Gaza, y advirtieron que los hospitales se estaban quedando sin suministros debido a la cantidad de heridos.<\/p>\n\n\n\n<p><strong>Israel detuvo la entrada de alimentos, combustible y medicinas a Gaza, y el \u00fanico acceso restante desde Egipto fue cerrado ayer despu\u00e9s de que el cruce fronterizo tambi\u00e9n fuera bombardeado por Israel.<\/strong><\/p>\n\n\n\n<h4 class=\"wp-block-heading\">Llega avi\u00f3n con municiones para Ej\u00e9rcito<\/h4>\n\n\n\n<p>El primer avi\u00f3n cargado con munici\u00f3n avanzada procedente de Estados Unidos aterriz\u00f3 ayer en la base a\u00e9rea de Nevatim, en el sur de Israel, seg\u00fan el portavoz de las Fuerzas de Defensa de Israel (FDI), general Daniel Hagari.<\/p>\n\n\n\n<p>Hagari explic\u00f3 que \u201clas municiones est\u00e1n destinadas a permitir ataques significativos y preparar otros escenarios\u201d.<\/p>\n\n\n\n<p><strong>El presidente de Estados Unidos, Joe Biden, prometi\u00f3 que su pa\u00eds dar\u00e1 a Israel todo lo que necesite<\/strong>&nbsp;para defenderse en respuesta al ataque que perpetr\u00f3 Ham\u00e1s y que ha provocado una escalada de violencia con centenares de v\u00edctimas mortales en ambos lados.<\/p>\n\n\n\n<p>\u201cDebemos ser absolutamente claros: estamos junto a Israel\u201d, dijo el mandatario en este discurso en el que estuvo flanqueado por la vicepresidenta estadounidense, Kamala Harris, y el secretario de Estado de Estados Unidos, Antony Blinken.<\/p>\n\n\n\n<p>\u201cNos aseguraremos de que Israel tenga lo que necesita para cuidar a sus ciudadanos y defenderse para responder a este ataque\u201d, enfatiz\u00f3 Biden, quien asegur\u00f3 que Washington seguir\u00e1 proporcionando a Israel durante el tiempo que dure su guerra contra Ham\u00e1s.<\/p>\n\n\n\n<h4 class=\"wp-block-heading\">Blinken va a Medio Oriente<\/h4>\n\n\n\n<p>El secretario de Estado de Estados Unidos, Antony Blinken, viajar\u00e1 a Israel para expresar su apoyo a las autoridades de ese pa\u00eds ante el ataque sin precedentes de Ham\u00e1s.<\/p>\n\n\n\n<p>El jefe de la diplomacia estadounidense tambi\u00e9n visitar\u00e1 Jordania. Se espera que su avi\u00f3n despegue hoy desde Washington y aterrice en la regi\u00f3n ma\u00f1ana.<\/p>\n\n\n\n<p>El portavoz del Departamento de Estado, Matthew Miller, explic\u00f3 que Blinken tambi\u00e9n ofrecer\u00e1 ayuda a los israel\u00edes &#8220;en su lucha contra los terroristas que lanzaron estos horribles ataques&#8221;.<\/p>\n\n\n\n<figure class=\"wp-block-image\"><img decoding=\"async\" src=\"https:\/\/www.informador.mx\/__export\/1697026593024\/sites\/elinformador\/img\/2023\/10\/11\/us_president_joe_bide_x12009374x_crop1697026592264.jpg_70287019.jpg\" alt=\"\"\/><figcaption class=\"wp-element-caption\">&nbsp;Joe Biden prometi\u00f3 que Estados Unidos dar\u00e1 a Israel todo lo que necesite en su ofensiva contra Gaza. EFE\/S. Thew&nbsp;<\/figcaption><\/figure>\n\n\n\n<h4 class=\"wp-block-heading\">Biden confirma que hay rehenes de EU<\/h4>\n\n\n\n<p>El presidente de Estados Unidos Joe Biden confirm\u00f3 ayer que ciudadanos estadounidenses se encuentran entre los rehenes capturados por Ham\u00e1s, y critic\u00f3 al grupo islamista por la \u201cmaldad\u201d del ataque lanzado el s\u00e1bado.<\/p>\n\n\n\n<p>\u201cNuestros corazones podr\u00e1n estar rotos, pero nuestra determinaci\u00f3n es clara&#8221;, dijo.<\/p>\n\n\n\n<h4 class=\"wp-block-heading\">Grupo b\u00e9lico<\/h4>\n\n\n\n<p>El Departamento de Estado de Estados Unidos design\u00f3 a Ham\u00e1s como grupo terrorista en 1997. La Uni\u00f3n Europea y otros pa\u00edses occidentales tambi\u00e9n lo consideran una organizaci\u00f3n terrorista.<\/p>\n\n\n\n<p><strong>Ham\u00e1s gan\u00f3 las elecciones parlamentarias de 2006 y en 2007 tom\u00f3 violentamente el control de la Franja de Gaza de manos de la Autoridad Palestina reconocida internacionalmente.<\/strong>&nbsp;La Autoridad Palestina, dominada por el movimiento rival Fatah, administra \u00e1reas semiaut\u00f3nomas de la Cisjordania ocupada por Israel.<\/p>\n\n\n\n<p><strong>Israel respondi\u00f3 a la toma de poder de Ham\u00e1s con un bloqueo a Gaza, un territorio de dos millones de personas, restringiendo el movimiento de personas y bienes dentro y fuera del territorio<\/strong>&nbsp;en una medida que, seg\u00fan dice, es necesaria para evitar que el grupo desarrolle armas. El bloqueo ha devastado la econom\u00eda de Gaza y los palestinos acusan a Israel de castigo colectivo.<\/p>\n\n\n\n<p>A lo largo de los a\u00f1os, Ham\u00e1s recibi\u00f3 el respaldo de pa\u00edses \u00e1rabes, como Qatar y Turqu\u00eda. Recientemente, se ha acercado a Ir\u00e1n y sus aliados.<\/p>\n\n\n\n<h4 class=\"wp-block-heading\">Ca\u00f1onean a Siria<\/h4>\n\n\n\n<p>El ej\u00e9rcito israel\u00ed inform\u00f3 de que ca\u00f1one\u00f3 Siria ayer despu\u00e9s de que algunos cohetes impactaran en zonas abiertas de los Altos del Gol\u00e1n sirios ocupados. El ej\u00e9rcito no acus\u00f3 a ning\u00fan grupo del ataque con cohetes. El lunes reportaron ataques de aquel pa\u00eds por parte del grupo Hezbol\u00e1.<\/p>\n\n\n\n<h4 class=\"wp-block-heading\">Abaten a dos l\u00edderes de Ham\u00e1s<\/h4>\n\n\n\n<p>Las Fuerzas de Defensa de Israel (FDI) afirmaron que ya abatieron a dos altos rangos de las filas de Ham\u00e1s: el \u201cministro de Econom\u00eda\u201d,&nbsp;<strong>Jawad Abu Shamala,<\/strong>&nbsp;presuntamente encargado de gestionar las finanzas del grupo armado palestino y \u201creservar fondos para la financiaci\u00f3n del terrorismo dentro y fuera de la Franja de Gaza\u201d, y&nbsp;<strong>Zakaria Abu Mamar,<\/strong>alto cargo del Bur\u00f3 Pol\u00edtico de Ham\u00e1s en Gaza, una figura cercana a Yahya Sinuar, el l\u00edder de Ham\u00e1s dentro de la Franja.<\/p>\n\n\n\n<h4 class=\"wp-block-heading\">Matan terroristas<\/h4>\n\n\n\n<p>Efectivos de las Fuerzas de Defensa de Israel (FDI) mataron ayer a \u201ctres terroristas\u201d en la ciudad costera de Ashkelon, 56 kil\u00f3metros &nbsp;al sur de Tel Aviv. \u201cSoldados de las FDI apoyados por helic\u00f3pteros y un veh\u00edculo a\u00e9reo no tripulado mantuvieron un intercambio de disparos con un grupo de terroristas en un parque industrial de Ashkelon\u201d, dijo portavoz.<\/p>\n\n\n\n<h4 class=\"wp-block-heading\">Rescatan a espa\u00f1oles<\/h4>\n\n\n\n<p>Un avi\u00f3n militar del Ministerio de Defensa de Espa\u00f1a despeg\u00f3 ayer de Tel Aviv con 200 espa\u00f1oles y ciudadanos de la Uni\u00f3n Europea y de otros pa\u00edses, anunci\u00f3 el ministro de Asuntos Exteriores, Jos\u00e9 Manuel Albares.<\/p>\n\n\n\n<p>\u201cRegresan a casa. Acaba de despegar desde Tel Aviv avi\u00f3n del Ministerio de Defensa con m\u00e1s de 200 espa\u00f1oles, ciudadanos UE y de terceros pa\u00edses residentes en Espa\u00f1a\u201d.<\/p>\n\n\n\n<h4 class=\"wp-block-heading\">Defiende Musk su red social<\/h4>\n\n\n\n<p>El due\u00f1o de la red social X (antes Twitter), Elon Musk, asegur\u00f3 hoy, ante las acusaciones de la Comisi\u00f3n Europea de que su plataforma aloja &#8220;contenido terrorista&#8221; tras los ataques de Ham\u00e1s en Israel, que su empresa tiene un c\u00f3digo &#8220;abierto y transparente&#8221;, y pidi\u00f3 al organismo europeo dar a conocer las violaciones que alegan.<\/p>\n\n\n\n<p>Ayer mismo la red social inform\u00f3 que est\u00e1 batallando con un aluvi\u00f3n de publicaciones que contienen im\u00e1genes gr\u00e1ficas, discurso de odio y conductas de incitaci\u00f3n al odio en torno a la guerra entre Israel y Ham\u00e1s<\/p>\n","protected":false},"excerpt":{"rendered":"<p>Por Carolina Alonso Romei Internacionalista Gobierno anuncia que el pa\u00eds lanzar\u00e1 &#8220;una ofensiva total&#8221; contra&#8230;<\/p>\n","protected":false},"author":2,"featured_media":105568,"comment_status":"open","ping_status":"open","sticky":false,"template":"","format":"standard","meta":{"_monsterinsights_skip_tracking":false,"_monsterinsights_sitenote_active":false,"_monsterinsights_sitenote_note":"","_monsterinsights_sitenote_category":0,"footnotes":""},"categories":[1],"tags":[],"class_list":["post-105567","post","type-post","status-publish","format-standard","has-post-thumbnail","hentry","category-sin-categoria"],"yoast_head":"<!-- This site is optimized with the Yoast SEO plugin v27.3 - https:\/\/yoast.com\/product\/yoast-seo-wordpress\/ -->\n<title>Internacionales\/\/\/Carolina Alonso Romei\/\/\/Israel recupera territorios que hab\u00eda tomado Ham\u00e1s -<\/title>\n<meta name=\"robots\" content=\"index, follow, max-snippet:-1, max-image-preview:large, max-video-preview:-1\" \/>\n<link rel=\"canonical\" href=\"https:\/\/quehacerpolitico.mx\/?p=105567\" \/>\n<meta property=\"og:locale\" content=\"es_MX\" \/>\n<meta property=\"og:type\" content=\"article\" \/>\n<meta property=\"og:title\" content=\"Internacionales\/\/\/Carolina Alonso Romei\/\/\/Israel recupera territorios que hab\u00eda tomado Ham\u00e1s -\" \/>\n<meta property=\"og:description\" content=\"Por Carolina Alonso Romei Internacionalista Gobierno anuncia que el pa\u00eds lanzar\u00e1 &#8220;una ofensiva total&#8221; contra...\" \/>\n<meta property=\"og:url\" content=\"https:\/\/quehacerpolitico.mx\/?p=105567\" \/>\n<meta property=\"article:published_time\" content=\"2023-10-11T15:01:32+00:00\" \/>\n<meta property=\"article:modified_time\" content=\"2023-10-11T15:01:36+00:00\" \/>\n<meta property=\"og:image\" content=\"https:\/\/quehacerpolitico.mx\/wp-content\/uploads\/2023\/10\/IMG_1291.jpeg\" \/>\n\t<meta property=\"og:image:width\" content=\"689\" \/>\n\t<meta property=\"og:image:height\" content=\"445\" \/>\n\t<meta property=\"og:image:type\" content=\"image\/jpeg\" \/>\n<meta name=\"author\" content=\"Redacci\u00f3n QP\" \/>\n<meta name=\"twitter:card\" content=\"summary_large_image\" \/>\n<meta name=\"twitter:label1\" content=\"Escrito por\" \/>\n\t<meta name=\"twitter:data1\" content=\"Redacci\u00f3n QP\" \/>\n\t<meta name=\"twitter:label2\" content=\"Tiempo de lectura\" \/>\n\t<meta name=\"twitter:data2\" content=\"10 minutos\" \/>\n<script type=\"application\/ld+json\" class=\"yoast-schema-graph\">{\"@context\":\"https:\\\/\\\/schema.org\",\"@graph\":[{\"@type\":\"Article\",\"@id\":\"https:\\\/\\\/quehacerpolitico.mx\\\/?p=105567#article\",\"isPartOf\":{\"@id\":\"https:\\\/\\\/quehacerpolitico.mx\\\/?p=105567\"},\"author\":{\"name\":\"Redacci\u00f3n QP\",\"@id\":\"https:\\\/\\\/quehacerpolitico.mx\\\/#\\\/schema\\\/person\\\/496d8ad2d1d3f8036101dca7ee39e585\"},\"headline\":\"Internacionales\\\/\\\/\\\/Carolina Alonso Romei\\\/\\\/\\\/Israel recupera territorios que hab\u00eda tomado Ham\u00e1s\",\"datePublished\":\"2023-10-11T15:01:32+00:00\",\"dateModified\":\"2023-10-11T15:01:36+00:00\",\"mainEntityOfPage\":{\"@id\":\"https:\\\/\\\/quehacerpolitico.mx\\\/?p=105567\"},\"wordCount\":1933,\"commentCount\":0,\"image\":{\"@id\":\"https:\\\/\\\/quehacerpolitico.mx\\\/?p=105567#primaryimage\"},\"thumbnailUrl\":\"https:\\\/\\\/quehacerpolitico.mx\\\/wp-content\\\/uploads\\\/2023\\\/10\\\/IMG_1291.jpeg\",\"articleSection\":[\"Internacionales\"],\"inLanguage\":\"es\",\"potentialAction\":[{\"@type\":\"CommentAction\",\"name\":\"Comment\",\"target\":[\"https:\\\/\\\/quehacerpolitico.mx\\\/?p=105567#respond\"]}]},{\"@type\":\"WebPage\",\"@id\":\"https:\\\/\\\/quehacerpolitico.mx\\\/?p=105567\",\"url\":\"https:\\\/\\\/quehacerpolitico.mx\\\/?p=105567\",\"name\":\"Internacionales\\\/\\\/\\\/Carolina Alonso Romei\\\/\\\/\\\/Israel recupera territorios que hab\u00eda tomado Ham\u00e1s -\",\"isPartOf\":{\"@id\":\"https:\\\/\\\/quehacerpolitico.mx\\\/#website\"},\"primaryImageOfPage\":{\"@id\":\"https:\\\/\\\/quehacerpolitico.mx\\\/?p=105567#primaryimage\"},\"image\":{\"@id\":\"https:\\\/\\\/quehacerpolitico.mx\\\/?p=105567#primaryimage\"},\"thumbnailUrl\":\"https:\\\/\\\/quehacerpolitico.mx\\\/wp-content\\\/uploads\\\/2023\\\/10\\\/IMG_1291.jpeg\",\"datePublished\":\"2023-10-11T15:01:32+00:00\",\"dateModified\":\"2023-10-11T15:01:36+00:00\",\"author\":{\"@id\":\"https:\\\/\\\/quehacerpolitico.mx\\\/#\\\/schema\\\/person\\\/496d8ad2d1d3f8036101dca7ee39e585\"},\"breadcrumb\":{\"@id\":\"https:\\\/\\\/quehacerpolitico.mx\\\/?p=105567#breadcrumb\"},\"inLanguage\":\"es\",\"potentialAction\":[{\"@type\":\"ReadAction\",\"target\":[\"https:\\\/\\\/quehacerpolitico.mx\\\/?p=105567\"]}]},{\"@type\":\"ImageObject\",\"inLanguage\":\"es\",\"@id\":\"https:\\\/\\\/quehacerpolitico.mx\\\/?p=105567#primaryimage\",\"url\":\"https:\\\/\\\/quehacerpolitico.mx\\\/wp-content\\\/uploads\\\/2023\\\/10\\\/IMG_1291.jpeg\",\"contentUrl\":\"https:\\\/\\\/quehacerpolitico.mx\\\/wp-content\\\/uploads\\\/2023\\\/10\\\/IMG_1291.jpeg\",\"width\":689,\"height\":445},{\"@type\":\"BreadcrumbList\",\"@id\":\"https:\\\/\\\/quehacerpolitico.mx\\\/?p=105567#breadcrumb\",\"itemListElement\":[{\"@type\":\"ListItem\",\"position\":1,\"name\":\"Inicio\",\"item\":\"https:\\\/\\\/quehacerpolitico.mx\\\/\"},{\"@type\":\"ListItem\",\"position\":2,\"name\":\"Internacionales\\\/\\\/\\\/Carolina Alonso Romei\\\/\\\/\\\/Israel recupera territorios que hab\u00eda tomado Ham\u00e1s\"}]},{\"@type\":\"WebSite\",\"@id\":\"https:\\\/\\\/quehacerpolitico.mx\\\/#website\",\"url\":\"https:\\\/\\\/quehacerpolitico.mx\\\/\",\"name\":\"\",\"description\":\"\",\"potentialAction\":[{\"@type\":\"SearchAction\",\"target\":{\"@type\":\"EntryPoint\",\"urlTemplate\":\"https:\\\/\\\/quehacerpolitico.mx\\\/?s={search_term_string}\"},\"query-input\":{\"@type\":\"PropertyValueSpecification\",\"valueRequired\":true,\"valueName\":\"search_term_string\"}}],\"inLanguage\":\"es\"},{\"@type\":\"Person\",\"@id\":\"https:\\\/\\\/quehacerpolitico.mx\\\/#\\\/schema\\\/person\\\/496d8ad2d1d3f8036101dca7ee39e585\",\"name\":\"Redacci\u00f3n QP\",\"image\":{\"@type\":\"ImageObject\",\"inLanguage\":\"es\",\"@id\":\"https:\\\/\\\/secure.gravatar.com\\\/avatar\\\/c7164ed6fdec453195284ad24a5ae5b6e1eed2b848477fa2a4787ba9adf39a41?s=96&d=mm&r=g\",\"url\":\"https:\\\/\\\/secure.gravatar.com\\\/avatar\\\/c7164ed6fdec453195284ad24a5ae5b6e1eed2b848477fa2a4787ba9adf39a41?s=96&d=mm&r=g\",\"contentUrl\":\"https:\\\/\\\/secure.gravatar.com\\\/avatar\\\/c7164ed6fdec453195284ad24a5ae5b6e1eed2b848477fa2a4787ba9adf39a41?s=96&d=mm&r=g\",\"caption\":\"Redacci\u00f3n QP\"},\"url\":\"https:\\\/\\\/quehacerpolitico.mx\\\/?author=2\"}]}<\/script>\n<!-- \/ Yoast SEO plugin. -->","yoast_head_json":{"title":"Internacionales\/\/\/Carolina Alonso Romei\/\/\/Israel recupera territorios que hab\u00eda tomado Ham\u00e1s -","robots":{"index":"index","follow":"follow","max-snippet":"max-snippet:-1","max-image-preview":"max-image-preview:large","max-video-preview":"max-video-preview:-1"},"canonical":"https:\/\/quehacerpolitico.mx\/?p=105567","og_locale":"es_MX","og_type":"article","og_title":"Internacionales\/\/\/Carolina Alonso Romei\/\/\/Israel recupera territorios que hab\u00eda tomado Ham\u00e1s -","og_description":"Por Carolina Alonso Romei Internacionalista Gobierno anuncia que el pa\u00eds lanzar\u00e1 &#8220;una ofensiva total&#8221; contra...","og_url":"https:\/\/quehacerpolitico.mx\/?p=105567","article_published_time":"2023-10-11T15:01:32+00:00","article_modified_time":"2023-10-11T15:01:36+00:00","og_image":[{"width":689,"height":445,"url":"https:\/\/quehacerpolitico.mx\/wp-content\/uploads\/2023\/10\/IMG_1291.jpeg","type":"image\/jpeg"}],"author":"Redacci\u00f3n QP","twitter_card":"summary_large_image","twitter_misc":{"Escrito por":"Redacci\u00f3n QP","Tiempo de lectura":"10 minutos"},"schema":{"@context":"https:\/\/schema.org","@graph":[{"@type":"Article","@id":"https:\/\/quehacerpolitico.mx\/?p=105567#article","isPartOf":{"@id":"https:\/\/quehacerpolitico.mx\/?p=105567"},"author":{"name":"Redacci\u00f3n QP","@id":"https:\/\/quehacerpolitico.mx\/#\/schema\/person\/496d8ad2d1d3f8036101dca7ee39e585"},"headline":"Internacionales\/\/\/Carolina Alonso Romei\/\/\/Israel recupera territorios que hab\u00eda tomado Ham\u00e1s","datePublished":"2023-10-11T15:01:32+00:00","dateModified":"2023-10-11T15:01:36+00:00","mainEntityOfPage":{"@id":"https:\/\/quehacerpolitico.mx\/?p=105567"},"wordCount":1933,"commentCount":0,"image":{"@id":"https:\/\/quehacerpolitico.mx\/?p=105567#primaryimage"},"thumbnailUrl":"https:\/\/quehacerpolitico.mx\/wp-content\/uploads\/2023\/10\/IMG_1291.jpeg","articleSection":["Internacionales"],"inLanguage":"es","potentialAction":[{"@type":"CommentAction","name":"Comment","target":["https:\/\/quehacerpolitico.mx\/?p=105567#respond"]}]},{"@type":"WebPage","@id":"https:\/\/quehacerpolitico.mx\/?p=105567","url":"https:\/\/quehacerpolitico.mx\/?p=105567","name":"Internacionales\/\/\/Carolina Alonso Romei\/\/\/Israel recupera territorios que hab\u00eda tomado Ham\u00e1s -","isPartOf":{"@id":"https:\/\/quehacerpolitico.mx\/#website"},"primaryImageOfPage":{"@id":"https:\/\/quehacerpolitico.mx\/?p=105567#primaryimage"},"image":{"@id":"https:\/\/quehacerpolitico.mx\/?p=105567#primaryimage"},"thumbnailUrl":"https:\/\/quehacerpolitico.mx\/wp-content\/uploads\/2023\/10\/IMG_1291.jpeg","datePublished":"2023-10-11T15:01:32+00:00","dateModified":"2023-10-11T15:01:36+00:00","author":{"@id":"https:\/\/quehacerpolitico.mx\/#\/schema\/person\/496d8ad2d1d3f8036101dca7ee39e585"},"breadcrumb":{"@id":"https:\/\/quehacerpolitico.mx\/?p=105567#breadcrumb"},"inLanguage":"es","potentialAction":[{"@type":"ReadAction","target":["https:\/\/quehacerpolitico.mx\/?p=105567"]}]},{"@type":"ImageObject","inLanguage":"es","@id":"https:\/\/quehacerpolitico.mx\/?p=105567#primaryimage","url":"https:\/\/quehacerpolitico.mx\/wp-content\/uploads\/2023\/10\/IMG_1291.jpeg","contentUrl":"https:\/\/quehacerpolitico.mx\/wp-content\/uploads\/2023\/10\/IMG_1291.jpeg","width":689,"height":445},{"@type":"BreadcrumbList","@id":"https:\/\/quehacerpolitico.mx\/?p=105567#breadcrumb","itemListElement":[{"@type":"ListItem","position":1,"name":"Inicio","item":"https:\/\/quehacerpolitico.mx\/"},{"@type":"ListItem","position":2,"name":"Internacionales\/\/\/Carolina Alonso Romei\/\/\/Israel recupera territorios que hab\u00eda tomado Ham\u00e1s"}]},{"@type":"WebSite","@id":"https:\/\/quehacerpolitico.mx\/#website","url":"https:\/\/quehacerpolitico.mx\/","name":"","description":"","potentialAction":[{"@type":"SearchAction","target":{"@type":"EntryPoint","urlTemplate":"https:\/\/quehacerpolitico.mx\/?s={search_term_string}"},"query-input":{"@type":"PropertyValueSpecification","valueRequired":true,"valueName":"search_term_string"}}],"inLanguage":"es"},{"@type":"Person","@id":"https:\/\/quehacerpolitico.mx\/#\/schema\/person\/496d8ad2d1d3f8036101dca7ee39e585","name":"Redacci\u00f3n QP","image":{"@type":"ImageObject","inLanguage":"es","@id":"https:\/\/secure.gravatar.com\/avatar\/c7164ed6fdec453195284ad24a5ae5b6e1eed2b848477fa2a4787ba9adf39a41?s=96&d=mm&r=g","url":"https:\/\/secure.gravatar.com\/avatar\/c7164ed6fdec453195284ad24a5ae5b6e1eed2b848477fa2a4787ba9adf39a41?s=96&d=mm&r=g","contentUrl":"https:\/\/secure.gravatar.com\/avatar\/c7164ed6fdec453195284ad24a5ae5b6e1eed2b848477fa2a4787ba9adf39a41?s=96&d=mm&r=g","caption":"Redacci\u00f3n QP"},"url":"https:\/\/quehacerpolitico.mx\/?author=2"}]}},"featured_image_urls":{"full":["https:\/\/quehacerpolitico.mx\/wp-content\/uploads\/2023\/10\/IMG_1291.jpeg",689,445,false],"thumbnail":["https:\/\/quehacerpolitico.mx\/wp-content\/uploads\/2023\/10\/IMG_1291-150x150.jpeg",150,150,true],"medium":["https:\/\/quehacerpolitico.mx\/wp-content\/uploads\/2023\/10\/IMG_1291-300x194.jpeg",300,194,true],"medium_large":["https:\/\/quehacerpolitico.mx\/wp-content\/uploads\/2023\/10\/IMG_1291.jpeg",640,413,false],"large":["https:\/\/quehacerpolitico.mx\/wp-content\/uploads\/2023\/10\/IMG_1291.jpeg",640,413,false],"1536x1536":["https:\/\/quehacerpolitico.mx\/wp-content\/uploads\/2023\/10\/IMG_1291.jpeg",689,445,false],"2048x2048":["https:\/\/quehacerpolitico.mx\/wp-content\/uploads\/2023\/10\/IMG_1291.jpeg",689,445,false],"covernews-featured":["https:\/\/quehacerpolitico.mx\/wp-content\/uploads\/2023\/10\/IMG_1291.jpeg",689,445,false],"covernews-medium":["https:\/\/quehacerpolitico.mx\/wp-content\/uploads\/2023\/10\/IMG_1291.jpeg",526,340,false]},"author_info":{"display_name":"Redacci\u00f3n QP","author_link":"https:\/\/quehacerpolitico.mx\/?author=2"},"category_info":"<a href=\"https:\/\/quehacerpolitico.mx\/?cat=1\" rel=\"category\">Internacionales<\/a>","tag_info":"Internacionales","comment_count":"0","_links":{"self":[{"href":"https:\/\/quehacerpolitico.mx\/index.php?rest_route=\/wp\/v2\/posts\/105567","targetHints":{"allow":["GET"]}}],"collection":[{"href":"https:\/\/quehacerpolitico.mx\/index.php?rest_route=\/wp\/v2\/posts"}],"about":[{"href":"https:\/\/quehacerpolitico.mx\/index.php?rest_route=\/wp\/v2\/types\/post"}],"author":[{"embeddable":true,"href":"https:\/\/quehacerpolitico.mx\/index.php?rest_route=\/wp\/v2\/users\/2"}],"replies":[{"embeddable":true,"href":"https:\/\/quehacerpolitico.mx\/index.php?rest_route=%2Fwp%2Fv2%2Fcomments&post=105567"}],"version-history":[{"count":1,"href":"https:\/\/quehacerpolitico.mx\/index.php?rest_route=\/wp\/v2\/posts\/105567\/revisions"}],"predecessor-version":[{"id":105569,"href":"https:\/\/quehacerpolitico.mx\/index.php?rest_route=\/wp\/v2\/posts\/105567\/revisions\/105569"}],"wp:featuredmedia":[{"embeddable":true,"href":"https:\/\/quehacerpolitico.mx\/index.php?rest_route=\/wp\/v2\/media\/105568"}],"wp:attachment":[{"href":"https:\/\/quehacerpolitico.mx\/index.php?rest_route=%2Fwp%2Fv2%2Fmedia&parent=105567"}],"wp:term":[{"taxonomy":"category","embeddable":true,"href":"https:\/\/quehacerpolitico.mx\/index.php?rest_route=%2Fwp%2Fv2%2Fcategories&post=105567"},{"taxonomy":"post_tag","embeddable":true,"href":"https:\/\/quehacerpolitico.mx\/index.php?rest_route=%2Fwp%2Fv2%2Ftags&post=105567"}],"curies":[{"name":"wp","href":"https:\/\/api.w.org\/{rel}","templated":true}]}}