{"id":105557,"date":"2023-10-10T21:32:16","date_gmt":"2023-10-10T21:32:16","guid":{"rendered":"https:\/\/quehacerpolitico.mx\/?p=105557"},"modified":"2023-10-10T21:32:20","modified_gmt":"2023-10-10T21:32:20","slug":"un-tribunal-de-apelacion-dejo-sin-efectos-la-sentencia-de-45-anos-de-prision-contra-mario-aburto-por-el-homicidio-de-colosio-emitira-nueva-resolucion","status":"publish","type":"post","link":"https:\/\/quehacerpolitico.mx\/?p=105557","title":{"rendered":"Un tribunal de apelaci\u00f3n dej\u00f3 sin efectos la sentencia de 45 a\u00f1os de prisi\u00f3n\u00a0contra Mario Aburto por el homicidio de Colosio; emitir\u00e1 nueva resoluci\u00f3n"},"content":{"rendered":"\n<p>Por Redacci\u00f3n QP<\/p>\n\n\n\n<p>Un tribunal de apelaci\u00f3n dej\u00f3 sin efectos la<strong> sentencia de 45 a\u00f1os de prisi\u00f3n\u00a0<\/strong>contra<strong> Mario Aburto<\/strong>, declarado culpable del asesinado de\u00a0<strong>Luis Donaldo Colosio Murrieta<\/strong>, excandidato presidencial por el\u00a0<strong>PRI<\/strong>, en acato a un amparo a favor del sentenciado.\u00a0<\/p>\n\n\n\n<p>El 5 de octubre, el Primer Tribunal Colegiado en Materia Penal del Estado de M\u00e9xico determin\u00f3\u00a0<strong>amparar<\/strong>\u00a0a\u00a0<strong>Aburto<\/strong>, con el efecto de revocar la sentencia que se le dict\u00f3 en diciembre de 1994 por el homicidio de Colosio, ocurrido en Lomas Taurinas,\u00a0<strong>Tijuana<\/strong>.<\/p>\n\n\n\n<p>Tambi\u00e9n orden\u00f3 al<strong>&nbsp;Primer Tribunal Colegiado de Apelaci\u00f3n del Estado de M\u00e9xico<\/strong>,&nbsp;en un plazo m\u00e1ximo de cinco d\u00edas, emitir una nueva resoluci\u00f3n en el caso de Aburto conforme a lo establecido en el&nbsp;<strong>C\u00f3digo Penal de Baja California<\/strong>, vigente en el momento de que ocurrieron los hechos.<\/p>\n\n\n\n<p>\u201cAdicionalmente, deber\u00e1 verificar si, como resultado de la traslaci\u00f3n normativa, el quejoso puede obtener su&nbsp;<strong>libertad<\/strong>&nbsp;personal respecto de la causa penal que dio origen a este asunto\u201d, dice el amparo directo 104\/2021<\/p>\n\n\n\n<p>De acuerdo con una notificaci\u00f3n publicada este martes, el Tribunal Colegiado de Apelaci\u00f3n solicit\u00f3 una pr\u00f3rroga de 90 d\u00edas para emitir una nueva sentencia, sin embargo, s\u00f3lo le concedieron cinco, por lo que tendr\u00e1&nbsp;<strong>15 d\u00edas<\/strong>&nbsp;a partir de que fue notificado.<\/p>\n\n\n\n<p>Aburto podr\u00eda salir libre en marzo del 2024, ya que en esa fecha cumplir\u00eda la&nbsp;<strong>pena m\u00e1xima de 30 a\u00f1os&nbsp;<\/strong>de prisi\u00f3n por homicidio, contemplada en el C\u00f3digo Penal de Baja California vigente en 1994.<\/p>\n\n\n\n<p>Actualmente, lleva m\u00e1s de 29 a\u00f1os privado de su libertad tras ser detenido el&nbsp;<strong>23 de marzo de 1994<\/strong>, d\u00eda que ocurri\u00f3 el&nbsp;<strong>asesinato<\/strong>.<\/p>\n\n\n\n<p>El a\u00f1o pasado, la Comisi\u00f3n Nacional de Derechos Humanos (<strong>CNDH<\/strong>) determin\u00f3 que Aburto fue\u00a0<strong>torturado<\/strong>\u00a0desde su detenci\u00f3n para inculparse por el asesinato del\u00a0<strong>excandidato<\/strong>.<\/p>\n\n\n\n<p>En la investigaci\u00f3n de la CNDH qued\u00f3 asentado que, adem\u00e1s de Aburto, tambi\u00e9n fueron\u00a0<strong>torturados<\/strong>\u00a0integrantes de su familia, lo cual era conocido por las autoridades<a href=\"https:\/\/www.cjf.gob.mx\/micrositios\/dggj\/paginas\/serviciosTramites.htm?pageName=servicios%2FlistaAcuerdos.htm\">.<\/a><\/p>\n","protected":false},"excerpt":{"rendered":"<p>Por Redacci\u00f3n QP Un tribunal de apelaci\u00f3n dej\u00f3 sin efectos la sentencia de 45 a\u00f1os&#8230;<\/p>\n","protected":false},"author":2,"featured_media":105558,"comment_status":"open","ping_status":"open","sticky":false,"template":"","format":"standard","meta":{"_monsterinsights_skip_tracking":false,"_monsterinsights_sitenote_active":false,"_monsterinsights_sitenote_note":"","_monsterinsights_sitenote_category":0,"footnotes":""},"categories":[2],"tags":[],"class_list":["post-105557","post","type-post","status-publish","format-standard","has-post-thumbnail","hentry","category-noticias"],"yoast_head":"<!-- This site is optimized with the Yoast SEO plugin v27.3 - https:\/\/yoast.com\/product\/yoast-seo-wordpress\/ -->\n<title>Un tribunal de apelaci\u00f3n dej\u00f3 sin efectos la sentencia de 45 a\u00f1os de prisi\u00f3n\u00a0contra Mario Aburto por el homicidio de Colosio; emitir\u00e1 nueva resoluci\u00f3n -<\/title>\n<meta name=\"robots\" content=\"index, follow, max-snippet:-1, max-image-preview:large, max-video-preview:-1\" \/>\n<link rel=\"canonical\" href=\"https:\/\/quehacerpolitico.mx\/?p=105557\" \/>\n<meta property=\"og:locale\" content=\"es_MX\" \/>\n<meta property=\"og:type\" content=\"article\" \/>\n<meta property=\"og:title\" content=\"Un tribunal de apelaci\u00f3n dej\u00f3 sin efectos la sentencia de 45 a\u00f1os de prisi\u00f3n\u00a0contra Mario Aburto por el homicidio de Colosio; emitir\u00e1 nueva resoluci\u00f3n -\" \/>\n<meta property=\"og:description\" content=\"Por Redacci\u00f3n QP Un tribunal de apelaci\u00f3n dej\u00f3 sin efectos la sentencia de 45 a\u00f1os...\" \/>\n<meta property=\"og:url\" content=\"https:\/\/quehacerpolitico.mx\/?p=105557\" \/>\n<meta property=\"article:published_time\" content=\"2023-10-10T21:32:16+00:00\" \/>\n<meta property=\"article:modified_time\" content=\"2023-10-10T21:32:20+00:00\" \/>\n<meta property=\"og:image\" content=\"https:\/\/quehacerpolitico.mx\/wp-content\/uploads\/2023\/10\/IMG_1284.jpeg\" \/>\n\t<meta property=\"og:image:width\" content=\"1200\" \/>\n\t<meta property=\"og:image:height\" content=\"620\" \/>\n\t<meta property=\"og:image:type\" content=\"image\/jpeg\" \/>\n<meta name=\"author\" content=\"Redacci\u00f3n QP\" \/>\n<meta name=\"twitter:card\" content=\"summary_large_image\" \/>\n<meta name=\"twitter:label1\" content=\"Escrito por\" \/>\n\t<meta name=\"twitter:data1\" content=\"Redacci\u00f3n QP\" \/>\n\t<meta name=\"twitter:label2\" content=\"Tiempo de lectura\" \/>\n\t<meta name=\"twitter:data2\" content=\"2 minutos\" \/>\n<script type=\"application\/ld+json\" class=\"yoast-schema-graph\">{\"@context\":\"https:\\\/\\\/schema.org\",\"@graph\":[{\"@type\":\"Article\",\"@id\":\"https:\\\/\\\/quehacerpolitico.mx\\\/?p=105557#article\",\"isPartOf\":{\"@id\":\"https:\\\/\\\/quehacerpolitico.mx\\\/?p=105557\"},\"author\":{\"name\":\"Redacci\u00f3n QP\",\"@id\":\"https:\\\/\\\/quehacerpolitico.mx\\\/#\\\/schema\\\/person\\\/496d8ad2d1d3f8036101dca7ee39e585\"},\"headline\":\"Un tribunal de apelaci\u00f3n dej\u00f3 sin efectos la sentencia de 45 a\u00f1os de prisi\u00f3n\u00a0contra Mario Aburto por el homicidio de Colosio; emitir\u00e1 nueva resoluci\u00f3n\",\"datePublished\":\"2023-10-10T21:32:16+00:00\",\"dateModified\":\"2023-10-10T21:32:20+00:00\",\"mainEntityOfPage\":{\"@id\":\"https:\\\/\\\/quehacerpolitico.mx\\\/?p=105557\"},\"wordCount\":381,\"commentCount\":0,\"image\":{\"@id\":\"https:\\\/\\\/quehacerpolitico.mx\\\/?p=105557#primaryimage\"},\"thumbnailUrl\":\"https:\\\/\\\/quehacerpolitico.mx\\\/wp-content\\\/uploads\\\/2023\\\/10\\\/IMG_1284.jpeg\",\"articleSection\":[\"Noticias\"],\"inLanguage\":\"es\",\"potentialAction\":[{\"@type\":\"CommentAction\",\"name\":\"Comment\",\"target\":[\"https:\\\/\\\/quehacerpolitico.mx\\\/?p=105557#respond\"]}]},{\"@type\":\"WebPage\",\"@id\":\"https:\\\/\\\/quehacerpolitico.mx\\\/?p=105557\",\"url\":\"https:\\\/\\\/quehacerpolitico.mx\\\/?p=105557\",\"name\":\"Un tribunal de apelaci\u00f3n dej\u00f3 sin efectos la sentencia de 45 a\u00f1os de prisi\u00f3n\u00a0contra Mario Aburto por el homicidio de Colosio; emitir\u00e1 nueva resoluci\u00f3n -\",\"isPartOf\":{\"@id\":\"https:\\\/\\\/quehacerpolitico.mx\\\/#website\"},\"primaryImageOfPage\":{\"@id\":\"https:\\\/\\\/quehacerpolitico.mx\\\/?p=105557#primaryimage\"},\"image\":{\"@id\":\"https:\\\/\\\/quehacerpolitico.mx\\\/?p=105557#primaryimage\"},\"thumbnailUrl\":\"https:\\\/\\\/quehacerpolitico.mx\\\/wp-content\\\/uploads\\\/2023\\\/10\\\/IMG_1284.jpeg\",\"datePublished\":\"2023-10-10T21:32:16+00:00\",\"dateModified\":\"2023-10-10T21:32:20+00:00\",\"author\":{\"@id\":\"https:\\\/\\\/quehacerpolitico.mx\\\/#\\\/schema\\\/person\\\/496d8ad2d1d3f8036101dca7ee39e585\"},\"breadcrumb\":{\"@id\":\"https:\\\/\\\/quehacerpolitico.mx\\\/?p=105557#breadcrumb\"},\"inLanguage\":\"es\",\"potentialAction\":[{\"@type\":\"ReadAction\",\"target\":[\"https:\\\/\\\/quehacerpolitico.mx\\\/?p=105557\"]}]},{\"@type\":\"ImageObject\",\"inLanguage\":\"es\",\"@id\":\"https:\\\/\\\/quehacerpolitico.mx\\\/?p=105557#primaryimage\",\"url\":\"https:\\\/\\\/quehacerpolitico.mx\\\/wp-content\\\/uploads\\\/2023\\\/10\\\/IMG_1284.jpeg\",\"contentUrl\":\"https:\\\/\\\/quehacerpolitico.mx\\\/wp-content\\\/uploads\\\/2023\\\/10\\\/IMG_1284.jpeg\",\"width\":1200,\"height\":620},{\"@type\":\"BreadcrumbList\",\"@id\":\"https:\\\/\\\/quehacerpolitico.mx\\\/?p=105557#breadcrumb\",\"itemListElement\":[{\"@type\":\"ListItem\",\"position\":1,\"name\":\"Inicio\",\"item\":\"https:\\\/\\\/quehacerpolitico.mx\\\/\"},{\"@type\":\"ListItem\",\"position\":2,\"name\":\"Un tribunal de apelaci\u00f3n dej\u00f3 sin efectos la sentencia de 45 a\u00f1os de prisi\u00f3n\u00a0contra Mario Aburto por el homicidio de Colosio; emitir\u00e1 nueva resoluci\u00f3n\"}]},{\"@type\":\"WebSite\",\"@id\":\"https:\\\/\\\/quehacerpolitico.mx\\\/#website\",\"url\":\"https:\\\/\\\/quehacerpolitico.mx\\\/\",\"name\":\"\",\"description\":\"\",\"potentialAction\":[{\"@type\":\"SearchAction\",\"target\":{\"@type\":\"EntryPoint\",\"urlTemplate\":\"https:\\\/\\\/quehacerpolitico.mx\\\/?s={search_term_string}\"},\"query-input\":{\"@type\":\"PropertyValueSpecification\",\"valueRequired\":true,\"valueName\":\"search_term_string\"}}],\"inLanguage\":\"es\"},{\"@type\":\"Person\",\"@id\":\"https:\\\/\\\/quehacerpolitico.mx\\\/#\\\/schema\\\/person\\\/496d8ad2d1d3f8036101dca7ee39e585\",\"name\":\"Redacci\u00f3n QP\",\"image\":{\"@type\":\"ImageObject\",\"inLanguage\":\"es\",\"@id\":\"https:\\\/\\\/secure.gravatar.com\\\/avatar\\\/c7164ed6fdec453195284ad24a5ae5b6e1eed2b848477fa2a4787ba9adf39a41?s=96&d=mm&r=g\",\"url\":\"https:\\\/\\\/secure.gravatar.com\\\/avatar\\\/c7164ed6fdec453195284ad24a5ae5b6e1eed2b848477fa2a4787ba9adf39a41?s=96&d=mm&r=g\",\"contentUrl\":\"https:\\\/\\\/secure.gravatar.com\\\/avatar\\\/c7164ed6fdec453195284ad24a5ae5b6e1eed2b848477fa2a4787ba9adf39a41?s=96&d=mm&r=g\",\"caption\":\"Redacci\u00f3n QP\"},\"url\":\"https:\\\/\\\/quehacerpolitico.mx\\\/?author=2\"}]}<\/script>\n<!-- \/ Yoast SEO plugin. -->","yoast_head_json":{"title":"Un tribunal de apelaci\u00f3n dej\u00f3 sin efectos la sentencia de 45 a\u00f1os de prisi\u00f3n\u00a0contra Mario Aburto por el homicidio de Colosio; emitir\u00e1 nueva resoluci\u00f3n -","robots":{"index":"index","follow":"follow","max-snippet":"max-snippet:-1","max-image-preview":"max-image-preview:large","max-video-preview":"max-video-preview:-1"},"canonical":"https:\/\/quehacerpolitico.mx\/?p=105557","og_locale":"es_MX","og_type":"article","og_title":"Un tribunal de apelaci\u00f3n dej\u00f3 sin efectos la sentencia de 45 a\u00f1os de prisi\u00f3n\u00a0contra Mario Aburto por el homicidio de Colosio; emitir\u00e1 nueva resoluci\u00f3n -","og_description":"Por Redacci\u00f3n QP Un tribunal de apelaci\u00f3n dej\u00f3 sin efectos la sentencia de 45 a\u00f1os...","og_url":"https:\/\/quehacerpolitico.mx\/?p=105557","article_published_time":"2023-10-10T21:32:16+00:00","article_modified_time":"2023-10-10T21:32:20+00:00","og_image":[{"width":1200,"height":620,"url":"https:\/\/quehacerpolitico.mx\/wp-content\/uploads\/2023\/10\/IMG_1284.jpeg","type":"image\/jpeg"}],"author":"Redacci\u00f3n QP","twitter_card":"summary_large_image","twitter_misc":{"Escrito por":"Redacci\u00f3n QP","Tiempo de lectura":"2 minutos"},"schema":{"@context":"https:\/\/schema.org","@graph":[{"@type":"Article","@id":"https:\/\/quehacerpolitico.mx\/?p=105557#article","isPartOf":{"@id":"https:\/\/quehacerpolitico.mx\/?p=105557"},"author":{"name":"Redacci\u00f3n QP","@id":"https:\/\/quehacerpolitico.mx\/#\/schema\/person\/496d8ad2d1d3f8036101dca7ee39e585"},"headline":"Un tribunal de apelaci\u00f3n dej\u00f3 sin efectos la sentencia de 45 a\u00f1os de prisi\u00f3n\u00a0contra Mario Aburto por el homicidio de Colosio; emitir\u00e1 nueva resoluci\u00f3n","datePublished":"2023-10-10T21:32:16+00:00","dateModified":"2023-10-10T21:32:20+00:00","mainEntityOfPage":{"@id":"https:\/\/quehacerpolitico.mx\/?p=105557"},"wordCount":381,"commentCount":0,"image":{"@id":"https:\/\/quehacerpolitico.mx\/?p=105557#primaryimage"},"thumbnailUrl":"https:\/\/quehacerpolitico.mx\/wp-content\/uploads\/2023\/10\/IMG_1284.jpeg","articleSection":["Noticias"],"inLanguage":"es","potentialAction":[{"@type":"CommentAction","name":"Comment","target":["https:\/\/quehacerpolitico.mx\/?p=105557#respond"]}]},{"@type":"WebPage","@id":"https:\/\/quehacerpolitico.mx\/?p=105557","url":"https:\/\/quehacerpolitico.mx\/?p=105557","name":"Un tribunal de apelaci\u00f3n dej\u00f3 sin efectos la sentencia de 45 a\u00f1os de prisi\u00f3n\u00a0contra Mario Aburto por el homicidio de Colosio; emitir\u00e1 nueva resoluci\u00f3n -","isPartOf":{"@id":"https:\/\/quehacerpolitico.mx\/#website"},"primaryImageOfPage":{"@id":"https:\/\/quehacerpolitico.mx\/?p=105557#primaryimage"},"image":{"@id":"https:\/\/quehacerpolitico.mx\/?p=105557#primaryimage"},"thumbnailUrl":"https:\/\/quehacerpolitico.mx\/wp-content\/uploads\/2023\/10\/IMG_1284.jpeg","datePublished":"2023-10-10T21:32:16+00:00","dateModified":"2023-10-10T21:32:20+00:00","author":{"@id":"https:\/\/quehacerpolitico.mx\/#\/schema\/person\/496d8ad2d1d3f8036101dca7ee39e585"},"breadcrumb":{"@id":"https:\/\/quehacerpolitico.mx\/?p=105557#breadcrumb"},"inLanguage":"es","potentialAction":[{"@type":"ReadAction","target":["https:\/\/quehacerpolitico.mx\/?p=105557"]}]},{"@type":"ImageObject","inLanguage":"es","@id":"https:\/\/quehacerpolitico.mx\/?p=105557#primaryimage","url":"https:\/\/quehacerpolitico.mx\/wp-content\/uploads\/2023\/10\/IMG_1284.jpeg","contentUrl":"https:\/\/quehacerpolitico.mx\/wp-content\/uploads\/2023\/10\/IMG_1284.jpeg","width":1200,"height":620},{"@type":"BreadcrumbList","@id":"https:\/\/quehacerpolitico.mx\/?p=105557#breadcrumb","itemListElement":[{"@type":"ListItem","position":1,"name":"Inicio","item":"https:\/\/quehacerpolitico.mx\/"},{"@type":"ListItem","position":2,"name":"Un tribunal de apelaci\u00f3n dej\u00f3 sin efectos la sentencia de 45 a\u00f1os de prisi\u00f3n\u00a0contra Mario Aburto por el homicidio de Colosio; emitir\u00e1 nueva resoluci\u00f3n"}]},{"@type":"WebSite","@id":"https:\/\/quehacerpolitico.mx\/#website","url":"https:\/\/quehacerpolitico.mx\/","name":"","description":"","potentialAction":[{"@type":"SearchAction","target":{"@type":"EntryPoint","urlTemplate":"https:\/\/quehacerpolitico.mx\/?s={search_term_string}"},"query-input":{"@type":"PropertyValueSpecification","valueRequired":true,"valueName":"search_term_string"}}],"inLanguage":"es"},{"@type":"Person","@id":"https:\/\/quehacerpolitico.mx\/#\/schema\/person\/496d8ad2d1d3f8036101dca7ee39e585","name":"Redacci\u00f3n QP","image":{"@type":"ImageObject","inLanguage":"es","@id":"https:\/\/secure.gravatar.com\/avatar\/c7164ed6fdec453195284ad24a5ae5b6e1eed2b848477fa2a4787ba9adf39a41?s=96&d=mm&r=g","url":"https:\/\/secure.gravatar.com\/avatar\/c7164ed6fdec453195284ad24a5ae5b6e1eed2b848477fa2a4787ba9adf39a41?s=96&d=mm&r=g","contentUrl":"https:\/\/secure.gravatar.com\/avatar\/c7164ed6fdec453195284ad24a5ae5b6e1eed2b848477fa2a4787ba9adf39a41?s=96&d=mm&r=g","caption":"Redacci\u00f3n QP"},"url":"https:\/\/quehacerpolitico.mx\/?author=2"}]}},"featured_image_urls":{"full":["https:\/\/quehacerpolitico.mx\/wp-content\/uploads\/2023\/10\/IMG_1284.jpeg",1200,620,false],"thumbnail":["https:\/\/quehacerpolitico.mx\/wp-content\/uploads\/2023\/10\/IMG_1284-150x150.jpeg",150,150,true],"medium":["https:\/\/quehacerpolitico.mx\/wp-content\/uploads\/2023\/10\/IMG_1284-300x155.jpeg",300,155,true],"medium_large":["https:\/\/quehacerpolitico.mx\/wp-content\/uploads\/2023\/10\/IMG_1284-768x397.jpeg",640,331,true],"large":["https:\/\/quehacerpolitico.mx\/wp-content\/uploads\/2023\/10\/IMG_1284-1024x529.jpeg",640,331,true],"1536x1536":["https:\/\/quehacerpolitico.mx\/wp-content\/uploads\/2023\/10\/IMG_1284.jpeg",1200,620,false],"2048x2048":["https:\/\/quehacerpolitico.mx\/wp-content\/uploads\/2023\/10\/IMG_1284.jpeg",1200,620,false],"covernews-featured":["https:\/\/quehacerpolitico.mx\/wp-content\/uploads\/2023\/10\/IMG_1284.jpeg",1024,529,false],"covernews-medium":["https:\/\/quehacerpolitico.mx\/wp-content\/uploads\/2023\/10\/IMG_1284.jpeg",540,279,false]},"author_info":{"display_name":"Redacci\u00f3n QP","author_link":"https:\/\/quehacerpolitico.mx\/?author=2"},"category_info":"<a href=\"https:\/\/quehacerpolitico.mx\/?cat=2\" rel=\"category\">Noticias<\/a>","tag_info":"Noticias","comment_count":"0","_links":{"self":[{"href":"https:\/\/quehacerpolitico.mx\/index.php?rest_route=\/wp\/v2\/posts\/105557","targetHints":{"allow":["GET"]}}],"collection":[{"href":"https:\/\/quehacerpolitico.mx\/index.php?rest_route=\/wp\/v2\/posts"}],"about":[{"href":"https:\/\/quehacerpolitico.mx\/index.php?rest_route=\/wp\/v2\/types\/post"}],"author":[{"embeddable":true,"href":"https:\/\/quehacerpolitico.mx\/index.php?rest_route=\/wp\/v2\/users\/2"}],"replies":[{"embeddable":true,"href":"https:\/\/quehacerpolitico.mx\/index.php?rest_route=%2Fwp%2Fv2%2Fcomments&post=105557"}],"version-history":[{"count":1,"href":"https:\/\/quehacerpolitico.mx\/index.php?rest_route=\/wp\/v2\/posts\/105557\/revisions"}],"predecessor-version":[{"id":105559,"href":"https:\/\/quehacerpolitico.mx\/index.php?rest_route=\/wp\/v2\/posts\/105557\/revisions\/105559"}],"wp:featuredmedia":[{"embeddable":true,"href":"https:\/\/quehacerpolitico.mx\/index.php?rest_route=\/wp\/v2\/media\/105558"}],"wp:attachment":[{"href":"https:\/\/quehacerpolitico.mx\/index.php?rest_route=%2Fwp%2Fv2%2Fmedia&parent=105557"}],"wp:term":[{"taxonomy":"category","embeddable":true,"href":"https:\/\/quehacerpolitico.mx\/index.php?rest_route=%2Fwp%2Fv2%2Fcategories&post=105557"},{"taxonomy":"post_tag","embeddable":true,"href":"https:\/\/quehacerpolitico.mx\/index.php?rest_route=%2Fwp%2Fv2%2Ftags&post=105557"}],"curies":[{"name":"wp","href":"https:\/\/api.w.org\/{rel}","templated":true}]}}