{"id":105554,"date":"2023-10-10T21:09:18","date_gmt":"2023-10-10T21:09:18","guid":{"rendered":"https:\/\/quehacerpolitico.mx\/?p=105554"},"modified":"2023-10-10T21:09:21","modified_gmt":"2023-10-10T21:09:21","slug":"sujetos-armados-interceptan-una-camioneta-de-transporte-escolar-que-trasladaba-a-alumnos-del-cch-azcapotzalco","status":"publish","type":"post","link":"https:\/\/quehacerpolitico.mx\/?p=105554","title":{"rendered":"Sujetos armados interceptan una camioneta de transporte escolar que trasladaba a alumnos del CCH Azcapotzalco"},"content":{"rendered":"\n<p>Por Redacci\u00f3n QP<\/p>\n\n\n\n<p>Este martes se report\u00f3 que una&nbsp;<strong>camioneta<\/strong>&nbsp;de transporte escolar que trasladaba a alumnos del Colegio de Ciencias y Humanidades (<strong>CCH<\/strong>)&nbsp;<strong>Azcapotzalco<\/strong>&nbsp;fue asaltada alrededor de las 5 de la ma\u00f1ana. Tras varias denuncias sobre que no se conoc\u00eda el&nbsp;<strong>paradero<\/strong>&nbsp;de los estudiantes, autoridades confirmaron horas despu\u00e9s que fueron localizados en la autopista&nbsp;<strong>M\u00e9xico-Quer\u00e9taro<\/strong>.<\/p>\n\n\n\n<p>A trav\u00e9s de redes sociales, la hermana de una de las v\u00edctimas pidi\u00f3 ayuda en su cuenta de Facebook para localizar la camioneta color blanco con\u00a0<strong>matr\u00edcula RCM-0770B<\/strong>, de la empresa<strong>\u00a0Transporte Jallak<\/strong>.<\/p>\n\n\n\n<p>\u201cMe acaban de avisar que la camioneta que recoge a mi hermana para llevarla a&nbsp;<strong>CCH<\/strong><strong>Azcapotzalco<\/strong>&nbsp;la acaban de&nbsp;<strong>secuestrar<\/strong>\u201d, escribi\u00f3 la usuaria&nbsp;<strong>Mafer V\u00e1zquez.&nbsp;<\/strong><\/p>\n\n\n\n<p>Antes de las 12:00 horas de este martes, la usuaria realiz\u00f3 otra publicaci\u00f3n en la que inform\u00f3 que los estudiantes fueron localizados y se encontraban en el&nbsp;<strong>Ministerio P\u00fablico de Cuautitl\u00e1n Izcalli.&nbsp;<\/strong><\/p>\n\n\n\n<p>\u201cAmistades les comparto la noticia de que afortunadamente ya dieron con el\u00a0<strong>paradero<\/strong>\u00a0de mi hermana y de los dem\u00e1s pasajeros. Por la informaci\u00f3n que me hicieron llegar, a todos los\u00a0<strong>despojaron<\/strong>\u00a0de sus\u00a0<strong>celulares<\/strong>\u00a0y por ese motivo no hab\u00eda forma de comunicarse con ellos, sin embargo, ya se encuentran resguardados\u201d, se lee en la publicaci\u00f3n.<\/p>\n\n\n\n<figure class=\"wp-block-embed is-type-video is-provider-youtube wp-block-embed-youtube wp-embed-aspect-16-9 wp-has-aspect-ratio\"><div class=\"wp-block-embed__wrapper\">\n<iframe loading=\"lazy\" title=\"Alumnos del CCH Azcapotzalco rinden su declaraci\u00f3n en Izcalli tras ser privados de su libertad\" width=\"640\" height=\"360\" src=\"https:\/\/www.youtube.com\/embed\/tTOW-_3K2eY?feature=oembed\" frameborder=\"0\" allow=\"accelerometer; autoplay; clipboard-write; encrypted-media; gyroscope; picture-in-picture; web-share\" referrerpolicy=\"strict-origin-when-cross-origin\" allowfullscreen><\/iframe>\n<\/div><\/figure>\n\n\n\n<p>Por su parte, la&nbsp;<strong>Comisar\u00eda General de Seguridad Ciudadana Cuautitl\u00e1n Izcalli<\/strong>inform\u00f3 que elementos de la instituci\u00f3n aseguraron a&nbsp;<strong>nueve menores<\/strong>&nbsp;de edad y un adulto, luego de que los despojaron de sus pertenencias.&nbsp;<\/p>\n\n\n\n<p>\u201cGracias a la pronta respuesta y mediante el seguimiento de las c\u00e1maras del\u00a0<strong>Centro de Mando<\/strong>, se logr\u00f3 ubicar a los menores sobre la lateral de la\u00a0<strong>autopista M\u00e9xico-Quer\u00e9taro,<\/strong>\u00a0a la altura de \u2018Las Conchitas\u2019\u201d<\/p>\n\n\n\n<p>Detall\u00f3 que las v\u00edctimas fueron trasladadas a las instalaciones del \u00e1rea de G\u00e9nero de la Comisar\u00eda de&nbsp;<strong>Cuautitl\u00e1n<\/strong>&nbsp;<strong>Izcalli<\/strong>, en donde personal de&nbsp;<strong>Protecci\u00f3n Civil&nbsp;<\/strong>valor\u00f3 su&nbsp;<strong>estado de salud<\/strong>.<\/p>\n\n\n\n<p>\u201cAfortunadamente, ninguno presenta lesiones y se comienzan a reintegrar con sus familiares\u201d\u201d, refiri\u00f3<a href=\"https:\/\/twitter.com\/search?q=cch%20azcapotzalco&amp;src=typed_query\">.<\/a>&nbsp;<\/p>\n","protected":false},"excerpt":{"rendered":"<p>Por Redacci\u00f3n QP Este martes se report\u00f3 que una&nbsp;camioneta&nbsp;de transporte escolar que trasladaba a alumnos&#8230;<\/p>\n","protected":false},"author":2,"featured_media":105555,"comment_status":"open","ping_status":"open","sticky":false,"template":"","format":"standard","meta":{"_monsterinsights_skip_tracking":false,"_monsterinsights_sitenote_active":false,"_monsterinsights_sitenote_note":"","_monsterinsights_sitenote_category":0,"footnotes":""},"categories":[2],"tags":[],"class_list":["post-105554","post","type-post","status-publish","format-standard","has-post-thumbnail","hentry","category-noticias"],"yoast_head":"<!-- This site is optimized with the Yoast SEO plugin v27.3 - https:\/\/yoast.com\/product\/yoast-seo-wordpress\/ -->\n<title>Sujetos armados interceptan una camioneta de transporte escolar que trasladaba a alumnos del CCH Azcapotzalco -<\/title>\n<meta name=\"robots\" content=\"index, follow, max-snippet:-1, max-image-preview:large, max-video-preview:-1\" \/>\n<link rel=\"canonical\" href=\"https:\/\/quehacerpolitico.mx\/?p=105554\" \/>\n<meta property=\"og:locale\" content=\"es_MX\" \/>\n<meta property=\"og:type\" content=\"article\" \/>\n<meta property=\"og:title\" content=\"Sujetos armados interceptan una camioneta de transporte escolar que trasladaba a alumnos del CCH Azcapotzalco -\" \/>\n<meta property=\"og:description\" content=\"Por Redacci\u00f3n QP Este martes se report\u00f3 que una&nbsp;camioneta&nbsp;de transporte escolar que trasladaba a alumnos...\" \/>\n<meta property=\"og:url\" content=\"https:\/\/quehacerpolitico.mx\/?p=105554\" \/>\n<meta property=\"article:published_time\" content=\"2023-10-10T21:09:18+00:00\" \/>\n<meta property=\"article:modified_time\" content=\"2023-10-10T21:09:21+00:00\" \/>\n<meta property=\"og:image\" content=\"https:\/\/quehacerpolitico.mx\/wp-content\/uploads\/2023\/10\/IMG_1283.png\" \/>\n\t<meta property=\"og:image:width\" content=\"1200\" \/>\n\t<meta property=\"og:image:height\" content=\"620\" \/>\n\t<meta property=\"og:image:type\" content=\"image\/png\" \/>\n<meta name=\"author\" content=\"Redacci\u00f3n QP\" \/>\n<meta name=\"twitter:card\" content=\"summary_large_image\" \/>\n<meta name=\"twitter:label1\" content=\"Escrito por\" \/>\n\t<meta name=\"twitter:data1\" content=\"Redacci\u00f3n QP\" \/>\n\t<meta name=\"twitter:label2\" content=\"Tiempo de lectura\" \/>\n\t<meta name=\"twitter:data2\" content=\"2 minutos\" \/>\n<script type=\"application\/ld+json\" class=\"yoast-schema-graph\">{\"@context\":\"https:\\\/\\\/schema.org\",\"@graph\":[{\"@type\":\"Article\",\"@id\":\"https:\\\/\\\/quehacerpolitico.mx\\\/?p=105554#article\",\"isPartOf\":{\"@id\":\"https:\\\/\\\/quehacerpolitico.mx\\\/?p=105554\"},\"author\":{\"name\":\"Redacci\u00f3n QP\",\"@id\":\"https:\\\/\\\/quehacerpolitico.mx\\\/#\\\/schema\\\/person\\\/496d8ad2d1d3f8036101dca7ee39e585\"},\"headline\":\"Sujetos armados interceptan una camioneta de transporte escolar que trasladaba a alumnos del CCH Azcapotzalco\",\"datePublished\":\"2023-10-10T21:09:18+00:00\",\"dateModified\":\"2023-10-10T21:09:21+00:00\",\"mainEntityOfPage\":{\"@id\":\"https:\\\/\\\/quehacerpolitico.mx\\\/?p=105554\"},\"wordCount\":392,\"commentCount\":0,\"image\":{\"@id\":\"https:\\\/\\\/quehacerpolitico.mx\\\/?p=105554#primaryimage\"},\"thumbnailUrl\":\"https:\\\/\\\/quehacerpolitico.mx\\\/wp-content\\\/uploads\\\/2023\\\/10\\\/IMG_1283.png\",\"articleSection\":[\"Noticias\"],\"inLanguage\":\"es\",\"potentialAction\":[{\"@type\":\"CommentAction\",\"name\":\"Comment\",\"target\":[\"https:\\\/\\\/quehacerpolitico.mx\\\/?p=105554#respond\"]}]},{\"@type\":\"WebPage\",\"@id\":\"https:\\\/\\\/quehacerpolitico.mx\\\/?p=105554\",\"url\":\"https:\\\/\\\/quehacerpolitico.mx\\\/?p=105554\",\"name\":\"Sujetos armados interceptan una camioneta de transporte escolar que trasladaba a alumnos del CCH Azcapotzalco -\",\"isPartOf\":{\"@id\":\"https:\\\/\\\/quehacerpolitico.mx\\\/#website\"},\"primaryImageOfPage\":{\"@id\":\"https:\\\/\\\/quehacerpolitico.mx\\\/?p=105554#primaryimage\"},\"image\":{\"@id\":\"https:\\\/\\\/quehacerpolitico.mx\\\/?p=105554#primaryimage\"},\"thumbnailUrl\":\"https:\\\/\\\/quehacerpolitico.mx\\\/wp-content\\\/uploads\\\/2023\\\/10\\\/IMG_1283.png\",\"datePublished\":\"2023-10-10T21:09:18+00:00\",\"dateModified\":\"2023-10-10T21:09:21+00:00\",\"author\":{\"@id\":\"https:\\\/\\\/quehacerpolitico.mx\\\/#\\\/schema\\\/person\\\/496d8ad2d1d3f8036101dca7ee39e585\"},\"breadcrumb\":{\"@id\":\"https:\\\/\\\/quehacerpolitico.mx\\\/?p=105554#breadcrumb\"},\"inLanguage\":\"es\",\"potentialAction\":[{\"@type\":\"ReadAction\",\"target\":[\"https:\\\/\\\/quehacerpolitico.mx\\\/?p=105554\"]}]},{\"@type\":\"ImageObject\",\"inLanguage\":\"es\",\"@id\":\"https:\\\/\\\/quehacerpolitico.mx\\\/?p=105554#primaryimage\",\"url\":\"https:\\\/\\\/quehacerpolitico.mx\\\/wp-content\\\/uploads\\\/2023\\\/10\\\/IMG_1283.png\",\"contentUrl\":\"https:\\\/\\\/quehacerpolitico.mx\\\/wp-content\\\/uploads\\\/2023\\\/10\\\/IMG_1283.png\",\"width\":1200,\"height\":620},{\"@type\":\"BreadcrumbList\",\"@id\":\"https:\\\/\\\/quehacerpolitico.mx\\\/?p=105554#breadcrumb\",\"itemListElement\":[{\"@type\":\"ListItem\",\"position\":1,\"name\":\"Inicio\",\"item\":\"https:\\\/\\\/quehacerpolitico.mx\\\/\"},{\"@type\":\"ListItem\",\"position\":2,\"name\":\"Sujetos armados interceptan una camioneta de transporte escolar que trasladaba a alumnos del CCH Azcapotzalco\"}]},{\"@type\":\"WebSite\",\"@id\":\"https:\\\/\\\/quehacerpolitico.mx\\\/#website\",\"url\":\"https:\\\/\\\/quehacerpolitico.mx\\\/\",\"name\":\"\",\"description\":\"\",\"potentialAction\":[{\"@type\":\"SearchAction\",\"target\":{\"@type\":\"EntryPoint\",\"urlTemplate\":\"https:\\\/\\\/quehacerpolitico.mx\\\/?s={search_term_string}\"},\"query-input\":{\"@type\":\"PropertyValueSpecification\",\"valueRequired\":true,\"valueName\":\"search_term_string\"}}],\"inLanguage\":\"es\"},{\"@type\":\"Person\",\"@id\":\"https:\\\/\\\/quehacerpolitico.mx\\\/#\\\/schema\\\/person\\\/496d8ad2d1d3f8036101dca7ee39e585\",\"name\":\"Redacci\u00f3n QP\",\"image\":{\"@type\":\"ImageObject\",\"inLanguage\":\"es\",\"@id\":\"https:\\\/\\\/secure.gravatar.com\\\/avatar\\\/c7164ed6fdec453195284ad24a5ae5b6e1eed2b848477fa2a4787ba9adf39a41?s=96&d=mm&r=g\",\"url\":\"https:\\\/\\\/secure.gravatar.com\\\/avatar\\\/c7164ed6fdec453195284ad24a5ae5b6e1eed2b848477fa2a4787ba9adf39a41?s=96&d=mm&r=g\",\"contentUrl\":\"https:\\\/\\\/secure.gravatar.com\\\/avatar\\\/c7164ed6fdec453195284ad24a5ae5b6e1eed2b848477fa2a4787ba9adf39a41?s=96&d=mm&r=g\",\"caption\":\"Redacci\u00f3n QP\"},\"url\":\"https:\\\/\\\/quehacerpolitico.mx\\\/?author=2\"}]}<\/script>\n<!-- \/ Yoast SEO plugin. -->","yoast_head_json":{"title":"Sujetos armados interceptan una camioneta de transporte escolar que trasladaba a alumnos del CCH Azcapotzalco -","robots":{"index":"index","follow":"follow","max-snippet":"max-snippet:-1","max-image-preview":"max-image-preview:large","max-video-preview":"max-video-preview:-1"},"canonical":"https:\/\/quehacerpolitico.mx\/?p=105554","og_locale":"es_MX","og_type":"article","og_title":"Sujetos armados interceptan una camioneta de transporte escolar que trasladaba a alumnos del CCH Azcapotzalco -","og_description":"Por Redacci\u00f3n QP Este martes se report\u00f3 que una&nbsp;camioneta&nbsp;de transporte escolar que trasladaba a alumnos...","og_url":"https:\/\/quehacerpolitico.mx\/?p=105554","article_published_time":"2023-10-10T21:09:18+00:00","article_modified_time":"2023-10-10T21:09:21+00:00","og_image":[{"width":1200,"height":620,"url":"https:\/\/quehacerpolitico.mx\/wp-content\/uploads\/2023\/10\/IMG_1283.png","type":"image\/png"}],"author":"Redacci\u00f3n QP","twitter_card":"summary_large_image","twitter_misc":{"Escrito por":"Redacci\u00f3n QP","Tiempo de lectura":"2 minutos"},"schema":{"@context":"https:\/\/schema.org","@graph":[{"@type":"Article","@id":"https:\/\/quehacerpolitico.mx\/?p=105554#article","isPartOf":{"@id":"https:\/\/quehacerpolitico.mx\/?p=105554"},"author":{"name":"Redacci\u00f3n QP","@id":"https:\/\/quehacerpolitico.mx\/#\/schema\/person\/496d8ad2d1d3f8036101dca7ee39e585"},"headline":"Sujetos armados interceptan una camioneta de transporte escolar que trasladaba a alumnos del CCH Azcapotzalco","datePublished":"2023-10-10T21:09:18+00:00","dateModified":"2023-10-10T21:09:21+00:00","mainEntityOfPage":{"@id":"https:\/\/quehacerpolitico.mx\/?p=105554"},"wordCount":392,"commentCount":0,"image":{"@id":"https:\/\/quehacerpolitico.mx\/?p=105554#primaryimage"},"thumbnailUrl":"https:\/\/quehacerpolitico.mx\/wp-content\/uploads\/2023\/10\/IMG_1283.png","articleSection":["Noticias"],"inLanguage":"es","potentialAction":[{"@type":"CommentAction","name":"Comment","target":["https:\/\/quehacerpolitico.mx\/?p=105554#respond"]}]},{"@type":"WebPage","@id":"https:\/\/quehacerpolitico.mx\/?p=105554","url":"https:\/\/quehacerpolitico.mx\/?p=105554","name":"Sujetos armados interceptan una camioneta de transporte escolar que trasladaba a alumnos del CCH Azcapotzalco -","isPartOf":{"@id":"https:\/\/quehacerpolitico.mx\/#website"},"primaryImageOfPage":{"@id":"https:\/\/quehacerpolitico.mx\/?p=105554#primaryimage"},"image":{"@id":"https:\/\/quehacerpolitico.mx\/?p=105554#primaryimage"},"thumbnailUrl":"https:\/\/quehacerpolitico.mx\/wp-content\/uploads\/2023\/10\/IMG_1283.png","datePublished":"2023-10-10T21:09:18+00:00","dateModified":"2023-10-10T21:09:21+00:00","author":{"@id":"https:\/\/quehacerpolitico.mx\/#\/schema\/person\/496d8ad2d1d3f8036101dca7ee39e585"},"breadcrumb":{"@id":"https:\/\/quehacerpolitico.mx\/?p=105554#breadcrumb"},"inLanguage":"es","potentialAction":[{"@type":"ReadAction","target":["https:\/\/quehacerpolitico.mx\/?p=105554"]}]},{"@type":"ImageObject","inLanguage":"es","@id":"https:\/\/quehacerpolitico.mx\/?p=105554#primaryimage","url":"https:\/\/quehacerpolitico.mx\/wp-content\/uploads\/2023\/10\/IMG_1283.png","contentUrl":"https:\/\/quehacerpolitico.mx\/wp-content\/uploads\/2023\/10\/IMG_1283.png","width":1200,"height":620},{"@type":"BreadcrumbList","@id":"https:\/\/quehacerpolitico.mx\/?p=105554#breadcrumb","itemListElement":[{"@type":"ListItem","position":1,"name":"Inicio","item":"https:\/\/quehacerpolitico.mx\/"},{"@type":"ListItem","position":2,"name":"Sujetos armados interceptan una camioneta de transporte escolar que trasladaba a alumnos del CCH Azcapotzalco"}]},{"@type":"WebSite","@id":"https:\/\/quehacerpolitico.mx\/#website","url":"https:\/\/quehacerpolitico.mx\/","name":"","description":"","potentialAction":[{"@type":"SearchAction","target":{"@type":"EntryPoint","urlTemplate":"https:\/\/quehacerpolitico.mx\/?s={search_term_string}"},"query-input":{"@type":"PropertyValueSpecification","valueRequired":true,"valueName":"search_term_string"}}],"inLanguage":"es"},{"@type":"Person","@id":"https:\/\/quehacerpolitico.mx\/#\/schema\/person\/496d8ad2d1d3f8036101dca7ee39e585","name":"Redacci\u00f3n QP","image":{"@type":"ImageObject","inLanguage":"es","@id":"https:\/\/secure.gravatar.com\/avatar\/c7164ed6fdec453195284ad24a5ae5b6e1eed2b848477fa2a4787ba9adf39a41?s=96&d=mm&r=g","url":"https:\/\/secure.gravatar.com\/avatar\/c7164ed6fdec453195284ad24a5ae5b6e1eed2b848477fa2a4787ba9adf39a41?s=96&d=mm&r=g","contentUrl":"https:\/\/secure.gravatar.com\/avatar\/c7164ed6fdec453195284ad24a5ae5b6e1eed2b848477fa2a4787ba9adf39a41?s=96&d=mm&r=g","caption":"Redacci\u00f3n QP"},"url":"https:\/\/quehacerpolitico.mx\/?author=2"}]}},"featured_image_urls":{"full":["https:\/\/quehacerpolitico.mx\/wp-content\/uploads\/2023\/10\/IMG_1283.png",1200,620,false],"thumbnail":["https:\/\/quehacerpolitico.mx\/wp-content\/uploads\/2023\/10\/IMG_1283-150x150.png",150,150,true],"medium":["https:\/\/quehacerpolitico.mx\/wp-content\/uploads\/2023\/10\/IMG_1283-300x155.png",300,155,true],"medium_large":["https:\/\/quehacerpolitico.mx\/wp-content\/uploads\/2023\/10\/IMG_1283-768x397.png",640,331,true],"large":["https:\/\/quehacerpolitico.mx\/wp-content\/uploads\/2023\/10\/IMG_1283-1024x529.png",640,331,true],"1536x1536":["https:\/\/quehacerpolitico.mx\/wp-content\/uploads\/2023\/10\/IMG_1283.png",1200,620,false],"2048x2048":["https:\/\/quehacerpolitico.mx\/wp-content\/uploads\/2023\/10\/IMG_1283.png",1200,620,false],"covernews-featured":["https:\/\/quehacerpolitico.mx\/wp-content\/uploads\/2023\/10\/IMG_1283.png",1024,529,false],"covernews-medium":["https:\/\/quehacerpolitico.mx\/wp-content\/uploads\/2023\/10\/IMG_1283.png",540,279,false]},"author_info":{"display_name":"Redacci\u00f3n QP","author_link":"https:\/\/quehacerpolitico.mx\/?author=2"},"category_info":"<a href=\"https:\/\/quehacerpolitico.mx\/?cat=2\" rel=\"category\">Noticias<\/a>","tag_info":"Noticias","comment_count":"0","_links":{"self":[{"href":"https:\/\/quehacerpolitico.mx\/index.php?rest_route=\/wp\/v2\/posts\/105554","targetHints":{"allow":["GET"]}}],"collection":[{"href":"https:\/\/quehacerpolitico.mx\/index.php?rest_route=\/wp\/v2\/posts"}],"about":[{"href":"https:\/\/quehacerpolitico.mx\/index.php?rest_route=\/wp\/v2\/types\/post"}],"author":[{"embeddable":true,"href":"https:\/\/quehacerpolitico.mx\/index.php?rest_route=\/wp\/v2\/users\/2"}],"replies":[{"embeddable":true,"href":"https:\/\/quehacerpolitico.mx\/index.php?rest_route=%2Fwp%2Fv2%2Fcomments&post=105554"}],"version-history":[{"count":1,"href":"https:\/\/quehacerpolitico.mx\/index.php?rest_route=\/wp\/v2\/posts\/105554\/revisions"}],"predecessor-version":[{"id":105556,"href":"https:\/\/quehacerpolitico.mx\/index.php?rest_route=\/wp\/v2\/posts\/105554\/revisions\/105556"}],"wp:featuredmedia":[{"embeddable":true,"href":"https:\/\/quehacerpolitico.mx\/index.php?rest_route=\/wp\/v2\/media\/105555"}],"wp:attachment":[{"href":"https:\/\/quehacerpolitico.mx\/index.php?rest_route=%2Fwp%2Fv2%2Fmedia&parent=105554"}],"wp:term":[{"taxonomy":"category","embeddable":true,"href":"https:\/\/quehacerpolitico.mx\/index.php?rest_route=%2Fwp%2Fv2%2Fcategories&post=105554"},{"taxonomy":"post_tag","embeddable":true,"href":"https:\/\/quehacerpolitico.mx\/index.php?rest_route=%2Fwp%2Fv2%2Ftags&post=105554"}],"curies":[{"name":"wp","href":"https:\/\/api.w.org\/{rel}","templated":true}]}}