{"id":105550,"date":"2023-10-10T20:25:29","date_gmt":"2023-10-10T20:25:29","guid":{"rendered":"https:\/\/quehacerpolitico.mx\/?p=105550"},"modified":"2023-10-10T20:25:34","modified_gmt":"2023-10-10T20:25:34","slug":"internacionales-carolina-alonso-romei-rusia-queda-fuera-del-consejo-de-derechos-humanos-de-la-onu","status":"publish","type":"post","link":"https:\/\/quehacerpolitico.mx\/?p=105550","title":{"rendered":"Internacionales\/\/\/Carolina Alonso Romei\/\/\/Rusia queda fuera del Consejo de Derechos Humanos de la ONU"},"content":{"rendered":"\n<p>Por Carolina Alonso Romei<\/p>\n\n\n\n<p>Internacionalista<\/p>\n\n\n\n<p>Rusia perdi\u00f3 en la votaci\u00f3n para elegir a los miembros del Consejo de Derechos Humanos de la ONU, al que esperaba regresar tras su expulsi\u00f3n en 2022<\/p>\n\n\n\n<p><strong>Rusia<\/strong>&nbsp;qued\u00f3&nbsp;<strong>fuera<\/strong>&nbsp;del&nbsp;<strong>Consejo de Derechos Humanos<\/strong>&nbsp;de la&nbsp;<strong>ONU<\/strong>, al que esperaba regresar tras haber sido expulsado en 2022 por su invasi\u00f3n de Ucrania.<\/p>\n\n\n\n<p>El pa\u00eds se enfrentaba a Albania y Bulgaria para ocupar uno de los dos asientos que se ofertaron para el grupo regional de Europa oriental en el \u00f3rgano, que tiene su sede en Ginebra (Suiza).<\/p>\n\n\n\n<p>S\u00ed lograron hacerse con un asiento otros candidatos pol\u00e9micos como China y Cuba, adem\u00e1s de pa\u00edses como Francia, Pa\u00edses Bajos, Costa de Marfil y Jap\u00f3n, que no ten\u00edan competencia, tras una votaci\u00f3n en la sede de la Asamblea General de Naciones Unidas, en Nueva York.<\/p>\n\n\n\n<p>Rusia solo consigui\u00f3 83 de los 97 votos que se requer\u00edan para hacerse con el puesto. China logr\u00f3 154 y Cuba, 146.<\/p>\n\n\n\n<figure class=\"wp-block-image size-large\"><img loading=\"lazy\" decoding=\"async\" width=\"632\" height=\"1024\" src=\"https:\/\/quehacerpolitico.mx\/wp-content\/uploads\/2023\/10\/image-28-632x1024.jpeg\" alt=\"\" class=\"wp-image-105551\" srcset=\"https:\/\/quehacerpolitico.mx\/wp-content\/uploads\/2023\/10\/image-28-632x1024.jpeg 632w, https:\/\/quehacerpolitico.mx\/wp-content\/uploads\/2023\/10\/image-28-185x300.jpeg 185w, https:\/\/quehacerpolitico.mx\/wp-content\/uploads\/2023\/10\/image-28-768x1245.jpeg 768w, https:\/\/quehacerpolitico.mx\/wp-content\/uploads\/2023\/10\/image-28-947x1536.jpeg 947w, https:\/\/quehacerpolitico.mx\/wp-content\/uploads\/2023\/10\/image-28-1263x2048.jpeg 1263w, https:\/\/quehacerpolitico.mx\/wp-content\/uploads\/2023\/10\/image-28-90x146.jpeg 90w, https:\/\/quehacerpolitico.mx\/wp-content\/uploads\/2023\/10\/image-28-31x50.jpeg 31w, https:\/\/quehacerpolitico.mx\/wp-content\/uploads\/2023\/10\/image-28-46x75.jpeg 46w, https:\/\/quehacerpolitico.mx\/wp-content\/uploads\/2023\/10\/image-28.jpeg 1284w\" sizes=\"auto, (max-width: 632px) 100vw, 632px\" \/><\/figure>\n\n\n\n<p>La votaci\u00f3n fue secreta, por lo que no se sabe qu\u00e9 pa\u00edses votaron a favor de los candidatos.<\/p>\n\n\n\n<p>Adem\u00e1s de Rusia, solo se qued\u00f3 fuera del Consejo de Derechos Humanos Per\u00fa. El pa\u00eds sudamericano se hizo con 108 votos, m\u00e1s de los 97 necesarios pero menos que el resto de aspirantes a ocupar los tres puestos ofertados para la regi\u00f3n de Latinoam\u00e9rica y el Caribe: Cuba, Brasil y Rep\u00fablica Dominicana.<\/p>\n\n\n\n<p>As\u00ed, la lista final de pa\u00edses que lograron hacerse con un asiento en el Consejo de Derechos Humanos para los pr\u00f3ximos tres a\u00f1os fueron Albania, Brasil, Bulgaria, Burundi, China, Costa de Marfil, Cuba, Rep\u00fablica Dominicana, Francia, Ghana, Indonesia, Jap\u00f3n, Kuwait, Malaui y Pa\u00edses Bajos.<\/p>\n\n\n\n<p>La organizaci\u00f3n Human Rights Watch hab\u00eda pedido la semana pasada a los representantes de la ONU que pusieran un voto en blanco o abstenerse de votar a China, que tampoco ten\u00eda competencia en su grupo, y acus\u00f3 a las autoridades en Beijing de \u201cdetener a sus cr\u00edticos, hacerlos desaparecer o acosarlos cuando est\u00e1n en el extranjero\u201d.<\/p>\n\n\n\n<p>La entidad tambi\u00e9n se mostr\u00f3 en contra de la entrada de Cuba por \u201cel millar de presos pol\u00edticos\u201d que se encuentran detenidos en c\u00e1rceles del pa\u00eds.<\/p>\n\n\n\n<p>Con informaci\u00f3n de EFE<\/p>\n","protected":false},"excerpt":{"rendered":"<p>Por Carolina Alonso Romei Internacionalista Rusia perdi\u00f3 en la votaci\u00f3n para elegir a los miembros&#8230;<\/p>\n","protected":false},"author":2,"featured_media":105552,"comment_status":"open","ping_status":"open","sticky":false,"template":"","format":"standard","meta":{"_monsterinsights_skip_tracking":false,"_monsterinsights_sitenote_active":false,"_monsterinsights_sitenote_note":"","_monsterinsights_sitenote_category":0,"footnotes":""},"categories":[1],"tags":[],"class_list":["post-105550","post","type-post","status-publish","format-standard","has-post-thumbnail","hentry","category-sin-categoria"],"yoast_head":"<!-- This site is optimized with the Yoast SEO plugin v27.3 - https:\/\/yoast.com\/product\/yoast-seo-wordpress\/ -->\n<title>Internacionales\/\/\/Carolina Alonso Romei\/\/\/Rusia queda fuera del Consejo de Derechos Humanos de la ONU -<\/title>\n<meta name=\"robots\" content=\"index, follow, max-snippet:-1, max-image-preview:large, max-video-preview:-1\" \/>\n<link rel=\"canonical\" href=\"https:\/\/quehacerpolitico.mx\/?p=105550\" \/>\n<meta property=\"og:locale\" content=\"es_MX\" \/>\n<meta property=\"og:type\" content=\"article\" \/>\n<meta property=\"og:title\" content=\"Internacionales\/\/\/Carolina Alonso Romei\/\/\/Rusia queda fuera del Consejo de Derechos Humanos de la ONU -\" \/>\n<meta property=\"og:description\" content=\"Por Carolina Alonso Romei Internacionalista Rusia perdi\u00f3 en la votaci\u00f3n para elegir a los miembros...\" \/>\n<meta property=\"og:url\" content=\"https:\/\/quehacerpolitico.mx\/?p=105550\" \/>\n<meta property=\"article:published_time\" content=\"2023-10-10T20:25:29+00:00\" \/>\n<meta property=\"article:modified_time\" content=\"2023-10-10T20:25:34+00:00\" \/>\n<meta property=\"og:image\" content=\"https:\/\/quehacerpolitico.mx\/wp-content\/uploads\/2023\/10\/IMG_1281.jpeg\" \/>\n\t<meta property=\"og:image:width\" content=\"823\" \/>\n\t<meta property=\"og:image:height\" content=\"373\" \/>\n\t<meta property=\"og:image:type\" content=\"image\/jpeg\" \/>\n<meta name=\"author\" content=\"Redacci\u00f3n QP\" \/>\n<meta name=\"twitter:card\" content=\"summary_large_image\" \/>\n<meta name=\"twitter:label1\" content=\"Escrito por\" \/>\n\t<meta name=\"twitter:data1\" content=\"Redacci\u00f3n QP\" \/>\n\t<meta name=\"twitter:label2\" content=\"Tiempo de lectura\" \/>\n\t<meta name=\"twitter:data2\" content=\"2 minutos\" \/>\n<script type=\"application\/ld+json\" class=\"yoast-schema-graph\">{\"@context\":\"https:\\\/\\\/schema.org\",\"@graph\":[{\"@type\":\"Article\",\"@id\":\"https:\\\/\\\/quehacerpolitico.mx\\\/?p=105550#article\",\"isPartOf\":{\"@id\":\"https:\\\/\\\/quehacerpolitico.mx\\\/?p=105550\"},\"author\":{\"name\":\"Redacci\u00f3n QP\",\"@id\":\"https:\\\/\\\/quehacerpolitico.mx\\\/#\\\/schema\\\/person\\\/496d8ad2d1d3f8036101dca7ee39e585\"},\"headline\":\"Internacionales\\\/\\\/\\\/Carolina Alonso Romei\\\/\\\/\\\/Rusia queda fuera del Consejo de Derechos Humanos de la ONU\",\"datePublished\":\"2023-10-10T20:25:29+00:00\",\"dateModified\":\"2023-10-10T20:25:34+00:00\",\"mainEntityOfPage\":{\"@id\":\"https:\\\/\\\/quehacerpolitico.mx\\\/?p=105550\"},\"wordCount\":409,\"commentCount\":0,\"image\":{\"@id\":\"https:\\\/\\\/quehacerpolitico.mx\\\/?p=105550#primaryimage\"},\"thumbnailUrl\":\"https:\\\/\\\/quehacerpolitico.mx\\\/wp-content\\\/uploads\\\/2023\\\/10\\\/IMG_1281.jpeg\",\"articleSection\":[\"Internacionales\"],\"inLanguage\":\"es\",\"potentialAction\":[{\"@type\":\"CommentAction\",\"name\":\"Comment\",\"target\":[\"https:\\\/\\\/quehacerpolitico.mx\\\/?p=105550#respond\"]}]},{\"@type\":\"WebPage\",\"@id\":\"https:\\\/\\\/quehacerpolitico.mx\\\/?p=105550\",\"url\":\"https:\\\/\\\/quehacerpolitico.mx\\\/?p=105550\",\"name\":\"Internacionales\\\/\\\/\\\/Carolina Alonso Romei\\\/\\\/\\\/Rusia queda fuera del Consejo de Derechos Humanos de la ONU -\",\"isPartOf\":{\"@id\":\"https:\\\/\\\/quehacerpolitico.mx\\\/#website\"},\"primaryImageOfPage\":{\"@id\":\"https:\\\/\\\/quehacerpolitico.mx\\\/?p=105550#primaryimage\"},\"image\":{\"@id\":\"https:\\\/\\\/quehacerpolitico.mx\\\/?p=105550#primaryimage\"},\"thumbnailUrl\":\"https:\\\/\\\/quehacerpolitico.mx\\\/wp-content\\\/uploads\\\/2023\\\/10\\\/IMG_1281.jpeg\",\"datePublished\":\"2023-10-10T20:25:29+00:00\",\"dateModified\":\"2023-10-10T20:25:34+00:00\",\"author\":{\"@id\":\"https:\\\/\\\/quehacerpolitico.mx\\\/#\\\/schema\\\/person\\\/496d8ad2d1d3f8036101dca7ee39e585\"},\"breadcrumb\":{\"@id\":\"https:\\\/\\\/quehacerpolitico.mx\\\/?p=105550#breadcrumb\"},\"inLanguage\":\"es\",\"potentialAction\":[{\"@type\":\"ReadAction\",\"target\":[\"https:\\\/\\\/quehacerpolitico.mx\\\/?p=105550\"]}]},{\"@type\":\"ImageObject\",\"inLanguage\":\"es\",\"@id\":\"https:\\\/\\\/quehacerpolitico.mx\\\/?p=105550#primaryimage\",\"url\":\"https:\\\/\\\/quehacerpolitico.mx\\\/wp-content\\\/uploads\\\/2023\\\/10\\\/IMG_1281.jpeg\",\"contentUrl\":\"https:\\\/\\\/quehacerpolitico.mx\\\/wp-content\\\/uploads\\\/2023\\\/10\\\/IMG_1281.jpeg\",\"width\":823,\"height\":373},{\"@type\":\"BreadcrumbList\",\"@id\":\"https:\\\/\\\/quehacerpolitico.mx\\\/?p=105550#breadcrumb\",\"itemListElement\":[{\"@type\":\"ListItem\",\"position\":1,\"name\":\"Inicio\",\"item\":\"https:\\\/\\\/quehacerpolitico.mx\\\/\"},{\"@type\":\"ListItem\",\"position\":2,\"name\":\"Internacionales\\\/\\\/\\\/Carolina Alonso Romei\\\/\\\/\\\/Rusia queda fuera del Consejo de Derechos Humanos de la ONU\"}]},{\"@type\":\"WebSite\",\"@id\":\"https:\\\/\\\/quehacerpolitico.mx\\\/#website\",\"url\":\"https:\\\/\\\/quehacerpolitico.mx\\\/\",\"name\":\"\",\"description\":\"\",\"potentialAction\":[{\"@type\":\"SearchAction\",\"target\":{\"@type\":\"EntryPoint\",\"urlTemplate\":\"https:\\\/\\\/quehacerpolitico.mx\\\/?s={search_term_string}\"},\"query-input\":{\"@type\":\"PropertyValueSpecification\",\"valueRequired\":true,\"valueName\":\"search_term_string\"}}],\"inLanguage\":\"es\"},{\"@type\":\"Person\",\"@id\":\"https:\\\/\\\/quehacerpolitico.mx\\\/#\\\/schema\\\/person\\\/496d8ad2d1d3f8036101dca7ee39e585\",\"name\":\"Redacci\u00f3n QP\",\"image\":{\"@type\":\"ImageObject\",\"inLanguage\":\"es\",\"@id\":\"https:\\\/\\\/secure.gravatar.com\\\/avatar\\\/c7164ed6fdec453195284ad24a5ae5b6e1eed2b848477fa2a4787ba9adf39a41?s=96&d=mm&r=g\",\"url\":\"https:\\\/\\\/secure.gravatar.com\\\/avatar\\\/c7164ed6fdec453195284ad24a5ae5b6e1eed2b848477fa2a4787ba9adf39a41?s=96&d=mm&r=g\",\"contentUrl\":\"https:\\\/\\\/secure.gravatar.com\\\/avatar\\\/c7164ed6fdec453195284ad24a5ae5b6e1eed2b848477fa2a4787ba9adf39a41?s=96&d=mm&r=g\",\"caption\":\"Redacci\u00f3n QP\"},\"url\":\"https:\\\/\\\/quehacerpolitico.mx\\\/?author=2\"}]}<\/script>\n<!-- \/ Yoast SEO plugin. -->","yoast_head_json":{"title":"Internacionales\/\/\/Carolina Alonso Romei\/\/\/Rusia queda fuera del Consejo de Derechos Humanos de la ONU -","robots":{"index":"index","follow":"follow","max-snippet":"max-snippet:-1","max-image-preview":"max-image-preview:large","max-video-preview":"max-video-preview:-1"},"canonical":"https:\/\/quehacerpolitico.mx\/?p=105550","og_locale":"es_MX","og_type":"article","og_title":"Internacionales\/\/\/Carolina Alonso Romei\/\/\/Rusia queda fuera del Consejo de Derechos Humanos de la ONU -","og_description":"Por Carolina Alonso Romei Internacionalista Rusia perdi\u00f3 en la votaci\u00f3n para elegir a los miembros...","og_url":"https:\/\/quehacerpolitico.mx\/?p=105550","article_published_time":"2023-10-10T20:25:29+00:00","article_modified_time":"2023-10-10T20:25:34+00:00","og_image":[{"width":823,"height":373,"url":"https:\/\/quehacerpolitico.mx\/wp-content\/uploads\/2023\/10\/IMG_1281.jpeg","type":"image\/jpeg"}],"author":"Redacci\u00f3n QP","twitter_card":"summary_large_image","twitter_misc":{"Escrito por":"Redacci\u00f3n QP","Tiempo de lectura":"2 minutos"},"schema":{"@context":"https:\/\/schema.org","@graph":[{"@type":"Article","@id":"https:\/\/quehacerpolitico.mx\/?p=105550#article","isPartOf":{"@id":"https:\/\/quehacerpolitico.mx\/?p=105550"},"author":{"name":"Redacci\u00f3n QP","@id":"https:\/\/quehacerpolitico.mx\/#\/schema\/person\/496d8ad2d1d3f8036101dca7ee39e585"},"headline":"Internacionales\/\/\/Carolina Alonso Romei\/\/\/Rusia queda fuera del Consejo de Derechos Humanos de la ONU","datePublished":"2023-10-10T20:25:29+00:00","dateModified":"2023-10-10T20:25:34+00:00","mainEntityOfPage":{"@id":"https:\/\/quehacerpolitico.mx\/?p=105550"},"wordCount":409,"commentCount":0,"image":{"@id":"https:\/\/quehacerpolitico.mx\/?p=105550#primaryimage"},"thumbnailUrl":"https:\/\/quehacerpolitico.mx\/wp-content\/uploads\/2023\/10\/IMG_1281.jpeg","articleSection":["Internacionales"],"inLanguage":"es","potentialAction":[{"@type":"CommentAction","name":"Comment","target":["https:\/\/quehacerpolitico.mx\/?p=105550#respond"]}]},{"@type":"WebPage","@id":"https:\/\/quehacerpolitico.mx\/?p=105550","url":"https:\/\/quehacerpolitico.mx\/?p=105550","name":"Internacionales\/\/\/Carolina Alonso Romei\/\/\/Rusia queda fuera del Consejo de Derechos Humanos de la ONU -","isPartOf":{"@id":"https:\/\/quehacerpolitico.mx\/#website"},"primaryImageOfPage":{"@id":"https:\/\/quehacerpolitico.mx\/?p=105550#primaryimage"},"image":{"@id":"https:\/\/quehacerpolitico.mx\/?p=105550#primaryimage"},"thumbnailUrl":"https:\/\/quehacerpolitico.mx\/wp-content\/uploads\/2023\/10\/IMG_1281.jpeg","datePublished":"2023-10-10T20:25:29+00:00","dateModified":"2023-10-10T20:25:34+00:00","author":{"@id":"https:\/\/quehacerpolitico.mx\/#\/schema\/person\/496d8ad2d1d3f8036101dca7ee39e585"},"breadcrumb":{"@id":"https:\/\/quehacerpolitico.mx\/?p=105550#breadcrumb"},"inLanguage":"es","potentialAction":[{"@type":"ReadAction","target":["https:\/\/quehacerpolitico.mx\/?p=105550"]}]},{"@type":"ImageObject","inLanguage":"es","@id":"https:\/\/quehacerpolitico.mx\/?p=105550#primaryimage","url":"https:\/\/quehacerpolitico.mx\/wp-content\/uploads\/2023\/10\/IMG_1281.jpeg","contentUrl":"https:\/\/quehacerpolitico.mx\/wp-content\/uploads\/2023\/10\/IMG_1281.jpeg","width":823,"height":373},{"@type":"BreadcrumbList","@id":"https:\/\/quehacerpolitico.mx\/?p=105550#breadcrumb","itemListElement":[{"@type":"ListItem","position":1,"name":"Inicio","item":"https:\/\/quehacerpolitico.mx\/"},{"@type":"ListItem","position":2,"name":"Internacionales\/\/\/Carolina Alonso Romei\/\/\/Rusia queda fuera del Consejo de Derechos Humanos de la ONU"}]},{"@type":"WebSite","@id":"https:\/\/quehacerpolitico.mx\/#website","url":"https:\/\/quehacerpolitico.mx\/","name":"","description":"","potentialAction":[{"@type":"SearchAction","target":{"@type":"EntryPoint","urlTemplate":"https:\/\/quehacerpolitico.mx\/?s={search_term_string}"},"query-input":{"@type":"PropertyValueSpecification","valueRequired":true,"valueName":"search_term_string"}}],"inLanguage":"es"},{"@type":"Person","@id":"https:\/\/quehacerpolitico.mx\/#\/schema\/person\/496d8ad2d1d3f8036101dca7ee39e585","name":"Redacci\u00f3n QP","image":{"@type":"ImageObject","inLanguage":"es","@id":"https:\/\/secure.gravatar.com\/avatar\/c7164ed6fdec453195284ad24a5ae5b6e1eed2b848477fa2a4787ba9adf39a41?s=96&d=mm&r=g","url":"https:\/\/secure.gravatar.com\/avatar\/c7164ed6fdec453195284ad24a5ae5b6e1eed2b848477fa2a4787ba9adf39a41?s=96&d=mm&r=g","contentUrl":"https:\/\/secure.gravatar.com\/avatar\/c7164ed6fdec453195284ad24a5ae5b6e1eed2b848477fa2a4787ba9adf39a41?s=96&d=mm&r=g","caption":"Redacci\u00f3n QP"},"url":"https:\/\/quehacerpolitico.mx\/?author=2"}]}},"featured_image_urls":{"full":["https:\/\/quehacerpolitico.mx\/wp-content\/uploads\/2023\/10\/IMG_1281.jpeg",823,373,false],"thumbnail":["https:\/\/quehacerpolitico.mx\/wp-content\/uploads\/2023\/10\/IMG_1281-150x150.jpeg",150,150,true],"medium":["https:\/\/quehacerpolitico.mx\/wp-content\/uploads\/2023\/10\/IMG_1281-300x136.jpeg",300,136,true],"medium_large":["https:\/\/quehacerpolitico.mx\/wp-content\/uploads\/2023\/10\/IMG_1281-768x348.jpeg",640,290,true],"large":["https:\/\/quehacerpolitico.mx\/wp-content\/uploads\/2023\/10\/IMG_1281.jpeg",640,290,false],"1536x1536":["https:\/\/quehacerpolitico.mx\/wp-content\/uploads\/2023\/10\/IMG_1281.jpeg",823,373,false],"2048x2048":["https:\/\/quehacerpolitico.mx\/wp-content\/uploads\/2023\/10\/IMG_1281.jpeg",823,373,false],"covernews-featured":["https:\/\/quehacerpolitico.mx\/wp-content\/uploads\/2023\/10\/IMG_1281.jpeg",823,373,false],"covernews-medium":["https:\/\/quehacerpolitico.mx\/wp-content\/uploads\/2023\/10\/IMG_1281.jpeg",540,245,false]},"author_info":{"display_name":"Redacci\u00f3n QP","author_link":"https:\/\/quehacerpolitico.mx\/?author=2"},"category_info":"<a href=\"https:\/\/quehacerpolitico.mx\/?cat=1\" rel=\"category\">Internacionales<\/a>","tag_info":"Internacionales","comment_count":"0","_links":{"self":[{"href":"https:\/\/quehacerpolitico.mx\/index.php?rest_route=\/wp\/v2\/posts\/105550","targetHints":{"allow":["GET"]}}],"collection":[{"href":"https:\/\/quehacerpolitico.mx\/index.php?rest_route=\/wp\/v2\/posts"}],"about":[{"href":"https:\/\/quehacerpolitico.mx\/index.php?rest_route=\/wp\/v2\/types\/post"}],"author":[{"embeddable":true,"href":"https:\/\/quehacerpolitico.mx\/index.php?rest_route=\/wp\/v2\/users\/2"}],"replies":[{"embeddable":true,"href":"https:\/\/quehacerpolitico.mx\/index.php?rest_route=%2Fwp%2Fv2%2Fcomments&post=105550"}],"version-history":[{"count":1,"href":"https:\/\/quehacerpolitico.mx\/index.php?rest_route=\/wp\/v2\/posts\/105550\/revisions"}],"predecessor-version":[{"id":105553,"href":"https:\/\/quehacerpolitico.mx\/index.php?rest_route=\/wp\/v2\/posts\/105550\/revisions\/105553"}],"wp:featuredmedia":[{"embeddable":true,"href":"https:\/\/quehacerpolitico.mx\/index.php?rest_route=\/wp\/v2\/media\/105552"}],"wp:attachment":[{"href":"https:\/\/quehacerpolitico.mx\/index.php?rest_route=%2Fwp%2Fv2%2Fmedia&parent=105550"}],"wp:term":[{"taxonomy":"category","embeddable":true,"href":"https:\/\/quehacerpolitico.mx\/index.php?rest_route=%2Fwp%2Fv2%2Fcategories&post=105550"},{"taxonomy":"post_tag","embeddable":true,"href":"https:\/\/quehacerpolitico.mx\/index.php?rest_route=%2Fwp%2Fv2%2Ftags&post=105550"}],"curies":[{"name":"wp","href":"https:\/\/api.w.org\/{rel}","templated":true}]}}