{"id":105547,"date":"2023-10-10T19:51:31","date_gmt":"2023-10-10T19:51:31","guid":{"rendered":"https:\/\/quehacerpolitico.mx\/?p=105547"},"modified":"2023-10-10T19:51:37","modified_gmt":"2023-10-10T19:51:37","slug":"internacionales-carolina-alonso-romei-biden-dice-mas-de-1000-civiles-asesinados-en-israel-entre-ellos-al-menos-14-ciudadanos-estadounidenses-esto-tiene-que-parar-hamas-es-igual-que","status":"publish","type":"post","link":"https:\/\/quehacerpolitico.mx\/?p=105547","title":{"rendered":"Internacionales\/\/\/Carolina Alonso Romei\/\/\/Biden dice \u201cM\u00e1s de 1,000 civiles asesinados en Israel, entre ellos, al menos 14 ciudadanos estadounidenses.&#8221; Esto tiene que parar #Ham\u00e1s es igual que ISIS terroristas \u201cSin coraz\u00f3n y mucha maldad\u201d"},"content":{"rendered":"\n<p>Por Carolina Alonso Romei<\/p>\n\n\n\n<p>Internacionalista<\/p>\n\n\n\n<p>El presidente de Estados Unidos,&nbsp;<strong>Joe Biden<\/strong>, confirm\u00f3 este martes que hay&nbsp;<strong>estadounidenses<\/strong>&nbsp;entre las personas secuestradas por&nbsp;<strong>Ham\u00e1s<\/strong>, y elev\u00f3 a 14 la cifra de connacionales que murieron en&nbsp;<strong>Israel<\/strong>&nbsp;como resultado de los&nbsp;<strong>ataques<\/strong>&nbsp;perpetrados por el&nbsp;<strong>grupo<\/strong>&nbsp;islamista.<\/p>\n\n\n\n<p>\u201cAhora sabemos que hay\u00a0<strong>ciudadano<\/strong>s estadounidenses\u00a0entre los secuestrados por Ham\u00e1s. He dado instrucciones a mi equipo para que comparta\u00a0<strong>inteligencia<\/strong>\u00a0y ponga a disposici\u00f3n de las autoridades israel\u00edes a\u00a0<strong>expertos<\/strong>\u00a0de todo el gobierno de Estados Unidos para ayudarles en la\u00a0<strong>recuperaci\u00f3n<\/strong>\u00a0y rescate de\u00a0<strong>rehenes<\/strong>\u201c, anunci\u00f3.<\/p>\n\n\n\n<p>Prometi\u00f3 adem\u00e1s que su pa\u00eds dar\u00e1 a\u00a0<strong>Israel<\/strong> todo lo que necesite para\u00a0<strong>defenderse<\/strong>\u00a0en su respuesta al ataque que inici\u00f3 el s\u00e1bado el grupo islamista y que ha provocado una escalada de\u00a0<strong>violencia<\/strong>\u00a0con cientos de v\u00edctimas mortales en ambas partes.<\/p>\n\n\n\n<p>\u201cDebemos ser&nbsp;<strong>absolutamente<\/strong>&nbsp;claros: estamos junto a&nbsp;<strong>Israel<\/strong>\u201c, afirm\u00f3 el mandatario estadounidense en un discurso desde la&nbsp;<strong>Casa Blanca<\/strong>.<\/p>\n\n\n\n<p>\u201cNos aseguraremos de que&nbsp;<strong>Israel<\/strong>&nbsp;tenga lo que necesita para cuidar a sus ciudadanos y&nbsp;<strong>defenderse<\/strong>, para responder a este ataque. No hay justificaci\u00f3n para el&nbsp;<strong>terrorismo<\/strong>. No hay excusa.&nbsp;<strong>Ham\u00e1s<\/strong>&nbsp;no defiende el derecho del pueblo&nbsp;<strong>palestino<\/strong>&nbsp;a la dignidad y la&nbsp;<strong>autodeterminaci\u00f3n<\/strong>\u201c.<\/p>\n\n\n\n<p>Biden asegur\u00f3 que el objetivo del\u00a0<strong>grupo islamista\u00a0<\/strong>\u201ces matar al pueblo jud\u00edo\u201d y que usa a los civiles palestinos como \u201c<strong>escudos<\/strong> humanos\u201d para conseguirlo.<\/p>\n\n\n\n<figure class=\"wp-block-embed is-type-video is-provider-youtube wp-block-embed-youtube wp-embed-aspect-16-9 wp-has-aspect-ratio\"><div class=\"wp-block-embed__wrapper\">\nhttps:\/\/youtu.be\/l4gDFgG_xdk?si=d6fZgoVr4auszrhp\n<\/div><\/figure>\n\n\n\n<p>Con informaci\u00f3n de EFE<\/p>\n","protected":false},"excerpt":{"rendered":"<p>Por Carolina Alonso Romei Internacionalista El presidente de Estados Unidos,&nbsp;Joe Biden, confirm\u00f3 este martes que&#8230;<\/p>\n","protected":false},"author":2,"featured_media":105548,"comment_status":"open","ping_status":"open","sticky":false,"template":"","format":"standard","meta":{"_monsterinsights_skip_tracking":false,"_monsterinsights_sitenote_active":false,"_monsterinsights_sitenote_note":"","_monsterinsights_sitenote_category":0,"footnotes":""},"categories":[1],"tags":[],"class_list":["post-105547","post","type-post","status-publish","format-standard","has-post-thumbnail","hentry","category-sin-categoria"],"yoast_head":"<!-- This site is optimized with the Yoast SEO plugin v27.3 - https:\/\/yoast.com\/product\/yoast-seo-wordpress\/ -->\n<title>Internacionales\/\/\/Carolina Alonso Romei\/\/\/Biden dice \u201cM\u00e1s de 1,000 civiles asesinados en Israel, entre ellos, al menos 14 ciudadanos estadounidenses.&quot; Esto tiene que parar #Ham\u00e1s es igual que ISIS terroristas \u201cSin coraz\u00f3n y mucha maldad\u201d -<\/title>\n<meta name=\"robots\" content=\"index, follow, max-snippet:-1, max-image-preview:large, max-video-preview:-1\" \/>\n<link rel=\"canonical\" href=\"https:\/\/quehacerpolitico.mx\/?p=105547\" \/>\n<meta property=\"og:locale\" content=\"es_MX\" \/>\n<meta property=\"og:type\" content=\"article\" \/>\n<meta property=\"og:title\" content=\"Internacionales\/\/\/Carolina Alonso Romei\/\/\/Biden dice \u201cM\u00e1s de 1,000 civiles asesinados en Israel, entre ellos, al menos 14 ciudadanos estadounidenses.&quot; Esto tiene que parar #Ham\u00e1s es igual que ISIS terroristas \u201cSin coraz\u00f3n y mucha maldad\u201d -\" \/>\n<meta property=\"og:description\" content=\"Por Carolina Alonso Romei Internacionalista El presidente de Estados Unidos,&nbsp;Joe Biden, confirm\u00f3 este martes que...\" \/>\n<meta property=\"og:url\" content=\"https:\/\/quehacerpolitico.mx\/?p=105547\" \/>\n<meta property=\"article:published_time\" content=\"2023-10-10T19:51:31+00:00\" \/>\n<meta property=\"article:modified_time\" content=\"2023-10-10T19:51:37+00:00\" \/>\n<meta property=\"og:image\" content=\"https:\/\/quehacerpolitico.mx\/wp-content\/uploads\/2023\/10\/photo-output-2.png\" \/>\n\t<meta property=\"og:image:width\" content=\"2048\" \/>\n\t<meta property=\"og:image:height\" content=\"1114\" \/>\n\t<meta property=\"og:image:type\" content=\"image\/png\" \/>\n<meta name=\"author\" content=\"Redacci\u00f3n QP\" \/>\n<meta name=\"twitter:card\" content=\"summary_large_image\" \/>\n<meta name=\"twitter:label1\" content=\"Escrito por\" \/>\n\t<meta name=\"twitter:data1\" content=\"Redacci\u00f3n QP\" \/>\n\t<meta name=\"twitter:label2\" content=\"Tiempo de lectura\" \/>\n\t<meta name=\"twitter:data2\" content=\"1 minuto\" \/>\n<script type=\"application\/ld+json\" class=\"yoast-schema-graph\">{\"@context\":\"https:\\\/\\\/schema.org\",\"@graph\":[{\"@type\":\"Article\",\"@id\":\"https:\\\/\\\/quehacerpolitico.mx\\\/?p=105547#article\",\"isPartOf\":{\"@id\":\"https:\\\/\\\/quehacerpolitico.mx\\\/?p=105547\"},\"author\":{\"name\":\"Redacci\u00f3n QP\",\"@id\":\"https:\\\/\\\/quehacerpolitico.mx\\\/#\\\/schema\\\/person\\\/496d8ad2d1d3f8036101dca7ee39e585\"},\"headline\":\"Internacionales\\\/\\\/\\\/Carolina Alonso Romei\\\/\\\/\\\/Biden dice \u201cM\u00e1s de 1,000 civiles asesinados en Israel, entre ellos, al menos 14 ciudadanos estadounidenses.&#8221; Esto tiene que parar #Ham\u00e1s es igual que ISIS terroristas \u201cSin coraz\u00f3n y mucha maldad\u201d\",\"datePublished\":\"2023-10-10T19:51:31+00:00\",\"dateModified\":\"2023-10-10T19:51:37+00:00\",\"mainEntityOfPage\":{\"@id\":\"https:\\\/\\\/quehacerpolitico.mx\\\/?p=105547\"},\"wordCount\":310,\"commentCount\":0,\"image\":{\"@id\":\"https:\\\/\\\/quehacerpolitico.mx\\\/?p=105547#primaryimage\"},\"thumbnailUrl\":\"https:\\\/\\\/quehacerpolitico.mx\\\/wp-content\\\/uploads\\\/2023\\\/10\\\/photo-output-2.png\",\"articleSection\":[\"Internacionales\"],\"inLanguage\":\"es\",\"potentialAction\":[{\"@type\":\"CommentAction\",\"name\":\"Comment\",\"target\":[\"https:\\\/\\\/quehacerpolitico.mx\\\/?p=105547#respond\"]}]},{\"@type\":\"WebPage\",\"@id\":\"https:\\\/\\\/quehacerpolitico.mx\\\/?p=105547\",\"url\":\"https:\\\/\\\/quehacerpolitico.mx\\\/?p=105547\",\"name\":\"Internacionales\\\/\\\/\\\/Carolina Alonso Romei\\\/\\\/\\\/Biden dice \u201cM\u00e1s de 1,000 civiles asesinados en Israel, entre ellos, al menos 14 ciudadanos estadounidenses.\\\" Esto tiene que parar #Ham\u00e1s es igual que ISIS terroristas \u201cSin coraz\u00f3n y mucha maldad\u201d -\",\"isPartOf\":{\"@id\":\"https:\\\/\\\/quehacerpolitico.mx\\\/#website\"},\"primaryImageOfPage\":{\"@id\":\"https:\\\/\\\/quehacerpolitico.mx\\\/?p=105547#primaryimage\"},\"image\":{\"@id\":\"https:\\\/\\\/quehacerpolitico.mx\\\/?p=105547#primaryimage\"},\"thumbnailUrl\":\"https:\\\/\\\/quehacerpolitico.mx\\\/wp-content\\\/uploads\\\/2023\\\/10\\\/photo-output-2.png\",\"datePublished\":\"2023-10-10T19:51:31+00:00\",\"dateModified\":\"2023-10-10T19:51:37+00:00\",\"author\":{\"@id\":\"https:\\\/\\\/quehacerpolitico.mx\\\/#\\\/schema\\\/person\\\/496d8ad2d1d3f8036101dca7ee39e585\"},\"breadcrumb\":{\"@id\":\"https:\\\/\\\/quehacerpolitico.mx\\\/?p=105547#breadcrumb\"},\"inLanguage\":\"es\",\"potentialAction\":[{\"@type\":\"ReadAction\",\"target\":[\"https:\\\/\\\/quehacerpolitico.mx\\\/?p=105547\"]}]},{\"@type\":\"ImageObject\",\"inLanguage\":\"es\",\"@id\":\"https:\\\/\\\/quehacerpolitico.mx\\\/?p=105547#primaryimage\",\"url\":\"https:\\\/\\\/quehacerpolitico.mx\\\/wp-content\\\/uploads\\\/2023\\\/10\\\/photo-output-2.png\",\"contentUrl\":\"https:\\\/\\\/quehacerpolitico.mx\\\/wp-content\\\/uploads\\\/2023\\\/10\\\/photo-output-2.png\",\"width\":2048,\"height\":1114},{\"@type\":\"BreadcrumbList\",\"@id\":\"https:\\\/\\\/quehacerpolitico.mx\\\/?p=105547#breadcrumb\",\"itemListElement\":[{\"@type\":\"ListItem\",\"position\":1,\"name\":\"Inicio\",\"item\":\"https:\\\/\\\/quehacerpolitico.mx\\\/\"},{\"@type\":\"ListItem\",\"position\":2,\"name\":\"Internacionales\\\/\\\/\\\/Carolina Alonso Romei\\\/\\\/\\\/Biden dice \u201cM\u00e1s de 1,000 civiles asesinados en Israel, entre ellos, al menos 14 ciudadanos estadounidenses.&#8221; Esto tiene que parar #Ham\u00e1s es igual que ISIS terroristas \u201cSin coraz\u00f3n y mucha maldad\u201d\"}]},{\"@type\":\"WebSite\",\"@id\":\"https:\\\/\\\/quehacerpolitico.mx\\\/#website\",\"url\":\"https:\\\/\\\/quehacerpolitico.mx\\\/\",\"name\":\"\",\"description\":\"\",\"potentialAction\":[{\"@type\":\"SearchAction\",\"target\":{\"@type\":\"EntryPoint\",\"urlTemplate\":\"https:\\\/\\\/quehacerpolitico.mx\\\/?s={search_term_string}\"},\"query-input\":{\"@type\":\"PropertyValueSpecification\",\"valueRequired\":true,\"valueName\":\"search_term_string\"}}],\"inLanguage\":\"es\"},{\"@type\":\"Person\",\"@id\":\"https:\\\/\\\/quehacerpolitico.mx\\\/#\\\/schema\\\/person\\\/496d8ad2d1d3f8036101dca7ee39e585\",\"name\":\"Redacci\u00f3n QP\",\"image\":{\"@type\":\"ImageObject\",\"inLanguage\":\"es\",\"@id\":\"https:\\\/\\\/secure.gravatar.com\\\/avatar\\\/c7164ed6fdec453195284ad24a5ae5b6e1eed2b848477fa2a4787ba9adf39a41?s=96&d=mm&r=g\",\"url\":\"https:\\\/\\\/secure.gravatar.com\\\/avatar\\\/c7164ed6fdec453195284ad24a5ae5b6e1eed2b848477fa2a4787ba9adf39a41?s=96&d=mm&r=g\",\"contentUrl\":\"https:\\\/\\\/secure.gravatar.com\\\/avatar\\\/c7164ed6fdec453195284ad24a5ae5b6e1eed2b848477fa2a4787ba9adf39a41?s=96&d=mm&r=g\",\"caption\":\"Redacci\u00f3n QP\"},\"url\":\"https:\\\/\\\/quehacerpolitico.mx\\\/?author=2\"}]}<\/script>\n<!-- \/ Yoast SEO plugin. -->","yoast_head_json":{"title":"Internacionales\/\/\/Carolina Alonso Romei\/\/\/Biden dice \u201cM\u00e1s de 1,000 civiles asesinados en Israel, entre ellos, al menos 14 ciudadanos estadounidenses.\" Esto tiene que parar #Ham\u00e1s es igual que ISIS terroristas \u201cSin coraz\u00f3n y mucha maldad\u201d -","robots":{"index":"index","follow":"follow","max-snippet":"max-snippet:-1","max-image-preview":"max-image-preview:large","max-video-preview":"max-video-preview:-1"},"canonical":"https:\/\/quehacerpolitico.mx\/?p=105547","og_locale":"es_MX","og_type":"article","og_title":"Internacionales\/\/\/Carolina Alonso Romei\/\/\/Biden dice \u201cM\u00e1s de 1,000 civiles asesinados en Israel, entre ellos, al menos 14 ciudadanos estadounidenses.\" Esto tiene que parar #Ham\u00e1s es igual que ISIS terroristas \u201cSin coraz\u00f3n y mucha maldad\u201d -","og_description":"Por Carolina Alonso Romei Internacionalista El presidente de Estados Unidos,&nbsp;Joe Biden, confirm\u00f3 este martes que...","og_url":"https:\/\/quehacerpolitico.mx\/?p=105547","article_published_time":"2023-10-10T19:51:31+00:00","article_modified_time":"2023-10-10T19:51:37+00:00","og_image":[{"width":2048,"height":1114,"url":"https:\/\/quehacerpolitico.mx\/wp-content\/uploads\/2023\/10\/photo-output-2.png","type":"image\/png"}],"author":"Redacci\u00f3n QP","twitter_card":"summary_large_image","twitter_misc":{"Escrito por":"Redacci\u00f3n QP","Tiempo de lectura":"1 minuto"},"schema":{"@context":"https:\/\/schema.org","@graph":[{"@type":"Article","@id":"https:\/\/quehacerpolitico.mx\/?p=105547#article","isPartOf":{"@id":"https:\/\/quehacerpolitico.mx\/?p=105547"},"author":{"name":"Redacci\u00f3n QP","@id":"https:\/\/quehacerpolitico.mx\/#\/schema\/person\/496d8ad2d1d3f8036101dca7ee39e585"},"headline":"Internacionales\/\/\/Carolina Alonso Romei\/\/\/Biden dice \u201cM\u00e1s de 1,000 civiles asesinados en Israel, entre ellos, al menos 14 ciudadanos estadounidenses.&#8221; Esto tiene que parar #Ham\u00e1s es igual que ISIS terroristas \u201cSin coraz\u00f3n y mucha maldad\u201d","datePublished":"2023-10-10T19:51:31+00:00","dateModified":"2023-10-10T19:51:37+00:00","mainEntityOfPage":{"@id":"https:\/\/quehacerpolitico.mx\/?p=105547"},"wordCount":310,"commentCount":0,"image":{"@id":"https:\/\/quehacerpolitico.mx\/?p=105547#primaryimage"},"thumbnailUrl":"https:\/\/quehacerpolitico.mx\/wp-content\/uploads\/2023\/10\/photo-output-2.png","articleSection":["Internacionales"],"inLanguage":"es","potentialAction":[{"@type":"CommentAction","name":"Comment","target":["https:\/\/quehacerpolitico.mx\/?p=105547#respond"]}]},{"@type":"WebPage","@id":"https:\/\/quehacerpolitico.mx\/?p=105547","url":"https:\/\/quehacerpolitico.mx\/?p=105547","name":"Internacionales\/\/\/Carolina Alonso Romei\/\/\/Biden dice \u201cM\u00e1s de 1,000 civiles asesinados en Israel, entre ellos, al menos 14 ciudadanos estadounidenses.\" Esto tiene que parar #Ham\u00e1s es igual que ISIS terroristas \u201cSin coraz\u00f3n y mucha maldad\u201d -","isPartOf":{"@id":"https:\/\/quehacerpolitico.mx\/#website"},"primaryImageOfPage":{"@id":"https:\/\/quehacerpolitico.mx\/?p=105547#primaryimage"},"image":{"@id":"https:\/\/quehacerpolitico.mx\/?p=105547#primaryimage"},"thumbnailUrl":"https:\/\/quehacerpolitico.mx\/wp-content\/uploads\/2023\/10\/photo-output-2.png","datePublished":"2023-10-10T19:51:31+00:00","dateModified":"2023-10-10T19:51:37+00:00","author":{"@id":"https:\/\/quehacerpolitico.mx\/#\/schema\/person\/496d8ad2d1d3f8036101dca7ee39e585"},"breadcrumb":{"@id":"https:\/\/quehacerpolitico.mx\/?p=105547#breadcrumb"},"inLanguage":"es","potentialAction":[{"@type":"ReadAction","target":["https:\/\/quehacerpolitico.mx\/?p=105547"]}]},{"@type":"ImageObject","inLanguage":"es","@id":"https:\/\/quehacerpolitico.mx\/?p=105547#primaryimage","url":"https:\/\/quehacerpolitico.mx\/wp-content\/uploads\/2023\/10\/photo-output-2.png","contentUrl":"https:\/\/quehacerpolitico.mx\/wp-content\/uploads\/2023\/10\/photo-output-2.png","width":2048,"height":1114},{"@type":"BreadcrumbList","@id":"https:\/\/quehacerpolitico.mx\/?p=105547#breadcrumb","itemListElement":[{"@type":"ListItem","position":1,"name":"Inicio","item":"https:\/\/quehacerpolitico.mx\/"},{"@type":"ListItem","position":2,"name":"Internacionales\/\/\/Carolina Alonso Romei\/\/\/Biden dice \u201cM\u00e1s de 1,000 civiles asesinados en Israel, entre ellos, al menos 14 ciudadanos estadounidenses.&#8221; Esto tiene que parar #Ham\u00e1s es igual que ISIS terroristas \u201cSin coraz\u00f3n y mucha maldad\u201d"}]},{"@type":"WebSite","@id":"https:\/\/quehacerpolitico.mx\/#website","url":"https:\/\/quehacerpolitico.mx\/","name":"","description":"","potentialAction":[{"@type":"SearchAction","target":{"@type":"EntryPoint","urlTemplate":"https:\/\/quehacerpolitico.mx\/?s={search_term_string}"},"query-input":{"@type":"PropertyValueSpecification","valueRequired":true,"valueName":"search_term_string"}}],"inLanguage":"es"},{"@type":"Person","@id":"https:\/\/quehacerpolitico.mx\/#\/schema\/person\/496d8ad2d1d3f8036101dca7ee39e585","name":"Redacci\u00f3n QP","image":{"@type":"ImageObject","inLanguage":"es","@id":"https:\/\/secure.gravatar.com\/avatar\/c7164ed6fdec453195284ad24a5ae5b6e1eed2b848477fa2a4787ba9adf39a41?s=96&d=mm&r=g","url":"https:\/\/secure.gravatar.com\/avatar\/c7164ed6fdec453195284ad24a5ae5b6e1eed2b848477fa2a4787ba9adf39a41?s=96&d=mm&r=g","contentUrl":"https:\/\/secure.gravatar.com\/avatar\/c7164ed6fdec453195284ad24a5ae5b6e1eed2b848477fa2a4787ba9adf39a41?s=96&d=mm&r=g","caption":"Redacci\u00f3n QP"},"url":"https:\/\/quehacerpolitico.mx\/?author=2"}]}},"featured_image_urls":{"full":["https:\/\/quehacerpolitico.mx\/wp-content\/uploads\/2023\/10\/photo-output-2.png",2048,1114,false],"thumbnail":["https:\/\/quehacerpolitico.mx\/wp-content\/uploads\/2023\/10\/photo-output-2-150x150.png",150,150,true],"medium":["https:\/\/quehacerpolitico.mx\/wp-content\/uploads\/2023\/10\/photo-output-2-300x163.png",300,163,true],"medium_large":["https:\/\/quehacerpolitico.mx\/wp-content\/uploads\/2023\/10\/photo-output-2-768x418.png",640,348,true],"large":["https:\/\/quehacerpolitico.mx\/wp-content\/uploads\/2023\/10\/photo-output-2-1024x557.png",640,348,true],"1536x1536":["https:\/\/quehacerpolitico.mx\/wp-content\/uploads\/2023\/10\/photo-output-2-1536x836.png",1536,836,true],"2048x2048":["https:\/\/quehacerpolitico.mx\/wp-content\/uploads\/2023\/10\/photo-output-2.png",2048,1114,false],"covernews-featured":["https:\/\/quehacerpolitico.mx\/wp-content\/uploads\/2023\/10\/photo-output-2.png",1024,557,false],"covernews-medium":["https:\/\/quehacerpolitico.mx\/wp-content\/uploads\/2023\/10\/photo-output-2.png",540,294,false]},"author_info":{"display_name":"Redacci\u00f3n QP","author_link":"https:\/\/quehacerpolitico.mx\/?author=2"},"category_info":"<a href=\"https:\/\/quehacerpolitico.mx\/?cat=1\" rel=\"category\">Internacionales<\/a>","tag_info":"Internacionales","comment_count":"0","_links":{"self":[{"href":"https:\/\/quehacerpolitico.mx\/index.php?rest_route=\/wp\/v2\/posts\/105547","targetHints":{"allow":["GET"]}}],"collection":[{"href":"https:\/\/quehacerpolitico.mx\/index.php?rest_route=\/wp\/v2\/posts"}],"about":[{"href":"https:\/\/quehacerpolitico.mx\/index.php?rest_route=\/wp\/v2\/types\/post"}],"author":[{"embeddable":true,"href":"https:\/\/quehacerpolitico.mx\/index.php?rest_route=\/wp\/v2\/users\/2"}],"replies":[{"embeddable":true,"href":"https:\/\/quehacerpolitico.mx\/index.php?rest_route=%2Fwp%2Fv2%2Fcomments&post=105547"}],"version-history":[{"count":1,"href":"https:\/\/quehacerpolitico.mx\/index.php?rest_route=\/wp\/v2\/posts\/105547\/revisions"}],"predecessor-version":[{"id":105549,"href":"https:\/\/quehacerpolitico.mx\/index.php?rest_route=\/wp\/v2\/posts\/105547\/revisions\/105549"}],"wp:featuredmedia":[{"embeddable":true,"href":"https:\/\/quehacerpolitico.mx\/index.php?rest_route=\/wp\/v2\/media\/105548"}],"wp:attachment":[{"href":"https:\/\/quehacerpolitico.mx\/index.php?rest_route=%2Fwp%2Fv2%2Fmedia&parent=105547"}],"wp:term":[{"taxonomy":"category","embeddable":true,"href":"https:\/\/quehacerpolitico.mx\/index.php?rest_route=%2Fwp%2Fv2%2Fcategories&post=105547"},{"taxonomy":"post_tag","embeddable":true,"href":"https:\/\/quehacerpolitico.mx\/index.php?rest_route=%2Fwp%2Fv2%2Ftags&post=105547"}],"curies":[{"name":"wp","href":"https:\/\/api.w.org\/{rel}","templated":true}]}}