{"id":105544,"date":"2023-10-10T18:16:02","date_gmt":"2023-10-10T18:16:02","guid":{"rendered":"https:\/\/quehacerpolitico.mx\/?p=105544"},"modified":"2023-10-10T18:16:07","modified_gmt":"2023-10-10T18:16:07","slug":"tras-los-ataques-de-hamas-tras-las-criticas-de-la-embajadora-de-israel-amlo-dice-somos-pacifistas-ojala-nos-comprenda","status":"publish","type":"post","link":"https:\/\/quehacerpolitico.mx\/?p=105544","title":{"rendered":"Tras los ataques de Ham\u00e1s tras las cr\u00edticas de la embajadora de Israel: AMLO dice \u201cSomos pacifistas, ojal\u00e1 nos comprenda\u201d"},"content":{"rendered":"\n<p>Por Redacci\u00f3n QP<\/p>\n\n\n\n<p>El presidente de M\u00e9xico,\u00a0<strong>Andr\u00e9s Manuel L\u00f3pez Obrador<\/strong>, rechaz\u00f3 este martes condenar directamente los ataques del grupo islamista\u00a0<strong>Ham\u00e1s<\/strong>\u00a0desde la\u00a0<strong>Franja de Gaza<\/strong>, pese a que la embajada de\u00a0<strong>Israel<\/strong>\u00a0en el pa\u00eds lo llam\u00f3 ayer a expresarse de manera m\u00e1s\u00a0<strong>contundente<\/strong> contra estas\u00a0<strong>agresiones<\/strong>\u00a0y criticara que mantenga una\u00a0<strong>posici\u00f3n<\/strong>\u00a0<strong>neutral<\/strong>\u00a0en el conflicto.<\/p>\n\n\n\n<p>\u201cLa embajadora en M\u00e9xico expresa que no est\u00e1 conforme con nuestra\u00a0<strong>postura<\/strong>, tiene todo su derecho a decirlo, a manifestarlo, porque somos\u00a0<strong>libres<\/strong>, nosotros respetamos al gobierno de\u00a0<strong>Israel<\/strong>\u00a0y much\u00edsimo m\u00e1s al\u00a0<strong>pueblo<\/strong>\u00a0de Israel, pero nosotros no queremos la guerra, nosotros no queremos la\u00a0<strong>violencia<\/strong>, nosotros somos\u00a0<strong>pacifistas<\/strong>\u201c.<\/p>\n\n\n\n<figure class=\"wp-block-embed is-type-video is-provider-youtube wp-block-embed-youtube wp-embed-aspect-16-9 wp-has-aspect-ratio\"><div class=\"wp-block-embed__wrapper\">\n<iframe loading=\"lazy\" title=\"Responde AMLO a Israel: somos pacifistas\" width=\"640\" height=\"360\" src=\"https:\/\/www.youtube.com\/embed\/tQAugkzqSSM?feature=oembed\" frameborder=\"0\" allow=\"accelerometer; autoplay; clipboard-write; encrypted-media; gyroscope; picture-in-picture; web-share\" referrerpolicy=\"strict-origin-when-cross-origin\" allowfullscreen><\/iframe>\n<\/div><\/figure>\n\n\n\n<p>\u201cY no queremos que pierda la vida ning\u00fan ser humano, de ninguna nacionalidad, sean&nbsp;<strong>israel\u00edes<\/strong>, sean&nbsp;<strong>palestinos<\/strong>, queremos que se garantice el principal de los&nbsp;<strong>derechos humanos<\/strong>&nbsp;y somos&nbsp;<strong>pacifistas<\/strong>, entonces respetamos mucho su comunicado, su postura, pero ojal\u00e1 nos&nbsp;<strong>comprenda<\/strong>\u201c, se\u00f1al\u00f3 durante su conferencia matutina.<\/p>\n\n\n\n<p>Sobre la situaci\u00f3n de los connacionales en Israel, indic\u00f3 que hay&nbsp;<strong>mil mexicanos<\/strong>&nbsp;que est\u00e1n buscando regresar al pa\u00eds y que su gobierno est\u00e1 pendiente de los&nbsp;<strong>dos ciudadanos<\/strong>&nbsp;que siguen desaparecidos. Este martes se espera el arribo de un vuelo de la Secretar\u00eda de la Defensa Nacional (<strong>Sedena<\/strong>) en el que ser\u00e1n&nbsp;<strong>retornados<\/strong>&nbsp;algunos connacionales.<\/p>\n\n\n\n<p>El mandatario federal dijo ayer que el&nbsp;<strong>gobierno de M\u00e9xico<\/strong>&nbsp;no tomar\u00e1 partido por ninguna de las partes en&nbsp;<strong>conflicto<\/strong>, porque quiere \u201cser factor para la b\u00fasqueda de una soluci\u00f3n&nbsp;<strong>pac\u00edfica<\/strong>\u201d y llam\u00f3 a la Organizaci\u00f3n de las Naciones Unidas (<strong>ONU<\/strong>) a \u201caplicarse a fondo\u201d para lograr el di\u00e1logo y la paz.<\/p>\n\n\n\n<p>\u201cCuando se enfrentan estos\u00a0<strong>conflictos<\/strong>\u00a0tan lamentables, es una situaci\u00f3n de mucha\u00a0<strong>gravedad<\/strong>\u00a0que, m\u00e1s que\u00a0<strong>condenas<\/strong>, lo que requiere es b\u00fasqueda de soluciones\u00a0<strong>pac\u00edficas<\/strong>, que se dialogue y que se evite el que escale m\u00e1s la confrontaci\u00f3n y la violencia\u201d, afirm\u00f3 este lunes.<\/p>\n\n\n\n<p>En tanto, la embajada de&nbsp;<strong>Israel<\/strong>&nbsp;expres\u00f3 su&nbsp;<strong>inconformidad<\/strong>&nbsp;con la postura adoptada por el&nbsp;<strong>presidente<\/strong>&nbsp;<strong>mexicano<\/strong>&nbsp;L\u00f3pez Obrador y le pidi\u00f3 considerar que condene las&nbsp;<strong>agresiones<\/strong>terroristas de&nbsp;<strong>Ham\u00e1s<\/strong>, al se\u00f1alar que amenazan la estabilidad regional e internacional<a href=\"https:\/\/twitter.com\/lopezobrador_\">.<\/a><\/p>\n\n\n\n<p><em>Con informaci\u00f3n de EFE<\/em><\/p>\n","protected":false},"excerpt":{"rendered":"<p>Por Redacci\u00f3n QP El presidente de M\u00e9xico,\u00a0Andr\u00e9s Manuel L\u00f3pez Obrador, rechaz\u00f3 este martes condenar directamente&#8230;<\/p>\n","protected":false},"author":2,"featured_media":105545,"comment_status":"open","ping_status":"open","sticky":false,"template":"","format":"standard","meta":{"_monsterinsights_skip_tracking":false,"_monsterinsights_sitenote_active":false,"_monsterinsights_sitenote_note":"","_monsterinsights_sitenote_category":0,"footnotes":""},"categories":[2],"tags":[],"class_list":["post-105544","post","type-post","status-publish","format-standard","has-post-thumbnail","hentry","category-noticias"],"yoast_head":"<!-- This site is optimized with the Yoast SEO plugin v27.3 - https:\/\/yoast.com\/product\/yoast-seo-wordpress\/ -->\n<title>Tras los ataques de Ham\u00e1s tras las cr\u00edticas de la embajadora de Israel: AMLO dice \u201cSomos pacifistas, ojal\u00e1 nos comprenda\u201d -<\/title>\n<meta name=\"robots\" content=\"index, follow, max-snippet:-1, max-image-preview:large, max-video-preview:-1\" \/>\n<link rel=\"canonical\" href=\"https:\/\/quehacerpolitico.mx\/?p=105544\" \/>\n<meta property=\"og:locale\" content=\"es_MX\" \/>\n<meta property=\"og:type\" content=\"article\" \/>\n<meta property=\"og:title\" content=\"Tras los ataques de Ham\u00e1s tras las cr\u00edticas de la embajadora de Israel: AMLO dice \u201cSomos pacifistas, ojal\u00e1 nos comprenda\u201d -\" \/>\n<meta property=\"og:description\" content=\"Por Redacci\u00f3n QP El presidente de M\u00e9xico,\u00a0Andr\u00e9s Manuel L\u00f3pez Obrador, rechaz\u00f3 este martes condenar directamente...\" \/>\n<meta property=\"og:url\" content=\"https:\/\/quehacerpolitico.mx\/?p=105544\" \/>\n<meta property=\"article:published_time\" content=\"2023-10-10T18:16:02+00:00\" \/>\n<meta property=\"article:modified_time\" content=\"2023-10-10T18:16:07+00:00\" \/>\n<meta property=\"og:image\" content=\"https:\/\/quehacerpolitico.mx\/wp-content\/uploads\/2023\/10\/IMG_1267.jpeg\" \/>\n\t<meta property=\"og:image:width\" content=\"1284\" \/>\n\t<meta property=\"og:image:height\" content=\"701\" \/>\n\t<meta property=\"og:image:type\" content=\"image\/jpeg\" \/>\n<meta name=\"author\" content=\"Redacci\u00f3n QP\" \/>\n<meta name=\"twitter:card\" content=\"summary_large_image\" \/>\n<meta name=\"twitter:label1\" content=\"Escrito por\" \/>\n\t<meta name=\"twitter:data1\" content=\"Redacci\u00f3n QP\" \/>\n\t<meta name=\"twitter:label2\" content=\"Tiempo de lectura\" \/>\n\t<meta name=\"twitter:data2\" content=\"2 minutos\" \/>\n<script type=\"application\/ld+json\" class=\"yoast-schema-graph\">{\"@context\":\"https:\\\/\\\/schema.org\",\"@graph\":[{\"@type\":\"Article\",\"@id\":\"https:\\\/\\\/quehacerpolitico.mx\\\/?p=105544#article\",\"isPartOf\":{\"@id\":\"https:\\\/\\\/quehacerpolitico.mx\\\/?p=105544\"},\"author\":{\"name\":\"Redacci\u00f3n QP\",\"@id\":\"https:\\\/\\\/quehacerpolitico.mx\\\/#\\\/schema\\\/person\\\/496d8ad2d1d3f8036101dca7ee39e585\"},\"headline\":\"Tras los ataques de Ham\u00e1s tras las cr\u00edticas de la embajadora de Israel: AMLO dice \u201cSomos pacifistas, ojal\u00e1 nos comprenda\u201d\",\"datePublished\":\"2023-10-10T18:16:02+00:00\",\"dateModified\":\"2023-10-10T18:16:07+00:00\",\"mainEntityOfPage\":{\"@id\":\"https:\\\/\\\/quehacerpolitico.mx\\\/?p=105544\"},\"wordCount\":438,\"commentCount\":0,\"image\":{\"@id\":\"https:\\\/\\\/quehacerpolitico.mx\\\/?p=105544#primaryimage\"},\"thumbnailUrl\":\"https:\\\/\\\/quehacerpolitico.mx\\\/wp-content\\\/uploads\\\/2023\\\/10\\\/IMG_1267.jpeg\",\"articleSection\":[\"Noticias\"],\"inLanguage\":\"es\",\"potentialAction\":[{\"@type\":\"CommentAction\",\"name\":\"Comment\",\"target\":[\"https:\\\/\\\/quehacerpolitico.mx\\\/?p=105544#respond\"]}]},{\"@type\":\"WebPage\",\"@id\":\"https:\\\/\\\/quehacerpolitico.mx\\\/?p=105544\",\"url\":\"https:\\\/\\\/quehacerpolitico.mx\\\/?p=105544\",\"name\":\"Tras los ataques de Ham\u00e1s tras las cr\u00edticas de la embajadora de Israel: AMLO dice \u201cSomos pacifistas, ojal\u00e1 nos comprenda\u201d -\",\"isPartOf\":{\"@id\":\"https:\\\/\\\/quehacerpolitico.mx\\\/#website\"},\"primaryImageOfPage\":{\"@id\":\"https:\\\/\\\/quehacerpolitico.mx\\\/?p=105544#primaryimage\"},\"image\":{\"@id\":\"https:\\\/\\\/quehacerpolitico.mx\\\/?p=105544#primaryimage\"},\"thumbnailUrl\":\"https:\\\/\\\/quehacerpolitico.mx\\\/wp-content\\\/uploads\\\/2023\\\/10\\\/IMG_1267.jpeg\",\"datePublished\":\"2023-10-10T18:16:02+00:00\",\"dateModified\":\"2023-10-10T18:16:07+00:00\",\"author\":{\"@id\":\"https:\\\/\\\/quehacerpolitico.mx\\\/#\\\/schema\\\/person\\\/496d8ad2d1d3f8036101dca7ee39e585\"},\"breadcrumb\":{\"@id\":\"https:\\\/\\\/quehacerpolitico.mx\\\/?p=105544#breadcrumb\"},\"inLanguage\":\"es\",\"potentialAction\":[{\"@type\":\"ReadAction\",\"target\":[\"https:\\\/\\\/quehacerpolitico.mx\\\/?p=105544\"]}]},{\"@type\":\"ImageObject\",\"inLanguage\":\"es\",\"@id\":\"https:\\\/\\\/quehacerpolitico.mx\\\/?p=105544#primaryimage\",\"url\":\"https:\\\/\\\/quehacerpolitico.mx\\\/wp-content\\\/uploads\\\/2023\\\/10\\\/IMG_1267.jpeg\",\"contentUrl\":\"https:\\\/\\\/quehacerpolitico.mx\\\/wp-content\\\/uploads\\\/2023\\\/10\\\/IMG_1267.jpeg\",\"width\":1284,\"height\":701},{\"@type\":\"BreadcrumbList\",\"@id\":\"https:\\\/\\\/quehacerpolitico.mx\\\/?p=105544#breadcrumb\",\"itemListElement\":[{\"@type\":\"ListItem\",\"position\":1,\"name\":\"Inicio\",\"item\":\"https:\\\/\\\/quehacerpolitico.mx\\\/\"},{\"@type\":\"ListItem\",\"position\":2,\"name\":\"Tras los ataques de Ham\u00e1s tras las cr\u00edticas de la embajadora de Israel: AMLO dice \u201cSomos pacifistas, ojal\u00e1 nos comprenda\u201d\"}]},{\"@type\":\"WebSite\",\"@id\":\"https:\\\/\\\/quehacerpolitico.mx\\\/#website\",\"url\":\"https:\\\/\\\/quehacerpolitico.mx\\\/\",\"name\":\"\",\"description\":\"\",\"potentialAction\":[{\"@type\":\"SearchAction\",\"target\":{\"@type\":\"EntryPoint\",\"urlTemplate\":\"https:\\\/\\\/quehacerpolitico.mx\\\/?s={search_term_string}\"},\"query-input\":{\"@type\":\"PropertyValueSpecification\",\"valueRequired\":true,\"valueName\":\"search_term_string\"}}],\"inLanguage\":\"es\"},{\"@type\":\"Person\",\"@id\":\"https:\\\/\\\/quehacerpolitico.mx\\\/#\\\/schema\\\/person\\\/496d8ad2d1d3f8036101dca7ee39e585\",\"name\":\"Redacci\u00f3n QP\",\"image\":{\"@type\":\"ImageObject\",\"inLanguage\":\"es\",\"@id\":\"https:\\\/\\\/secure.gravatar.com\\\/avatar\\\/c7164ed6fdec453195284ad24a5ae5b6e1eed2b848477fa2a4787ba9adf39a41?s=96&d=mm&r=g\",\"url\":\"https:\\\/\\\/secure.gravatar.com\\\/avatar\\\/c7164ed6fdec453195284ad24a5ae5b6e1eed2b848477fa2a4787ba9adf39a41?s=96&d=mm&r=g\",\"contentUrl\":\"https:\\\/\\\/secure.gravatar.com\\\/avatar\\\/c7164ed6fdec453195284ad24a5ae5b6e1eed2b848477fa2a4787ba9adf39a41?s=96&d=mm&r=g\",\"caption\":\"Redacci\u00f3n QP\"},\"url\":\"https:\\\/\\\/quehacerpolitico.mx\\\/?author=2\"}]}<\/script>\n<!-- \/ Yoast SEO plugin. -->","yoast_head_json":{"title":"Tras los ataques de Ham\u00e1s tras las cr\u00edticas de la embajadora de Israel: AMLO dice \u201cSomos pacifistas, ojal\u00e1 nos comprenda\u201d -","robots":{"index":"index","follow":"follow","max-snippet":"max-snippet:-1","max-image-preview":"max-image-preview:large","max-video-preview":"max-video-preview:-1"},"canonical":"https:\/\/quehacerpolitico.mx\/?p=105544","og_locale":"es_MX","og_type":"article","og_title":"Tras los ataques de Ham\u00e1s tras las cr\u00edticas de la embajadora de Israel: AMLO dice \u201cSomos pacifistas, ojal\u00e1 nos comprenda\u201d -","og_description":"Por Redacci\u00f3n QP El presidente de M\u00e9xico,\u00a0Andr\u00e9s Manuel L\u00f3pez Obrador, rechaz\u00f3 este martes condenar directamente...","og_url":"https:\/\/quehacerpolitico.mx\/?p=105544","article_published_time":"2023-10-10T18:16:02+00:00","article_modified_time":"2023-10-10T18:16:07+00:00","og_image":[{"width":1284,"height":701,"url":"https:\/\/quehacerpolitico.mx\/wp-content\/uploads\/2023\/10\/IMG_1267.jpeg","type":"image\/jpeg"}],"author":"Redacci\u00f3n QP","twitter_card":"summary_large_image","twitter_misc":{"Escrito por":"Redacci\u00f3n QP","Tiempo de lectura":"2 minutos"},"schema":{"@context":"https:\/\/schema.org","@graph":[{"@type":"Article","@id":"https:\/\/quehacerpolitico.mx\/?p=105544#article","isPartOf":{"@id":"https:\/\/quehacerpolitico.mx\/?p=105544"},"author":{"name":"Redacci\u00f3n QP","@id":"https:\/\/quehacerpolitico.mx\/#\/schema\/person\/496d8ad2d1d3f8036101dca7ee39e585"},"headline":"Tras los ataques de Ham\u00e1s tras las cr\u00edticas de la embajadora de Israel: AMLO dice \u201cSomos pacifistas, ojal\u00e1 nos comprenda\u201d","datePublished":"2023-10-10T18:16:02+00:00","dateModified":"2023-10-10T18:16:07+00:00","mainEntityOfPage":{"@id":"https:\/\/quehacerpolitico.mx\/?p=105544"},"wordCount":438,"commentCount":0,"image":{"@id":"https:\/\/quehacerpolitico.mx\/?p=105544#primaryimage"},"thumbnailUrl":"https:\/\/quehacerpolitico.mx\/wp-content\/uploads\/2023\/10\/IMG_1267.jpeg","articleSection":["Noticias"],"inLanguage":"es","potentialAction":[{"@type":"CommentAction","name":"Comment","target":["https:\/\/quehacerpolitico.mx\/?p=105544#respond"]}]},{"@type":"WebPage","@id":"https:\/\/quehacerpolitico.mx\/?p=105544","url":"https:\/\/quehacerpolitico.mx\/?p=105544","name":"Tras los ataques de Ham\u00e1s tras las cr\u00edticas de la embajadora de Israel: AMLO dice \u201cSomos pacifistas, ojal\u00e1 nos comprenda\u201d -","isPartOf":{"@id":"https:\/\/quehacerpolitico.mx\/#website"},"primaryImageOfPage":{"@id":"https:\/\/quehacerpolitico.mx\/?p=105544#primaryimage"},"image":{"@id":"https:\/\/quehacerpolitico.mx\/?p=105544#primaryimage"},"thumbnailUrl":"https:\/\/quehacerpolitico.mx\/wp-content\/uploads\/2023\/10\/IMG_1267.jpeg","datePublished":"2023-10-10T18:16:02+00:00","dateModified":"2023-10-10T18:16:07+00:00","author":{"@id":"https:\/\/quehacerpolitico.mx\/#\/schema\/person\/496d8ad2d1d3f8036101dca7ee39e585"},"breadcrumb":{"@id":"https:\/\/quehacerpolitico.mx\/?p=105544#breadcrumb"},"inLanguage":"es","potentialAction":[{"@type":"ReadAction","target":["https:\/\/quehacerpolitico.mx\/?p=105544"]}]},{"@type":"ImageObject","inLanguage":"es","@id":"https:\/\/quehacerpolitico.mx\/?p=105544#primaryimage","url":"https:\/\/quehacerpolitico.mx\/wp-content\/uploads\/2023\/10\/IMG_1267.jpeg","contentUrl":"https:\/\/quehacerpolitico.mx\/wp-content\/uploads\/2023\/10\/IMG_1267.jpeg","width":1284,"height":701},{"@type":"BreadcrumbList","@id":"https:\/\/quehacerpolitico.mx\/?p=105544#breadcrumb","itemListElement":[{"@type":"ListItem","position":1,"name":"Inicio","item":"https:\/\/quehacerpolitico.mx\/"},{"@type":"ListItem","position":2,"name":"Tras los ataques de Ham\u00e1s tras las cr\u00edticas de la embajadora de Israel: AMLO dice \u201cSomos pacifistas, ojal\u00e1 nos comprenda\u201d"}]},{"@type":"WebSite","@id":"https:\/\/quehacerpolitico.mx\/#website","url":"https:\/\/quehacerpolitico.mx\/","name":"","description":"","potentialAction":[{"@type":"SearchAction","target":{"@type":"EntryPoint","urlTemplate":"https:\/\/quehacerpolitico.mx\/?s={search_term_string}"},"query-input":{"@type":"PropertyValueSpecification","valueRequired":true,"valueName":"search_term_string"}}],"inLanguage":"es"},{"@type":"Person","@id":"https:\/\/quehacerpolitico.mx\/#\/schema\/person\/496d8ad2d1d3f8036101dca7ee39e585","name":"Redacci\u00f3n QP","image":{"@type":"ImageObject","inLanguage":"es","@id":"https:\/\/secure.gravatar.com\/avatar\/c7164ed6fdec453195284ad24a5ae5b6e1eed2b848477fa2a4787ba9adf39a41?s=96&d=mm&r=g","url":"https:\/\/secure.gravatar.com\/avatar\/c7164ed6fdec453195284ad24a5ae5b6e1eed2b848477fa2a4787ba9adf39a41?s=96&d=mm&r=g","contentUrl":"https:\/\/secure.gravatar.com\/avatar\/c7164ed6fdec453195284ad24a5ae5b6e1eed2b848477fa2a4787ba9adf39a41?s=96&d=mm&r=g","caption":"Redacci\u00f3n QP"},"url":"https:\/\/quehacerpolitico.mx\/?author=2"}]}},"featured_image_urls":{"full":["https:\/\/quehacerpolitico.mx\/wp-content\/uploads\/2023\/10\/IMG_1267.jpeg",1284,701,false],"thumbnail":["https:\/\/quehacerpolitico.mx\/wp-content\/uploads\/2023\/10\/IMG_1267-150x150.jpeg",150,150,true],"medium":["https:\/\/quehacerpolitico.mx\/wp-content\/uploads\/2023\/10\/IMG_1267-300x164.jpeg",300,164,true],"medium_large":["https:\/\/quehacerpolitico.mx\/wp-content\/uploads\/2023\/10\/IMG_1267-768x419.jpeg",640,349,true],"large":["https:\/\/quehacerpolitico.mx\/wp-content\/uploads\/2023\/10\/IMG_1267-1024x559.jpeg",640,349,true],"1536x1536":["https:\/\/quehacerpolitico.mx\/wp-content\/uploads\/2023\/10\/IMG_1267.jpeg",1284,701,false],"2048x2048":["https:\/\/quehacerpolitico.mx\/wp-content\/uploads\/2023\/10\/IMG_1267.jpeg",1284,701,false],"covernews-featured":["https:\/\/quehacerpolitico.mx\/wp-content\/uploads\/2023\/10\/IMG_1267.jpeg",1024,559,false],"covernews-medium":["https:\/\/quehacerpolitico.mx\/wp-content\/uploads\/2023\/10\/IMG_1267.jpeg",540,295,false]},"author_info":{"display_name":"Redacci\u00f3n QP","author_link":"https:\/\/quehacerpolitico.mx\/?author=2"},"category_info":"<a href=\"https:\/\/quehacerpolitico.mx\/?cat=2\" rel=\"category\">Noticias<\/a>","tag_info":"Noticias","comment_count":"0","_links":{"self":[{"href":"https:\/\/quehacerpolitico.mx\/index.php?rest_route=\/wp\/v2\/posts\/105544","targetHints":{"allow":["GET"]}}],"collection":[{"href":"https:\/\/quehacerpolitico.mx\/index.php?rest_route=\/wp\/v2\/posts"}],"about":[{"href":"https:\/\/quehacerpolitico.mx\/index.php?rest_route=\/wp\/v2\/types\/post"}],"author":[{"embeddable":true,"href":"https:\/\/quehacerpolitico.mx\/index.php?rest_route=\/wp\/v2\/users\/2"}],"replies":[{"embeddable":true,"href":"https:\/\/quehacerpolitico.mx\/index.php?rest_route=%2Fwp%2Fv2%2Fcomments&post=105544"}],"version-history":[{"count":1,"href":"https:\/\/quehacerpolitico.mx\/index.php?rest_route=\/wp\/v2\/posts\/105544\/revisions"}],"predecessor-version":[{"id":105546,"href":"https:\/\/quehacerpolitico.mx\/index.php?rest_route=\/wp\/v2\/posts\/105544\/revisions\/105546"}],"wp:featuredmedia":[{"embeddable":true,"href":"https:\/\/quehacerpolitico.mx\/index.php?rest_route=\/wp\/v2\/media\/105545"}],"wp:attachment":[{"href":"https:\/\/quehacerpolitico.mx\/index.php?rest_route=%2Fwp%2Fv2%2Fmedia&parent=105544"}],"wp:term":[{"taxonomy":"category","embeddable":true,"href":"https:\/\/quehacerpolitico.mx\/index.php?rest_route=%2Fwp%2Fv2%2Fcategories&post=105544"},{"taxonomy":"post_tag","embeddable":true,"href":"https:\/\/quehacerpolitico.mx\/index.php?rest_route=%2Fwp%2Fv2%2Ftags&post=105544"}],"curies":[{"name":"wp","href":"https:\/\/api.w.org\/{rel}","templated":true}]}}