{"id":105536,"date":"2023-10-10T17:20:33","date_gmt":"2023-10-10T17:20:33","guid":{"rendered":"https:\/\/quehacerpolitico.mx\/?p=105536"},"modified":"2023-10-10T17:20:37","modified_gmt":"2023-10-10T17:20:37","slug":"la-economia-mundial-pierde-inercia-el-fmi-rebaja-a-2-9-su-prevision-de-crecimiento-economico-en-2024-por-las-altas-tasas-de-interes","status":"publish","type":"post","link":"https:\/\/quehacerpolitico.mx\/?p=105536","title":{"rendered":"La\u00a0econom\u00eda mundial\u00a0pierde inercia el FMI rebaja a 2.9% su previsi\u00f3n de crecimiento econ\u00f3mico en 2024 por las altas tasas de inter\u00e9s"},"content":{"rendered":"\n<p>Por Redacci\u00f3n QP<\/p>\n\n\n\n<p>La&nbsp;<strong>econom\u00eda mundial<\/strong>&nbsp;pierde inercia ante unas tasas de inter\u00e9s m\u00e1s altas, la guerra que contin\u00faa en&nbsp;<strong>Ucrania<\/strong>&nbsp;y las crecientes fracturas geopol\u00edticas, seg\u00fan advirti\u00f3 el martes el Fondo Monetario Internacional (<strong>FMI<\/strong>).<\/p>\n\n\n\n<p>El FMI estima que el\u00a0<strong>crecimiento econ\u00f3mico<\/strong>global perder\u00e1 velocidad, a un 2.9% en 2024 en comparaci\u00f3n con el 3% de este a\u00f1o. La previsi\u00f3n para el a\u00f1o que viene se redujo ligeramente del 3% previsto en julio.<\/p>\n\n\n\n<p>La desaceleraci\u00f3n se produjo en un momento en el que el mundo a\u00fan no se recupera por completo de una devastadora pero breve recesi\u00f3n asociada a la Covid-19 en 2020. Una serie de eventos, como la&nbsp;<strong>pandemia<\/strong>&nbsp;y la<strong>invasi\u00f3n rusa de Ucrania<\/strong>, han reducido la producci\u00f3n&nbsp;<strong>econ\u00f3mica mundial&nbsp;<\/strong>en unos 3.7 billones en los \u00faltimos tres a\u00f1os, en comparaci\u00f3n con las tendencias previas a la pandemia.<\/p>\n\n\n\n<p>\u201cVemos una econom\u00eda global que avanza renqueante\u201d, dijo a la prensa el economista jefe del FMI, Pierre-Olivier Gourinchas, antes de las reuniones de oto\u00f1o del FMI y el<strong>&nbsp;Banco Mundial<\/strong>&nbsp;que se celebran esta semana en Marrakech, Marruecos.<\/p>\n\n\n\n<p>La expectativa del FMI de&nbsp;<strong>crecimiento<\/strong>&nbsp;para este a\u00f1o se ha rebajado desde el 3.5% de 2022, aunque se mantiene desde sus previsiones de julio.<\/p>\n\n\n\n<p>No todo son malas noticias. La econom\u00eda global ha mostrado una \u201cresiliencia llamativa\u201d, dijo Gourinchas, en un momento en el que la Reserva Federal de Estados Unidos y otros&nbsp;<strong>bancos centrales&nbsp;<\/strong>han subido de forma agresiva las<strong>&nbsp;tasas de inter\u00e9s&nbsp;<\/strong>para combatir un repunte en la&nbsp;<strong>inflaci\u00f3n<\/strong>.<\/p>\n\n\n\n<p>Los incrementos han ayudado a moderar la presi\u00f3n sobre los precios sin dejar a mucha gente sin trabajo. Esa combinaci\u00f3n, explic\u00f3, es \u201ccada vez m\u00e1s consistente\u201d con el llamado aterrizaje suave, la idea de que la&nbsp;<strong>inflaci\u00f3n<\/strong>puede contenerse sin provocar una recesi\u00f3n.<\/p>\n\n\n\n<p>El FMI espera la&nbsp;<strong>inflaci\u00f3n global&nbsp;<\/strong>de precios al consumo caiga del 8.7% de 2022 al 6.9% este a\u00f1o y el 5.8% en 2024.<\/p>\n\n\n\n<p>E<strong>stados Unido<\/strong>s es un caso aparte en la \u00faltima previsi\u00f3n de la instituci\u00f3n. El FMI mejor\u00f3 su previsi\u00f3n de crecimiento para el pa\u00eds a un 2.1% este a\u00f1o, la misma cifra que en 2022, y un 1.5% en 2024, un incremento considerable desde el 1% que hab\u00eda indicado en julio.<\/p>\n\n\n\n<blockquote class=\"wp-block-quote is-layout-flow wp-block-quote-is-layout-flow\">\n<p>Estados Unidos, un pa\u00eds que exporta energ\u00eda, no ha sufrido tanto como los pa\u00edses en Europa y otros lugares por los precios m\u00e1s altos del&nbsp;<strong>crudo<\/strong>, que se dispararon despu\u00e9s de que&nbsp;<strong>Rusia<\/strong>&nbsp;invadiera&nbsp;<strong>Ucrania<\/strong>&nbsp;el a\u00f1o pasado y de nuevo m\u00e1s recientemente porque&nbsp;<strong>Arabia Saud\u00ed&nbsp;<\/strong>redujo su producci\u00f3n.&nbsp;<\/p>\n\n\n\n<p>Adem\u00e1s, los consumidores&nbsp;<strong>estadounidenses<\/strong>han estado m\u00e1s dispuestos que la mayor\u00eda a gastar los ahorros acumulados durante la&nbsp;<strong>pandemia<\/strong>.<\/p>\n\n\n\n<p>El panorama es m\u00e1s sombr\u00edo en los 20 pa\u00edses que utilizan el euro, m\u00e1s expuestos a los crecientes costos de la&nbsp;<strong>energ\u00eda<\/strong>. El FMI rebaj\u00f3 la estimaci\u00f3n de crecimiento de la eurozona al 0.7% este a\u00f1o y el 1.2% en 2024. De hecho prev\u00e9 que la econom\u00eda alemana se contraiga en un 0.5% este a\u00f1o antes de recuperar un&nbsp;<strong>crecimiento<\/strong>&nbsp;del 0.9% el a\u00f1o siguiente.<\/p>\n\n\n\n<p>La econ<strong>om\u00eda china<\/strong>, la segunda m\u00e1s grande del mundo, crecer\u00eda un 5% este a\u00f1o y un 4.2% en 2024, dos previsiones por debajo de lo que esperaba el&nbsp;<strong>FMI<\/strong>&nbsp;en julio.<\/p>\n\n\n\n<p>Se esperaba que China se recuperase este a\u00f1o despu\u00e9s de que el&nbsp;<strong>gobierno comunista&nbsp;<\/strong>retirase los draconianos confinamientos de su pol\u00edtica \u201ccero Covid\u201d, que lastraron el crecimiento en 2022, pero el pa\u00eds est\u00e1 teniendo problemas debido a su endeudado mercado de<strong>bienes ra\u00edces.<\/strong><\/p>\n\n\n\n<p>El&nbsp;<strong>FMI<\/strong>&nbsp;expres\u00f3 de nuevo sus preocupaciones porque los pa\u00edses del mundo se est\u00e1n dividiendo en&nbsp;<strong>bloques<\/strong>&nbsp;<strong>geopol\u00edticos<\/strong>&nbsp;que podr\u00edan limitar el comercio internacional y el crecimiento econ\u00f3mico en todo el planeta.<\/p>\n\n\n\n<blockquote class=\"wp-block-quote is-layout-flow wp-block-quote-is-layout-flow\">\n<p>Estados Unidos y sus aliados han impuesto sanciones sin precedentes sobre&nbsp;<strong>Rusia<\/strong>&nbsp;por su invasi\u00f3n de Ucrania y han pedido reducir la dependencia de las<strong>&nbsp;importaciones chinas&nbsp;<\/strong>conforme crecen las tensiones con Beijing.<\/p>\n\n\n\n<p>El FMI se\u00f1alo que el a\u00f1o pasado, los pa\u00edses impusieron casi 3 mil nuevas restricciones al comercio, en comparaci\u00f3n con menos de mil en 2019. La organizaci\u00f3n esperaba que el&nbsp;<strong>comercio internacional<\/strong>&nbsp;creciera apenas uno 0.9% este a\u00f1o y un 3.5% en 2024, muy por debajo de la media anual del 4.9% entre 2000 y 2019<a href=\"https:\/\/www.imf.org\/es\/Home\">.<\/a><\/p>\n<cite>Con informaci\u00f3n de AP<\/cite><\/blockquote>\n<\/blockquote>\n","protected":false},"excerpt":{"rendered":"<p>Por Redacci\u00f3n QP La&nbsp;econom\u00eda mundial&nbsp;pierde inercia ante unas tasas de inter\u00e9s m\u00e1s altas, la guerra&#8230;<\/p>\n","protected":false},"author":2,"featured_media":105537,"comment_status":"open","ping_status":"open","sticky":false,"template":"","format":"standard","meta":{"_monsterinsights_skip_tracking":false,"_monsterinsights_sitenote_active":false,"_monsterinsights_sitenote_note":"","_monsterinsights_sitenote_category":0,"footnotes":""},"categories":[56],"tags":[],"class_list":["post-105536","post","type-post","status-publish","format-standard","has-post-thumbnail","hentry","category-economia"],"yoast_head":"<!-- This site is optimized with the Yoast SEO plugin v27.3 - https:\/\/yoast.com\/product\/yoast-seo-wordpress\/ -->\n<title>La\u00a0econom\u00eda mundial\u00a0pierde inercia el FMI rebaja a 2.9% su previsi\u00f3n de crecimiento econ\u00f3mico en 2024 por las altas tasas de inter\u00e9s -<\/title>\n<meta name=\"robots\" content=\"index, follow, max-snippet:-1, max-image-preview:large, max-video-preview:-1\" \/>\n<link rel=\"canonical\" href=\"https:\/\/quehacerpolitico.mx\/?p=105536\" \/>\n<meta property=\"og:locale\" content=\"es_MX\" \/>\n<meta property=\"og:type\" content=\"article\" \/>\n<meta property=\"og:title\" content=\"La\u00a0econom\u00eda mundial\u00a0pierde inercia el FMI rebaja a 2.9% su previsi\u00f3n de crecimiento econ\u00f3mico en 2024 por las altas tasas de inter\u00e9s -\" \/>\n<meta property=\"og:description\" content=\"Por Redacci\u00f3n QP La&nbsp;econom\u00eda mundial&nbsp;pierde inercia ante unas tasas de inter\u00e9s m\u00e1s altas, la guerra...\" \/>\n<meta property=\"og:url\" content=\"https:\/\/quehacerpolitico.mx\/?p=105536\" \/>\n<meta property=\"article:published_time\" content=\"2023-10-10T17:20:33+00:00\" \/>\n<meta property=\"article:modified_time\" content=\"2023-10-10T17:20:37+00:00\" \/>\n<meta property=\"og:image\" content=\"https:\/\/quehacerpolitico.mx\/wp-content\/uploads\/2023\/10\/IMG_1263.jpeg\" \/>\n\t<meta property=\"og:image:width\" content=\"758\" \/>\n\t<meta property=\"og:image:height\" content=\"404\" \/>\n\t<meta property=\"og:image:type\" content=\"image\/jpeg\" \/>\n<meta name=\"author\" content=\"Redacci\u00f3n QP\" \/>\n<meta name=\"twitter:card\" content=\"summary_large_image\" \/>\n<meta name=\"twitter:label1\" content=\"Escrito por\" \/>\n\t<meta name=\"twitter:data1\" content=\"Redacci\u00f3n QP\" \/>\n\t<meta name=\"twitter:label2\" content=\"Tiempo de lectura\" \/>\n\t<meta name=\"twitter:data2\" content=\"4 minutos\" \/>\n<script type=\"application\/ld+json\" class=\"yoast-schema-graph\">{\"@context\":\"https:\\\/\\\/schema.org\",\"@graph\":[{\"@type\":\"Article\",\"@id\":\"https:\\\/\\\/quehacerpolitico.mx\\\/?p=105536#article\",\"isPartOf\":{\"@id\":\"https:\\\/\\\/quehacerpolitico.mx\\\/?p=105536\"},\"author\":{\"name\":\"Redacci\u00f3n QP\",\"@id\":\"https:\\\/\\\/quehacerpolitico.mx\\\/#\\\/schema\\\/person\\\/496d8ad2d1d3f8036101dca7ee39e585\"},\"headline\":\"La\u00a0econom\u00eda mundial\u00a0pierde inercia el FMI rebaja a 2.9% su previsi\u00f3n de crecimiento econ\u00f3mico en 2024 por las altas tasas de inter\u00e9s\",\"datePublished\":\"2023-10-10T17:20:33+00:00\",\"dateModified\":\"2023-10-10T17:20:37+00:00\",\"mainEntityOfPage\":{\"@id\":\"https:\\\/\\\/quehacerpolitico.mx\\\/?p=105536\"},\"wordCount\":813,\"commentCount\":0,\"image\":{\"@id\":\"https:\\\/\\\/quehacerpolitico.mx\\\/?p=105536#primaryimage\"},\"thumbnailUrl\":\"https:\\\/\\\/quehacerpolitico.mx\\\/wp-content\\\/uploads\\\/2023\\\/10\\\/IMG_1263.jpeg\",\"articleSection\":[\"Econom\u00eda\"],\"inLanguage\":\"es\",\"potentialAction\":[{\"@type\":\"CommentAction\",\"name\":\"Comment\",\"target\":[\"https:\\\/\\\/quehacerpolitico.mx\\\/?p=105536#respond\"]}]},{\"@type\":\"WebPage\",\"@id\":\"https:\\\/\\\/quehacerpolitico.mx\\\/?p=105536\",\"url\":\"https:\\\/\\\/quehacerpolitico.mx\\\/?p=105536\",\"name\":\"La\u00a0econom\u00eda mundial\u00a0pierde inercia el FMI rebaja a 2.9% su previsi\u00f3n de crecimiento econ\u00f3mico en 2024 por las altas tasas de inter\u00e9s -\",\"isPartOf\":{\"@id\":\"https:\\\/\\\/quehacerpolitico.mx\\\/#website\"},\"primaryImageOfPage\":{\"@id\":\"https:\\\/\\\/quehacerpolitico.mx\\\/?p=105536#primaryimage\"},\"image\":{\"@id\":\"https:\\\/\\\/quehacerpolitico.mx\\\/?p=105536#primaryimage\"},\"thumbnailUrl\":\"https:\\\/\\\/quehacerpolitico.mx\\\/wp-content\\\/uploads\\\/2023\\\/10\\\/IMG_1263.jpeg\",\"datePublished\":\"2023-10-10T17:20:33+00:00\",\"dateModified\":\"2023-10-10T17:20:37+00:00\",\"author\":{\"@id\":\"https:\\\/\\\/quehacerpolitico.mx\\\/#\\\/schema\\\/person\\\/496d8ad2d1d3f8036101dca7ee39e585\"},\"breadcrumb\":{\"@id\":\"https:\\\/\\\/quehacerpolitico.mx\\\/?p=105536#breadcrumb\"},\"inLanguage\":\"es\",\"potentialAction\":[{\"@type\":\"ReadAction\",\"target\":[\"https:\\\/\\\/quehacerpolitico.mx\\\/?p=105536\"]}]},{\"@type\":\"ImageObject\",\"inLanguage\":\"es\",\"@id\":\"https:\\\/\\\/quehacerpolitico.mx\\\/?p=105536#primaryimage\",\"url\":\"https:\\\/\\\/quehacerpolitico.mx\\\/wp-content\\\/uploads\\\/2023\\\/10\\\/IMG_1263.jpeg\",\"contentUrl\":\"https:\\\/\\\/quehacerpolitico.mx\\\/wp-content\\\/uploads\\\/2023\\\/10\\\/IMG_1263.jpeg\",\"width\":758,\"height\":404},{\"@type\":\"BreadcrumbList\",\"@id\":\"https:\\\/\\\/quehacerpolitico.mx\\\/?p=105536#breadcrumb\",\"itemListElement\":[{\"@type\":\"ListItem\",\"position\":1,\"name\":\"Inicio\",\"item\":\"https:\\\/\\\/quehacerpolitico.mx\\\/\"},{\"@type\":\"ListItem\",\"position\":2,\"name\":\"La\u00a0econom\u00eda mundial\u00a0pierde inercia el FMI rebaja a 2.9% su previsi\u00f3n de crecimiento econ\u00f3mico en 2024 por las altas tasas de inter\u00e9s\"}]},{\"@type\":\"WebSite\",\"@id\":\"https:\\\/\\\/quehacerpolitico.mx\\\/#website\",\"url\":\"https:\\\/\\\/quehacerpolitico.mx\\\/\",\"name\":\"\",\"description\":\"\",\"potentialAction\":[{\"@type\":\"SearchAction\",\"target\":{\"@type\":\"EntryPoint\",\"urlTemplate\":\"https:\\\/\\\/quehacerpolitico.mx\\\/?s={search_term_string}\"},\"query-input\":{\"@type\":\"PropertyValueSpecification\",\"valueRequired\":true,\"valueName\":\"search_term_string\"}}],\"inLanguage\":\"es\"},{\"@type\":\"Person\",\"@id\":\"https:\\\/\\\/quehacerpolitico.mx\\\/#\\\/schema\\\/person\\\/496d8ad2d1d3f8036101dca7ee39e585\",\"name\":\"Redacci\u00f3n QP\",\"image\":{\"@type\":\"ImageObject\",\"inLanguage\":\"es\",\"@id\":\"https:\\\/\\\/secure.gravatar.com\\\/avatar\\\/c7164ed6fdec453195284ad24a5ae5b6e1eed2b848477fa2a4787ba9adf39a41?s=96&d=mm&r=g\",\"url\":\"https:\\\/\\\/secure.gravatar.com\\\/avatar\\\/c7164ed6fdec453195284ad24a5ae5b6e1eed2b848477fa2a4787ba9adf39a41?s=96&d=mm&r=g\",\"contentUrl\":\"https:\\\/\\\/secure.gravatar.com\\\/avatar\\\/c7164ed6fdec453195284ad24a5ae5b6e1eed2b848477fa2a4787ba9adf39a41?s=96&d=mm&r=g\",\"caption\":\"Redacci\u00f3n QP\"},\"url\":\"https:\\\/\\\/quehacerpolitico.mx\\\/?author=2\"}]}<\/script>\n<!-- \/ Yoast SEO plugin. -->","yoast_head_json":{"title":"La\u00a0econom\u00eda mundial\u00a0pierde inercia el FMI rebaja a 2.9% su previsi\u00f3n de crecimiento econ\u00f3mico en 2024 por las altas tasas de inter\u00e9s -","robots":{"index":"index","follow":"follow","max-snippet":"max-snippet:-1","max-image-preview":"max-image-preview:large","max-video-preview":"max-video-preview:-1"},"canonical":"https:\/\/quehacerpolitico.mx\/?p=105536","og_locale":"es_MX","og_type":"article","og_title":"La\u00a0econom\u00eda mundial\u00a0pierde inercia el FMI rebaja a 2.9% su previsi\u00f3n de crecimiento econ\u00f3mico en 2024 por las altas tasas de inter\u00e9s -","og_description":"Por Redacci\u00f3n QP La&nbsp;econom\u00eda mundial&nbsp;pierde inercia ante unas tasas de inter\u00e9s m\u00e1s altas, la guerra...","og_url":"https:\/\/quehacerpolitico.mx\/?p=105536","article_published_time":"2023-10-10T17:20:33+00:00","article_modified_time":"2023-10-10T17:20:37+00:00","og_image":[{"width":758,"height":404,"url":"https:\/\/quehacerpolitico.mx\/wp-content\/uploads\/2023\/10\/IMG_1263.jpeg","type":"image\/jpeg"}],"author":"Redacci\u00f3n QP","twitter_card":"summary_large_image","twitter_misc":{"Escrito por":"Redacci\u00f3n QP","Tiempo de lectura":"4 minutos"},"schema":{"@context":"https:\/\/schema.org","@graph":[{"@type":"Article","@id":"https:\/\/quehacerpolitico.mx\/?p=105536#article","isPartOf":{"@id":"https:\/\/quehacerpolitico.mx\/?p=105536"},"author":{"name":"Redacci\u00f3n QP","@id":"https:\/\/quehacerpolitico.mx\/#\/schema\/person\/496d8ad2d1d3f8036101dca7ee39e585"},"headline":"La\u00a0econom\u00eda mundial\u00a0pierde inercia el FMI rebaja a 2.9% su previsi\u00f3n de crecimiento econ\u00f3mico en 2024 por las altas tasas de inter\u00e9s","datePublished":"2023-10-10T17:20:33+00:00","dateModified":"2023-10-10T17:20:37+00:00","mainEntityOfPage":{"@id":"https:\/\/quehacerpolitico.mx\/?p=105536"},"wordCount":813,"commentCount":0,"image":{"@id":"https:\/\/quehacerpolitico.mx\/?p=105536#primaryimage"},"thumbnailUrl":"https:\/\/quehacerpolitico.mx\/wp-content\/uploads\/2023\/10\/IMG_1263.jpeg","articleSection":["Econom\u00eda"],"inLanguage":"es","potentialAction":[{"@type":"CommentAction","name":"Comment","target":["https:\/\/quehacerpolitico.mx\/?p=105536#respond"]}]},{"@type":"WebPage","@id":"https:\/\/quehacerpolitico.mx\/?p=105536","url":"https:\/\/quehacerpolitico.mx\/?p=105536","name":"La\u00a0econom\u00eda mundial\u00a0pierde inercia el FMI rebaja a 2.9% su previsi\u00f3n de crecimiento econ\u00f3mico en 2024 por las altas tasas de inter\u00e9s -","isPartOf":{"@id":"https:\/\/quehacerpolitico.mx\/#website"},"primaryImageOfPage":{"@id":"https:\/\/quehacerpolitico.mx\/?p=105536#primaryimage"},"image":{"@id":"https:\/\/quehacerpolitico.mx\/?p=105536#primaryimage"},"thumbnailUrl":"https:\/\/quehacerpolitico.mx\/wp-content\/uploads\/2023\/10\/IMG_1263.jpeg","datePublished":"2023-10-10T17:20:33+00:00","dateModified":"2023-10-10T17:20:37+00:00","author":{"@id":"https:\/\/quehacerpolitico.mx\/#\/schema\/person\/496d8ad2d1d3f8036101dca7ee39e585"},"breadcrumb":{"@id":"https:\/\/quehacerpolitico.mx\/?p=105536#breadcrumb"},"inLanguage":"es","potentialAction":[{"@type":"ReadAction","target":["https:\/\/quehacerpolitico.mx\/?p=105536"]}]},{"@type":"ImageObject","inLanguage":"es","@id":"https:\/\/quehacerpolitico.mx\/?p=105536#primaryimage","url":"https:\/\/quehacerpolitico.mx\/wp-content\/uploads\/2023\/10\/IMG_1263.jpeg","contentUrl":"https:\/\/quehacerpolitico.mx\/wp-content\/uploads\/2023\/10\/IMG_1263.jpeg","width":758,"height":404},{"@type":"BreadcrumbList","@id":"https:\/\/quehacerpolitico.mx\/?p=105536#breadcrumb","itemListElement":[{"@type":"ListItem","position":1,"name":"Inicio","item":"https:\/\/quehacerpolitico.mx\/"},{"@type":"ListItem","position":2,"name":"La\u00a0econom\u00eda mundial\u00a0pierde inercia el FMI rebaja a 2.9% su previsi\u00f3n de crecimiento econ\u00f3mico en 2024 por las altas tasas de inter\u00e9s"}]},{"@type":"WebSite","@id":"https:\/\/quehacerpolitico.mx\/#website","url":"https:\/\/quehacerpolitico.mx\/","name":"","description":"","potentialAction":[{"@type":"SearchAction","target":{"@type":"EntryPoint","urlTemplate":"https:\/\/quehacerpolitico.mx\/?s={search_term_string}"},"query-input":{"@type":"PropertyValueSpecification","valueRequired":true,"valueName":"search_term_string"}}],"inLanguage":"es"},{"@type":"Person","@id":"https:\/\/quehacerpolitico.mx\/#\/schema\/person\/496d8ad2d1d3f8036101dca7ee39e585","name":"Redacci\u00f3n QP","image":{"@type":"ImageObject","inLanguage":"es","@id":"https:\/\/secure.gravatar.com\/avatar\/c7164ed6fdec453195284ad24a5ae5b6e1eed2b848477fa2a4787ba9adf39a41?s=96&d=mm&r=g","url":"https:\/\/secure.gravatar.com\/avatar\/c7164ed6fdec453195284ad24a5ae5b6e1eed2b848477fa2a4787ba9adf39a41?s=96&d=mm&r=g","contentUrl":"https:\/\/secure.gravatar.com\/avatar\/c7164ed6fdec453195284ad24a5ae5b6e1eed2b848477fa2a4787ba9adf39a41?s=96&d=mm&r=g","caption":"Redacci\u00f3n QP"},"url":"https:\/\/quehacerpolitico.mx\/?author=2"}]}},"featured_image_urls":{"full":["https:\/\/quehacerpolitico.mx\/wp-content\/uploads\/2023\/10\/IMG_1263.jpeg",758,404,false],"thumbnail":["https:\/\/quehacerpolitico.mx\/wp-content\/uploads\/2023\/10\/IMG_1263-150x150.jpeg",150,150,true],"medium":["https:\/\/quehacerpolitico.mx\/wp-content\/uploads\/2023\/10\/IMG_1263-300x160.jpeg",300,160,true],"medium_large":["https:\/\/quehacerpolitico.mx\/wp-content\/uploads\/2023\/10\/IMG_1263.jpeg",640,341,false],"large":["https:\/\/quehacerpolitico.mx\/wp-content\/uploads\/2023\/10\/IMG_1263.jpeg",640,341,false],"1536x1536":["https:\/\/quehacerpolitico.mx\/wp-content\/uploads\/2023\/10\/IMG_1263.jpeg",758,404,false],"2048x2048":["https:\/\/quehacerpolitico.mx\/wp-content\/uploads\/2023\/10\/IMG_1263.jpeg",758,404,false],"covernews-featured":["https:\/\/quehacerpolitico.mx\/wp-content\/uploads\/2023\/10\/IMG_1263.jpeg",758,404,false],"covernews-medium":["https:\/\/quehacerpolitico.mx\/wp-content\/uploads\/2023\/10\/IMG_1263.jpeg",540,288,false]},"author_info":{"display_name":"Redacci\u00f3n QP","author_link":"https:\/\/quehacerpolitico.mx\/?author=2"},"category_info":"<a href=\"https:\/\/quehacerpolitico.mx\/?cat=56\" rel=\"category\">Econom\u00eda<\/a>","tag_info":"Econom\u00eda","comment_count":"0","_links":{"self":[{"href":"https:\/\/quehacerpolitico.mx\/index.php?rest_route=\/wp\/v2\/posts\/105536","targetHints":{"allow":["GET"]}}],"collection":[{"href":"https:\/\/quehacerpolitico.mx\/index.php?rest_route=\/wp\/v2\/posts"}],"about":[{"href":"https:\/\/quehacerpolitico.mx\/index.php?rest_route=\/wp\/v2\/types\/post"}],"author":[{"embeddable":true,"href":"https:\/\/quehacerpolitico.mx\/index.php?rest_route=\/wp\/v2\/users\/2"}],"replies":[{"embeddable":true,"href":"https:\/\/quehacerpolitico.mx\/index.php?rest_route=%2Fwp%2Fv2%2Fcomments&post=105536"}],"version-history":[{"count":1,"href":"https:\/\/quehacerpolitico.mx\/index.php?rest_route=\/wp\/v2\/posts\/105536\/revisions"}],"predecessor-version":[{"id":105538,"href":"https:\/\/quehacerpolitico.mx\/index.php?rest_route=\/wp\/v2\/posts\/105536\/revisions\/105538"}],"wp:featuredmedia":[{"embeddable":true,"href":"https:\/\/quehacerpolitico.mx\/index.php?rest_route=\/wp\/v2\/media\/105537"}],"wp:attachment":[{"href":"https:\/\/quehacerpolitico.mx\/index.php?rest_route=%2Fwp%2Fv2%2Fmedia&parent=105536"}],"wp:term":[{"taxonomy":"category","embeddable":true,"href":"https:\/\/quehacerpolitico.mx\/index.php?rest_route=%2Fwp%2Fv2%2Fcategories&post=105536"},{"taxonomy":"post_tag","embeddable":true,"href":"https:\/\/quehacerpolitico.mx\/index.php?rest_route=%2Fwp%2Fv2%2Ftags&post=105536"}],"curies":[{"name":"wp","href":"https:\/\/api.w.org\/{rel}","templated":true}]}}