{"id":105533,"date":"2023-10-10T15:07:46","date_gmt":"2023-10-10T15:07:46","guid":{"rendered":"https:\/\/quehacerpolitico.mx\/?p=105533"},"modified":"2023-10-10T15:07:49","modified_gmt":"2023-10-10T15:07:49","slug":"el-presidente-lopez-obrador-reconocio-este-lunes-el-trabajo-que-realizo-juan-ramon-de-la-fuente-ante-la-onu","status":"publish","type":"post","link":"https:\/\/quehacerpolitico.mx\/?p=105533","title":{"rendered":"El presidente\u00a0L\u00f3pez Obrador\u00a0reconoci\u00f3\u00a0este lunes el\u00a0trabajo\u00a0que realiz\u00f3\u00a0Juan Ram\u00f3n de la Fuente ante la ONU"},"content":{"rendered":"\n<p>Por Redacci\u00f3n QP<\/p>\n\n\n\n<p>L\u00f3pez Obrador pedir\u00e1 a SRE que Juan Ram\u00f3n de la Fuente sea el encargado de representar a M\u00e9xico en la cumbre sobre control de armas nucleares<\/p>\n\n\n\n<p>El presidente\u00a0<strong>Andres Manuel\u00a0L\u00f3pez Obrador<\/strong>\u00a0<strong>reconoci\u00f3<\/strong>\u00a0este lunes el\u00a0<strong>trabajo<\/strong>\u00a0que realiz\u00f3\u00a0<strong>Juan Ram\u00f3n de la Fuente<\/strong>\u00a0durante el tiempo en que estuvo como representante de M\u00e9xico en las\u00a0<strong>Naciones Unidas<\/strong>\u00a0(<strong>ONU<\/strong>).<\/p>\n\n\n\n<p>En la conferencia matutina de Palacio Nacional, L\u00f3pez Obrador detall\u00f3 que pedir\u00e1 a la titular de la\u00a0<strong>Secretar\u00eda de Relaciones Exteriores<\/strong>\u00a0(<strong>SRE<\/strong>),\u00a0<strong>Alicia B\u00e1rcena<\/strong>, para que De la Fuente Ram\u00edrez sea el encargado de representar a nuestro pa\u00eds en en el encuentro en la ONU sobre control de armas nucleares.<\/p>\n\n\n\n<p>Concluy\u00f3 el doctor Juan Ram\u00f3n de la Fuente, que hizo un trabajo de primera, le toc\u00f3 representarnos cuando M\u00e9xico form\u00f3 parte del Consejo de Seguridad de la ONU, se presentaron muy buenas iniciativas, hizo muy buen trabajo\u201d, declar\u00f3.<\/p>\n\n\n\n<p>\u201cHizo muy buen trabajo al grado que ahora precisamente que va a haber un encuentro para evitar el uso de armas nucleares, es algo que M\u00e9xico siempre ha deseado, el control de las armas nucleares\u201d, indic\u00f3.<\/p>\n\n\n\n<p>\u201c\u00c9l siendo representante de Mexico en la ONU, fue seleccionado para conducir la reuni\u00f3n con este prop\u00f3sito de control de armas nucleares y ya no est\u00e1 porque decidi\u00f3 regresar a M\u00e9xico, estuvo conmigo, lo invit\u00e9, fue invitado especial \u00e9l y su esposa al Grito el D\u00eda 15 de septiembre, pero a\u00fan no estando \u00e9l como embajador le he pedido a la secretaria de Relaciones Exteriores, Alicia B\u00e1rcena, que nos represente Juan Ram\u00f3n en esta reuni\u00f3n que todo el grupo de pa\u00edses lo eligi\u00f3 a \u00e9l para conducir esta reuni\u00f3n, que tiene que ver con el desarme nuclear. Es muy importante su labor se lo agradecemos mucho\u201d, argument\u00f3.<\/p>\n\n\n\n<p><strong>Juan Ram\u00f3n de la Fuente<\/strong>\u00a0concluy\u00f3 el pasado\u00a013 de septiembre su ciclo como\u00a0<strong>representante permanente de M\u00e9xico<\/strong>\u00a0ante la\u00a0<strong>Organizaci\u00f3n de las Naciones Unidas<\/strong>\u00a0(ONU).<\/p>\n\n\n\n<p>\u201cHoy que estoy terminando mi responsabilidad al frente de la Misi\u00f3n de M\u00e9xico ante la ONU quisiera darle las gracias al presidente Andr\u00e9s Manuel L\u00f3pez Obrador por su confianza y a todas y todos aquellos que me han acompa\u00f1ado a lo largo de estos cuatro a\u00f1os y medio. Sin ellos, nada de lo que aqu\u00ed se ha esbozado, de lo que se logr\u00f3 durante estos a\u00f1os, hubiera sido posible\u201d, indic\u00f3 en su momento.<\/p>\n","protected":false},"excerpt":{"rendered":"<p>Por Redacci\u00f3n QP L\u00f3pez Obrador pedir\u00e1 a SRE que Juan Ram\u00f3n de la Fuente sea&#8230;<\/p>\n","protected":false},"author":2,"featured_media":105534,"comment_status":"open","ping_status":"open","sticky":false,"template":"","format":"standard","meta":{"_monsterinsights_skip_tracking":false,"_monsterinsights_sitenote_active":false,"_monsterinsights_sitenote_note":"","_monsterinsights_sitenote_category":0,"footnotes":""},"categories":[2],"tags":[],"class_list":["post-105533","post","type-post","status-publish","format-standard","has-post-thumbnail","hentry","category-noticias"],"yoast_head":"<!-- This site is optimized with the Yoast SEO plugin v27.3 - https:\/\/yoast.com\/product\/yoast-seo-wordpress\/ -->\n<title>El presidente\u00a0L\u00f3pez Obrador\u00a0reconoci\u00f3\u00a0este lunes el\u00a0trabajo\u00a0que realiz\u00f3\u00a0Juan Ram\u00f3n de la Fuente ante la ONU -<\/title>\n<meta name=\"robots\" content=\"index, follow, max-snippet:-1, max-image-preview:large, max-video-preview:-1\" \/>\n<link rel=\"canonical\" href=\"https:\/\/quehacerpolitico.mx\/?p=105533\" \/>\n<meta property=\"og:locale\" content=\"es_MX\" \/>\n<meta property=\"og:type\" content=\"article\" \/>\n<meta property=\"og:title\" content=\"El presidente\u00a0L\u00f3pez Obrador\u00a0reconoci\u00f3\u00a0este lunes el\u00a0trabajo\u00a0que realiz\u00f3\u00a0Juan Ram\u00f3n de la Fuente ante la ONU -\" \/>\n<meta property=\"og:description\" content=\"Por Redacci\u00f3n QP L\u00f3pez Obrador pedir\u00e1 a SRE que Juan Ram\u00f3n de la Fuente sea...\" \/>\n<meta property=\"og:url\" content=\"https:\/\/quehacerpolitico.mx\/?p=105533\" \/>\n<meta property=\"article:published_time\" content=\"2023-10-10T15:07:46+00:00\" \/>\n<meta property=\"article:modified_time\" content=\"2023-10-10T15:07:49+00:00\" \/>\n<meta property=\"og:image\" content=\"https:\/\/quehacerpolitico.mx\/wp-content\/uploads\/2023\/10\/IMG_1262.jpeg\" \/>\n\t<meta property=\"og:image:width\" content=\"1284\" \/>\n\t<meta property=\"og:image:height\" content=\"682\" \/>\n\t<meta property=\"og:image:type\" content=\"image\/jpeg\" \/>\n<meta name=\"author\" content=\"Redacci\u00f3n QP\" \/>\n<meta name=\"twitter:card\" content=\"summary_large_image\" \/>\n<meta name=\"twitter:label1\" content=\"Escrito por\" \/>\n\t<meta name=\"twitter:data1\" content=\"Redacci\u00f3n QP\" \/>\n\t<meta name=\"twitter:label2\" content=\"Tiempo de lectura\" \/>\n\t<meta name=\"twitter:data2\" content=\"2 minutos\" \/>\n<script type=\"application\/ld+json\" class=\"yoast-schema-graph\">{\"@context\":\"https:\\\/\\\/schema.org\",\"@graph\":[{\"@type\":\"Article\",\"@id\":\"https:\\\/\\\/quehacerpolitico.mx\\\/?p=105533#article\",\"isPartOf\":{\"@id\":\"https:\\\/\\\/quehacerpolitico.mx\\\/?p=105533\"},\"author\":{\"name\":\"Redacci\u00f3n QP\",\"@id\":\"https:\\\/\\\/quehacerpolitico.mx\\\/#\\\/schema\\\/person\\\/496d8ad2d1d3f8036101dca7ee39e585\"},\"headline\":\"El presidente\u00a0L\u00f3pez Obrador\u00a0reconoci\u00f3\u00a0este lunes el\u00a0trabajo\u00a0que realiz\u00f3\u00a0Juan Ram\u00f3n de la Fuente ante la ONU\",\"datePublished\":\"2023-10-10T15:07:46+00:00\",\"dateModified\":\"2023-10-10T15:07:49+00:00\",\"mainEntityOfPage\":{\"@id\":\"https:\\\/\\\/quehacerpolitico.mx\\\/?p=105533\"},\"wordCount\":446,\"commentCount\":0,\"image\":{\"@id\":\"https:\\\/\\\/quehacerpolitico.mx\\\/?p=105533#primaryimage\"},\"thumbnailUrl\":\"https:\\\/\\\/quehacerpolitico.mx\\\/wp-content\\\/uploads\\\/2023\\\/10\\\/IMG_1262.jpeg\",\"articleSection\":[\"Noticias\"],\"inLanguage\":\"es\",\"potentialAction\":[{\"@type\":\"CommentAction\",\"name\":\"Comment\",\"target\":[\"https:\\\/\\\/quehacerpolitico.mx\\\/?p=105533#respond\"]}]},{\"@type\":\"WebPage\",\"@id\":\"https:\\\/\\\/quehacerpolitico.mx\\\/?p=105533\",\"url\":\"https:\\\/\\\/quehacerpolitico.mx\\\/?p=105533\",\"name\":\"El presidente\u00a0L\u00f3pez Obrador\u00a0reconoci\u00f3\u00a0este lunes el\u00a0trabajo\u00a0que realiz\u00f3\u00a0Juan Ram\u00f3n de la Fuente ante la ONU -\",\"isPartOf\":{\"@id\":\"https:\\\/\\\/quehacerpolitico.mx\\\/#website\"},\"primaryImageOfPage\":{\"@id\":\"https:\\\/\\\/quehacerpolitico.mx\\\/?p=105533#primaryimage\"},\"image\":{\"@id\":\"https:\\\/\\\/quehacerpolitico.mx\\\/?p=105533#primaryimage\"},\"thumbnailUrl\":\"https:\\\/\\\/quehacerpolitico.mx\\\/wp-content\\\/uploads\\\/2023\\\/10\\\/IMG_1262.jpeg\",\"datePublished\":\"2023-10-10T15:07:46+00:00\",\"dateModified\":\"2023-10-10T15:07:49+00:00\",\"author\":{\"@id\":\"https:\\\/\\\/quehacerpolitico.mx\\\/#\\\/schema\\\/person\\\/496d8ad2d1d3f8036101dca7ee39e585\"},\"breadcrumb\":{\"@id\":\"https:\\\/\\\/quehacerpolitico.mx\\\/?p=105533#breadcrumb\"},\"inLanguage\":\"es\",\"potentialAction\":[{\"@type\":\"ReadAction\",\"target\":[\"https:\\\/\\\/quehacerpolitico.mx\\\/?p=105533\"]}]},{\"@type\":\"ImageObject\",\"inLanguage\":\"es\",\"@id\":\"https:\\\/\\\/quehacerpolitico.mx\\\/?p=105533#primaryimage\",\"url\":\"https:\\\/\\\/quehacerpolitico.mx\\\/wp-content\\\/uploads\\\/2023\\\/10\\\/IMG_1262.jpeg\",\"contentUrl\":\"https:\\\/\\\/quehacerpolitico.mx\\\/wp-content\\\/uploads\\\/2023\\\/10\\\/IMG_1262.jpeg\",\"width\":1284,\"height\":682},{\"@type\":\"BreadcrumbList\",\"@id\":\"https:\\\/\\\/quehacerpolitico.mx\\\/?p=105533#breadcrumb\",\"itemListElement\":[{\"@type\":\"ListItem\",\"position\":1,\"name\":\"Inicio\",\"item\":\"https:\\\/\\\/quehacerpolitico.mx\\\/\"},{\"@type\":\"ListItem\",\"position\":2,\"name\":\"El presidente\u00a0L\u00f3pez Obrador\u00a0reconoci\u00f3\u00a0este lunes el\u00a0trabajo\u00a0que realiz\u00f3\u00a0Juan Ram\u00f3n de la Fuente ante la ONU\"}]},{\"@type\":\"WebSite\",\"@id\":\"https:\\\/\\\/quehacerpolitico.mx\\\/#website\",\"url\":\"https:\\\/\\\/quehacerpolitico.mx\\\/\",\"name\":\"\",\"description\":\"\",\"potentialAction\":[{\"@type\":\"SearchAction\",\"target\":{\"@type\":\"EntryPoint\",\"urlTemplate\":\"https:\\\/\\\/quehacerpolitico.mx\\\/?s={search_term_string}\"},\"query-input\":{\"@type\":\"PropertyValueSpecification\",\"valueRequired\":true,\"valueName\":\"search_term_string\"}}],\"inLanguage\":\"es\"},{\"@type\":\"Person\",\"@id\":\"https:\\\/\\\/quehacerpolitico.mx\\\/#\\\/schema\\\/person\\\/496d8ad2d1d3f8036101dca7ee39e585\",\"name\":\"Redacci\u00f3n QP\",\"image\":{\"@type\":\"ImageObject\",\"inLanguage\":\"es\",\"@id\":\"https:\\\/\\\/secure.gravatar.com\\\/avatar\\\/c7164ed6fdec453195284ad24a5ae5b6e1eed2b848477fa2a4787ba9adf39a41?s=96&d=mm&r=g\",\"url\":\"https:\\\/\\\/secure.gravatar.com\\\/avatar\\\/c7164ed6fdec453195284ad24a5ae5b6e1eed2b848477fa2a4787ba9adf39a41?s=96&d=mm&r=g\",\"contentUrl\":\"https:\\\/\\\/secure.gravatar.com\\\/avatar\\\/c7164ed6fdec453195284ad24a5ae5b6e1eed2b848477fa2a4787ba9adf39a41?s=96&d=mm&r=g\",\"caption\":\"Redacci\u00f3n QP\"},\"url\":\"https:\\\/\\\/quehacerpolitico.mx\\\/?author=2\"}]}<\/script>\n<!-- \/ Yoast SEO plugin. -->","yoast_head_json":{"title":"El presidente\u00a0L\u00f3pez Obrador\u00a0reconoci\u00f3\u00a0este lunes el\u00a0trabajo\u00a0que realiz\u00f3\u00a0Juan Ram\u00f3n de la Fuente ante la ONU -","robots":{"index":"index","follow":"follow","max-snippet":"max-snippet:-1","max-image-preview":"max-image-preview:large","max-video-preview":"max-video-preview:-1"},"canonical":"https:\/\/quehacerpolitico.mx\/?p=105533","og_locale":"es_MX","og_type":"article","og_title":"El presidente\u00a0L\u00f3pez Obrador\u00a0reconoci\u00f3\u00a0este lunes el\u00a0trabajo\u00a0que realiz\u00f3\u00a0Juan Ram\u00f3n de la Fuente ante la ONU -","og_description":"Por Redacci\u00f3n QP L\u00f3pez Obrador pedir\u00e1 a SRE que Juan Ram\u00f3n de la Fuente sea...","og_url":"https:\/\/quehacerpolitico.mx\/?p=105533","article_published_time":"2023-10-10T15:07:46+00:00","article_modified_time":"2023-10-10T15:07:49+00:00","og_image":[{"width":1284,"height":682,"url":"https:\/\/quehacerpolitico.mx\/wp-content\/uploads\/2023\/10\/IMG_1262.jpeg","type":"image\/jpeg"}],"author":"Redacci\u00f3n QP","twitter_card":"summary_large_image","twitter_misc":{"Escrito por":"Redacci\u00f3n QP","Tiempo de lectura":"2 minutos"},"schema":{"@context":"https:\/\/schema.org","@graph":[{"@type":"Article","@id":"https:\/\/quehacerpolitico.mx\/?p=105533#article","isPartOf":{"@id":"https:\/\/quehacerpolitico.mx\/?p=105533"},"author":{"name":"Redacci\u00f3n QP","@id":"https:\/\/quehacerpolitico.mx\/#\/schema\/person\/496d8ad2d1d3f8036101dca7ee39e585"},"headline":"El presidente\u00a0L\u00f3pez Obrador\u00a0reconoci\u00f3\u00a0este lunes el\u00a0trabajo\u00a0que realiz\u00f3\u00a0Juan Ram\u00f3n de la Fuente ante la ONU","datePublished":"2023-10-10T15:07:46+00:00","dateModified":"2023-10-10T15:07:49+00:00","mainEntityOfPage":{"@id":"https:\/\/quehacerpolitico.mx\/?p=105533"},"wordCount":446,"commentCount":0,"image":{"@id":"https:\/\/quehacerpolitico.mx\/?p=105533#primaryimage"},"thumbnailUrl":"https:\/\/quehacerpolitico.mx\/wp-content\/uploads\/2023\/10\/IMG_1262.jpeg","articleSection":["Noticias"],"inLanguage":"es","potentialAction":[{"@type":"CommentAction","name":"Comment","target":["https:\/\/quehacerpolitico.mx\/?p=105533#respond"]}]},{"@type":"WebPage","@id":"https:\/\/quehacerpolitico.mx\/?p=105533","url":"https:\/\/quehacerpolitico.mx\/?p=105533","name":"El presidente\u00a0L\u00f3pez Obrador\u00a0reconoci\u00f3\u00a0este lunes el\u00a0trabajo\u00a0que realiz\u00f3\u00a0Juan Ram\u00f3n de la Fuente ante la ONU -","isPartOf":{"@id":"https:\/\/quehacerpolitico.mx\/#website"},"primaryImageOfPage":{"@id":"https:\/\/quehacerpolitico.mx\/?p=105533#primaryimage"},"image":{"@id":"https:\/\/quehacerpolitico.mx\/?p=105533#primaryimage"},"thumbnailUrl":"https:\/\/quehacerpolitico.mx\/wp-content\/uploads\/2023\/10\/IMG_1262.jpeg","datePublished":"2023-10-10T15:07:46+00:00","dateModified":"2023-10-10T15:07:49+00:00","author":{"@id":"https:\/\/quehacerpolitico.mx\/#\/schema\/person\/496d8ad2d1d3f8036101dca7ee39e585"},"breadcrumb":{"@id":"https:\/\/quehacerpolitico.mx\/?p=105533#breadcrumb"},"inLanguage":"es","potentialAction":[{"@type":"ReadAction","target":["https:\/\/quehacerpolitico.mx\/?p=105533"]}]},{"@type":"ImageObject","inLanguage":"es","@id":"https:\/\/quehacerpolitico.mx\/?p=105533#primaryimage","url":"https:\/\/quehacerpolitico.mx\/wp-content\/uploads\/2023\/10\/IMG_1262.jpeg","contentUrl":"https:\/\/quehacerpolitico.mx\/wp-content\/uploads\/2023\/10\/IMG_1262.jpeg","width":1284,"height":682},{"@type":"BreadcrumbList","@id":"https:\/\/quehacerpolitico.mx\/?p=105533#breadcrumb","itemListElement":[{"@type":"ListItem","position":1,"name":"Inicio","item":"https:\/\/quehacerpolitico.mx\/"},{"@type":"ListItem","position":2,"name":"El presidente\u00a0L\u00f3pez Obrador\u00a0reconoci\u00f3\u00a0este lunes el\u00a0trabajo\u00a0que realiz\u00f3\u00a0Juan Ram\u00f3n de la Fuente ante la ONU"}]},{"@type":"WebSite","@id":"https:\/\/quehacerpolitico.mx\/#website","url":"https:\/\/quehacerpolitico.mx\/","name":"","description":"","potentialAction":[{"@type":"SearchAction","target":{"@type":"EntryPoint","urlTemplate":"https:\/\/quehacerpolitico.mx\/?s={search_term_string}"},"query-input":{"@type":"PropertyValueSpecification","valueRequired":true,"valueName":"search_term_string"}}],"inLanguage":"es"},{"@type":"Person","@id":"https:\/\/quehacerpolitico.mx\/#\/schema\/person\/496d8ad2d1d3f8036101dca7ee39e585","name":"Redacci\u00f3n QP","image":{"@type":"ImageObject","inLanguage":"es","@id":"https:\/\/secure.gravatar.com\/avatar\/c7164ed6fdec453195284ad24a5ae5b6e1eed2b848477fa2a4787ba9adf39a41?s=96&d=mm&r=g","url":"https:\/\/secure.gravatar.com\/avatar\/c7164ed6fdec453195284ad24a5ae5b6e1eed2b848477fa2a4787ba9adf39a41?s=96&d=mm&r=g","contentUrl":"https:\/\/secure.gravatar.com\/avatar\/c7164ed6fdec453195284ad24a5ae5b6e1eed2b848477fa2a4787ba9adf39a41?s=96&d=mm&r=g","caption":"Redacci\u00f3n QP"},"url":"https:\/\/quehacerpolitico.mx\/?author=2"}]}},"featured_image_urls":{"full":["https:\/\/quehacerpolitico.mx\/wp-content\/uploads\/2023\/10\/IMG_1262.jpeg",1284,682,false],"thumbnail":["https:\/\/quehacerpolitico.mx\/wp-content\/uploads\/2023\/10\/IMG_1262-150x150.jpeg",150,150,true],"medium":["https:\/\/quehacerpolitico.mx\/wp-content\/uploads\/2023\/10\/IMG_1262-300x159.jpeg",300,159,true],"medium_large":["https:\/\/quehacerpolitico.mx\/wp-content\/uploads\/2023\/10\/IMG_1262-768x408.jpeg",640,340,true],"large":["https:\/\/quehacerpolitico.mx\/wp-content\/uploads\/2023\/10\/IMG_1262-1024x544.jpeg",640,340,true],"1536x1536":["https:\/\/quehacerpolitico.mx\/wp-content\/uploads\/2023\/10\/IMG_1262.jpeg",1284,682,false],"2048x2048":["https:\/\/quehacerpolitico.mx\/wp-content\/uploads\/2023\/10\/IMG_1262.jpeg",1284,682,false],"covernews-featured":["https:\/\/quehacerpolitico.mx\/wp-content\/uploads\/2023\/10\/IMG_1262.jpeg",1024,544,false],"covernews-medium":["https:\/\/quehacerpolitico.mx\/wp-content\/uploads\/2023\/10\/IMG_1262.jpeg",540,287,false]},"author_info":{"display_name":"Redacci\u00f3n QP","author_link":"https:\/\/quehacerpolitico.mx\/?author=2"},"category_info":"<a href=\"https:\/\/quehacerpolitico.mx\/?cat=2\" rel=\"category\">Noticias<\/a>","tag_info":"Noticias","comment_count":"0","_links":{"self":[{"href":"https:\/\/quehacerpolitico.mx\/index.php?rest_route=\/wp\/v2\/posts\/105533","targetHints":{"allow":["GET"]}}],"collection":[{"href":"https:\/\/quehacerpolitico.mx\/index.php?rest_route=\/wp\/v2\/posts"}],"about":[{"href":"https:\/\/quehacerpolitico.mx\/index.php?rest_route=\/wp\/v2\/types\/post"}],"author":[{"embeddable":true,"href":"https:\/\/quehacerpolitico.mx\/index.php?rest_route=\/wp\/v2\/users\/2"}],"replies":[{"embeddable":true,"href":"https:\/\/quehacerpolitico.mx\/index.php?rest_route=%2Fwp%2Fv2%2Fcomments&post=105533"}],"version-history":[{"count":1,"href":"https:\/\/quehacerpolitico.mx\/index.php?rest_route=\/wp\/v2\/posts\/105533\/revisions"}],"predecessor-version":[{"id":105535,"href":"https:\/\/quehacerpolitico.mx\/index.php?rest_route=\/wp\/v2\/posts\/105533\/revisions\/105535"}],"wp:featuredmedia":[{"embeddable":true,"href":"https:\/\/quehacerpolitico.mx\/index.php?rest_route=\/wp\/v2\/media\/105534"}],"wp:attachment":[{"href":"https:\/\/quehacerpolitico.mx\/index.php?rest_route=%2Fwp%2Fv2%2Fmedia&parent=105533"}],"wp:term":[{"taxonomy":"category","embeddable":true,"href":"https:\/\/quehacerpolitico.mx\/index.php?rest_route=%2Fwp%2Fv2%2Fcategories&post=105533"},{"taxonomy":"post_tag","embeddable":true,"href":"https:\/\/quehacerpolitico.mx\/index.php?rest_route=%2Fwp%2Fv2%2Ftags&post=105533"}],"curies":[{"name":"wp","href":"https:\/\/api.w.org\/{rel}","templated":true}]}}