{"id":105500,"date":"2023-10-09T19:01:15","date_gmt":"2023-10-09T19:01:15","guid":{"rendered":"https:\/\/quehacerpolitico.mx\/?p=105500"},"modified":"2023-10-09T19:01:19","modified_gmt":"2023-10-09T19:01:19","slug":"que-siempre-si-va-a-la-apec-en-san-francisco-biden-se-ha-portado-muy-bien-lopez-obrador","status":"publish","type":"post","link":"https:\/\/quehacerpolitico.mx\/?p=105500","title":{"rendered":"Que siempre si va a la APEC en San Francisco \u201cBiden se ha portado muy bien\u201d: L\u00f3pez Obrador"},"content":{"rendered":"\n<p>Por Redacci\u00f3n QP<\/p>\n\n\n\n<p>El presidente de M\u00e9xico,&nbsp;<strong>Andr\u00e9s Manuel L\u00f3pez Obrador<\/strong>, rectific\u00f3 este lunes que s\u00ed asistir\u00e1 en noviembre al Foro de Cooperaci\u00f3n Econ\u00f3mica Asia Pac\u00edfico (<strong>APEC<\/strong>, por sus siglas en ingl\u00e9s) en Estados Unidos, tras cancelar su asistencia el mes pasado por la participaci\u00f3n del gobierno de Per\u00fa.<\/p>\n\n\n\n<p>\u201cNo iba a estar yo en\u00a0<strong>San Francisco<\/strong>, porque no es un asunto personal con la presidenta (Dina Boluarte de Per\u00fa) que se impuso, si no es un asunto de no avalar con mi presencia una injusticia. Sin embargo, como me insistieron y se ha\u00a0<strong>portado<\/strong>\u00a0muy\u00a0<strong>bien<\/strong>\u00a0el\u00a0<strong>presidente<\/strong>\u00a0(Joe)\u00a0<strong>Biden<\/strong>, acept\u00e9, voy a ir\u201d, declar\u00f3 el mandatario.<\/p>\n\n\n\n<figure class=\"wp-block-embed is-type-video is-provider-youtube wp-block-embed-youtube wp-embed-aspect-16-9 wp-has-aspect-ratio\"><div class=\"wp-block-embed__wrapper\">\n<iframe loading=\"lazy\" title=\"Que siempre s\u00ed, AMLO asistir\u00e1 a la APEC en San Francisco\" width=\"640\" height=\"360\" src=\"https:\/\/www.youtube.com\/embed\/s6LIEzLrPUY?feature=oembed\" frameborder=\"0\" allow=\"accelerometer; autoplay; clipboard-write; encrypted-media; gyroscope; picture-in-picture; web-share\" referrerpolicy=\"strict-origin-when-cross-origin\" allowfullscreen><\/iframe>\n<\/div><\/figure>\n\n\n\n<p>\u201cClaro, no voy a estar todo el tiempo, ahora s\u00ed que va a ser como: llegas un d\u00eda antes, duermes, participas, comes y te regresas\u201d, matiz\u00f3.<\/p>\n\n\n\n<p><strong>L\u00f3pez Obrador<\/strong>&nbsp;hab\u00eda cancelado su viaje al foro por la asistencia de&nbsp;<strong>Boluarte<\/strong>, a quien considera una presidenta \u201cespuria\u201d tras la destituci\u00f3n en diciembre pasado del ahora exmandatario Pedro Castillo.<\/p>\n\n\n\n<p>\u201cHab\u00eda pensado (no ir) por la actitud del gobierno de&nbsp;<strong>Per\u00fa<\/strong>, por la injusticia que cometieron con el presidente de Per\u00fa, que lo tienen encarcelado, fue un golpe de Estado a&nbsp;<strong>Pedro Castillo<\/strong>, la oligarqu\u00eda de Per\u00fa nunca lo acept\u00f3 por ser ind\u00edgena, por ser de la sierra, una actitud clasista, racista\u201d, reiter\u00f3 ahora el gobernante mexicano.<\/p>\n\n\n\n<p>Tras cancelar,&nbsp;<strong>L\u00f3pez Obrador<\/strong>&nbsp;propuso a&nbsp;<strong>Biden<\/strong>&nbsp;otra reuni\u00f3n para abordar con urgencia la nueva ola migratoria en la regi\u00f3n, pero la&nbsp;<strong>Casa Blanca&nbsp;<\/strong>ofreci\u00f3 dos opciones: una en Washington a principios de noviembre o mantener su asistencia al foro de la APEC.<\/p>\n\n\n\n<p>\u201cOpt\u00e9 por&nbsp;<strong>San Francisco<\/strong>&nbsp;porque es una reuni\u00f3n que nos importa mucho por la relaci\u00f3n econ\u00f3mica comercial, es la reuni\u00f3n del&nbsp;<strong>Pac\u00edfico<\/strong>&nbsp;y&nbsp;<strong>Asia<\/strong>,&nbsp;<strong>Asia<\/strong>\u2013<strong>Pac\u00edfico<\/strong>, y vamos a participar\u201d, reiter\u00f3 en su rueda de prensa matutina.<\/p>\n\n\n\n<p>\u201cS\u00ed, lo replante\u00e9, no voy a estar mucho tiempo, pero me invit\u00f3 el presidente\u00a0<strong>Biden<\/strong>, me invit\u00f3 a las dos, no puedo ir a las dos, tampoco puedo dejar de ir, tengo que mantener, lo hago por convicci\u00f3n, una muy buena relaci\u00f3n con el Gobierno de Estados Unidos, nos conviene\u201d, a\u00f1adi\u00f3.<\/p>\n\n\n\n<p>El mandatario revel\u00f3 que el encuentro internacional en&nbsp;<strong>Washington<\/strong>&nbsp;ser\u00e1 en seguimiento a la&nbsp;<strong>Cumbre de las Am\u00e9ricas<\/strong>&nbsp;que Estados Unidos organiz\u00f3 en junio de 2022, cuando L\u00f3pez Obrador no particip\u00f3 porque la Casa Blanca no invit\u00f3 a Cuba, Nicaragua y Venezuela<a href=\"http:\/\/lopezobrador_\/\">.<\/a><\/p>\n\n\n\n<p>\u201cLo que yo pienso es que tenemos que buscar la unidad de todos y nadie tiene el derecho de excluir\u201d, remarc\u00f3\u00a0<strong>L\u00f3pez Obrador<\/strong>.<\/p>\n\n\n\n<p>Con informaci\u00f3n de EFE<\/p>\n","protected":false},"excerpt":{"rendered":"<p>Por Redacci\u00f3n QP El presidente de M\u00e9xico,&nbsp;Andr\u00e9s Manuel L\u00f3pez Obrador, rectific\u00f3 este lunes que s\u00ed&#8230;<\/p>\n","protected":false},"author":2,"featured_media":105501,"comment_status":"open","ping_status":"open","sticky":false,"template":"","format":"standard","meta":{"_monsterinsights_skip_tracking":false,"_monsterinsights_sitenote_active":false,"_monsterinsights_sitenote_note":"","_monsterinsights_sitenote_category":0,"footnotes":""},"categories":[2],"tags":[],"class_list":["post-105500","post","type-post","status-publish","format-standard","has-post-thumbnail","hentry","category-noticias"],"yoast_head":"<!-- This site is optimized with the Yoast SEO plugin v27.3 - https:\/\/yoast.com\/product\/yoast-seo-wordpress\/ -->\n<title>Que siempre si va a la APEC en San Francisco \u201cBiden se ha portado muy bien\u201d: L\u00f3pez Obrador -<\/title>\n<meta name=\"robots\" content=\"index, follow, max-snippet:-1, max-image-preview:large, max-video-preview:-1\" \/>\n<link rel=\"canonical\" href=\"https:\/\/quehacerpolitico.mx\/?p=105500\" \/>\n<meta property=\"og:locale\" content=\"es_MX\" \/>\n<meta property=\"og:type\" content=\"article\" \/>\n<meta property=\"og:title\" content=\"Que siempre si va a la APEC en San Francisco \u201cBiden se ha portado muy bien\u201d: L\u00f3pez Obrador -\" \/>\n<meta property=\"og:description\" content=\"Por Redacci\u00f3n QP El presidente de M\u00e9xico,&nbsp;Andr\u00e9s Manuel L\u00f3pez Obrador, rectific\u00f3 este lunes que s\u00ed...\" \/>\n<meta property=\"og:url\" content=\"https:\/\/quehacerpolitico.mx\/?p=105500\" \/>\n<meta property=\"article:published_time\" content=\"2023-10-09T19:01:15+00:00\" \/>\n<meta property=\"article:modified_time\" content=\"2023-10-09T19:01:19+00:00\" \/>\n<meta property=\"og:image\" content=\"https:\/\/quehacerpolitico.mx\/wp-content\/uploads\/2023\/10\/IMG_1238.jpeg\" \/>\n\t<meta property=\"og:image:width\" content=\"1284\" \/>\n\t<meta property=\"og:image:height\" content=\"552\" \/>\n\t<meta property=\"og:image:type\" content=\"image\/jpeg\" \/>\n<meta name=\"author\" content=\"Redacci\u00f3n QP\" \/>\n<meta name=\"twitter:card\" content=\"summary_large_image\" \/>\n<meta name=\"twitter:label1\" content=\"Escrito por\" \/>\n\t<meta name=\"twitter:data1\" content=\"Redacci\u00f3n QP\" \/>\n\t<meta name=\"twitter:label2\" content=\"Tiempo de lectura\" \/>\n\t<meta name=\"twitter:data2\" content=\"2 minutos\" \/>\n<script type=\"application\/ld+json\" class=\"yoast-schema-graph\">{\"@context\":\"https:\\\/\\\/schema.org\",\"@graph\":[{\"@type\":\"Article\",\"@id\":\"https:\\\/\\\/quehacerpolitico.mx\\\/?p=105500#article\",\"isPartOf\":{\"@id\":\"https:\\\/\\\/quehacerpolitico.mx\\\/?p=105500\"},\"author\":{\"name\":\"Redacci\u00f3n QP\",\"@id\":\"https:\\\/\\\/quehacerpolitico.mx\\\/#\\\/schema\\\/person\\\/496d8ad2d1d3f8036101dca7ee39e585\"},\"headline\":\"Que siempre si va a la APEC en San Francisco \u201cBiden se ha portado muy bien\u201d: L\u00f3pez Obrador\",\"datePublished\":\"2023-10-09T19:01:15+00:00\",\"dateModified\":\"2023-10-09T19:01:19+00:00\",\"mainEntityOfPage\":{\"@id\":\"https:\\\/\\\/quehacerpolitico.mx\\\/?p=105500\"},\"wordCount\":503,\"commentCount\":0,\"image\":{\"@id\":\"https:\\\/\\\/quehacerpolitico.mx\\\/?p=105500#primaryimage\"},\"thumbnailUrl\":\"https:\\\/\\\/quehacerpolitico.mx\\\/wp-content\\\/uploads\\\/2023\\\/10\\\/IMG_1238.jpeg\",\"articleSection\":[\"Noticias\"],\"inLanguage\":\"es\",\"potentialAction\":[{\"@type\":\"CommentAction\",\"name\":\"Comment\",\"target\":[\"https:\\\/\\\/quehacerpolitico.mx\\\/?p=105500#respond\"]}]},{\"@type\":\"WebPage\",\"@id\":\"https:\\\/\\\/quehacerpolitico.mx\\\/?p=105500\",\"url\":\"https:\\\/\\\/quehacerpolitico.mx\\\/?p=105500\",\"name\":\"Que siempre si va a la APEC en San Francisco \u201cBiden se ha portado muy bien\u201d: L\u00f3pez Obrador -\",\"isPartOf\":{\"@id\":\"https:\\\/\\\/quehacerpolitico.mx\\\/#website\"},\"primaryImageOfPage\":{\"@id\":\"https:\\\/\\\/quehacerpolitico.mx\\\/?p=105500#primaryimage\"},\"image\":{\"@id\":\"https:\\\/\\\/quehacerpolitico.mx\\\/?p=105500#primaryimage\"},\"thumbnailUrl\":\"https:\\\/\\\/quehacerpolitico.mx\\\/wp-content\\\/uploads\\\/2023\\\/10\\\/IMG_1238.jpeg\",\"datePublished\":\"2023-10-09T19:01:15+00:00\",\"dateModified\":\"2023-10-09T19:01:19+00:00\",\"author\":{\"@id\":\"https:\\\/\\\/quehacerpolitico.mx\\\/#\\\/schema\\\/person\\\/496d8ad2d1d3f8036101dca7ee39e585\"},\"breadcrumb\":{\"@id\":\"https:\\\/\\\/quehacerpolitico.mx\\\/?p=105500#breadcrumb\"},\"inLanguage\":\"es\",\"potentialAction\":[{\"@type\":\"ReadAction\",\"target\":[\"https:\\\/\\\/quehacerpolitico.mx\\\/?p=105500\"]}]},{\"@type\":\"ImageObject\",\"inLanguage\":\"es\",\"@id\":\"https:\\\/\\\/quehacerpolitico.mx\\\/?p=105500#primaryimage\",\"url\":\"https:\\\/\\\/quehacerpolitico.mx\\\/wp-content\\\/uploads\\\/2023\\\/10\\\/IMG_1238.jpeg\",\"contentUrl\":\"https:\\\/\\\/quehacerpolitico.mx\\\/wp-content\\\/uploads\\\/2023\\\/10\\\/IMG_1238.jpeg\",\"width\":1284,\"height\":552},{\"@type\":\"BreadcrumbList\",\"@id\":\"https:\\\/\\\/quehacerpolitico.mx\\\/?p=105500#breadcrumb\",\"itemListElement\":[{\"@type\":\"ListItem\",\"position\":1,\"name\":\"Inicio\",\"item\":\"https:\\\/\\\/quehacerpolitico.mx\\\/\"},{\"@type\":\"ListItem\",\"position\":2,\"name\":\"Que siempre si va a la APEC en San Francisco \u201cBiden se ha portado muy bien\u201d: L\u00f3pez Obrador\"}]},{\"@type\":\"WebSite\",\"@id\":\"https:\\\/\\\/quehacerpolitico.mx\\\/#website\",\"url\":\"https:\\\/\\\/quehacerpolitico.mx\\\/\",\"name\":\"\",\"description\":\"\",\"potentialAction\":[{\"@type\":\"SearchAction\",\"target\":{\"@type\":\"EntryPoint\",\"urlTemplate\":\"https:\\\/\\\/quehacerpolitico.mx\\\/?s={search_term_string}\"},\"query-input\":{\"@type\":\"PropertyValueSpecification\",\"valueRequired\":true,\"valueName\":\"search_term_string\"}}],\"inLanguage\":\"es\"},{\"@type\":\"Person\",\"@id\":\"https:\\\/\\\/quehacerpolitico.mx\\\/#\\\/schema\\\/person\\\/496d8ad2d1d3f8036101dca7ee39e585\",\"name\":\"Redacci\u00f3n QP\",\"image\":{\"@type\":\"ImageObject\",\"inLanguage\":\"es\",\"@id\":\"https:\\\/\\\/secure.gravatar.com\\\/avatar\\\/c7164ed6fdec453195284ad24a5ae5b6e1eed2b848477fa2a4787ba9adf39a41?s=96&d=mm&r=g\",\"url\":\"https:\\\/\\\/secure.gravatar.com\\\/avatar\\\/c7164ed6fdec453195284ad24a5ae5b6e1eed2b848477fa2a4787ba9adf39a41?s=96&d=mm&r=g\",\"contentUrl\":\"https:\\\/\\\/secure.gravatar.com\\\/avatar\\\/c7164ed6fdec453195284ad24a5ae5b6e1eed2b848477fa2a4787ba9adf39a41?s=96&d=mm&r=g\",\"caption\":\"Redacci\u00f3n QP\"},\"url\":\"https:\\\/\\\/quehacerpolitico.mx\\\/?author=2\"}]}<\/script>\n<!-- \/ Yoast SEO plugin. -->","yoast_head_json":{"title":"Que siempre si va a la APEC en San Francisco \u201cBiden se ha portado muy bien\u201d: L\u00f3pez Obrador -","robots":{"index":"index","follow":"follow","max-snippet":"max-snippet:-1","max-image-preview":"max-image-preview:large","max-video-preview":"max-video-preview:-1"},"canonical":"https:\/\/quehacerpolitico.mx\/?p=105500","og_locale":"es_MX","og_type":"article","og_title":"Que siempre si va a la APEC en San Francisco \u201cBiden se ha portado muy bien\u201d: L\u00f3pez Obrador -","og_description":"Por Redacci\u00f3n QP El presidente de M\u00e9xico,&nbsp;Andr\u00e9s Manuel L\u00f3pez Obrador, rectific\u00f3 este lunes que s\u00ed...","og_url":"https:\/\/quehacerpolitico.mx\/?p=105500","article_published_time":"2023-10-09T19:01:15+00:00","article_modified_time":"2023-10-09T19:01:19+00:00","og_image":[{"width":1284,"height":552,"url":"https:\/\/quehacerpolitico.mx\/wp-content\/uploads\/2023\/10\/IMG_1238.jpeg","type":"image\/jpeg"}],"author":"Redacci\u00f3n QP","twitter_card":"summary_large_image","twitter_misc":{"Escrito por":"Redacci\u00f3n QP","Tiempo de lectura":"2 minutos"},"schema":{"@context":"https:\/\/schema.org","@graph":[{"@type":"Article","@id":"https:\/\/quehacerpolitico.mx\/?p=105500#article","isPartOf":{"@id":"https:\/\/quehacerpolitico.mx\/?p=105500"},"author":{"name":"Redacci\u00f3n QP","@id":"https:\/\/quehacerpolitico.mx\/#\/schema\/person\/496d8ad2d1d3f8036101dca7ee39e585"},"headline":"Que siempre si va a la APEC en San Francisco \u201cBiden se ha portado muy bien\u201d: L\u00f3pez Obrador","datePublished":"2023-10-09T19:01:15+00:00","dateModified":"2023-10-09T19:01:19+00:00","mainEntityOfPage":{"@id":"https:\/\/quehacerpolitico.mx\/?p=105500"},"wordCount":503,"commentCount":0,"image":{"@id":"https:\/\/quehacerpolitico.mx\/?p=105500#primaryimage"},"thumbnailUrl":"https:\/\/quehacerpolitico.mx\/wp-content\/uploads\/2023\/10\/IMG_1238.jpeg","articleSection":["Noticias"],"inLanguage":"es","potentialAction":[{"@type":"CommentAction","name":"Comment","target":["https:\/\/quehacerpolitico.mx\/?p=105500#respond"]}]},{"@type":"WebPage","@id":"https:\/\/quehacerpolitico.mx\/?p=105500","url":"https:\/\/quehacerpolitico.mx\/?p=105500","name":"Que siempre si va a la APEC en San Francisco \u201cBiden se ha portado muy bien\u201d: L\u00f3pez Obrador -","isPartOf":{"@id":"https:\/\/quehacerpolitico.mx\/#website"},"primaryImageOfPage":{"@id":"https:\/\/quehacerpolitico.mx\/?p=105500#primaryimage"},"image":{"@id":"https:\/\/quehacerpolitico.mx\/?p=105500#primaryimage"},"thumbnailUrl":"https:\/\/quehacerpolitico.mx\/wp-content\/uploads\/2023\/10\/IMG_1238.jpeg","datePublished":"2023-10-09T19:01:15+00:00","dateModified":"2023-10-09T19:01:19+00:00","author":{"@id":"https:\/\/quehacerpolitico.mx\/#\/schema\/person\/496d8ad2d1d3f8036101dca7ee39e585"},"breadcrumb":{"@id":"https:\/\/quehacerpolitico.mx\/?p=105500#breadcrumb"},"inLanguage":"es","potentialAction":[{"@type":"ReadAction","target":["https:\/\/quehacerpolitico.mx\/?p=105500"]}]},{"@type":"ImageObject","inLanguage":"es","@id":"https:\/\/quehacerpolitico.mx\/?p=105500#primaryimage","url":"https:\/\/quehacerpolitico.mx\/wp-content\/uploads\/2023\/10\/IMG_1238.jpeg","contentUrl":"https:\/\/quehacerpolitico.mx\/wp-content\/uploads\/2023\/10\/IMG_1238.jpeg","width":1284,"height":552},{"@type":"BreadcrumbList","@id":"https:\/\/quehacerpolitico.mx\/?p=105500#breadcrumb","itemListElement":[{"@type":"ListItem","position":1,"name":"Inicio","item":"https:\/\/quehacerpolitico.mx\/"},{"@type":"ListItem","position":2,"name":"Que siempre si va a la APEC en San Francisco \u201cBiden se ha portado muy bien\u201d: L\u00f3pez Obrador"}]},{"@type":"WebSite","@id":"https:\/\/quehacerpolitico.mx\/#website","url":"https:\/\/quehacerpolitico.mx\/","name":"","description":"","potentialAction":[{"@type":"SearchAction","target":{"@type":"EntryPoint","urlTemplate":"https:\/\/quehacerpolitico.mx\/?s={search_term_string}"},"query-input":{"@type":"PropertyValueSpecification","valueRequired":true,"valueName":"search_term_string"}}],"inLanguage":"es"},{"@type":"Person","@id":"https:\/\/quehacerpolitico.mx\/#\/schema\/person\/496d8ad2d1d3f8036101dca7ee39e585","name":"Redacci\u00f3n QP","image":{"@type":"ImageObject","inLanguage":"es","@id":"https:\/\/secure.gravatar.com\/avatar\/c7164ed6fdec453195284ad24a5ae5b6e1eed2b848477fa2a4787ba9adf39a41?s=96&d=mm&r=g","url":"https:\/\/secure.gravatar.com\/avatar\/c7164ed6fdec453195284ad24a5ae5b6e1eed2b848477fa2a4787ba9adf39a41?s=96&d=mm&r=g","contentUrl":"https:\/\/secure.gravatar.com\/avatar\/c7164ed6fdec453195284ad24a5ae5b6e1eed2b848477fa2a4787ba9adf39a41?s=96&d=mm&r=g","caption":"Redacci\u00f3n QP"},"url":"https:\/\/quehacerpolitico.mx\/?author=2"}]}},"featured_image_urls":{"full":["https:\/\/quehacerpolitico.mx\/wp-content\/uploads\/2023\/10\/IMG_1238.jpeg",1284,552,false],"thumbnail":["https:\/\/quehacerpolitico.mx\/wp-content\/uploads\/2023\/10\/IMG_1238-150x150.jpeg",150,150,true],"medium":["https:\/\/quehacerpolitico.mx\/wp-content\/uploads\/2023\/10\/IMG_1238-300x129.jpeg",300,129,true],"medium_large":["https:\/\/quehacerpolitico.mx\/wp-content\/uploads\/2023\/10\/IMG_1238-768x330.jpeg",640,275,true],"large":["https:\/\/quehacerpolitico.mx\/wp-content\/uploads\/2023\/10\/IMG_1238-1024x440.jpeg",640,275,true],"1536x1536":["https:\/\/quehacerpolitico.mx\/wp-content\/uploads\/2023\/10\/IMG_1238.jpeg",1284,552,false],"2048x2048":["https:\/\/quehacerpolitico.mx\/wp-content\/uploads\/2023\/10\/IMG_1238.jpeg",1284,552,false],"covernews-featured":["https:\/\/quehacerpolitico.mx\/wp-content\/uploads\/2023\/10\/IMG_1238.jpeg",1024,440,false],"covernews-medium":["https:\/\/quehacerpolitico.mx\/wp-content\/uploads\/2023\/10\/IMG_1238.jpeg",540,232,false]},"author_info":{"display_name":"Redacci\u00f3n QP","author_link":"https:\/\/quehacerpolitico.mx\/?author=2"},"category_info":"<a href=\"https:\/\/quehacerpolitico.mx\/?cat=2\" rel=\"category\">Noticias<\/a>","tag_info":"Noticias","comment_count":"0","_links":{"self":[{"href":"https:\/\/quehacerpolitico.mx\/index.php?rest_route=\/wp\/v2\/posts\/105500","targetHints":{"allow":["GET"]}}],"collection":[{"href":"https:\/\/quehacerpolitico.mx\/index.php?rest_route=\/wp\/v2\/posts"}],"about":[{"href":"https:\/\/quehacerpolitico.mx\/index.php?rest_route=\/wp\/v2\/types\/post"}],"author":[{"embeddable":true,"href":"https:\/\/quehacerpolitico.mx\/index.php?rest_route=\/wp\/v2\/users\/2"}],"replies":[{"embeddable":true,"href":"https:\/\/quehacerpolitico.mx\/index.php?rest_route=%2Fwp%2Fv2%2Fcomments&post=105500"}],"version-history":[{"count":1,"href":"https:\/\/quehacerpolitico.mx\/index.php?rest_route=\/wp\/v2\/posts\/105500\/revisions"}],"predecessor-version":[{"id":105502,"href":"https:\/\/quehacerpolitico.mx\/index.php?rest_route=\/wp\/v2\/posts\/105500\/revisions\/105502"}],"wp:featuredmedia":[{"embeddable":true,"href":"https:\/\/quehacerpolitico.mx\/index.php?rest_route=\/wp\/v2\/media\/105501"}],"wp:attachment":[{"href":"https:\/\/quehacerpolitico.mx\/index.php?rest_route=%2Fwp%2Fv2%2Fmedia&parent=105500"}],"wp:term":[{"taxonomy":"category","embeddable":true,"href":"https:\/\/quehacerpolitico.mx\/index.php?rest_route=%2Fwp%2Fv2%2Fcategories&post=105500"},{"taxonomy":"post_tag","embeddable":true,"href":"https:\/\/quehacerpolitico.mx\/index.php?rest_route=%2Fwp%2Fv2%2Ftags&post=105500"}],"curies":[{"name":"wp","href":"https:\/\/api.w.org\/{rel}","templated":true}]}}