{"id":105494,"date":"2023-10-09T18:07:36","date_gmt":"2023-10-09T18:07:36","guid":{"rendered":"https:\/\/quehacerpolitico.mx\/?p=105494"},"modified":"2023-10-09T18:07:40","modified_gmt":"2023-10-09T18:07:40","slug":"mauricio-vila-gobernador-panista-de-yucatan-asume-la-presidencia-de-la-conago","status":"publish","type":"post","link":"https:\/\/quehacerpolitico.mx\/?p=105494","title":{"rendered":"Mauricio Vila gobernador panista de Yucat\u00e1n asume la presidencia de la Conago"},"content":{"rendered":"\n<p>Por Redacci\u00f3n QP<\/p>\n\n\n\n<p>Mauricio Vila, gobernador panista de&nbsp;<strong>Yucat\u00e1n<\/strong>, fue designado como el nuevo titular de la Conferencia Nacional de Gobernadores (<strong>Conago<\/strong>) en sustituci\u00f3n de Salom\u00f3n Jara Cruz, gobernador de Oaxaca.&nbsp;<\/p>\n\n\n\n<p>El anunci\u00f3 fue hecho la ma\u00f1ana de este lunes en la conferencia matutina del presidente Andr\u00e9s Manuel L\u00f3pez Obrador, quien resalt\u00f3 la importancia de la\u00a0<strong>Conago<\/strong>: \u201cEstamos en presencia del cambio\u201d.<\/p>\n\n\n\n<p>El gobernador de\u00a0<strong>Oaxaca<\/strong>\u00a0agradeci\u00f3 a la entonces\u00a0<strong>jefa de Gobierno<\/strong>, Claudia Sheinbaum, y sus compa\u00f1eros gobernadores por su apoyo durante los ocho meses que estuvo al frente de la instituci\u00f3n, etapa que defini\u00f3 como de \u201crescate y transformaci\u00f3n\u201d de la Conago.<\/p>\n\n\n\n<figure class=\"wp-block-embed is-type-video is-provider-youtube wp-block-embed-youtube wp-embed-aspect-16-9 wp-has-aspect-ratio\"><div class=\"wp-block-embed__wrapper\">\n<iframe loading=\"lazy\" title=\"Mauricio Vila asume la presidencia de Conago\" width=\"640\" height=\"360\" src=\"https:\/\/www.youtube.com\/embed\/IetzuIh0kcU?feature=oembed\" frameborder=\"0\" allow=\"accelerometer; autoplay; clipboard-write; encrypted-media; gyroscope; picture-in-picture; web-share\" referrerpolicy=\"strict-origin-when-cross-origin\" allowfullscreen><\/iframe>\n<\/div><\/figure>\n\n\n\n<p>\u201cGracias a la madurez y buena fe de todos, la&nbsp;<strong>Conago<\/strong>&nbsp;ha dejado de ser un mecanismo utilizado para confrontar al gobierno de la Rep\u00fablica y ha decidido convertirse en un espacio de di\u00e1logo y concertaci\u00f3n enfocado en tres objetivos: contribuir a fortalecer la relaci\u00f3n entre&nbsp;<strong>estados<\/strong>&nbsp;y el&nbsp;<strong>gobierno<\/strong>&nbsp;<strong>federal<\/strong>, promover intercambio de&nbsp;experiencias exitosas en&nbsp;<strong>pol\u00edtica<\/strong>&nbsp;<strong>p\u00fablica<\/strong>&nbsp;y apoyar acciones a favor de la transformaci\u00f3n y el bienestar de&nbsp;<strong>M\u00e9xico<\/strong>\u201c, dijo Jara.<\/p>\n\n\n\n<p>Al recibir la estafeta, Vila asegur\u00f3 que actualmente la&nbsp;<strong>Conago<\/strong>&nbsp;es m\u00e1s \u201caustera y eficiente\u201d y prometi\u00f3 buena coordinaci\u00f3n con el gobierno federal.&nbsp;<\/p>\n\n\n\n<p>\u201cLa coordinaci\u00f3n entre los estados y el&nbsp;<strong>gobierno<\/strong>&nbsp;<strong>federal<\/strong>&nbsp;es fundamental, ser\u00e1 un espacio de coordinaci\u00f3n para discutir y atender necesidades con una visi\u00f3n de largo plazo. Necesitamos planear mediante el trabajo el conjunto. En el di\u00e1logo es esencial respetar las diferencias\u201d, dijo.&nbsp;<\/p>\n\n\n\n<p>Vila dijo que sus prioridades ser\u00e1n la cooperaci\u00f3n e impulsar el trabajo en las comisiones para atender problem\u00e1ticas nacionales.<\/p>\n\n\n\n<p>Muchos de los gobernadores estamos en el cierre de las\u00a0<strong>administraciones<\/strong>, por lo que es importante trabajar en una l\u00f3gica de coordinaci\u00f3n\u201d, dijo<\/p>\n","protected":false},"excerpt":{"rendered":"<p>Por Redacci\u00f3n QP Mauricio Vila, gobernador panista de&nbsp;Yucat\u00e1n, fue designado como el nuevo titular de&#8230;<\/p>\n","protected":false},"author":2,"featured_media":105495,"comment_status":"open","ping_status":"open","sticky":false,"template":"","format":"standard","meta":{"_monsterinsights_skip_tracking":false,"_monsterinsights_sitenote_active":false,"_monsterinsights_sitenote_note":"","_monsterinsights_sitenote_category":0,"footnotes":""},"categories":[2],"tags":[],"class_list":["post-105494","post","type-post","status-publish","format-standard","has-post-thumbnail","hentry","category-noticias"],"yoast_head":"<!-- This site is optimized with the Yoast SEO plugin v27.3 - https:\/\/yoast.com\/product\/yoast-seo-wordpress\/ -->\n<title>Mauricio Vila gobernador panista de Yucat\u00e1n asume la presidencia de la Conago -<\/title>\n<meta name=\"robots\" content=\"index, follow, max-snippet:-1, max-image-preview:large, max-video-preview:-1\" \/>\n<link rel=\"canonical\" href=\"https:\/\/quehacerpolitico.mx\/?p=105494\" \/>\n<meta property=\"og:locale\" content=\"es_MX\" \/>\n<meta property=\"og:type\" content=\"article\" \/>\n<meta property=\"og:title\" content=\"Mauricio Vila gobernador panista de Yucat\u00e1n asume la presidencia de la Conago -\" \/>\n<meta property=\"og:description\" content=\"Por Redacci\u00f3n QP Mauricio Vila, gobernador panista de&nbsp;Yucat\u00e1n, fue designado como el nuevo titular de...\" \/>\n<meta property=\"og:url\" content=\"https:\/\/quehacerpolitico.mx\/?p=105494\" \/>\n<meta property=\"article:published_time\" content=\"2023-10-09T18:07:36+00:00\" \/>\n<meta property=\"article:modified_time\" content=\"2023-10-09T18:07:40+00:00\" \/>\n<meta property=\"og:image\" content=\"https:\/\/quehacerpolitico.mx\/wp-content\/uploads\/2023\/10\/IMG_1235.jpeg\" \/>\n\t<meta property=\"og:image:width\" content=\"1014\" \/>\n\t<meta property=\"og:image:height\" content=\"559\" \/>\n\t<meta property=\"og:image:type\" content=\"image\/jpeg\" \/>\n<meta name=\"author\" content=\"Redacci\u00f3n QP\" \/>\n<meta name=\"twitter:card\" content=\"summary_large_image\" \/>\n<meta name=\"twitter:label1\" content=\"Escrito por\" \/>\n\t<meta name=\"twitter:data1\" content=\"Redacci\u00f3n QP\" \/>\n\t<meta name=\"twitter:label2\" content=\"Tiempo de lectura\" \/>\n\t<meta name=\"twitter:data2\" content=\"2 minutos\" \/>\n<script type=\"application\/ld+json\" class=\"yoast-schema-graph\">{\"@context\":\"https:\\\/\\\/schema.org\",\"@graph\":[{\"@type\":\"Article\",\"@id\":\"https:\\\/\\\/quehacerpolitico.mx\\\/?p=105494#article\",\"isPartOf\":{\"@id\":\"https:\\\/\\\/quehacerpolitico.mx\\\/?p=105494\"},\"author\":{\"name\":\"Redacci\u00f3n QP\",\"@id\":\"https:\\\/\\\/quehacerpolitico.mx\\\/#\\\/schema\\\/person\\\/496d8ad2d1d3f8036101dca7ee39e585\"},\"headline\":\"Mauricio Vila gobernador panista de Yucat\u00e1n asume la presidencia de la Conago\",\"datePublished\":\"2023-10-09T18:07:36+00:00\",\"dateModified\":\"2023-10-09T18:07:40+00:00\",\"mainEntityOfPage\":{\"@id\":\"https:\\\/\\\/quehacerpolitico.mx\\\/?p=105494\"},\"wordCount\":357,\"commentCount\":0,\"image\":{\"@id\":\"https:\\\/\\\/quehacerpolitico.mx\\\/?p=105494#primaryimage\"},\"thumbnailUrl\":\"https:\\\/\\\/quehacerpolitico.mx\\\/wp-content\\\/uploads\\\/2023\\\/10\\\/IMG_1235.jpeg\",\"articleSection\":[\"Noticias\"],\"inLanguage\":\"es\",\"potentialAction\":[{\"@type\":\"CommentAction\",\"name\":\"Comment\",\"target\":[\"https:\\\/\\\/quehacerpolitico.mx\\\/?p=105494#respond\"]}]},{\"@type\":\"WebPage\",\"@id\":\"https:\\\/\\\/quehacerpolitico.mx\\\/?p=105494\",\"url\":\"https:\\\/\\\/quehacerpolitico.mx\\\/?p=105494\",\"name\":\"Mauricio Vila gobernador panista de Yucat\u00e1n asume la presidencia de la Conago -\",\"isPartOf\":{\"@id\":\"https:\\\/\\\/quehacerpolitico.mx\\\/#website\"},\"primaryImageOfPage\":{\"@id\":\"https:\\\/\\\/quehacerpolitico.mx\\\/?p=105494#primaryimage\"},\"image\":{\"@id\":\"https:\\\/\\\/quehacerpolitico.mx\\\/?p=105494#primaryimage\"},\"thumbnailUrl\":\"https:\\\/\\\/quehacerpolitico.mx\\\/wp-content\\\/uploads\\\/2023\\\/10\\\/IMG_1235.jpeg\",\"datePublished\":\"2023-10-09T18:07:36+00:00\",\"dateModified\":\"2023-10-09T18:07:40+00:00\",\"author\":{\"@id\":\"https:\\\/\\\/quehacerpolitico.mx\\\/#\\\/schema\\\/person\\\/496d8ad2d1d3f8036101dca7ee39e585\"},\"breadcrumb\":{\"@id\":\"https:\\\/\\\/quehacerpolitico.mx\\\/?p=105494#breadcrumb\"},\"inLanguage\":\"es\",\"potentialAction\":[{\"@type\":\"ReadAction\",\"target\":[\"https:\\\/\\\/quehacerpolitico.mx\\\/?p=105494\"]}]},{\"@type\":\"ImageObject\",\"inLanguage\":\"es\",\"@id\":\"https:\\\/\\\/quehacerpolitico.mx\\\/?p=105494#primaryimage\",\"url\":\"https:\\\/\\\/quehacerpolitico.mx\\\/wp-content\\\/uploads\\\/2023\\\/10\\\/IMG_1235.jpeg\",\"contentUrl\":\"https:\\\/\\\/quehacerpolitico.mx\\\/wp-content\\\/uploads\\\/2023\\\/10\\\/IMG_1235.jpeg\",\"width\":1014,\"height\":559},{\"@type\":\"BreadcrumbList\",\"@id\":\"https:\\\/\\\/quehacerpolitico.mx\\\/?p=105494#breadcrumb\",\"itemListElement\":[{\"@type\":\"ListItem\",\"position\":1,\"name\":\"Inicio\",\"item\":\"https:\\\/\\\/quehacerpolitico.mx\\\/\"},{\"@type\":\"ListItem\",\"position\":2,\"name\":\"Mauricio Vila gobernador panista de Yucat\u00e1n asume la presidencia de la Conago\"}]},{\"@type\":\"WebSite\",\"@id\":\"https:\\\/\\\/quehacerpolitico.mx\\\/#website\",\"url\":\"https:\\\/\\\/quehacerpolitico.mx\\\/\",\"name\":\"\",\"description\":\"\",\"potentialAction\":[{\"@type\":\"SearchAction\",\"target\":{\"@type\":\"EntryPoint\",\"urlTemplate\":\"https:\\\/\\\/quehacerpolitico.mx\\\/?s={search_term_string}\"},\"query-input\":{\"@type\":\"PropertyValueSpecification\",\"valueRequired\":true,\"valueName\":\"search_term_string\"}}],\"inLanguage\":\"es\"},{\"@type\":\"Person\",\"@id\":\"https:\\\/\\\/quehacerpolitico.mx\\\/#\\\/schema\\\/person\\\/496d8ad2d1d3f8036101dca7ee39e585\",\"name\":\"Redacci\u00f3n QP\",\"image\":{\"@type\":\"ImageObject\",\"inLanguage\":\"es\",\"@id\":\"https:\\\/\\\/secure.gravatar.com\\\/avatar\\\/c7164ed6fdec453195284ad24a5ae5b6e1eed2b848477fa2a4787ba9adf39a41?s=96&d=mm&r=g\",\"url\":\"https:\\\/\\\/secure.gravatar.com\\\/avatar\\\/c7164ed6fdec453195284ad24a5ae5b6e1eed2b848477fa2a4787ba9adf39a41?s=96&d=mm&r=g\",\"contentUrl\":\"https:\\\/\\\/secure.gravatar.com\\\/avatar\\\/c7164ed6fdec453195284ad24a5ae5b6e1eed2b848477fa2a4787ba9adf39a41?s=96&d=mm&r=g\",\"caption\":\"Redacci\u00f3n QP\"},\"url\":\"https:\\\/\\\/quehacerpolitico.mx\\\/?author=2\"}]}<\/script>\n<!-- \/ Yoast SEO plugin. -->","yoast_head_json":{"title":"Mauricio Vila gobernador panista de Yucat\u00e1n asume la presidencia de la Conago -","robots":{"index":"index","follow":"follow","max-snippet":"max-snippet:-1","max-image-preview":"max-image-preview:large","max-video-preview":"max-video-preview:-1"},"canonical":"https:\/\/quehacerpolitico.mx\/?p=105494","og_locale":"es_MX","og_type":"article","og_title":"Mauricio Vila gobernador panista de Yucat\u00e1n asume la presidencia de la Conago -","og_description":"Por Redacci\u00f3n QP Mauricio Vila, gobernador panista de&nbsp;Yucat\u00e1n, fue designado como el nuevo titular de...","og_url":"https:\/\/quehacerpolitico.mx\/?p=105494","article_published_time":"2023-10-09T18:07:36+00:00","article_modified_time":"2023-10-09T18:07:40+00:00","og_image":[{"width":1014,"height":559,"url":"https:\/\/quehacerpolitico.mx\/wp-content\/uploads\/2023\/10\/IMG_1235.jpeg","type":"image\/jpeg"}],"author":"Redacci\u00f3n QP","twitter_card":"summary_large_image","twitter_misc":{"Escrito por":"Redacci\u00f3n QP","Tiempo de lectura":"2 minutos"},"schema":{"@context":"https:\/\/schema.org","@graph":[{"@type":"Article","@id":"https:\/\/quehacerpolitico.mx\/?p=105494#article","isPartOf":{"@id":"https:\/\/quehacerpolitico.mx\/?p=105494"},"author":{"name":"Redacci\u00f3n QP","@id":"https:\/\/quehacerpolitico.mx\/#\/schema\/person\/496d8ad2d1d3f8036101dca7ee39e585"},"headline":"Mauricio Vila gobernador panista de Yucat\u00e1n asume la presidencia de la Conago","datePublished":"2023-10-09T18:07:36+00:00","dateModified":"2023-10-09T18:07:40+00:00","mainEntityOfPage":{"@id":"https:\/\/quehacerpolitico.mx\/?p=105494"},"wordCount":357,"commentCount":0,"image":{"@id":"https:\/\/quehacerpolitico.mx\/?p=105494#primaryimage"},"thumbnailUrl":"https:\/\/quehacerpolitico.mx\/wp-content\/uploads\/2023\/10\/IMG_1235.jpeg","articleSection":["Noticias"],"inLanguage":"es","potentialAction":[{"@type":"CommentAction","name":"Comment","target":["https:\/\/quehacerpolitico.mx\/?p=105494#respond"]}]},{"@type":"WebPage","@id":"https:\/\/quehacerpolitico.mx\/?p=105494","url":"https:\/\/quehacerpolitico.mx\/?p=105494","name":"Mauricio Vila gobernador panista de Yucat\u00e1n asume la presidencia de la Conago -","isPartOf":{"@id":"https:\/\/quehacerpolitico.mx\/#website"},"primaryImageOfPage":{"@id":"https:\/\/quehacerpolitico.mx\/?p=105494#primaryimage"},"image":{"@id":"https:\/\/quehacerpolitico.mx\/?p=105494#primaryimage"},"thumbnailUrl":"https:\/\/quehacerpolitico.mx\/wp-content\/uploads\/2023\/10\/IMG_1235.jpeg","datePublished":"2023-10-09T18:07:36+00:00","dateModified":"2023-10-09T18:07:40+00:00","author":{"@id":"https:\/\/quehacerpolitico.mx\/#\/schema\/person\/496d8ad2d1d3f8036101dca7ee39e585"},"breadcrumb":{"@id":"https:\/\/quehacerpolitico.mx\/?p=105494#breadcrumb"},"inLanguage":"es","potentialAction":[{"@type":"ReadAction","target":["https:\/\/quehacerpolitico.mx\/?p=105494"]}]},{"@type":"ImageObject","inLanguage":"es","@id":"https:\/\/quehacerpolitico.mx\/?p=105494#primaryimage","url":"https:\/\/quehacerpolitico.mx\/wp-content\/uploads\/2023\/10\/IMG_1235.jpeg","contentUrl":"https:\/\/quehacerpolitico.mx\/wp-content\/uploads\/2023\/10\/IMG_1235.jpeg","width":1014,"height":559},{"@type":"BreadcrumbList","@id":"https:\/\/quehacerpolitico.mx\/?p=105494#breadcrumb","itemListElement":[{"@type":"ListItem","position":1,"name":"Inicio","item":"https:\/\/quehacerpolitico.mx\/"},{"@type":"ListItem","position":2,"name":"Mauricio Vila gobernador panista de Yucat\u00e1n asume la presidencia de la Conago"}]},{"@type":"WebSite","@id":"https:\/\/quehacerpolitico.mx\/#website","url":"https:\/\/quehacerpolitico.mx\/","name":"","description":"","potentialAction":[{"@type":"SearchAction","target":{"@type":"EntryPoint","urlTemplate":"https:\/\/quehacerpolitico.mx\/?s={search_term_string}"},"query-input":{"@type":"PropertyValueSpecification","valueRequired":true,"valueName":"search_term_string"}}],"inLanguage":"es"},{"@type":"Person","@id":"https:\/\/quehacerpolitico.mx\/#\/schema\/person\/496d8ad2d1d3f8036101dca7ee39e585","name":"Redacci\u00f3n QP","image":{"@type":"ImageObject","inLanguage":"es","@id":"https:\/\/secure.gravatar.com\/avatar\/c7164ed6fdec453195284ad24a5ae5b6e1eed2b848477fa2a4787ba9adf39a41?s=96&d=mm&r=g","url":"https:\/\/secure.gravatar.com\/avatar\/c7164ed6fdec453195284ad24a5ae5b6e1eed2b848477fa2a4787ba9adf39a41?s=96&d=mm&r=g","contentUrl":"https:\/\/secure.gravatar.com\/avatar\/c7164ed6fdec453195284ad24a5ae5b6e1eed2b848477fa2a4787ba9adf39a41?s=96&d=mm&r=g","caption":"Redacci\u00f3n QP"},"url":"https:\/\/quehacerpolitico.mx\/?author=2"}]}},"featured_image_urls":{"full":["https:\/\/quehacerpolitico.mx\/wp-content\/uploads\/2023\/10\/IMG_1235.jpeg",1014,559,false],"thumbnail":["https:\/\/quehacerpolitico.mx\/wp-content\/uploads\/2023\/10\/IMG_1235-150x150.jpeg",150,150,true],"medium":["https:\/\/quehacerpolitico.mx\/wp-content\/uploads\/2023\/10\/IMG_1235-300x165.jpeg",300,165,true],"medium_large":["https:\/\/quehacerpolitico.mx\/wp-content\/uploads\/2023\/10\/IMG_1235-768x423.jpeg",640,353,true],"large":["https:\/\/quehacerpolitico.mx\/wp-content\/uploads\/2023\/10\/IMG_1235.jpeg",640,353,false],"1536x1536":["https:\/\/quehacerpolitico.mx\/wp-content\/uploads\/2023\/10\/IMG_1235.jpeg",1014,559,false],"2048x2048":["https:\/\/quehacerpolitico.mx\/wp-content\/uploads\/2023\/10\/IMG_1235.jpeg",1014,559,false],"covernews-featured":["https:\/\/quehacerpolitico.mx\/wp-content\/uploads\/2023\/10\/IMG_1235.jpeg",1014,559,false],"covernews-medium":["https:\/\/quehacerpolitico.mx\/wp-content\/uploads\/2023\/10\/IMG_1235.jpeg",540,298,false]},"author_info":{"display_name":"Redacci\u00f3n QP","author_link":"https:\/\/quehacerpolitico.mx\/?author=2"},"category_info":"<a href=\"https:\/\/quehacerpolitico.mx\/?cat=2\" rel=\"category\">Noticias<\/a>","tag_info":"Noticias","comment_count":"0","_links":{"self":[{"href":"https:\/\/quehacerpolitico.mx\/index.php?rest_route=\/wp\/v2\/posts\/105494","targetHints":{"allow":["GET"]}}],"collection":[{"href":"https:\/\/quehacerpolitico.mx\/index.php?rest_route=\/wp\/v2\/posts"}],"about":[{"href":"https:\/\/quehacerpolitico.mx\/index.php?rest_route=\/wp\/v2\/types\/post"}],"author":[{"embeddable":true,"href":"https:\/\/quehacerpolitico.mx\/index.php?rest_route=\/wp\/v2\/users\/2"}],"replies":[{"embeddable":true,"href":"https:\/\/quehacerpolitico.mx\/index.php?rest_route=%2Fwp%2Fv2%2Fcomments&post=105494"}],"version-history":[{"count":1,"href":"https:\/\/quehacerpolitico.mx\/index.php?rest_route=\/wp\/v2\/posts\/105494\/revisions"}],"predecessor-version":[{"id":105496,"href":"https:\/\/quehacerpolitico.mx\/index.php?rest_route=\/wp\/v2\/posts\/105494\/revisions\/105496"}],"wp:featuredmedia":[{"embeddable":true,"href":"https:\/\/quehacerpolitico.mx\/index.php?rest_route=\/wp\/v2\/media\/105495"}],"wp:attachment":[{"href":"https:\/\/quehacerpolitico.mx\/index.php?rest_route=%2Fwp%2Fv2%2Fmedia&parent=105494"}],"wp:term":[{"taxonomy":"category","embeddable":true,"href":"https:\/\/quehacerpolitico.mx\/index.php?rest_route=%2Fwp%2Fv2%2Fcategories&post=105494"},{"taxonomy":"post_tag","embeddable":true,"href":"https:\/\/quehacerpolitico.mx\/index.php?rest_route=%2Fwp%2Fv2%2Ftags&post=105494"}],"curies":[{"name":"wp","href":"https:\/\/api.w.org\/{rel}","templated":true}]}}