{"id":105491,"date":"2023-10-09T16:46:30","date_gmt":"2023-10-09T16:46:30","guid":{"rendered":"https:\/\/quehacerpolitico.mx\/?p=105491"},"modified":"2023-10-09T16:46:35","modified_gmt":"2023-10-09T16:46:35","slug":"hay-tres-mexicanos-desaparecidos-tras-el-conflicto-israeli-palestino","status":"publish","type":"post","link":"https:\/\/quehacerpolitico.mx\/?p=105491","title":{"rendered":"Hay tres mexicanos desaparecidos tras el conflicto israel\u00ed-palestino"},"content":{"rendered":"\n<p>Por Redacci\u00f3n QP<\/p>\n\n\n\n<p>El presidente de M\u00e9xico,\u00a0<strong>Andr\u00e9s Manuel L\u00f3pez Obrador<\/strong>, confirm\u00f3 este lunes que son tres los\u00a0<strong>mexicanos<\/strong>\u00a0que se encuentran\u00a0<strong>desaparecidos<\/strong>en medio del conflicto entre\u00a0<strong>Israel<\/strong>\u00a0y el grupo islamista\u00a0<strong>Ham\u00e1s<\/strong>, que inici\u00f3 un\u00a0<strong>ataque<\/strong>\u00a0sin precedentes contra\u00a0<strong>militares<\/strong>\u00a0y\u00a0<strong>civiles<\/strong>\u00a0este s\u00e1bado por aire, mar y tierra.<\/p>\n\n\n\n<p>\u201cSe est\u00e1 buscando la\u00a0<strong>protecci\u00f3n<\/strong>\u00a0de todos nuestros\u00a0<strong>connacionales<\/strong>, hay reportes de<strong>\u00a0tres mexicanos desaparecidos<\/strong>, ya se tiene comunicaci\u00f3n con sus familiares y se est\u00e1 haciendo toda la labor de\u00a0<strong>b\u00fasqueda<\/strong>. Est\u00e1n los diplom\u00e1ticos actuando\u201d, afirm\u00f3 durante su conferencia matutina en Palacio Nacional.<\/p>\n\n\n\n<figure class=\"wp-block-embed is-type-video is-provider-youtube wp-block-embed-youtube wp-embed-aspect-16-9 wp-has-aspect-ratio\"><div class=\"wp-block-embed__wrapper\">\n<iframe loading=\"lazy\" title=\"Hay 3 Mexicanos desaparecidos en zona de guerra de Israel: AMLO\" width=\"640\" height=\"360\" src=\"https:\/\/www.youtube.com\/embed\/Nide-mJq3vg?feature=oembed\" frameborder=\"0\" allow=\"accelerometer; autoplay; clipboard-write; encrypted-media; gyroscope; picture-in-picture; web-share\" referrerpolicy=\"strict-origin-when-cross-origin\" allowfullscreen><\/iframe>\n<\/div><\/figure>\n\n\n\n<p>La canciller mexicana&nbsp;<strong>Alicia<\/strong>&nbsp;<strong>B\u00e1rcena<\/strong>&nbsp;inform\u00f3 ayer que&nbsp;<strong>dos mexicanos<\/strong>&nbsp;\u2014una mujer y un hombre\u2014 fueron tomados como&nbsp;<strong>rehenes<\/strong>&nbsp;por&nbsp;<strong>Ham\u00e1s<\/strong>, en la Franja de Gaza, tras el asalto en&nbsp;<strong>Israel<\/strong>&nbsp;que realiz\u00f3 el grupo islamista, el cual ha dejado m\u00e1s de<strong>&nbsp;mil 300 muertos<\/strong>.<\/p>\n\n\n\n<p>Indic\u00f3 que unos&nbsp;<strong>500 connacionales<\/strong>&nbsp;que se encuentran en&nbsp;<strong>Israel<\/strong>&nbsp;se registraron en un formulario de emergencia de la dependencia para recibir&nbsp;<strong>asistencia<\/strong>, a trav\u00e9s del Sistema de Registro para Personas Mexicanas en el Exterior (<strong>Sirme<\/strong>).<\/p>\n\n\n\n<p>El&nbsp;<strong>mandatario<\/strong>&nbsp;<strong>federal<\/strong>&nbsp;agreg\u00f3 que esta ma\u00f1ana saldr\u00e1 un avi\u00f3n de la Secretar\u00eda de la Defensa Nacional (<strong>Sedena<\/strong>) para retornar a los&nbsp;<strong>mexicanos<\/strong>&nbsp;que quieran salir de&nbsp;<strong>Israel<\/strong>, los cuales suman alrededor de 300, y por la tarde partir\u00e1 otra&nbsp;<strong>aeronave<\/strong>.<\/p>\n\n\n\n<p>\u201cEn el caso de&nbsp;<strong>Israel<\/strong>, la mayor parte de los&nbsp;<strong>mexicanos<\/strong>&nbsp;que est\u00e1n lo han hecho por&nbsp;<strong>viajes<\/strong><strong>tur\u00edsticos<\/strong>, fundamentalmente religiosos, y como se han cancelado&nbsp;<strong>vuelos comerciales<\/strong>&nbsp;se decidi\u00f3 enviar un avi\u00f3n que sale hoy mismo por la ma\u00f1ana\u201d, se\u00f1al\u00f3.<\/p>\n\n\n\n<p>La Secretar\u00eda de Relaciones Exteriores (<strong>SRE<\/strong>) llam\u00f3 a los mexicanos en&nbsp;<strong>Israel<\/strong>&nbsp;o&nbsp;<strong>Palestina<\/strong>&nbsp;a no caer en las ofertas fraudulentas de quienes ofrecen&nbsp;<strong>boletos de avi\u00f3n<\/strong>&nbsp;para salir de esos pa\u00edses ante el conflicto armado.<\/p>\n","protected":false},"excerpt":{"rendered":"<p>Por Redacci\u00f3n QP El presidente de M\u00e9xico,\u00a0Andr\u00e9s Manuel L\u00f3pez Obrador, confirm\u00f3 este lunes que son&#8230;<\/p>\n","protected":false},"author":2,"featured_media":105492,"comment_status":"open","ping_status":"open","sticky":false,"template":"","format":"standard","meta":{"_monsterinsights_skip_tracking":false,"_monsterinsights_sitenote_active":false,"_monsterinsights_sitenote_note":"","_monsterinsights_sitenote_category":0,"footnotes":""},"categories":[2],"tags":[],"class_list":["post-105491","post","type-post","status-publish","format-standard","has-post-thumbnail","hentry","category-noticias"],"yoast_head":"<!-- This site is optimized with the Yoast SEO plugin v27.3 - https:\/\/yoast.com\/product\/yoast-seo-wordpress\/ -->\n<title>Hay tres mexicanos desaparecidos tras el conflicto israel\u00ed-palestino -<\/title>\n<meta name=\"robots\" content=\"index, follow, max-snippet:-1, max-image-preview:large, max-video-preview:-1\" \/>\n<link rel=\"canonical\" href=\"https:\/\/quehacerpolitico.mx\/?p=105491\" \/>\n<meta property=\"og:locale\" content=\"es_MX\" \/>\n<meta property=\"og:type\" content=\"article\" \/>\n<meta property=\"og:title\" content=\"Hay tres mexicanos desaparecidos tras el conflicto israel\u00ed-palestino -\" \/>\n<meta property=\"og:description\" content=\"Por Redacci\u00f3n QP El presidente de M\u00e9xico,\u00a0Andr\u00e9s Manuel L\u00f3pez Obrador, confirm\u00f3 este lunes que son...\" \/>\n<meta property=\"og:url\" content=\"https:\/\/quehacerpolitico.mx\/?p=105491\" \/>\n<meta property=\"article:published_time\" content=\"2023-10-09T16:46:30+00:00\" \/>\n<meta property=\"article:modified_time\" content=\"2023-10-09T16:46:35+00:00\" \/>\n<meta property=\"og:image\" content=\"https:\/\/quehacerpolitico.mx\/wp-content\/uploads\/2023\/10\/IMG_1232.jpeg\" \/>\n\t<meta property=\"og:image:width\" content=\"1284\" \/>\n\t<meta property=\"og:image:height\" content=\"692\" \/>\n\t<meta property=\"og:image:type\" content=\"image\/jpeg\" \/>\n<meta name=\"author\" content=\"Redacci\u00f3n QP\" \/>\n<meta name=\"twitter:card\" content=\"summary_large_image\" \/>\n<meta name=\"twitter:label1\" content=\"Escrito por\" \/>\n\t<meta name=\"twitter:data1\" content=\"Redacci\u00f3n QP\" \/>\n\t<meta name=\"twitter:label2\" content=\"Tiempo de lectura\" \/>\n\t<meta name=\"twitter:data2\" content=\"2 minutos\" \/>\n<script type=\"application\/ld+json\" class=\"yoast-schema-graph\">{\"@context\":\"https:\\\/\\\/schema.org\",\"@graph\":[{\"@type\":\"Article\",\"@id\":\"https:\\\/\\\/quehacerpolitico.mx\\\/?p=105491#article\",\"isPartOf\":{\"@id\":\"https:\\\/\\\/quehacerpolitico.mx\\\/?p=105491\"},\"author\":{\"name\":\"Redacci\u00f3n QP\",\"@id\":\"https:\\\/\\\/quehacerpolitico.mx\\\/#\\\/schema\\\/person\\\/496d8ad2d1d3f8036101dca7ee39e585\"},\"headline\":\"Hay tres mexicanos desaparecidos tras el conflicto israel\u00ed-palestino\",\"datePublished\":\"2023-10-09T16:46:30+00:00\",\"dateModified\":\"2023-10-09T16:46:35+00:00\",\"mainEntityOfPage\":{\"@id\":\"https:\\\/\\\/quehacerpolitico.mx\\\/?p=105491\"},\"wordCount\":369,\"commentCount\":0,\"image\":{\"@id\":\"https:\\\/\\\/quehacerpolitico.mx\\\/?p=105491#primaryimage\"},\"thumbnailUrl\":\"https:\\\/\\\/quehacerpolitico.mx\\\/wp-content\\\/uploads\\\/2023\\\/10\\\/IMG_1232.jpeg\",\"articleSection\":[\"Noticias\"],\"inLanguage\":\"es\",\"potentialAction\":[{\"@type\":\"CommentAction\",\"name\":\"Comment\",\"target\":[\"https:\\\/\\\/quehacerpolitico.mx\\\/?p=105491#respond\"]}]},{\"@type\":\"WebPage\",\"@id\":\"https:\\\/\\\/quehacerpolitico.mx\\\/?p=105491\",\"url\":\"https:\\\/\\\/quehacerpolitico.mx\\\/?p=105491\",\"name\":\"Hay tres mexicanos desaparecidos tras el conflicto israel\u00ed-palestino -\",\"isPartOf\":{\"@id\":\"https:\\\/\\\/quehacerpolitico.mx\\\/#website\"},\"primaryImageOfPage\":{\"@id\":\"https:\\\/\\\/quehacerpolitico.mx\\\/?p=105491#primaryimage\"},\"image\":{\"@id\":\"https:\\\/\\\/quehacerpolitico.mx\\\/?p=105491#primaryimage\"},\"thumbnailUrl\":\"https:\\\/\\\/quehacerpolitico.mx\\\/wp-content\\\/uploads\\\/2023\\\/10\\\/IMG_1232.jpeg\",\"datePublished\":\"2023-10-09T16:46:30+00:00\",\"dateModified\":\"2023-10-09T16:46:35+00:00\",\"author\":{\"@id\":\"https:\\\/\\\/quehacerpolitico.mx\\\/#\\\/schema\\\/person\\\/496d8ad2d1d3f8036101dca7ee39e585\"},\"breadcrumb\":{\"@id\":\"https:\\\/\\\/quehacerpolitico.mx\\\/?p=105491#breadcrumb\"},\"inLanguage\":\"es\",\"potentialAction\":[{\"@type\":\"ReadAction\",\"target\":[\"https:\\\/\\\/quehacerpolitico.mx\\\/?p=105491\"]}]},{\"@type\":\"ImageObject\",\"inLanguage\":\"es\",\"@id\":\"https:\\\/\\\/quehacerpolitico.mx\\\/?p=105491#primaryimage\",\"url\":\"https:\\\/\\\/quehacerpolitico.mx\\\/wp-content\\\/uploads\\\/2023\\\/10\\\/IMG_1232.jpeg\",\"contentUrl\":\"https:\\\/\\\/quehacerpolitico.mx\\\/wp-content\\\/uploads\\\/2023\\\/10\\\/IMG_1232.jpeg\",\"width\":1284,\"height\":692},{\"@type\":\"BreadcrumbList\",\"@id\":\"https:\\\/\\\/quehacerpolitico.mx\\\/?p=105491#breadcrumb\",\"itemListElement\":[{\"@type\":\"ListItem\",\"position\":1,\"name\":\"Inicio\",\"item\":\"https:\\\/\\\/quehacerpolitico.mx\\\/\"},{\"@type\":\"ListItem\",\"position\":2,\"name\":\"Hay tres mexicanos desaparecidos tras el conflicto israel\u00ed-palestino\"}]},{\"@type\":\"WebSite\",\"@id\":\"https:\\\/\\\/quehacerpolitico.mx\\\/#website\",\"url\":\"https:\\\/\\\/quehacerpolitico.mx\\\/\",\"name\":\"\",\"description\":\"\",\"potentialAction\":[{\"@type\":\"SearchAction\",\"target\":{\"@type\":\"EntryPoint\",\"urlTemplate\":\"https:\\\/\\\/quehacerpolitico.mx\\\/?s={search_term_string}\"},\"query-input\":{\"@type\":\"PropertyValueSpecification\",\"valueRequired\":true,\"valueName\":\"search_term_string\"}}],\"inLanguage\":\"es\"},{\"@type\":\"Person\",\"@id\":\"https:\\\/\\\/quehacerpolitico.mx\\\/#\\\/schema\\\/person\\\/496d8ad2d1d3f8036101dca7ee39e585\",\"name\":\"Redacci\u00f3n QP\",\"image\":{\"@type\":\"ImageObject\",\"inLanguage\":\"es\",\"@id\":\"https:\\\/\\\/secure.gravatar.com\\\/avatar\\\/c7164ed6fdec453195284ad24a5ae5b6e1eed2b848477fa2a4787ba9adf39a41?s=96&d=mm&r=g\",\"url\":\"https:\\\/\\\/secure.gravatar.com\\\/avatar\\\/c7164ed6fdec453195284ad24a5ae5b6e1eed2b848477fa2a4787ba9adf39a41?s=96&d=mm&r=g\",\"contentUrl\":\"https:\\\/\\\/secure.gravatar.com\\\/avatar\\\/c7164ed6fdec453195284ad24a5ae5b6e1eed2b848477fa2a4787ba9adf39a41?s=96&d=mm&r=g\",\"caption\":\"Redacci\u00f3n QP\"},\"url\":\"https:\\\/\\\/quehacerpolitico.mx\\\/?author=2\"}]}<\/script>\n<!-- \/ Yoast SEO plugin. -->","yoast_head_json":{"title":"Hay tres mexicanos desaparecidos tras el conflicto israel\u00ed-palestino -","robots":{"index":"index","follow":"follow","max-snippet":"max-snippet:-1","max-image-preview":"max-image-preview:large","max-video-preview":"max-video-preview:-1"},"canonical":"https:\/\/quehacerpolitico.mx\/?p=105491","og_locale":"es_MX","og_type":"article","og_title":"Hay tres mexicanos desaparecidos tras el conflicto israel\u00ed-palestino -","og_description":"Por Redacci\u00f3n QP El presidente de M\u00e9xico,\u00a0Andr\u00e9s Manuel L\u00f3pez Obrador, confirm\u00f3 este lunes que son...","og_url":"https:\/\/quehacerpolitico.mx\/?p=105491","article_published_time":"2023-10-09T16:46:30+00:00","article_modified_time":"2023-10-09T16:46:35+00:00","og_image":[{"width":1284,"height":692,"url":"https:\/\/quehacerpolitico.mx\/wp-content\/uploads\/2023\/10\/IMG_1232.jpeg","type":"image\/jpeg"}],"author":"Redacci\u00f3n QP","twitter_card":"summary_large_image","twitter_misc":{"Escrito por":"Redacci\u00f3n QP","Tiempo de lectura":"2 minutos"},"schema":{"@context":"https:\/\/schema.org","@graph":[{"@type":"Article","@id":"https:\/\/quehacerpolitico.mx\/?p=105491#article","isPartOf":{"@id":"https:\/\/quehacerpolitico.mx\/?p=105491"},"author":{"name":"Redacci\u00f3n QP","@id":"https:\/\/quehacerpolitico.mx\/#\/schema\/person\/496d8ad2d1d3f8036101dca7ee39e585"},"headline":"Hay tres mexicanos desaparecidos tras el conflicto israel\u00ed-palestino","datePublished":"2023-10-09T16:46:30+00:00","dateModified":"2023-10-09T16:46:35+00:00","mainEntityOfPage":{"@id":"https:\/\/quehacerpolitico.mx\/?p=105491"},"wordCount":369,"commentCount":0,"image":{"@id":"https:\/\/quehacerpolitico.mx\/?p=105491#primaryimage"},"thumbnailUrl":"https:\/\/quehacerpolitico.mx\/wp-content\/uploads\/2023\/10\/IMG_1232.jpeg","articleSection":["Noticias"],"inLanguage":"es","potentialAction":[{"@type":"CommentAction","name":"Comment","target":["https:\/\/quehacerpolitico.mx\/?p=105491#respond"]}]},{"@type":"WebPage","@id":"https:\/\/quehacerpolitico.mx\/?p=105491","url":"https:\/\/quehacerpolitico.mx\/?p=105491","name":"Hay tres mexicanos desaparecidos tras el conflicto israel\u00ed-palestino -","isPartOf":{"@id":"https:\/\/quehacerpolitico.mx\/#website"},"primaryImageOfPage":{"@id":"https:\/\/quehacerpolitico.mx\/?p=105491#primaryimage"},"image":{"@id":"https:\/\/quehacerpolitico.mx\/?p=105491#primaryimage"},"thumbnailUrl":"https:\/\/quehacerpolitico.mx\/wp-content\/uploads\/2023\/10\/IMG_1232.jpeg","datePublished":"2023-10-09T16:46:30+00:00","dateModified":"2023-10-09T16:46:35+00:00","author":{"@id":"https:\/\/quehacerpolitico.mx\/#\/schema\/person\/496d8ad2d1d3f8036101dca7ee39e585"},"breadcrumb":{"@id":"https:\/\/quehacerpolitico.mx\/?p=105491#breadcrumb"},"inLanguage":"es","potentialAction":[{"@type":"ReadAction","target":["https:\/\/quehacerpolitico.mx\/?p=105491"]}]},{"@type":"ImageObject","inLanguage":"es","@id":"https:\/\/quehacerpolitico.mx\/?p=105491#primaryimage","url":"https:\/\/quehacerpolitico.mx\/wp-content\/uploads\/2023\/10\/IMG_1232.jpeg","contentUrl":"https:\/\/quehacerpolitico.mx\/wp-content\/uploads\/2023\/10\/IMG_1232.jpeg","width":1284,"height":692},{"@type":"BreadcrumbList","@id":"https:\/\/quehacerpolitico.mx\/?p=105491#breadcrumb","itemListElement":[{"@type":"ListItem","position":1,"name":"Inicio","item":"https:\/\/quehacerpolitico.mx\/"},{"@type":"ListItem","position":2,"name":"Hay tres mexicanos desaparecidos tras el conflicto israel\u00ed-palestino"}]},{"@type":"WebSite","@id":"https:\/\/quehacerpolitico.mx\/#website","url":"https:\/\/quehacerpolitico.mx\/","name":"","description":"","potentialAction":[{"@type":"SearchAction","target":{"@type":"EntryPoint","urlTemplate":"https:\/\/quehacerpolitico.mx\/?s={search_term_string}"},"query-input":{"@type":"PropertyValueSpecification","valueRequired":true,"valueName":"search_term_string"}}],"inLanguage":"es"},{"@type":"Person","@id":"https:\/\/quehacerpolitico.mx\/#\/schema\/person\/496d8ad2d1d3f8036101dca7ee39e585","name":"Redacci\u00f3n QP","image":{"@type":"ImageObject","inLanguage":"es","@id":"https:\/\/secure.gravatar.com\/avatar\/c7164ed6fdec453195284ad24a5ae5b6e1eed2b848477fa2a4787ba9adf39a41?s=96&d=mm&r=g","url":"https:\/\/secure.gravatar.com\/avatar\/c7164ed6fdec453195284ad24a5ae5b6e1eed2b848477fa2a4787ba9adf39a41?s=96&d=mm&r=g","contentUrl":"https:\/\/secure.gravatar.com\/avatar\/c7164ed6fdec453195284ad24a5ae5b6e1eed2b848477fa2a4787ba9adf39a41?s=96&d=mm&r=g","caption":"Redacci\u00f3n QP"},"url":"https:\/\/quehacerpolitico.mx\/?author=2"}]}},"featured_image_urls":{"full":["https:\/\/quehacerpolitico.mx\/wp-content\/uploads\/2023\/10\/IMG_1232.jpeg",1284,692,false],"thumbnail":["https:\/\/quehacerpolitico.mx\/wp-content\/uploads\/2023\/10\/IMG_1232-150x150.jpeg",150,150,true],"medium":["https:\/\/quehacerpolitico.mx\/wp-content\/uploads\/2023\/10\/IMG_1232-300x162.jpeg",300,162,true],"medium_large":["https:\/\/quehacerpolitico.mx\/wp-content\/uploads\/2023\/10\/IMG_1232-768x414.jpeg",640,345,true],"large":["https:\/\/quehacerpolitico.mx\/wp-content\/uploads\/2023\/10\/IMG_1232-1024x552.jpeg",640,345,true],"1536x1536":["https:\/\/quehacerpolitico.mx\/wp-content\/uploads\/2023\/10\/IMG_1232.jpeg",1284,692,false],"2048x2048":["https:\/\/quehacerpolitico.mx\/wp-content\/uploads\/2023\/10\/IMG_1232.jpeg",1284,692,false],"covernews-featured":["https:\/\/quehacerpolitico.mx\/wp-content\/uploads\/2023\/10\/IMG_1232.jpeg",1024,552,false],"covernews-medium":["https:\/\/quehacerpolitico.mx\/wp-content\/uploads\/2023\/10\/IMG_1232.jpeg",540,291,false]},"author_info":{"display_name":"Redacci\u00f3n QP","author_link":"https:\/\/quehacerpolitico.mx\/?author=2"},"category_info":"<a href=\"https:\/\/quehacerpolitico.mx\/?cat=2\" rel=\"category\">Noticias<\/a>","tag_info":"Noticias","comment_count":"0","_links":{"self":[{"href":"https:\/\/quehacerpolitico.mx\/index.php?rest_route=\/wp\/v2\/posts\/105491","targetHints":{"allow":["GET"]}}],"collection":[{"href":"https:\/\/quehacerpolitico.mx\/index.php?rest_route=\/wp\/v2\/posts"}],"about":[{"href":"https:\/\/quehacerpolitico.mx\/index.php?rest_route=\/wp\/v2\/types\/post"}],"author":[{"embeddable":true,"href":"https:\/\/quehacerpolitico.mx\/index.php?rest_route=\/wp\/v2\/users\/2"}],"replies":[{"embeddable":true,"href":"https:\/\/quehacerpolitico.mx\/index.php?rest_route=%2Fwp%2Fv2%2Fcomments&post=105491"}],"version-history":[{"count":1,"href":"https:\/\/quehacerpolitico.mx\/index.php?rest_route=\/wp\/v2\/posts\/105491\/revisions"}],"predecessor-version":[{"id":105493,"href":"https:\/\/quehacerpolitico.mx\/index.php?rest_route=\/wp\/v2\/posts\/105491\/revisions\/105493"}],"wp:featuredmedia":[{"embeddable":true,"href":"https:\/\/quehacerpolitico.mx\/index.php?rest_route=\/wp\/v2\/media\/105492"}],"wp:attachment":[{"href":"https:\/\/quehacerpolitico.mx\/index.php?rest_route=%2Fwp%2Fv2%2Fmedia&parent=105491"}],"wp:term":[{"taxonomy":"category","embeddable":true,"href":"https:\/\/quehacerpolitico.mx\/index.php?rest_route=%2Fwp%2Fv2%2Fcategories&post=105491"},{"taxonomy":"post_tag","embeddable":true,"href":"https:\/\/quehacerpolitico.mx\/index.php?rest_route=%2Fwp%2Fv2%2Ftags&post=105491"}],"curies":[{"name":"wp","href":"https:\/\/api.w.org\/{rel}","templated":true}]}}