{"id":105488,"date":"2023-10-09T16:32:54","date_gmt":"2023-10-09T16:32:54","guid":{"rendered":"https:\/\/quehacerpolitico.mx\/?p=105488"},"modified":"2023-10-09T16:32:58","modified_gmt":"2023-10-09T16:32:58","slug":"internacionales-carolina-alonso-romei-israel-anuncia-un-bloqueo-total-a-la-franja-de-gaza-en-represalia-a-los-ataques-de-hamas-no-habra-alimentos-ni-electricidad","status":"publish","type":"post","link":"https:\/\/quehacerpolitico.mx\/?p=105488","title":{"rendered":"Internacionales\/\/\/Carolina Alonso Romei\/\/\/Israel anuncia un bloqueo total a la Franja de Gaza en represalia a los ataques de Ham\u00e1s: \u201cNo habr\u00e1 alimentos ni electricidad\u201d"},"content":{"rendered":"\n<p>Por Carolina Alonso Romei<\/p>\n\n\n\n<p>Internacionalista<\/p>\n\n\n\n<p>El ministro de Defensa israel\u00ed,\u00a0<strong>YoavGallant<\/strong>, anunci\u00f3 este lunes que orden\u00f3 el\u00a0<strong>bloqueo total\u00a0<\/strong>de la Fr<strong>anja de Gaza<\/strong>, lo que significa que el\u00a0<strong>enclave<\/strong>\u00a0<strong>palestino<\/strong>\u00a0quedar\u00e1 sin suministro de\u00a0<strong>electricidad<\/strong>,\u00a0<strong>alimentos<\/strong>\u00a0y\u00a0<strong>combustible<\/strong>, en medio de una guerra entre Israel y el movimiento<strong>\u00a0islamista<\/strong>\u00a0<strong>Ham\u00e1s<\/strong>.<\/p>\n\n\n\n<p>\u201cHe dado una orden: Gaza estar\u00e1 bajo un&nbsp;<strong>cierre total<\/strong>. Estamos luchando contra&nbsp;<strong>terroristas<\/strong>b\u00e1rbaros y responderemos en&nbsp;<strong>consecuencia<\/strong>\u201c, indic\u00f3 el ministro, de acuerdo con un comunicado de su oficina.<\/p>\n\n\n\n<p>\u201cNo habr\u00e1\u00a0<strong>electricidad<\/strong>,\u00a0<strong>alimentos<\/strong>\u00a0ni\u00a0<strong>combustible<\/strong>\u201d en la Franja desde\u00a0<strong>Israel<\/strong>, subray\u00f3 Gallant, quien se encuentra llevando a cabo una evaluaci\u00f3n de la situaci\u00f3n operativa en el\u00a0<strong>Comando Sur del Ej\u00e9rcito<\/strong>, junto con el jefe del mando, Yaron Finkelman.<\/p>\n\n\n\n<figure class=\"wp-block-embed is-type-video is-provider-youtube wp-block-embed-youtube wp-embed-aspect-16-9 wp-has-aspect-ratio\"><div class=\"wp-block-embed__wrapper\">\n<iframe loading=\"lazy\" title=\"Israel ordena el bloqueo total de Gaza mientras combate a milicianos de Ham\u00e1s en el sur\" width=\"640\" height=\"360\" src=\"https:\/\/www.youtube.com\/embed\/m2l44C810rM?feature=oembed\" frameborder=\"0\" allow=\"accelerometer; autoplay; clipboard-write; encrypted-media; gyroscope; picture-in-picture; web-share\" referrerpolicy=\"strict-origin-when-cross-origin\" allowfullscreen><\/iframe>\n<\/div><\/figure>\n\n\n\n<p>En tanto, los muertos en&nbsp;<strong>Israel<\/strong>&nbsp;ascienden a m\u00e1s de&nbsp;<strong>800<\/strong>&nbsp;tras el brutal ataque de&nbsp;<strong>Ham\u00e1s<\/strong>&nbsp;por aire, mar y tierra que inici\u00f3 el s\u00e1bado, mientras que los fallecidos en la&nbsp;<strong>Franja de Gaza<\/strong>&nbsp;suman&nbsp;<strong>560<\/strong>, en el tercer d\u00eda de enfrentamientos.<\/p>\n\n\n\n<p>El&nbsp;<strong>Ministerio de Sanidad&nbsp;<\/strong>de Israel confirm\u00f3 que los heridos llegan a&nbsp;<strong>2 mil 506<\/strong>, entre ellos 376 en estado grave, por la agresi\u00f3n de las milicias palestinas y el lanzamiento de m\u00e1s de 4 mil 400 misiles desde el enclave, aunque la mayor\u00eda fueron&nbsp;<strong>interceptados<\/strong>.<\/p>\n\n\n\n<p>En Gaza, los heridos son&nbsp;<strong>2 mil 900<\/strong>, seg\u00fan el \u00faltimo recuento de su Ministerio de Sanidad, que desde ayer sufre intensos&nbsp;<strong>bombardeos<\/strong>&nbsp;por parte de la aviaci\u00f3n israel\u00ed, que atac\u00f3 numerosa infraestructura civil y&nbsp;<strong>edificios<\/strong>&nbsp;residenciales.<\/p>\n\n\n\n<p><strong>Ham\u00e1s<\/strong>&nbsp;asegur\u00f3 que los bombardeos provocaron la muerte de al menos&nbsp;<strong>cuatro rehenes<\/strong>&nbsp;israel\u00edes, de los cientos de personas que el grupo secuestr\u00f3 el s\u00e1bado, durante su agresi\u00f3n en territorio israel\u00ed, donde dispararon,&nbsp;<strong>masacraron<\/strong>y plagiaron a civiles en una veintena de&nbsp;<strong>comunidades<\/strong>&nbsp;colindantes con Gaza.<\/p>\n\n\n\n<p>\u201cLos&nbsp;<strong>bombardeos<\/strong>&nbsp;de la ocupaci\u00f3n durante la noche y hoy en la&nbsp;<strong>Franja de Gaza<\/strong>&nbsp;provocaron la muerte de cuatro prisioneros enemigos y el&nbsp;<strong>martirio<\/strong>&nbsp;de quienes los manten\u00edan cautivos\u201d, dijo Ay Ubaida, vocero de las&nbsp;<strong>Brigadas de Al Qasam<\/strong>, brazo armado de Ham\u00e1s.<\/p>\n\n\n\n<p>El\u00a0<strong>Ej\u00e9rcito<\/strong>\u00a0confirm\u00f3 recientemente que recuper\u00f3 el\u00a0<strong>control<\/strong>\u00a0en todas las \u00e1reas tomadas hace dos d\u00edas por las\u00a0<strong>milicias<\/strong>, pero advirti\u00f3 de que todav\u00eda pueden quedar\u00a0<strong>terroristas<\/strong> escondidos en ellas, con los que ha habido \u201c<strong>intensos<\/strong>\u00a0intercambios de fuego\u201d.<\/p>\n\n\n\n<p>Israel se declar\u00f3 el s\u00e1bado en\u00a0<strong>estado de guerra<\/strong>, despu\u00e9s de que\u00a0<strong>Ham\u00e1s<\/strong>\u00a0lanzara un ataque m\u00faltiple, por tierra, mar y aire, que tom\u00f3 al pa\u00eds por sorpresa, de una escala sin\u00a0<strong>precedentes<\/strong>, con el lanzamiento de misiles e incursiones terrestres en suelo israel\u00ed<\/p>\n\n\n\n<p>Con informaci\u00f3n de EFE<\/p>\n","protected":false},"excerpt":{"rendered":"<p>Por Carolina Alonso Romei Internacionalista El ministro de Defensa israel\u00ed,\u00a0YoavGallant, anunci\u00f3 este lunes que orden\u00f3&#8230;<\/p>\n","protected":false},"author":2,"featured_media":105489,"comment_status":"open","ping_status":"open","sticky":false,"template":"","format":"standard","meta":{"_monsterinsights_skip_tracking":false,"_monsterinsights_sitenote_active":false,"_monsterinsights_sitenote_note":"","_monsterinsights_sitenote_category":0,"footnotes":""},"categories":[1],"tags":[],"class_list":["post-105488","post","type-post","status-publish","format-standard","has-post-thumbnail","hentry","category-sin-categoria"],"yoast_head":"<!-- This site is optimized with the Yoast SEO plugin v27.3 - https:\/\/yoast.com\/product\/yoast-seo-wordpress\/ -->\n<title>Internacionales\/\/\/Carolina Alonso Romei\/\/\/Israel anuncia un bloqueo total a la Franja de Gaza en represalia a los ataques de Ham\u00e1s: \u201cNo habr\u00e1 alimentos ni electricidad\u201d -<\/title>\n<meta name=\"robots\" content=\"index, follow, max-snippet:-1, max-image-preview:large, max-video-preview:-1\" \/>\n<link rel=\"canonical\" href=\"https:\/\/quehacerpolitico.mx\/?p=105488\" \/>\n<meta property=\"og:locale\" content=\"es_MX\" \/>\n<meta property=\"og:type\" content=\"article\" \/>\n<meta property=\"og:title\" content=\"Internacionales\/\/\/Carolina Alonso Romei\/\/\/Israel anuncia un bloqueo total a la Franja de Gaza en represalia a los ataques de Ham\u00e1s: \u201cNo habr\u00e1 alimentos ni electricidad\u201d -\" \/>\n<meta property=\"og:description\" content=\"Por Carolina Alonso Romei Internacionalista El ministro de Defensa israel\u00ed,\u00a0YoavGallant, anunci\u00f3 este lunes que orden\u00f3...\" \/>\n<meta property=\"og:url\" content=\"https:\/\/quehacerpolitico.mx\/?p=105488\" \/>\n<meta property=\"article:published_time\" content=\"2023-10-09T16:32:54+00:00\" \/>\n<meta property=\"article:modified_time\" content=\"2023-10-09T16:32:58+00:00\" \/>\n<meta property=\"og:image\" content=\"https:\/\/quehacerpolitico.mx\/wp-content\/uploads\/2023\/10\/IMG_1231.jpeg\" \/>\n\t<meta property=\"og:image:width\" content=\"1284\" \/>\n\t<meta property=\"og:image:height\" content=\"705\" \/>\n\t<meta property=\"og:image:type\" content=\"image\/jpeg\" \/>\n<meta name=\"author\" content=\"Redacci\u00f3n QP\" \/>\n<meta name=\"twitter:card\" content=\"summary_large_image\" \/>\n<meta name=\"twitter:label1\" content=\"Escrito por\" \/>\n\t<meta name=\"twitter:data1\" content=\"Redacci\u00f3n QP\" \/>\n\t<meta name=\"twitter:label2\" content=\"Tiempo de lectura\" \/>\n\t<meta name=\"twitter:data2\" content=\"2 minutos\" \/>\n<script type=\"application\/ld+json\" class=\"yoast-schema-graph\">{\"@context\":\"https:\\\/\\\/schema.org\",\"@graph\":[{\"@type\":\"Article\",\"@id\":\"https:\\\/\\\/quehacerpolitico.mx\\\/?p=105488#article\",\"isPartOf\":{\"@id\":\"https:\\\/\\\/quehacerpolitico.mx\\\/?p=105488\"},\"author\":{\"name\":\"Redacci\u00f3n QP\",\"@id\":\"https:\\\/\\\/quehacerpolitico.mx\\\/#\\\/schema\\\/person\\\/496d8ad2d1d3f8036101dca7ee39e585\"},\"headline\":\"Internacionales\\\/\\\/\\\/Carolina Alonso Romei\\\/\\\/\\\/Israel anuncia un bloqueo total a la Franja de Gaza en represalia a los ataques de Ham\u00e1s: \u201cNo habr\u00e1 alimentos ni electricidad\u201d\",\"datePublished\":\"2023-10-09T16:32:54+00:00\",\"dateModified\":\"2023-10-09T16:32:58+00:00\",\"mainEntityOfPage\":{\"@id\":\"https:\\\/\\\/quehacerpolitico.mx\\\/?p=105488\"},\"wordCount\":514,\"commentCount\":0,\"image\":{\"@id\":\"https:\\\/\\\/quehacerpolitico.mx\\\/?p=105488#primaryimage\"},\"thumbnailUrl\":\"https:\\\/\\\/quehacerpolitico.mx\\\/wp-content\\\/uploads\\\/2023\\\/10\\\/IMG_1231.jpeg\",\"articleSection\":[\"Internacionales\"],\"inLanguage\":\"es\",\"potentialAction\":[{\"@type\":\"CommentAction\",\"name\":\"Comment\",\"target\":[\"https:\\\/\\\/quehacerpolitico.mx\\\/?p=105488#respond\"]}]},{\"@type\":\"WebPage\",\"@id\":\"https:\\\/\\\/quehacerpolitico.mx\\\/?p=105488\",\"url\":\"https:\\\/\\\/quehacerpolitico.mx\\\/?p=105488\",\"name\":\"Internacionales\\\/\\\/\\\/Carolina Alonso Romei\\\/\\\/\\\/Israel anuncia un bloqueo total a la Franja de Gaza en represalia a los ataques de Ham\u00e1s: \u201cNo habr\u00e1 alimentos ni electricidad\u201d -\",\"isPartOf\":{\"@id\":\"https:\\\/\\\/quehacerpolitico.mx\\\/#website\"},\"primaryImageOfPage\":{\"@id\":\"https:\\\/\\\/quehacerpolitico.mx\\\/?p=105488#primaryimage\"},\"image\":{\"@id\":\"https:\\\/\\\/quehacerpolitico.mx\\\/?p=105488#primaryimage\"},\"thumbnailUrl\":\"https:\\\/\\\/quehacerpolitico.mx\\\/wp-content\\\/uploads\\\/2023\\\/10\\\/IMG_1231.jpeg\",\"datePublished\":\"2023-10-09T16:32:54+00:00\",\"dateModified\":\"2023-10-09T16:32:58+00:00\",\"author\":{\"@id\":\"https:\\\/\\\/quehacerpolitico.mx\\\/#\\\/schema\\\/person\\\/496d8ad2d1d3f8036101dca7ee39e585\"},\"breadcrumb\":{\"@id\":\"https:\\\/\\\/quehacerpolitico.mx\\\/?p=105488#breadcrumb\"},\"inLanguage\":\"es\",\"potentialAction\":[{\"@type\":\"ReadAction\",\"target\":[\"https:\\\/\\\/quehacerpolitico.mx\\\/?p=105488\"]}]},{\"@type\":\"ImageObject\",\"inLanguage\":\"es\",\"@id\":\"https:\\\/\\\/quehacerpolitico.mx\\\/?p=105488#primaryimage\",\"url\":\"https:\\\/\\\/quehacerpolitico.mx\\\/wp-content\\\/uploads\\\/2023\\\/10\\\/IMG_1231.jpeg\",\"contentUrl\":\"https:\\\/\\\/quehacerpolitico.mx\\\/wp-content\\\/uploads\\\/2023\\\/10\\\/IMG_1231.jpeg\",\"width\":1284,\"height\":705},{\"@type\":\"BreadcrumbList\",\"@id\":\"https:\\\/\\\/quehacerpolitico.mx\\\/?p=105488#breadcrumb\",\"itemListElement\":[{\"@type\":\"ListItem\",\"position\":1,\"name\":\"Inicio\",\"item\":\"https:\\\/\\\/quehacerpolitico.mx\\\/\"},{\"@type\":\"ListItem\",\"position\":2,\"name\":\"Internacionales\\\/\\\/\\\/Carolina Alonso Romei\\\/\\\/\\\/Israel anuncia un bloqueo total a la Franja de Gaza en represalia a los ataques de Ham\u00e1s: \u201cNo habr\u00e1 alimentos ni electricidad\u201d\"}]},{\"@type\":\"WebSite\",\"@id\":\"https:\\\/\\\/quehacerpolitico.mx\\\/#website\",\"url\":\"https:\\\/\\\/quehacerpolitico.mx\\\/\",\"name\":\"\",\"description\":\"\",\"potentialAction\":[{\"@type\":\"SearchAction\",\"target\":{\"@type\":\"EntryPoint\",\"urlTemplate\":\"https:\\\/\\\/quehacerpolitico.mx\\\/?s={search_term_string}\"},\"query-input\":{\"@type\":\"PropertyValueSpecification\",\"valueRequired\":true,\"valueName\":\"search_term_string\"}}],\"inLanguage\":\"es\"},{\"@type\":\"Person\",\"@id\":\"https:\\\/\\\/quehacerpolitico.mx\\\/#\\\/schema\\\/person\\\/496d8ad2d1d3f8036101dca7ee39e585\",\"name\":\"Redacci\u00f3n QP\",\"image\":{\"@type\":\"ImageObject\",\"inLanguage\":\"es\",\"@id\":\"https:\\\/\\\/secure.gravatar.com\\\/avatar\\\/c7164ed6fdec453195284ad24a5ae5b6e1eed2b848477fa2a4787ba9adf39a41?s=96&d=mm&r=g\",\"url\":\"https:\\\/\\\/secure.gravatar.com\\\/avatar\\\/c7164ed6fdec453195284ad24a5ae5b6e1eed2b848477fa2a4787ba9adf39a41?s=96&d=mm&r=g\",\"contentUrl\":\"https:\\\/\\\/secure.gravatar.com\\\/avatar\\\/c7164ed6fdec453195284ad24a5ae5b6e1eed2b848477fa2a4787ba9adf39a41?s=96&d=mm&r=g\",\"caption\":\"Redacci\u00f3n QP\"},\"url\":\"https:\\\/\\\/quehacerpolitico.mx\\\/?author=2\"}]}<\/script>\n<!-- \/ Yoast SEO plugin. -->","yoast_head_json":{"title":"Internacionales\/\/\/Carolina Alonso Romei\/\/\/Israel anuncia un bloqueo total a la Franja de Gaza en represalia a los ataques de Ham\u00e1s: \u201cNo habr\u00e1 alimentos ni electricidad\u201d -","robots":{"index":"index","follow":"follow","max-snippet":"max-snippet:-1","max-image-preview":"max-image-preview:large","max-video-preview":"max-video-preview:-1"},"canonical":"https:\/\/quehacerpolitico.mx\/?p=105488","og_locale":"es_MX","og_type":"article","og_title":"Internacionales\/\/\/Carolina Alonso Romei\/\/\/Israel anuncia un bloqueo total a la Franja de Gaza en represalia a los ataques de Ham\u00e1s: \u201cNo habr\u00e1 alimentos ni electricidad\u201d -","og_description":"Por Carolina Alonso Romei Internacionalista El ministro de Defensa israel\u00ed,\u00a0YoavGallant, anunci\u00f3 este lunes que orden\u00f3...","og_url":"https:\/\/quehacerpolitico.mx\/?p=105488","article_published_time":"2023-10-09T16:32:54+00:00","article_modified_time":"2023-10-09T16:32:58+00:00","og_image":[{"width":1284,"height":705,"url":"https:\/\/quehacerpolitico.mx\/wp-content\/uploads\/2023\/10\/IMG_1231.jpeg","type":"image\/jpeg"}],"author":"Redacci\u00f3n QP","twitter_card":"summary_large_image","twitter_misc":{"Escrito por":"Redacci\u00f3n QP","Tiempo de lectura":"2 minutos"},"schema":{"@context":"https:\/\/schema.org","@graph":[{"@type":"Article","@id":"https:\/\/quehacerpolitico.mx\/?p=105488#article","isPartOf":{"@id":"https:\/\/quehacerpolitico.mx\/?p=105488"},"author":{"name":"Redacci\u00f3n QP","@id":"https:\/\/quehacerpolitico.mx\/#\/schema\/person\/496d8ad2d1d3f8036101dca7ee39e585"},"headline":"Internacionales\/\/\/Carolina Alonso Romei\/\/\/Israel anuncia un bloqueo total a la Franja de Gaza en represalia a los ataques de Ham\u00e1s: \u201cNo habr\u00e1 alimentos ni electricidad\u201d","datePublished":"2023-10-09T16:32:54+00:00","dateModified":"2023-10-09T16:32:58+00:00","mainEntityOfPage":{"@id":"https:\/\/quehacerpolitico.mx\/?p=105488"},"wordCount":514,"commentCount":0,"image":{"@id":"https:\/\/quehacerpolitico.mx\/?p=105488#primaryimage"},"thumbnailUrl":"https:\/\/quehacerpolitico.mx\/wp-content\/uploads\/2023\/10\/IMG_1231.jpeg","articleSection":["Internacionales"],"inLanguage":"es","potentialAction":[{"@type":"CommentAction","name":"Comment","target":["https:\/\/quehacerpolitico.mx\/?p=105488#respond"]}]},{"@type":"WebPage","@id":"https:\/\/quehacerpolitico.mx\/?p=105488","url":"https:\/\/quehacerpolitico.mx\/?p=105488","name":"Internacionales\/\/\/Carolina Alonso Romei\/\/\/Israel anuncia un bloqueo total a la Franja de Gaza en represalia a los ataques de Ham\u00e1s: \u201cNo habr\u00e1 alimentos ni electricidad\u201d -","isPartOf":{"@id":"https:\/\/quehacerpolitico.mx\/#website"},"primaryImageOfPage":{"@id":"https:\/\/quehacerpolitico.mx\/?p=105488#primaryimage"},"image":{"@id":"https:\/\/quehacerpolitico.mx\/?p=105488#primaryimage"},"thumbnailUrl":"https:\/\/quehacerpolitico.mx\/wp-content\/uploads\/2023\/10\/IMG_1231.jpeg","datePublished":"2023-10-09T16:32:54+00:00","dateModified":"2023-10-09T16:32:58+00:00","author":{"@id":"https:\/\/quehacerpolitico.mx\/#\/schema\/person\/496d8ad2d1d3f8036101dca7ee39e585"},"breadcrumb":{"@id":"https:\/\/quehacerpolitico.mx\/?p=105488#breadcrumb"},"inLanguage":"es","potentialAction":[{"@type":"ReadAction","target":["https:\/\/quehacerpolitico.mx\/?p=105488"]}]},{"@type":"ImageObject","inLanguage":"es","@id":"https:\/\/quehacerpolitico.mx\/?p=105488#primaryimage","url":"https:\/\/quehacerpolitico.mx\/wp-content\/uploads\/2023\/10\/IMG_1231.jpeg","contentUrl":"https:\/\/quehacerpolitico.mx\/wp-content\/uploads\/2023\/10\/IMG_1231.jpeg","width":1284,"height":705},{"@type":"BreadcrumbList","@id":"https:\/\/quehacerpolitico.mx\/?p=105488#breadcrumb","itemListElement":[{"@type":"ListItem","position":1,"name":"Inicio","item":"https:\/\/quehacerpolitico.mx\/"},{"@type":"ListItem","position":2,"name":"Internacionales\/\/\/Carolina Alonso Romei\/\/\/Israel anuncia un bloqueo total a la Franja de Gaza en represalia a los ataques de Ham\u00e1s: \u201cNo habr\u00e1 alimentos ni electricidad\u201d"}]},{"@type":"WebSite","@id":"https:\/\/quehacerpolitico.mx\/#website","url":"https:\/\/quehacerpolitico.mx\/","name":"","description":"","potentialAction":[{"@type":"SearchAction","target":{"@type":"EntryPoint","urlTemplate":"https:\/\/quehacerpolitico.mx\/?s={search_term_string}"},"query-input":{"@type":"PropertyValueSpecification","valueRequired":true,"valueName":"search_term_string"}}],"inLanguage":"es"},{"@type":"Person","@id":"https:\/\/quehacerpolitico.mx\/#\/schema\/person\/496d8ad2d1d3f8036101dca7ee39e585","name":"Redacci\u00f3n QP","image":{"@type":"ImageObject","inLanguage":"es","@id":"https:\/\/secure.gravatar.com\/avatar\/c7164ed6fdec453195284ad24a5ae5b6e1eed2b848477fa2a4787ba9adf39a41?s=96&d=mm&r=g","url":"https:\/\/secure.gravatar.com\/avatar\/c7164ed6fdec453195284ad24a5ae5b6e1eed2b848477fa2a4787ba9adf39a41?s=96&d=mm&r=g","contentUrl":"https:\/\/secure.gravatar.com\/avatar\/c7164ed6fdec453195284ad24a5ae5b6e1eed2b848477fa2a4787ba9adf39a41?s=96&d=mm&r=g","caption":"Redacci\u00f3n QP"},"url":"https:\/\/quehacerpolitico.mx\/?author=2"}]}},"featured_image_urls":{"full":["https:\/\/quehacerpolitico.mx\/wp-content\/uploads\/2023\/10\/IMG_1231.jpeg",1284,705,false],"thumbnail":["https:\/\/quehacerpolitico.mx\/wp-content\/uploads\/2023\/10\/IMG_1231-150x150.jpeg",150,150,true],"medium":["https:\/\/quehacerpolitico.mx\/wp-content\/uploads\/2023\/10\/IMG_1231-300x165.jpeg",300,165,true],"medium_large":["https:\/\/quehacerpolitico.mx\/wp-content\/uploads\/2023\/10\/IMG_1231-768x422.jpeg",640,352,true],"large":["https:\/\/quehacerpolitico.mx\/wp-content\/uploads\/2023\/10\/IMG_1231-1024x562.jpeg",640,351,true],"1536x1536":["https:\/\/quehacerpolitico.mx\/wp-content\/uploads\/2023\/10\/IMG_1231.jpeg",1284,705,false],"2048x2048":["https:\/\/quehacerpolitico.mx\/wp-content\/uploads\/2023\/10\/IMG_1231.jpeg",1284,705,false],"covernews-featured":["https:\/\/quehacerpolitico.mx\/wp-content\/uploads\/2023\/10\/IMG_1231.jpeg",1024,562,false],"covernews-medium":["https:\/\/quehacerpolitico.mx\/wp-content\/uploads\/2023\/10\/IMG_1231.jpeg",540,296,false]},"author_info":{"display_name":"Redacci\u00f3n QP","author_link":"https:\/\/quehacerpolitico.mx\/?author=2"},"category_info":"<a href=\"https:\/\/quehacerpolitico.mx\/?cat=1\" rel=\"category\">Internacionales<\/a>","tag_info":"Internacionales","comment_count":"0","_links":{"self":[{"href":"https:\/\/quehacerpolitico.mx\/index.php?rest_route=\/wp\/v2\/posts\/105488","targetHints":{"allow":["GET"]}}],"collection":[{"href":"https:\/\/quehacerpolitico.mx\/index.php?rest_route=\/wp\/v2\/posts"}],"about":[{"href":"https:\/\/quehacerpolitico.mx\/index.php?rest_route=\/wp\/v2\/types\/post"}],"author":[{"embeddable":true,"href":"https:\/\/quehacerpolitico.mx\/index.php?rest_route=\/wp\/v2\/users\/2"}],"replies":[{"embeddable":true,"href":"https:\/\/quehacerpolitico.mx\/index.php?rest_route=%2Fwp%2Fv2%2Fcomments&post=105488"}],"version-history":[{"count":1,"href":"https:\/\/quehacerpolitico.mx\/index.php?rest_route=\/wp\/v2\/posts\/105488\/revisions"}],"predecessor-version":[{"id":105490,"href":"https:\/\/quehacerpolitico.mx\/index.php?rest_route=\/wp\/v2\/posts\/105488\/revisions\/105490"}],"wp:featuredmedia":[{"embeddable":true,"href":"https:\/\/quehacerpolitico.mx\/index.php?rest_route=\/wp\/v2\/media\/105489"}],"wp:attachment":[{"href":"https:\/\/quehacerpolitico.mx\/index.php?rest_route=%2Fwp%2Fv2%2Fmedia&parent=105488"}],"wp:term":[{"taxonomy":"category","embeddable":true,"href":"https:\/\/quehacerpolitico.mx\/index.php?rest_route=%2Fwp%2Fv2%2Fcategories&post=105488"},{"taxonomy":"post_tag","embeddable":true,"href":"https:\/\/quehacerpolitico.mx\/index.php?rest_route=%2Fwp%2Fv2%2Ftags&post=105488"}],"curies":[{"name":"wp","href":"https:\/\/api.w.org\/{rel}","templated":true}]}}