{"id":105455,"date":"2023-10-06T17:26:50","date_gmt":"2023-10-06T17:26:50","guid":{"rendered":"https:\/\/quehacerpolitico.mx\/?p=105455"},"modified":"2023-10-06T17:26:53","modified_gmt":"2023-10-06T17:26:53","slug":"no-se-va-a-construir-ellos-la-administracion-biden-no-quieren-hacerlo-eso-es-lo-que-nos-expresaron-amlo-respecto-al-muro-fronterizo","status":"publish","type":"post","link":"https:\/\/quehacerpolitico.mx\/?p=105455","title":{"rendered":"\u201cNo se va a construir, ellos (la administraci\u00f3n\u00a0Biden) no quieren hacerlo, eso es lo que nos expresaron: AMLO respecto al muro fronterizo"},"content":{"rendered":"\n<p>Por Redacci\u00f3n QP<\/p>\n\n\n\n<p>El presidente de M\u00e9xico, Andr\u00e9s Manuel&nbsp;<strong>L\u00f3pez Obrador<\/strong>, dijo el viernes que no cree que&nbsp;<strong>Estados Unidos<\/strong>&nbsp;vaya a construir 36 kil\u00f3metros m\u00e1s de muro en la&nbsp;<strong>frontera<\/strong>&nbsp;con el pa\u00eds latinoamericano, un d\u00eda despu\u00e9s de que se conociera la decisi\u00f3n de&nbsp;<strong>Washington<\/strong>&nbsp;de extender la barrera lim\u00edtrofe.<\/p>\n\n\n\n<p>\u201cNo se va a construir, ellos (la administraci\u00f3n\u00a0<strong>Biden<\/strong>) no quieren hacerlo, eso es lo que nos expresaron, quieren cumplir la ley, pero no est\u00e1n a favor de la construcci\u00f3n. Por eso digo que es una medida publicitaria, porque estamos hablando de 3 mil 180 kil\u00f3metros de\u00a0<strong>frontera<\/strong>\u00a0y empezaron a hacer el muro desde hace 40 a\u00f1os y a penas llevan como mil 200 kil\u00f3metros. \u00bfCu\u00e1ndo van a terminar? Eso es pura publicidad\u201d, afirm\u00f3 el mandatario.<\/p>\n\n\n\n<figure class=\"wp-block-embed is-type-video is-provider-youtube wp-block-embed-youtube wp-embed-aspect-16-9 wp-has-aspect-ratio\"><div class=\"wp-block-embed__wrapper\">\n<iframe loading=\"lazy\" title=\"&quot;Es una medida publicitaria&quot; | AMLO revela que es una estrategia la construcci\u00f3n del muro fronterizo\" width=\"640\" height=\"360\" src=\"https:\/\/www.youtube.com\/embed\/HMu3lzc5cYE?feature=oembed\" frameborder=\"0\" allow=\"accelerometer; autoplay; clipboard-write; encrypted-media; gyroscope; picture-in-picture; web-share\" referrerpolicy=\"strict-origin-when-cross-origin\" allowfullscreen><\/iframe>\n<\/div><\/figure>\n\n\n\n<p>El mandatario mexicano expres\u00f3 su rechazo al cambio de pol\u00edtica del gobierno del presidente estadounidense&nbsp;<strong>Joe Biden,<\/strong>&nbsp;que calific\u00f3 como un retroceso, en una reuni\u00f3n celebrada en la v\u00edspera entre autoridades de alto nivel de ambas naciones en&nbsp;<strong>Ciudad de M\u00e9xico<\/strong>.<\/p>\n\n\n\n<p>\u201cEn el caso del muro se plante\u00f3 que nosotros no pensamos que esa sea la soluci\u00f3n al problema&nbsp;<strong>migratorio<\/strong>\u201c, afirm\u00f3 el mandatario mexicano a periodistas, en momentos en que se registran cifras r\u00e9cord en los&nbsp;<strong>flujos de migrantes&nbsp;<\/strong>que atraviesan&nbsp;<strong>M\u00e9xico<\/strong>&nbsp;para llegar a&nbsp;<strong>Estados Unidos<\/strong><a href=\"https:\/\/twitter.com\/lopezobrador_\">.<\/a><\/p>\n\n\n\n<p>\u201cEn el caso del muro se plante\u00f3 que nosotros no pensamos que esa sea la soluci\u00f3n del problema migratorio, siempre hablamos de atender las causas, se deben de garantizar en los pa\u00edses las oportunidades(\u2026) no se puede resolver el problema s\u00f3lo con medidas coercitivas, con muros, barreras, reteniendo gente, saben muy bien nuestra postura y el presidente Biden hasta ahora es el \u00fanico que no ha construido muros\u201d, dijo el mandatario desde&nbsp;<strong>Quintana Roo<\/strong>.<\/p>\n\n\n\n<p>El jueves, el secretario de Seguridad Nacional de Estados Unidos, Alejandro Mayorkas, asegur\u00f3 durante su visita a\u00a0<strong>M\u00e9xico<\/strong>\u00a0que la administraci\u00f3n de\u00a0<strong>Joe Biden<\/strong>\u00a0se opone a la construcci\u00f3n del muro fronterizo y que las informaciones sobre su reanudaci\u00f3n fueron \u201csacadas de contexto\u201c.<\/p>\n\n\n\n<p>\u201cNuestra pol\u00edtica permanece como el d\u00eda uno: nos oponemos a la construcci\u00f3n del muro\u201c, asegur\u00f3 Mayorkas durante una rueda de prensa en el Palacio Nacional de Ciudad de M\u00e9xico al concluir el Di\u00e1logo de Alto Nivel sobre Seguridad entre los gobiernos de ambos pa\u00edses.<\/p>\n\n\n\n<p>El encuentro tuvo lugar un d\u00eda despu\u00e9s de que la administraci\u00f3n estadounidense ordenara&nbsp;<strong>reforzar<\/strong>&nbsp;de inmediato el&nbsp;<strong>muro<\/strong>&nbsp;<strong>fronterizo<\/strong>&nbsp;en zonas del valle del r\u00edo Bravo, una de las \u00e1reas con m\u00e1s cruces de personas.<\/p>\n\n\n\n<p><em>Con informaci\u00f3n de Reuters y EFE<\/em><\/p>\n","protected":false},"excerpt":{"rendered":"<p>Por Redacci\u00f3n QP El presidente de M\u00e9xico, Andr\u00e9s Manuel&nbsp;L\u00f3pez Obrador, dijo el viernes que no&#8230;<\/p>\n","protected":false},"author":2,"featured_media":105456,"comment_status":"open","ping_status":"open","sticky":false,"template":"","format":"standard","meta":{"_monsterinsights_skip_tracking":false,"_monsterinsights_sitenote_active":false,"_monsterinsights_sitenote_note":"","_monsterinsights_sitenote_category":0,"footnotes":""},"categories":[2],"tags":[],"class_list":["post-105455","post","type-post","status-publish","format-standard","has-post-thumbnail","hentry","category-noticias"],"yoast_head":"<!-- This site is optimized with the Yoast SEO plugin v27.3 - https:\/\/yoast.com\/product\/yoast-seo-wordpress\/ -->\n<title>\u201cNo se va a construir, ellos (la administraci\u00f3n\u00a0Biden) no quieren hacerlo, eso es lo que nos expresaron: AMLO respecto al muro fronterizo -<\/title>\n<meta name=\"robots\" content=\"index, follow, max-snippet:-1, max-image-preview:large, max-video-preview:-1\" \/>\n<link rel=\"canonical\" href=\"https:\/\/quehacerpolitico.mx\/?p=105455\" \/>\n<meta property=\"og:locale\" content=\"es_MX\" \/>\n<meta property=\"og:type\" content=\"article\" \/>\n<meta property=\"og:title\" content=\"\u201cNo se va a construir, ellos (la administraci\u00f3n\u00a0Biden) no quieren hacerlo, eso es lo que nos expresaron: AMLO respecto al muro fronterizo -\" \/>\n<meta property=\"og:description\" content=\"Por Redacci\u00f3n QP El presidente de M\u00e9xico, Andr\u00e9s Manuel&nbsp;L\u00f3pez Obrador, dijo el viernes que no...\" \/>\n<meta property=\"og:url\" content=\"https:\/\/quehacerpolitico.mx\/?p=105455\" \/>\n<meta property=\"article:published_time\" content=\"2023-10-06T17:26:50+00:00\" \/>\n<meta property=\"article:modified_time\" content=\"2023-10-06T17:26:53+00:00\" \/>\n<meta property=\"og:image\" content=\"https:\/\/quehacerpolitico.mx\/wp-content\/uploads\/2023\/10\/IMG_1169.jpeg\" \/>\n\t<meta property=\"og:image:width\" content=\"666\" \/>\n\t<meta property=\"og:image:height\" content=\"460\" \/>\n\t<meta property=\"og:image:type\" content=\"image\/jpeg\" \/>\n<meta name=\"author\" content=\"Redacci\u00f3n QP\" \/>\n<meta name=\"twitter:card\" content=\"summary_large_image\" \/>\n<meta name=\"twitter:label1\" content=\"Escrito por\" \/>\n\t<meta name=\"twitter:data1\" content=\"Redacci\u00f3n QP\" \/>\n\t<meta name=\"twitter:label2\" content=\"Tiempo de lectura\" \/>\n\t<meta name=\"twitter:data2\" content=\"2 minutos\" \/>\n<script type=\"application\/ld+json\" class=\"yoast-schema-graph\">{\"@context\":\"https:\\\/\\\/schema.org\",\"@graph\":[{\"@type\":\"Article\",\"@id\":\"https:\\\/\\\/quehacerpolitico.mx\\\/?p=105455#article\",\"isPartOf\":{\"@id\":\"https:\\\/\\\/quehacerpolitico.mx\\\/?p=105455\"},\"author\":{\"name\":\"Redacci\u00f3n QP\",\"@id\":\"https:\\\/\\\/quehacerpolitico.mx\\\/#\\\/schema\\\/person\\\/496d8ad2d1d3f8036101dca7ee39e585\"},\"headline\":\"\u201cNo se va a construir, ellos (la administraci\u00f3n\u00a0Biden) no quieren hacerlo, eso es lo que nos expresaron: AMLO respecto al muro fronterizo\",\"datePublished\":\"2023-10-06T17:26:50+00:00\",\"dateModified\":\"2023-10-06T17:26:53+00:00\",\"mainEntityOfPage\":{\"@id\":\"https:\\\/\\\/quehacerpolitico.mx\\\/?p=105455\"},\"wordCount\":511,\"commentCount\":0,\"image\":{\"@id\":\"https:\\\/\\\/quehacerpolitico.mx\\\/?p=105455#primaryimage\"},\"thumbnailUrl\":\"https:\\\/\\\/quehacerpolitico.mx\\\/wp-content\\\/uploads\\\/2023\\\/10\\\/IMG_1169.jpeg\",\"articleSection\":[\"Noticias\"],\"inLanguage\":\"es\",\"potentialAction\":[{\"@type\":\"CommentAction\",\"name\":\"Comment\",\"target\":[\"https:\\\/\\\/quehacerpolitico.mx\\\/?p=105455#respond\"]}]},{\"@type\":\"WebPage\",\"@id\":\"https:\\\/\\\/quehacerpolitico.mx\\\/?p=105455\",\"url\":\"https:\\\/\\\/quehacerpolitico.mx\\\/?p=105455\",\"name\":\"\u201cNo se va a construir, ellos (la administraci\u00f3n\u00a0Biden) no quieren hacerlo, eso es lo que nos expresaron: AMLO respecto al muro fronterizo -\",\"isPartOf\":{\"@id\":\"https:\\\/\\\/quehacerpolitico.mx\\\/#website\"},\"primaryImageOfPage\":{\"@id\":\"https:\\\/\\\/quehacerpolitico.mx\\\/?p=105455#primaryimage\"},\"image\":{\"@id\":\"https:\\\/\\\/quehacerpolitico.mx\\\/?p=105455#primaryimage\"},\"thumbnailUrl\":\"https:\\\/\\\/quehacerpolitico.mx\\\/wp-content\\\/uploads\\\/2023\\\/10\\\/IMG_1169.jpeg\",\"datePublished\":\"2023-10-06T17:26:50+00:00\",\"dateModified\":\"2023-10-06T17:26:53+00:00\",\"author\":{\"@id\":\"https:\\\/\\\/quehacerpolitico.mx\\\/#\\\/schema\\\/person\\\/496d8ad2d1d3f8036101dca7ee39e585\"},\"breadcrumb\":{\"@id\":\"https:\\\/\\\/quehacerpolitico.mx\\\/?p=105455#breadcrumb\"},\"inLanguage\":\"es\",\"potentialAction\":[{\"@type\":\"ReadAction\",\"target\":[\"https:\\\/\\\/quehacerpolitico.mx\\\/?p=105455\"]}]},{\"@type\":\"ImageObject\",\"inLanguage\":\"es\",\"@id\":\"https:\\\/\\\/quehacerpolitico.mx\\\/?p=105455#primaryimage\",\"url\":\"https:\\\/\\\/quehacerpolitico.mx\\\/wp-content\\\/uploads\\\/2023\\\/10\\\/IMG_1169.jpeg\",\"contentUrl\":\"https:\\\/\\\/quehacerpolitico.mx\\\/wp-content\\\/uploads\\\/2023\\\/10\\\/IMG_1169.jpeg\",\"width\":666,\"height\":460},{\"@type\":\"BreadcrumbList\",\"@id\":\"https:\\\/\\\/quehacerpolitico.mx\\\/?p=105455#breadcrumb\",\"itemListElement\":[{\"@type\":\"ListItem\",\"position\":1,\"name\":\"Inicio\",\"item\":\"https:\\\/\\\/quehacerpolitico.mx\\\/\"},{\"@type\":\"ListItem\",\"position\":2,\"name\":\"\u201cNo se va a construir, ellos (la administraci\u00f3n\u00a0Biden) no quieren hacerlo, eso es lo que nos expresaron: AMLO respecto al muro fronterizo\"}]},{\"@type\":\"WebSite\",\"@id\":\"https:\\\/\\\/quehacerpolitico.mx\\\/#website\",\"url\":\"https:\\\/\\\/quehacerpolitico.mx\\\/\",\"name\":\"\",\"description\":\"\",\"potentialAction\":[{\"@type\":\"SearchAction\",\"target\":{\"@type\":\"EntryPoint\",\"urlTemplate\":\"https:\\\/\\\/quehacerpolitico.mx\\\/?s={search_term_string}\"},\"query-input\":{\"@type\":\"PropertyValueSpecification\",\"valueRequired\":true,\"valueName\":\"search_term_string\"}}],\"inLanguage\":\"es\"},{\"@type\":\"Person\",\"@id\":\"https:\\\/\\\/quehacerpolitico.mx\\\/#\\\/schema\\\/person\\\/496d8ad2d1d3f8036101dca7ee39e585\",\"name\":\"Redacci\u00f3n QP\",\"image\":{\"@type\":\"ImageObject\",\"inLanguage\":\"es\",\"@id\":\"https:\\\/\\\/secure.gravatar.com\\\/avatar\\\/c7164ed6fdec453195284ad24a5ae5b6e1eed2b848477fa2a4787ba9adf39a41?s=96&d=mm&r=g\",\"url\":\"https:\\\/\\\/secure.gravatar.com\\\/avatar\\\/c7164ed6fdec453195284ad24a5ae5b6e1eed2b848477fa2a4787ba9adf39a41?s=96&d=mm&r=g\",\"contentUrl\":\"https:\\\/\\\/secure.gravatar.com\\\/avatar\\\/c7164ed6fdec453195284ad24a5ae5b6e1eed2b848477fa2a4787ba9adf39a41?s=96&d=mm&r=g\",\"caption\":\"Redacci\u00f3n QP\"},\"url\":\"https:\\\/\\\/quehacerpolitico.mx\\\/?author=2\"}]}<\/script>\n<!-- \/ Yoast SEO plugin. -->","yoast_head_json":{"title":"\u201cNo se va a construir, ellos (la administraci\u00f3n\u00a0Biden) no quieren hacerlo, eso es lo que nos expresaron: AMLO respecto al muro fronterizo -","robots":{"index":"index","follow":"follow","max-snippet":"max-snippet:-1","max-image-preview":"max-image-preview:large","max-video-preview":"max-video-preview:-1"},"canonical":"https:\/\/quehacerpolitico.mx\/?p=105455","og_locale":"es_MX","og_type":"article","og_title":"\u201cNo se va a construir, ellos (la administraci\u00f3n\u00a0Biden) no quieren hacerlo, eso es lo que nos expresaron: AMLO respecto al muro fronterizo -","og_description":"Por Redacci\u00f3n QP El presidente de M\u00e9xico, Andr\u00e9s Manuel&nbsp;L\u00f3pez Obrador, dijo el viernes que no...","og_url":"https:\/\/quehacerpolitico.mx\/?p=105455","article_published_time":"2023-10-06T17:26:50+00:00","article_modified_time":"2023-10-06T17:26:53+00:00","og_image":[{"width":666,"height":460,"url":"https:\/\/quehacerpolitico.mx\/wp-content\/uploads\/2023\/10\/IMG_1169.jpeg","type":"image\/jpeg"}],"author":"Redacci\u00f3n QP","twitter_card":"summary_large_image","twitter_misc":{"Escrito por":"Redacci\u00f3n QP","Tiempo de lectura":"2 minutos"},"schema":{"@context":"https:\/\/schema.org","@graph":[{"@type":"Article","@id":"https:\/\/quehacerpolitico.mx\/?p=105455#article","isPartOf":{"@id":"https:\/\/quehacerpolitico.mx\/?p=105455"},"author":{"name":"Redacci\u00f3n QP","@id":"https:\/\/quehacerpolitico.mx\/#\/schema\/person\/496d8ad2d1d3f8036101dca7ee39e585"},"headline":"\u201cNo se va a construir, ellos (la administraci\u00f3n\u00a0Biden) no quieren hacerlo, eso es lo que nos expresaron: AMLO respecto al muro fronterizo","datePublished":"2023-10-06T17:26:50+00:00","dateModified":"2023-10-06T17:26:53+00:00","mainEntityOfPage":{"@id":"https:\/\/quehacerpolitico.mx\/?p=105455"},"wordCount":511,"commentCount":0,"image":{"@id":"https:\/\/quehacerpolitico.mx\/?p=105455#primaryimage"},"thumbnailUrl":"https:\/\/quehacerpolitico.mx\/wp-content\/uploads\/2023\/10\/IMG_1169.jpeg","articleSection":["Noticias"],"inLanguage":"es","potentialAction":[{"@type":"CommentAction","name":"Comment","target":["https:\/\/quehacerpolitico.mx\/?p=105455#respond"]}]},{"@type":"WebPage","@id":"https:\/\/quehacerpolitico.mx\/?p=105455","url":"https:\/\/quehacerpolitico.mx\/?p=105455","name":"\u201cNo se va a construir, ellos (la administraci\u00f3n\u00a0Biden) no quieren hacerlo, eso es lo que nos expresaron: AMLO respecto al muro fronterizo -","isPartOf":{"@id":"https:\/\/quehacerpolitico.mx\/#website"},"primaryImageOfPage":{"@id":"https:\/\/quehacerpolitico.mx\/?p=105455#primaryimage"},"image":{"@id":"https:\/\/quehacerpolitico.mx\/?p=105455#primaryimage"},"thumbnailUrl":"https:\/\/quehacerpolitico.mx\/wp-content\/uploads\/2023\/10\/IMG_1169.jpeg","datePublished":"2023-10-06T17:26:50+00:00","dateModified":"2023-10-06T17:26:53+00:00","author":{"@id":"https:\/\/quehacerpolitico.mx\/#\/schema\/person\/496d8ad2d1d3f8036101dca7ee39e585"},"breadcrumb":{"@id":"https:\/\/quehacerpolitico.mx\/?p=105455#breadcrumb"},"inLanguage":"es","potentialAction":[{"@type":"ReadAction","target":["https:\/\/quehacerpolitico.mx\/?p=105455"]}]},{"@type":"ImageObject","inLanguage":"es","@id":"https:\/\/quehacerpolitico.mx\/?p=105455#primaryimage","url":"https:\/\/quehacerpolitico.mx\/wp-content\/uploads\/2023\/10\/IMG_1169.jpeg","contentUrl":"https:\/\/quehacerpolitico.mx\/wp-content\/uploads\/2023\/10\/IMG_1169.jpeg","width":666,"height":460},{"@type":"BreadcrumbList","@id":"https:\/\/quehacerpolitico.mx\/?p=105455#breadcrumb","itemListElement":[{"@type":"ListItem","position":1,"name":"Inicio","item":"https:\/\/quehacerpolitico.mx\/"},{"@type":"ListItem","position":2,"name":"\u201cNo se va a construir, ellos (la administraci\u00f3n\u00a0Biden) no quieren hacerlo, eso es lo que nos expresaron: AMLO respecto al muro fronterizo"}]},{"@type":"WebSite","@id":"https:\/\/quehacerpolitico.mx\/#website","url":"https:\/\/quehacerpolitico.mx\/","name":"","description":"","potentialAction":[{"@type":"SearchAction","target":{"@type":"EntryPoint","urlTemplate":"https:\/\/quehacerpolitico.mx\/?s={search_term_string}"},"query-input":{"@type":"PropertyValueSpecification","valueRequired":true,"valueName":"search_term_string"}}],"inLanguage":"es"},{"@type":"Person","@id":"https:\/\/quehacerpolitico.mx\/#\/schema\/person\/496d8ad2d1d3f8036101dca7ee39e585","name":"Redacci\u00f3n QP","image":{"@type":"ImageObject","inLanguage":"es","@id":"https:\/\/secure.gravatar.com\/avatar\/c7164ed6fdec453195284ad24a5ae5b6e1eed2b848477fa2a4787ba9adf39a41?s=96&d=mm&r=g","url":"https:\/\/secure.gravatar.com\/avatar\/c7164ed6fdec453195284ad24a5ae5b6e1eed2b848477fa2a4787ba9adf39a41?s=96&d=mm&r=g","contentUrl":"https:\/\/secure.gravatar.com\/avatar\/c7164ed6fdec453195284ad24a5ae5b6e1eed2b848477fa2a4787ba9adf39a41?s=96&d=mm&r=g","caption":"Redacci\u00f3n QP"},"url":"https:\/\/quehacerpolitico.mx\/?author=2"}]}},"featured_image_urls":{"full":["https:\/\/quehacerpolitico.mx\/wp-content\/uploads\/2023\/10\/IMG_1169.jpeg",666,460,false],"thumbnail":["https:\/\/quehacerpolitico.mx\/wp-content\/uploads\/2023\/10\/IMG_1169-150x150.jpeg",150,150,true],"medium":["https:\/\/quehacerpolitico.mx\/wp-content\/uploads\/2023\/10\/IMG_1169-300x207.jpeg",300,207,true],"medium_large":["https:\/\/quehacerpolitico.mx\/wp-content\/uploads\/2023\/10\/IMG_1169.jpeg",640,442,false],"large":["https:\/\/quehacerpolitico.mx\/wp-content\/uploads\/2023\/10\/IMG_1169.jpeg",640,442,false],"1536x1536":["https:\/\/quehacerpolitico.mx\/wp-content\/uploads\/2023\/10\/IMG_1169.jpeg",666,460,false],"2048x2048":["https:\/\/quehacerpolitico.mx\/wp-content\/uploads\/2023\/10\/IMG_1169.jpeg",666,460,false],"covernews-featured":["https:\/\/quehacerpolitico.mx\/wp-content\/uploads\/2023\/10\/IMG_1169.jpeg",666,460,false],"covernews-medium":["https:\/\/quehacerpolitico.mx\/wp-content\/uploads\/2023\/10\/IMG_1169.jpeg",492,340,false]},"author_info":{"display_name":"Redacci\u00f3n QP","author_link":"https:\/\/quehacerpolitico.mx\/?author=2"},"category_info":"<a href=\"https:\/\/quehacerpolitico.mx\/?cat=2\" rel=\"category\">Noticias<\/a>","tag_info":"Noticias","comment_count":"0","_links":{"self":[{"href":"https:\/\/quehacerpolitico.mx\/index.php?rest_route=\/wp\/v2\/posts\/105455","targetHints":{"allow":["GET"]}}],"collection":[{"href":"https:\/\/quehacerpolitico.mx\/index.php?rest_route=\/wp\/v2\/posts"}],"about":[{"href":"https:\/\/quehacerpolitico.mx\/index.php?rest_route=\/wp\/v2\/types\/post"}],"author":[{"embeddable":true,"href":"https:\/\/quehacerpolitico.mx\/index.php?rest_route=\/wp\/v2\/users\/2"}],"replies":[{"embeddable":true,"href":"https:\/\/quehacerpolitico.mx\/index.php?rest_route=%2Fwp%2Fv2%2Fcomments&post=105455"}],"version-history":[{"count":1,"href":"https:\/\/quehacerpolitico.mx\/index.php?rest_route=\/wp\/v2\/posts\/105455\/revisions"}],"predecessor-version":[{"id":105457,"href":"https:\/\/quehacerpolitico.mx\/index.php?rest_route=\/wp\/v2\/posts\/105455\/revisions\/105457"}],"wp:featuredmedia":[{"embeddable":true,"href":"https:\/\/quehacerpolitico.mx\/index.php?rest_route=\/wp\/v2\/media\/105456"}],"wp:attachment":[{"href":"https:\/\/quehacerpolitico.mx\/index.php?rest_route=%2Fwp%2Fv2%2Fmedia&parent=105455"}],"wp:term":[{"taxonomy":"category","embeddable":true,"href":"https:\/\/quehacerpolitico.mx\/index.php?rest_route=%2Fwp%2Fv2%2Fcategories&post=105455"},{"taxonomy":"post_tag","embeddable":true,"href":"https:\/\/quehacerpolitico.mx\/index.php?rest_route=%2Fwp%2Fv2%2Ftags&post=105455"}],"curies":[{"name":"wp","href":"https:\/\/api.w.org\/{rel}","templated":true}]}}