{"id":105450,"date":"2023-10-06T16:44:58","date_gmt":"2023-10-06T16:44:58","guid":{"rendered":"https:\/\/quehacerpolitico.mx\/?p=105450"},"modified":"2023-10-06T16:45:04","modified_gmt":"2023-10-06T16:45:04","slug":"internacionales-carolina-alonso-romei-narges-mohammadi-gana-el-premio-nobel-de-la-paz-por-su-lucha-en-favor-de-los-derechos-de-las-mujeres-en-iran","status":"publish","type":"post","link":"https:\/\/quehacerpolitico.mx\/?p=105450","title":{"rendered":"Internacionales\/\/\/Carolina Alonso Romei\/\/\/Narges Mohammadi gana el Premio Nobel de la Paz por su lucha en favor de los derechos de las mujeres en Ir\u00e1n"},"content":{"rendered":"\n<p>Por Carolina Alonso Romei<\/p>\n\n\n\n<p>Internacionalista<\/p>\n\n\n\n<p>La activista iran\u00ed encarcelada\u00a0<strong>Narges Mohammadi<\/strong>\u00a0gan\u00f3 el viernes el\u00a0<strong>Premio<\/strong>\u00a0<strong>Nobel<\/strong> de la\u00a0<strong>Paz<\/strong>\u00a0por su incansable lucha en favor de los\u00a0<strong>derechos<\/strong>\u00a0de la\u00a0<strong>mujer<\/strong>\u00a0y la\u00a0<strong>democracia<\/strong>\u00a0y contra la pena de muerte.<\/p>\n\n\n\n<p>Mohammadi, de 51 a\u00f1os, ha mantenido su activismo a pesar de sus\u00a0<strong>numerosas<\/strong> detenciones\u00a0en Ir\u00e1n y de haber pasado a\u00f1os encarcelada.<\/p>\n\n\n\n<p>\u201cEste premio es ante todo un reconocimiento a la important\u00edsima labor de todo un movimiento en&nbsp;<strong>Ir\u00e1n<\/strong>, con su l\u00edder indiscutible,&nbsp;<strong>Nargis Mohammadi<\/strong>\u201d, dijo Berit Reiss-Andersen, presidenta del Comit\u00e9 Noruego del Nobel, que anunci\u00f3 el galard\u00f3n en Oslo.<\/p>\n\n\n\n<p>El comit\u00e9 espera que el premio sea \u201cun est\u00edmulo para continuar el trabajo en la forma que este movimiento considere apropiada\u201d, a\u00f1adi\u00f3, al tiempo que inst\u00f3 a la Rep\u00fablica Isl\u00e1mica a poner a la activista en libertad a tiempo para la ceremonia de entrega del galard\u00f3n el pr\u00f3ximo 10 de diciembre.<\/p>\n\n\n\n<figure class=\"wp-block-embed is-type-video is-provider-youtube wp-block-embed-youtube wp-embed-aspect-16-9 wp-has-aspect-ratio\"><div class=\"wp-block-embed__wrapper\">\n<iframe loading=\"lazy\" title=\"Nobel de la Paz para iran\u00ed Narges Mohammadi, \u00edcono de la lucha por la libertad de las mujeres | AFP\" width=\"640\" height=\"360\" src=\"https:\/\/www.youtube.com\/embed\/nwHnpX930c8?feature=oembed\" frameborder=\"0\" allow=\"accelerometer; autoplay; clipboard-write; encrypted-media; gyroscope; picture-in-picture; web-share\" referrerpolicy=\"strict-origin-when-cross-origin\" allowfullscreen><\/iframe>\n<\/div><\/figure>\n\n\n\n<p>Durante casi toda la vida de&nbsp;<strong>Mohammadi<\/strong>, Ir\u00e1n ha estado gobernado por una&nbsp;<strong>teocracia<\/strong>&nbsp;chi\u00ed comandada por un l\u00edder&nbsp;<strong>supremo<\/strong>. Aunque las mujeres pueden trabajar y ocupan puestos acad\u00e9micos e incluso&nbsp;<strong>cargos<\/strong><strong>gubernamentales<\/strong>, sus vidas est\u00e1n muy vigiladas. La ley exige que lleven al menos pa\u00f1uelo, o hiyab, para cubrirse la cabeza como se\u00f1al de piedad.<\/p>\n\n\n\n<p>En una declaraci\u00f3n a&nbsp;<strong>The New York Times<\/strong>, Mohammadi afirm\u00f3 que \u201cel apoyo y el reconocimiento global de mi defensa de los derechos humanos me hace m\u00e1s decidida, m\u00e1s responsable, m\u00e1s apasionada y m\u00e1s esperanzada\u201d.<\/p>\n\n\n\n<p>\u201cEspero tambi\u00e9n que este reconocimiento haga que los iran\u00edes que protestan por el cambio sean m\u00e1s fuertes y est\u00e9n m\u00e1s organizados\u201d, agreg\u00f3. \u201cLa victoria est\u00e1 cerca\u201d.<\/p>\n\n\n\n<p><strong>Mohammadi<\/strong>&nbsp;ha sido encarcelada 13 veces y condenada en cinco ocasiones, de acuerdo con Reiss-Andersen. En total, ha sido sentenciada a 31 a\u00f1os de prisi\u00f3n. Su \u00faltimo ingreso en la c\u00e1rcel comenz\u00f3 cuando fue detenida en 2021 luego de participar en un acto en memoria de una persona fallecida en las protestas que sacudieron el pa\u00eds en 2019 tras el alza del precio del combustible.<\/p>\n\n\n\n<p>Ha estado recluida en el conocido penal de&nbsp;<strong>Evin<\/strong>, en&nbsp;<strong>Teher\u00e1n<\/strong>, entre cuyos reos hay personas con v\u00ednculos con&nbsp;<strong>Occidente<\/strong>&nbsp;y presos pol\u00edticos.<\/p>\n\n\n\n<p>\u201cLas mujeres de Ir\u00e1n han sido una inspiraci\u00f3n para el mundo. Su valent\u00eda y determinaci\u00f3n frente a las represalias, a la intimidaci\u00f3n, a la violencia y a los arrestos han sido extraordinarias\u201d, dijo&nbsp;<strong>Ravina<\/strong>&nbsp;<strong>Shamdasani<\/strong>, vocera de la oficina de&nbsp;<strong>Derechos Humanos de Naciones Unidas en Ginebra<\/strong>. \u201cPedimos su liberaci\u00f3n y de los dem\u00e1s defensores de los derechos humanos detenidos en Ir\u00e1n\u201d.<\/p>\n\n\n\n<p>Es la 19na mujer que gana el\u00a0<strong>Nobel de la Paz<\/strong>y la segunda iran\u00ed en hacerlo tras la activista de derechos humanos Shirin Ebadi, en 2003.<\/p>\n\n\n\n<figure class=\"wp-block-image size-full\"><img loading=\"lazy\" decoding=\"async\" width=\"600\" height=\"511\" src=\"https:\/\/quehacerpolitico.mx\/wp-content\/uploads\/2023\/10\/image-16.jpeg\" alt=\"\" class=\"wp-image-105452\" srcset=\"https:\/\/quehacerpolitico.mx\/wp-content\/uploads\/2023\/10\/image-16.jpeg 600w, https:\/\/quehacerpolitico.mx\/wp-content\/uploads\/2023\/10\/image-16-300x256.jpeg 300w, https:\/\/quehacerpolitico.mx\/wp-content\/uploads\/2023\/10\/image-16-171x146.jpeg 171w, https:\/\/quehacerpolitico.mx\/wp-content\/uploads\/2023\/10\/image-16-50x43.jpeg 50w, https:\/\/quehacerpolitico.mx\/wp-content\/uploads\/2023\/10\/image-16-88x75.jpeg 88w\" sizes=\"auto, (max-width: 600px) 100vw, 600px\" \/><\/figure>\n\n\n\n<p><strong>Mohammadi<\/strong>&nbsp;estaba entre rejas durante las recientes protestas que sacudieron el pa\u00eds tras la muerte de Mahsa Amini, de 22 a\u00f1os, tras ser detenida por la polic\u00eda de la moralidad. Su deceso provoc\u00f3 uno de los mayores desaf\u00edos a la teocracia iran\u00ed desde la&nbsp;<strong>Revoluci\u00f3n Isl\u00e1mica&nbsp;<\/strong>de 1979. M\u00e1s de 500 personas fallecieron en la intensa campa\u00f1a de represi\u00f3n de las fuerzas de seguridad y m\u00e1s de 22 mil fueron arrestadas.<\/p>\n\n\n\n<blockquote class=\"wp-block-quote is-layout-flow wp-block-quote-is-layout-flow\">\n<p>Sin embargo, la&nbsp;<strong>activista<\/strong>&nbsp;contribuy\u00f3 desde el penal con un&nbsp;<strong>art\u00edculo<\/strong>&nbsp;<strong>opini\u00f3n<\/strong>&nbsp;publicado por The New York Times.<\/p>\n\n\n\n<p>\u201cLo que el&nbsp;<strong>gobierno<\/strong>&nbsp;quiz\u00e1 no entienda es que cuantos m\u00e1s de nosotros encierre, m\u00e1s fuertes nos hacemos\u201d, escribi\u00f3.<\/p>\n\n\n\n<p>En la primera reacci\u00f3n al galard\u00f3n desde&nbsp;<strong>Teher\u00e1n<\/strong>, la agencia noticiosa semioficial&nbsp;<strong>Fars<\/strong>present\u00f3 a&nbsp;<strong>Mohammadi<\/strong>&nbsp;como alguien que \u201cse empe\u00f1\u00f3 en crear tensi\u00f3n y disturbios y afirm\u00f3 falsamente que fue golpeada en prisi\u00f3n\u201d.<\/p>\n\n\n\n<p>Los abusos en las prisiones iran\u00edes \u2014algo contra lo que&nbsp;<strong>Mohammadi<\/strong>&nbsp;ha hecho campa\u00f1a tanto dentro como fuera de la c\u00e1rcel\u2014 han sido ampliamente denunciados tanto por la ONU como por grupos de derechos humanos.<\/p>\n\n\n\n<p>Antes de entrar en prisi\u00f3n,\u00a0<strong>Mohammadi<\/strong>\u00a0era la vicepresidenta del prohibido\u00a0<strong>Centro de Defensores de los Derechos Humanos de Ir\u00e1n<\/strong>. Ebadi, con quien tiene una estrecha relaci\u00f3n, fund\u00f3 la organizaci\u00f3n.<\/p>\n\n\n\n<figure class=\"wp-block-image size-full\"><img loading=\"lazy\" decoding=\"async\" width=\"554\" height=\"554\" src=\"https:\/\/quehacerpolitico.mx\/wp-content\/uploads\/2023\/10\/image-17.jpeg\" alt=\"\" class=\"wp-image-105453\" srcset=\"https:\/\/quehacerpolitico.mx\/wp-content\/uploads\/2023\/10\/image-17.jpeg 554w, https:\/\/quehacerpolitico.mx\/wp-content\/uploads\/2023\/10\/image-17-300x300.jpeg 300w, https:\/\/quehacerpolitico.mx\/wp-content\/uploads\/2023\/10\/image-17-150x150.jpeg 150w, https:\/\/quehacerpolitico.mx\/wp-content\/uploads\/2023\/10\/image-17-146x146.jpeg 146w, https:\/\/quehacerpolitico.mx\/wp-content\/uploads\/2023\/10\/image-17-50x50.jpeg 50w, https:\/\/quehacerpolitico.mx\/wp-content\/uploads\/2023\/10\/image-17-75x75.jpeg 75w, https:\/\/quehacerpolitico.mx\/wp-content\/uploads\/2023\/10\/image-17-85x85.jpeg 85w, https:\/\/quehacerpolitico.mx\/wp-content\/uploads\/2023\/10\/image-17-80x80.jpeg 80w\" sizes=\"auto, (max-width: 554px) 100vw, 554px\" \/><\/figure>\n\n\n\n<p>En 2018, Mohammadi, ingeniera de&nbsp;<strong>carrera<\/strong>, fue galardonada con el premio&nbsp;<strong>Andrei S\u00e1jarov<\/strong>.<\/p>\n\n\n\n<p>El&nbsp;<strong>Nobel<\/strong>&nbsp;tiene una dotaci\u00f3n econ\u00f3mica de 11 millones de&nbsp;<strong>coronas<\/strong>&nbsp;<strong>suecas<\/strong>&nbsp;(alrededor de un mill\u00f3n de d\u00f3lares). En las ceremonias de entrega que tienen lugar en diciembre, los ganadores reciben adem\u00e1s una medalla de oro de 18 quilates y un diploma.<\/p>\n\n\n\n<p>El ganador del prestigioso&nbsp;<strong>Nobel de la Paz&nbsp;<\/strong>es elegido por un comit\u00e9 de expertos en Noruega a partir de una lista de algo m\u00e1s de 350 nominados. El a\u00f1o pasado recay\u00f3 en activistas de derechos humanos de&nbsp;<strong>Ucrania<\/strong>,&nbsp;<strong>Bielorrusia<\/strong>y&nbsp;<strong>Rusia<\/strong>, y fue visto como una contundente cr\u00edtica al presidente ruso, Vlad\u00edmir Putin, y a su hom\u00f3logo y aliado bielorruso,&nbsp;<strong>Alexandr Lukashenko<\/strong>.<\/p>\n\n\n\n<p>En el listado de premiados figuran&nbsp;<strong>Nelson Mandela,<\/strong>&nbsp;<strong>Barack Obama<\/strong>,&nbsp;<strong>Mijail Gorbachov, Aung San Suu Kyi&nbsp;<\/strong>y&nbsp;<strong>Naciones Unidas<\/strong>.<\/p>\n<cite>A diferencia de los otros premios, que se eligen y anuncian en\u00a0<strong>Estocolmo<\/strong>, su fundador, el inventor sueco Alfred Nobel, decret\u00f3 que el de la paz lo decidiera y otorgara en Oslo el Comit\u00e9 Noruego del Nobel, compuesto por cinco personas que son nombradas por el Parlamento del pa\u00eds.<br>Este es el quinto galard\u00f3n que se anuncia este a\u00f1o. El escritor noruego\u00a0<strong>Jon Fosse<\/strong>\u00a0recibi\u00f3 el jueves el de Literatura y, un d\u00eda antes, el de Qu\u00edmica recay\u00f3 en los cient\u00edficos estadounidenses Moungi Bawendi, Louis Brus y Alexei Ekimov.<br>El\u00a0<strong>Nobel<\/strong>\u00a0de F\u00edsica reconoci\u00f3 la labor de la\u00a0<strong>f\u00edsica<\/strong>\u00a0<strong>franco-sueca<\/strong>\u00a0<strong>Anne L\u2019Huillier,<\/strong>\u00a0del cient\u00edfico franc\u00e9s\u00a0<strong>Pierre Agostini<\/strong>\u00a0y del h\u00fangaro\u00a0<strong>Ferenc Krausz<\/strong>. Katalin Karik\u00f3 y Drew Weissman ganaron el de\u00a0<strong>Medicina<\/strong>\u00a0el lunes<a href=\"http:\/\/nobelprize\/\">.<\/a><br>El lunes se anunciar\u00e1 el \u00faltimo, el de\u00a0<strong>Econom\u00eda<\/strong>.<\/cite><\/blockquote>\n\n\n\n<p>Con informaci\u00f3n de AP<\/p>\n","protected":false},"excerpt":{"rendered":"<p>Por Carolina Alonso Romei Internacionalista La activista iran\u00ed encarcelada\u00a0Narges Mohammadi\u00a0gan\u00f3 el viernes el\u00a0Premio\u00a0Nobel de la\u00a0Paz\u00a0por&#8230;<\/p>\n","protected":false},"author":2,"featured_media":105451,"comment_status":"open","ping_status":"open","sticky":false,"template":"","format":"standard","meta":{"_monsterinsights_skip_tracking":false,"_monsterinsights_sitenote_active":false,"_monsterinsights_sitenote_note":"","_monsterinsights_sitenote_category":0,"footnotes":""},"categories":[1],"tags":[],"class_list":["post-105450","post","type-post","status-publish","format-standard","has-post-thumbnail","hentry","category-sin-categoria"],"yoast_head":"<!-- This site is optimized with the Yoast SEO plugin v27.3 - https:\/\/yoast.com\/product\/yoast-seo-wordpress\/ -->\n<title>Internacionales\/\/\/Carolina Alonso Romei\/\/\/Narges Mohammadi gana el Premio Nobel de la Paz por su lucha en favor de los derechos de las mujeres en Ir\u00e1n -<\/title>\n<meta name=\"robots\" content=\"index, follow, max-snippet:-1, max-image-preview:large, max-video-preview:-1\" \/>\n<link rel=\"canonical\" href=\"https:\/\/quehacerpolitico.mx\/?p=105450\" \/>\n<meta property=\"og:locale\" content=\"es_MX\" \/>\n<meta property=\"og:type\" content=\"article\" \/>\n<meta property=\"og:title\" content=\"Internacionales\/\/\/Carolina Alonso Romei\/\/\/Narges Mohammadi gana el Premio Nobel de la Paz por su lucha en favor de los derechos de las mujeres en Ir\u00e1n -\" \/>\n<meta property=\"og:description\" content=\"Por Carolina Alonso Romei Internacionalista La activista iran\u00ed encarcelada\u00a0Narges Mohammadi\u00a0gan\u00f3 el viernes el\u00a0Premio\u00a0Nobel de la\u00a0Paz\u00a0por...\" \/>\n<meta property=\"og:url\" content=\"https:\/\/quehacerpolitico.mx\/?p=105450\" \/>\n<meta property=\"article:published_time\" content=\"2023-10-06T16:44:58+00:00\" \/>\n<meta property=\"article:modified_time\" content=\"2023-10-06T16:45:04+00:00\" \/>\n<meta property=\"og:image\" content=\"https:\/\/quehacerpolitico.mx\/wp-content\/uploads\/2023\/10\/IMG_1166.jpeg\" \/>\n\t<meta property=\"og:image:width\" content=\"739\" \/>\n\t<meta property=\"og:image:height\" content=\"415\" \/>\n\t<meta property=\"og:image:type\" content=\"image\/jpeg\" \/>\n<meta name=\"author\" content=\"Redacci\u00f3n QP\" \/>\n<meta name=\"twitter:card\" content=\"summary_large_image\" \/>\n<meta name=\"twitter:label1\" content=\"Escrito por\" \/>\n\t<meta name=\"twitter:data1\" content=\"Redacci\u00f3n QP\" \/>\n\t<meta name=\"twitter:label2\" content=\"Tiempo de lectura\" \/>\n\t<meta name=\"twitter:data2\" content=\"5 minutos\" \/>\n<script type=\"application\/ld+json\" class=\"yoast-schema-graph\">{\"@context\":\"https:\\\/\\\/schema.org\",\"@graph\":[{\"@type\":\"Article\",\"@id\":\"https:\\\/\\\/quehacerpolitico.mx\\\/?p=105450#article\",\"isPartOf\":{\"@id\":\"https:\\\/\\\/quehacerpolitico.mx\\\/?p=105450\"},\"author\":{\"name\":\"Redacci\u00f3n QP\",\"@id\":\"https:\\\/\\\/quehacerpolitico.mx\\\/#\\\/schema\\\/person\\\/496d8ad2d1d3f8036101dca7ee39e585\"},\"headline\":\"Internacionales\\\/\\\/\\\/Carolina Alonso Romei\\\/\\\/\\\/Narges Mohammadi gana el Premio Nobel de la Paz por su lucha en favor de los derechos de las mujeres en Ir\u00e1n\",\"datePublished\":\"2023-10-06T16:44:58+00:00\",\"dateModified\":\"2023-10-06T16:45:04+00:00\",\"mainEntityOfPage\":{\"@id\":\"https:\\\/\\\/quehacerpolitico.mx\\\/?p=105450\"},\"wordCount\":1089,\"commentCount\":0,\"image\":{\"@id\":\"https:\\\/\\\/quehacerpolitico.mx\\\/?p=105450#primaryimage\"},\"thumbnailUrl\":\"https:\\\/\\\/quehacerpolitico.mx\\\/wp-content\\\/uploads\\\/2023\\\/10\\\/IMG_1166.jpeg\",\"articleSection\":[\"Internacionales\"],\"inLanguage\":\"es\",\"potentialAction\":[{\"@type\":\"CommentAction\",\"name\":\"Comment\",\"target\":[\"https:\\\/\\\/quehacerpolitico.mx\\\/?p=105450#respond\"]}]},{\"@type\":\"WebPage\",\"@id\":\"https:\\\/\\\/quehacerpolitico.mx\\\/?p=105450\",\"url\":\"https:\\\/\\\/quehacerpolitico.mx\\\/?p=105450\",\"name\":\"Internacionales\\\/\\\/\\\/Carolina Alonso Romei\\\/\\\/\\\/Narges Mohammadi gana el Premio Nobel de la Paz por su lucha en favor de los derechos de las mujeres en Ir\u00e1n -\",\"isPartOf\":{\"@id\":\"https:\\\/\\\/quehacerpolitico.mx\\\/#website\"},\"primaryImageOfPage\":{\"@id\":\"https:\\\/\\\/quehacerpolitico.mx\\\/?p=105450#primaryimage\"},\"image\":{\"@id\":\"https:\\\/\\\/quehacerpolitico.mx\\\/?p=105450#primaryimage\"},\"thumbnailUrl\":\"https:\\\/\\\/quehacerpolitico.mx\\\/wp-content\\\/uploads\\\/2023\\\/10\\\/IMG_1166.jpeg\",\"datePublished\":\"2023-10-06T16:44:58+00:00\",\"dateModified\":\"2023-10-06T16:45:04+00:00\",\"author\":{\"@id\":\"https:\\\/\\\/quehacerpolitico.mx\\\/#\\\/schema\\\/person\\\/496d8ad2d1d3f8036101dca7ee39e585\"},\"breadcrumb\":{\"@id\":\"https:\\\/\\\/quehacerpolitico.mx\\\/?p=105450#breadcrumb\"},\"inLanguage\":\"es\",\"potentialAction\":[{\"@type\":\"ReadAction\",\"target\":[\"https:\\\/\\\/quehacerpolitico.mx\\\/?p=105450\"]}]},{\"@type\":\"ImageObject\",\"inLanguage\":\"es\",\"@id\":\"https:\\\/\\\/quehacerpolitico.mx\\\/?p=105450#primaryimage\",\"url\":\"https:\\\/\\\/quehacerpolitico.mx\\\/wp-content\\\/uploads\\\/2023\\\/10\\\/IMG_1166.jpeg\",\"contentUrl\":\"https:\\\/\\\/quehacerpolitico.mx\\\/wp-content\\\/uploads\\\/2023\\\/10\\\/IMG_1166.jpeg\",\"width\":739,\"height\":415},{\"@type\":\"BreadcrumbList\",\"@id\":\"https:\\\/\\\/quehacerpolitico.mx\\\/?p=105450#breadcrumb\",\"itemListElement\":[{\"@type\":\"ListItem\",\"position\":1,\"name\":\"Inicio\",\"item\":\"https:\\\/\\\/quehacerpolitico.mx\\\/\"},{\"@type\":\"ListItem\",\"position\":2,\"name\":\"Internacionales\\\/\\\/\\\/Carolina Alonso Romei\\\/\\\/\\\/Narges Mohammadi gana el Premio Nobel de la Paz por su lucha en favor de los derechos de las mujeres en Ir\u00e1n\"}]},{\"@type\":\"WebSite\",\"@id\":\"https:\\\/\\\/quehacerpolitico.mx\\\/#website\",\"url\":\"https:\\\/\\\/quehacerpolitico.mx\\\/\",\"name\":\"\",\"description\":\"\",\"potentialAction\":[{\"@type\":\"SearchAction\",\"target\":{\"@type\":\"EntryPoint\",\"urlTemplate\":\"https:\\\/\\\/quehacerpolitico.mx\\\/?s={search_term_string}\"},\"query-input\":{\"@type\":\"PropertyValueSpecification\",\"valueRequired\":true,\"valueName\":\"search_term_string\"}}],\"inLanguage\":\"es\"},{\"@type\":\"Person\",\"@id\":\"https:\\\/\\\/quehacerpolitico.mx\\\/#\\\/schema\\\/person\\\/496d8ad2d1d3f8036101dca7ee39e585\",\"name\":\"Redacci\u00f3n QP\",\"image\":{\"@type\":\"ImageObject\",\"inLanguage\":\"es\",\"@id\":\"https:\\\/\\\/secure.gravatar.com\\\/avatar\\\/c7164ed6fdec453195284ad24a5ae5b6e1eed2b848477fa2a4787ba9adf39a41?s=96&d=mm&r=g\",\"url\":\"https:\\\/\\\/secure.gravatar.com\\\/avatar\\\/c7164ed6fdec453195284ad24a5ae5b6e1eed2b848477fa2a4787ba9adf39a41?s=96&d=mm&r=g\",\"contentUrl\":\"https:\\\/\\\/secure.gravatar.com\\\/avatar\\\/c7164ed6fdec453195284ad24a5ae5b6e1eed2b848477fa2a4787ba9adf39a41?s=96&d=mm&r=g\",\"caption\":\"Redacci\u00f3n QP\"},\"url\":\"https:\\\/\\\/quehacerpolitico.mx\\\/?author=2\"}]}<\/script>\n<!-- \/ Yoast SEO plugin. -->","yoast_head_json":{"title":"Internacionales\/\/\/Carolina Alonso Romei\/\/\/Narges Mohammadi gana el Premio Nobel de la Paz por su lucha en favor de los derechos de las mujeres en Ir\u00e1n -","robots":{"index":"index","follow":"follow","max-snippet":"max-snippet:-1","max-image-preview":"max-image-preview:large","max-video-preview":"max-video-preview:-1"},"canonical":"https:\/\/quehacerpolitico.mx\/?p=105450","og_locale":"es_MX","og_type":"article","og_title":"Internacionales\/\/\/Carolina Alonso Romei\/\/\/Narges Mohammadi gana el Premio Nobel de la Paz por su lucha en favor de los derechos de las mujeres en Ir\u00e1n -","og_description":"Por Carolina Alonso Romei Internacionalista La activista iran\u00ed encarcelada\u00a0Narges Mohammadi\u00a0gan\u00f3 el viernes el\u00a0Premio\u00a0Nobel de la\u00a0Paz\u00a0por...","og_url":"https:\/\/quehacerpolitico.mx\/?p=105450","article_published_time":"2023-10-06T16:44:58+00:00","article_modified_time":"2023-10-06T16:45:04+00:00","og_image":[{"width":739,"height":415,"url":"https:\/\/quehacerpolitico.mx\/wp-content\/uploads\/2023\/10\/IMG_1166.jpeg","type":"image\/jpeg"}],"author":"Redacci\u00f3n QP","twitter_card":"summary_large_image","twitter_misc":{"Escrito por":"Redacci\u00f3n QP","Tiempo de lectura":"5 minutos"},"schema":{"@context":"https:\/\/schema.org","@graph":[{"@type":"Article","@id":"https:\/\/quehacerpolitico.mx\/?p=105450#article","isPartOf":{"@id":"https:\/\/quehacerpolitico.mx\/?p=105450"},"author":{"name":"Redacci\u00f3n QP","@id":"https:\/\/quehacerpolitico.mx\/#\/schema\/person\/496d8ad2d1d3f8036101dca7ee39e585"},"headline":"Internacionales\/\/\/Carolina Alonso Romei\/\/\/Narges Mohammadi gana el Premio Nobel de la Paz por su lucha en favor de los derechos de las mujeres en Ir\u00e1n","datePublished":"2023-10-06T16:44:58+00:00","dateModified":"2023-10-06T16:45:04+00:00","mainEntityOfPage":{"@id":"https:\/\/quehacerpolitico.mx\/?p=105450"},"wordCount":1089,"commentCount":0,"image":{"@id":"https:\/\/quehacerpolitico.mx\/?p=105450#primaryimage"},"thumbnailUrl":"https:\/\/quehacerpolitico.mx\/wp-content\/uploads\/2023\/10\/IMG_1166.jpeg","articleSection":["Internacionales"],"inLanguage":"es","potentialAction":[{"@type":"CommentAction","name":"Comment","target":["https:\/\/quehacerpolitico.mx\/?p=105450#respond"]}]},{"@type":"WebPage","@id":"https:\/\/quehacerpolitico.mx\/?p=105450","url":"https:\/\/quehacerpolitico.mx\/?p=105450","name":"Internacionales\/\/\/Carolina Alonso Romei\/\/\/Narges Mohammadi gana el Premio Nobel de la Paz por su lucha en favor de los derechos de las mujeres en Ir\u00e1n -","isPartOf":{"@id":"https:\/\/quehacerpolitico.mx\/#website"},"primaryImageOfPage":{"@id":"https:\/\/quehacerpolitico.mx\/?p=105450#primaryimage"},"image":{"@id":"https:\/\/quehacerpolitico.mx\/?p=105450#primaryimage"},"thumbnailUrl":"https:\/\/quehacerpolitico.mx\/wp-content\/uploads\/2023\/10\/IMG_1166.jpeg","datePublished":"2023-10-06T16:44:58+00:00","dateModified":"2023-10-06T16:45:04+00:00","author":{"@id":"https:\/\/quehacerpolitico.mx\/#\/schema\/person\/496d8ad2d1d3f8036101dca7ee39e585"},"breadcrumb":{"@id":"https:\/\/quehacerpolitico.mx\/?p=105450#breadcrumb"},"inLanguage":"es","potentialAction":[{"@type":"ReadAction","target":["https:\/\/quehacerpolitico.mx\/?p=105450"]}]},{"@type":"ImageObject","inLanguage":"es","@id":"https:\/\/quehacerpolitico.mx\/?p=105450#primaryimage","url":"https:\/\/quehacerpolitico.mx\/wp-content\/uploads\/2023\/10\/IMG_1166.jpeg","contentUrl":"https:\/\/quehacerpolitico.mx\/wp-content\/uploads\/2023\/10\/IMG_1166.jpeg","width":739,"height":415},{"@type":"BreadcrumbList","@id":"https:\/\/quehacerpolitico.mx\/?p=105450#breadcrumb","itemListElement":[{"@type":"ListItem","position":1,"name":"Inicio","item":"https:\/\/quehacerpolitico.mx\/"},{"@type":"ListItem","position":2,"name":"Internacionales\/\/\/Carolina Alonso Romei\/\/\/Narges Mohammadi gana el Premio Nobel de la Paz por su lucha en favor de los derechos de las mujeres en Ir\u00e1n"}]},{"@type":"WebSite","@id":"https:\/\/quehacerpolitico.mx\/#website","url":"https:\/\/quehacerpolitico.mx\/","name":"","description":"","potentialAction":[{"@type":"SearchAction","target":{"@type":"EntryPoint","urlTemplate":"https:\/\/quehacerpolitico.mx\/?s={search_term_string}"},"query-input":{"@type":"PropertyValueSpecification","valueRequired":true,"valueName":"search_term_string"}}],"inLanguage":"es"},{"@type":"Person","@id":"https:\/\/quehacerpolitico.mx\/#\/schema\/person\/496d8ad2d1d3f8036101dca7ee39e585","name":"Redacci\u00f3n QP","image":{"@type":"ImageObject","inLanguage":"es","@id":"https:\/\/secure.gravatar.com\/avatar\/c7164ed6fdec453195284ad24a5ae5b6e1eed2b848477fa2a4787ba9adf39a41?s=96&d=mm&r=g","url":"https:\/\/secure.gravatar.com\/avatar\/c7164ed6fdec453195284ad24a5ae5b6e1eed2b848477fa2a4787ba9adf39a41?s=96&d=mm&r=g","contentUrl":"https:\/\/secure.gravatar.com\/avatar\/c7164ed6fdec453195284ad24a5ae5b6e1eed2b848477fa2a4787ba9adf39a41?s=96&d=mm&r=g","caption":"Redacci\u00f3n QP"},"url":"https:\/\/quehacerpolitico.mx\/?author=2"}]}},"featured_image_urls":{"full":["https:\/\/quehacerpolitico.mx\/wp-content\/uploads\/2023\/10\/IMG_1166.jpeg",739,415,false],"thumbnail":["https:\/\/quehacerpolitico.mx\/wp-content\/uploads\/2023\/10\/IMG_1166-150x150.jpeg",150,150,true],"medium":["https:\/\/quehacerpolitico.mx\/wp-content\/uploads\/2023\/10\/IMG_1166-300x168.jpeg",300,168,true],"medium_large":["https:\/\/quehacerpolitico.mx\/wp-content\/uploads\/2023\/10\/IMG_1166.jpeg",640,359,false],"large":["https:\/\/quehacerpolitico.mx\/wp-content\/uploads\/2023\/10\/IMG_1166.jpeg",640,359,false],"1536x1536":["https:\/\/quehacerpolitico.mx\/wp-content\/uploads\/2023\/10\/IMG_1166.jpeg",739,415,false],"2048x2048":["https:\/\/quehacerpolitico.mx\/wp-content\/uploads\/2023\/10\/IMG_1166.jpeg",739,415,false],"covernews-featured":["https:\/\/quehacerpolitico.mx\/wp-content\/uploads\/2023\/10\/IMG_1166.jpeg",739,415,false],"covernews-medium":["https:\/\/quehacerpolitico.mx\/wp-content\/uploads\/2023\/10\/IMG_1166.jpeg",540,303,false]},"author_info":{"display_name":"Redacci\u00f3n QP","author_link":"https:\/\/quehacerpolitico.mx\/?author=2"},"category_info":"<a href=\"https:\/\/quehacerpolitico.mx\/?cat=1\" rel=\"category\">Internacionales<\/a>","tag_info":"Internacionales","comment_count":"0","_links":{"self":[{"href":"https:\/\/quehacerpolitico.mx\/index.php?rest_route=\/wp\/v2\/posts\/105450","targetHints":{"allow":["GET"]}}],"collection":[{"href":"https:\/\/quehacerpolitico.mx\/index.php?rest_route=\/wp\/v2\/posts"}],"about":[{"href":"https:\/\/quehacerpolitico.mx\/index.php?rest_route=\/wp\/v2\/types\/post"}],"author":[{"embeddable":true,"href":"https:\/\/quehacerpolitico.mx\/index.php?rest_route=\/wp\/v2\/users\/2"}],"replies":[{"embeddable":true,"href":"https:\/\/quehacerpolitico.mx\/index.php?rest_route=%2Fwp%2Fv2%2Fcomments&post=105450"}],"version-history":[{"count":1,"href":"https:\/\/quehacerpolitico.mx\/index.php?rest_route=\/wp\/v2\/posts\/105450\/revisions"}],"predecessor-version":[{"id":105454,"href":"https:\/\/quehacerpolitico.mx\/index.php?rest_route=\/wp\/v2\/posts\/105450\/revisions\/105454"}],"wp:featuredmedia":[{"embeddable":true,"href":"https:\/\/quehacerpolitico.mx\/index.php?rest_route=\/wp\/v2\/media\/105451"}],"wp:attachment":[{"href":"https:\/\/quehacerpolitico.mx\/index.php?rest_route=%2Fwp%2Fv2%2Fmedia&parent=105450"}],"wp:term":[{"taxonomy":"category","embeddable":true,"href":"https:\/\/quehacerpolitico.mx\/index.php?rest_route=%2Fwp%2Fv2%2Fcategories&post=105450"},{"taxonomy":"post_tag","embeddable":true,"href":"https:\/\/quehacerpolitico.mx\/index.php?rest_route=%2Fwp%2Fv2%2Ftags&post=105450"}],"curies":[{"name":"wp","href":"https:\/\/api.w.org\/{rel}","templated":true}]}}