{"id":105426,"date":"2023-10-05T18:03:46","date_gmt":"2023-10-05T18:03:46","guid":{"rendered":"https:\/\/quehacerpolitico.mx\/?p=105426"},"modified":"2023-10-05T18:03:52","modified_gmt":"2023-10-05T18:03:52","slug":"convoca-seleccion-de-argentina-a-lionel-messi-lidera-la-convocatoria-del-ultimo-campeon","status":"publish","type":"post","link":"https:\/\/quehacerpolitico.mx\/?p=105426","title":{"rendered":"Convoca selecci\u00f3n de Argentina a Lionel Messi\u00a0lidera la convocatoria del \u00faltimo campe\u00f3n"},"content":{"rendered":"\n<p>Por Redacci\u00f3n QP<\/p>\n\n\n\n<p>A pesar de una<strong>\u00a0dolencia muscular<\/strong>\u00a0que lo tiene a maltraer en el \u00faltimo tiempo, el astro\u00a0<strong>Lionel Messi\u00a0<\/strong>lidera la convocatoria del \u00faltimo campe\u00f3n\u00a0<strong>Argentina<\/strong>\u00a0para los duelos ante<strong> Paraguay y Per\u00fa<\/strong>\u00a0por las eliminatorias sudamericanas al Mundial de 2026.<\/p>\n\n\n\n<p>No as\u00ed su antiguo socio en el ataque albiceleste,\u00a0<strong>\u00c1ngel Di Mar\u00eda<\/strong>, quien sufri\u00f3 un desgarro en el \u00faltimo partido para el Benfica por la Liga de Campeones de Europa y ser\u00e1 baja en la doble fecha del torneo clasificatorio.<\/p>\n\n\n\n<p>Messi, de 36 a\u00f1os,\u00a0<strong>se ha perdido cinco de los \u00faltimos seis compromisos de Inter Miami,\u00a0<\/strong>adem\u00e1s de otro con su selecci\u00f3n en la segunda fecha de la eliminatoria debido a la cicatriz de una vieja lesi\u00f3n en un isquiotibial. La \u00fanica vez que Messi salt\u00f3 a la cancha fue el 20 de septiembre contra Toronto, siendo sustituido poco antes del descanso por la molestia muscular.<\/p>\n\n\n\n<figure class=\"wp-block-image size-large\"><img loading=\"lazy\" decoding=\"async\" width=\"635\" height=\"1024\" src=\"https:\/\/quehacerpolitico.mx\/wp-content\/uploads\/2023\/10\/image-10-635x1024.jpeg\" alt=\"\" class=\"wp-image-105427\" srcset=\"https:\/\/quehacerpolitico.mx\/wp-content\/uploads\/2023\/10\/image-10-635x1024.jpeg 635w, https:\/\/quehacerpolitico.mx\/wp-content\/uploads\/2023\/10\/image-10-186x300.jpeg 186w, https:\/\/quehacerpolitico.mx\/wp-content\/uploads\/2023\/10\/image-10-768x1239.jpeg 768w, https:\/\/quehacerpolitico.mx\/wp-content\/uploads\/2023\/10\/image-10-952x1536.jpeg 952w, https:\/\/quehacerpolitico.mx\/wp-content\/uploads\/2023\/10\/image-10-1269x2048.jpeg 1269w, https:\/\/quehacerpolitico.mx\/wp-content\/uploads\/2023\/10\/image-10-90x146.jpeg 90w, https:\/\/quehacerpolitico.mx\/wp-content\/uploads\/2023\/10\/image-10-31x50.jpeg 31w, https:\/\/quehacerpolitico.mx\/wp-content\/uploads\/2023\/10\/image-10-46x75.jpeg 46w, https:\/\/quehacerpolitico.mx\/wp-content\/uploads\/2023\/10\/image-10.jpeg 1284w\" sizes=\"auto, (max-width: 635px) 100vw, 635px\" \/><\/figure>\n\n\n\n<p>Pese a la inactividad, el t\u00e9cnico de Argentina<strong>Lionel Scaloni&nbsp;<\/strong>lo incluy\u00f3 este jueves en la n\u00f3mina para recibir a Paraguay el 12 de octubre en Buenos Aires y visitar, cinco d\u00edas despu\u00e9s, a Per\u00fa.<\/p>\n\n\n\n<p><strong>Di Mar\u00eda<\/strong>, en tanto, se lesion\u00f3 el martes en la derrota 1-0 del Benfica ante el Inter de Mil\u00e1n.<\/p>\n\n\n\n<p>Con informaci\u00f3n de AP<\/p>\n","protected":false},"excerpt":{"rendered":"<p>Por Redacci\u00f3n QP A pesar de una\u00a0dolencia muscular\u00a0que lo tiene a maltraer en el \u00faltimo&#8230;<\/p>\n","protected":false},"author":2,"featured_media":105428,"comment_status":"open","ping_status":"open","sticky":false,"template":"","format":"standard","meta":{"_monsterinsights_skip_tracking":false,"_monsterinsights_sitenote_active":false,"_monsterinsights_sitenote_note":"","_monsterinsights_sitenote_category":0,"footnotes":""},"categories":[54],"tags":[],"class_list":["post-105426","post","type-post","status-publish","format-standard","has-post-thumbnail","hentry","category-deportes"],"yoast_head":"<!-- This site is optimized with the Yoast SEO plugin v27.3 - https:\/\/yoast.com\/product\/yoast-seo-wordpress\/ -->\n<title>Convoca selecci\u00f3n de Argentina a Lionel Messi\u00a0lidera la convocatoria del \u00faltimo campe\u00f3n -<\/title>\n<meta name=\"robots\" content=\"index, follow, max-snippet:-1, max-image-preview:large, max-video-preview:-1\" \/>\n<link rel=\"canonical\" href=\"https:\/\/quehacerpolitico.mx\/?p=105426\" \/>\n<meta property=\"og:locale\" content=\"es_MX\" \/>\n<meta property=\"og:type\" content=\"article\" \/>\n<meta property=\"og:title\" content=\"Convoca selecci\u00f3n de Argentina a Lionel Messi\u00a0lidera la convocatoria del \u00faltimo campe\u00f3n -\" \/>\n<meta property=\"og:description\" content=\"Por Redacci\u00f3n QP A pesar de una\u00a0dolencia muscular\u00a0que lo tiene a maltraer en el \u00faltimo...\" \/>\n<meta property=\"og:url\" content=\"https:\/\/quehacerpolitico.mx\/?p=105426\" \/>\n<meta property=\"article:published_time\" content=\"2023-10-05T18:03:46+00:00\" \/>\n<meta property=\"article:modified_time\" content=\"2023-10-05T18:03:52+00:00\" \/>\n<meta property=\"og:image\" content=\"https:\/\/quehacerpolitico.mx\/wp-content\/uploads\/2023\/10\/IMG_1147.jpeg\" \/>\n\t<meta property=\"og:image:width\" content=\"776\" \/>\n\t<meta property=\"og:image:height\" content=\"395\" \/>\n\t<meta property=\"og:image:type\" content=\"image\/jpeg\" \/>\n<meta name=\"author\" content=\"Redacci\u00f3n QP\" \/>\n<meta name=\"twitter:card\" content=\"summary_large_image\" \/>\n<meta name=\"twitter:label1\" content=\"Escrito por\" \/>\n\t<meta name=\"twitter:data1\" content=\"Redacci\u00f3n QP\" \/>\n\t<meta name=\"twitter:label2\" content=\"Tiempo de lectura\" \/>\n\t<meta name=\"twitter:data2\" content=\"1 minuto\" \/>\n<script type=\"application\/ld+json\" class=\"yoast-schema-graph\">{\"@context\":\"https:\\\/\\\/schema.org\",\"@graph\":[{\"@type\":\"Article\",\"@id\":\"https:\\\/\\\/quehacerpolitico.mx\\\/?p=105426#article\",\"isPartOf\":{\"@id\":\"https:\\\/\\\/quehacerpolitico.mx\\\/?p=105426\"},\"author\":{\"name\":\"Redacci\u00f3n QP\",\"@id\":\"https:\\\/\\\/quehacerpolitico.mx\\\/#\\\/schema\\\/person\\\/496d8ad2d1d3f8036101dca7ee39e585\"},\"headline\":\"Convoca selecci\u00f3n de Argentina a Lionel Messi\u00a0lidera la convocatoria del \u00faltimo campe\u00f3n\",\"datePublished\":\"2023-10-05T18:03:46+00:00\",\"dateModified\":\"2023-10-05T18:03:52+00:00\",\"mainEntityOfPage\":{\"@id\":\"https:\\\/\\\/quehacerpolitico.mx\\\/?p=105426\"},\"wordCount\":233,\"commentCount\":0,\"image\":{\"@id\":\"https:\\\/\\\/quehacerpolitico.mx\\\/?p=105426#primaryimage\"},\"thumbnailUrl\":\"https:\\\/\\\/quehacerpolitico.mx\\\/wp-content\\\/uploads\\\/2023\\\/10\\\/IMG_1147.jpeg\",\"articleSection\":[\"Deportes\"],\"inLanguage\":\"es\",\"potentialAction\":[{\"@type\":\"CommentAction\",\"name\":\"Comment\",\"target\":[\"https:\\\/\\\/quehacerpolitico.mx\\\/?p=105426#respond\"]}]},{\"@type\":\"WebPage\",\"@id\":\"https:\\\/\\\/quehacerpolitico.mx\\\/?p=105426\",\"url\":\"https:\\\/\\\/quehacerpolitico.mx\\\/?p=105426\",\"name\":\"Convoca selecci\u00f3n de Argentina a Lionel Messi\u00a0lidera la convocatoria del \u00faltimo campe\u00f3n -\",\"isPartOf\":{\"@id\":\"https:\\\/\\\/quehacerpolitico.mx\\\/#website\"},\"primaryImageOfPage\":{\"@id\":\"https:\\\/\\\/quehacerpolitico.mx\\\/?p=105426#primaryimage\"},\"image\":{\"@id\":\"https:\\\/\\\/quehacerpolitico.mx\\\/?p=105426#primaryimage\"},\"thumbnailUrl\":\"https:\\\/\\\/quehacerpolitico.mx\\\/wp-content\\\/uploads\\\/2023\\\/10\\\/IMG_1147.jpeg\",\"datePublished\":\"2023-10-05T18:03:46+00:00\",\"dateModified\":\"2023-10-05T18:03:52+00:00\",\"author\":{\"@id\":\"https:\\\/\\\/quehacerpolitico.mx\\\/#\\\/schema\\\/person\\\/496d8ad2d1d3f8036101dca7ee39e585\"},\"breadcrumb\":{\"@id\":\"https:\\\/\\\/quehacerpolitico.mx\\\/?p=105426#breadcrumb\"},\"inLanguage\":\"es\",\"potentialAction\":[{\"@type\":\"ReadAction\",\"target\":[\"https:\\\/\\\/quehacerpolitico.mx\\\/?p=105426\"]}]},{\"@type\":\"ImageObject\",\"inLanguage\":\"es\",\"@id\":\"https:\\\/\\\/quehacerpolitico.mx\\\/?p=105426#primaryimage\",\"url\":\"https:\\\/\\\/quehacerpolitico.mx\\\/wp-content\\\/uploads\\\/2023\\\/10\\\/IMG_1147.jpeg\",\"contentUrl\":\"https:\\\/\\\/quehacerpolitico.mx\\\/wp-content\\\/uploads\\\/2023\\\/10\\\/IMG_1147.jpeg\",\"width\":776,\"height\":395},{\"@type\":\"BreadcrumbList\",\"@id\":\"https:\\\/\\\/quehacerpolitico.mx\\\/?p=105426#breadcrumb\",\"itemListElement\":[{\"@type\":\"ListItem\",\"position\":1,\"name\":\"Inicio\",\"item\":\"https:\\\/\\\/quehacerpolitico.mx\\\/\"},{\"@type\":\"ListItem\",\"position\":2,\"name\":\"Convoca selecci\u00f3n de Argentina a Lionel Messi\u00a0lidera la convocatoria del \u00faltimo campe\u00f3n\"}]},{\"@type\":\"WebSite\",\"@id\":\"https:\\\/\\\/quehacerpolitico.mx\\\/#website\",\"url\":\"https:\\\/\\\/quehacerpolitico.mx\\\/\",\"name\":\"\",\"description\":\"\",\"potentialAction\":[{\"@type\":\"SearchAction\",\"target\":{\"@type\":\"EntryPoint\",\"urlTemplate\":\"https:\\\/\\\/quehacerpolitico.mx\\\/?s={search_term_string}\"},\"query-input\":{\"@type\":\"PropertyValueSpecification\",\"valueRequired\":true,\"valueName\":\"search_term_string\"}}],\"inLanguage\":\"es\"},{\"@type\":\"Person\",\"@id\":\"https:\\\/\\\/quehacerpolitico.mx\\\/#\\\/schema\\\/person\\\/496d8ad2d1d3f8036101dca7ee39e585\",\"name\":\"Redacci\u00f3n QP\",\"image\":{\"@type\":\"ImageObject\",\"inLanguage\":\"es\",\"@id\":\"https:\\\/\\\/secure.gravatar.com\\\/avatar\\\/c7164ed6fdec453195284ad24a5ae5b6e1eed2b848477fa2a4787ba9adf39a41?s=96&d=mm&r=g\",\"url\":\"https:\\\/\\\/secure.gravatar.com\\\/avatar\\\/c7164ed6fdec453195284ad24a5ae5b6e1eed2b848477fa2a4787ba9adf39a41?s=96&d=mm&r=g\",\"contentUrl\":\"https:\\\/\\\/secure.gravatar.com\\\/avatar\\\/c7164ed6fdec453195284ad24a5ae5b6e1eed2b848477fa2a4787ba9adf39a41?s=96&d=mm&r=g\",\"caption\":\"Redacci\u00f3n QP\"},\"url\":\"https:\\\/\\\/quehacerpolitico.mx\\\/?author=2\"}]}<\/script>\n<!-- \/ Yoast SEO plugin. -->","yoast_head_json":{"title":"Convoca selecci\u00f3n de Argentina a Lionel Messi\u00a0lidera la convocatoria del \u00faltimo campe\u00f3n -","robots":{"index":"index","follow":"follow","max-snippet":"max-snippet:-1","max-image-preview":"max-image-preview:large","max-video-preview":"max-video-preview:-1"},"canonical":"https:\/\/quehacerpolitico.mx\/?p=105426","og_locale":"es_MX","og_type":"article","og_title":"Convoca selecci\u00f3n de Argentina a Lionel Messi\u00a0lidera la convocatoria del \u00faltimo campe\u00f3n -","og_description":"Por Redacci\u00f3n QP A pesar de una\u00a0dolencia muscular\u00a0que lo tiene a maltraer en el \u00faltimo...","og_url":"https:\/\/quehacerpolitico.mx\/?p=105426","article_published_time":"2023-10-05T18:03:46+00:00","article_modified_time":"2023-10-05T18:03:52+00:00","og_image":[{"width":776,"height":395,"url":"https:\/\/quehacerpolitico.mx\/wp-content\/uploads\/2023\/10\/IMG_1147.jpeg","type":"image\/jpeg"}],"author":"Redacci\u00f3n QP","twitter_card":"summary_large_image","twitter_misc":{"Escrito por":"Redacci\u00f3n QP","Tiempo de lectura":"1 minuto"},"schema":{"@context":"https:\/\/schema.org","@graph":[{"@type":"Article","@id":"https:\/\/quehacerpolitico.mx\/?p=105426#article","isPartOf":{"@id":"https:\/\/quehacerpolitico.mx\/?p=105426"},"author":{"name":"Redacci\u00f3n QP","@id":"https:\/\/quehacerpolitico.mx\/#\/schema\/person\/496d8ad2d1d3f8036101dca7ee39e585"},"headline":"Convoca selecci\u00f3n de Argentina a Lionel Messi\u00a0lidera la convocatoria del \u00faltimo campe\u00f3n","datePublished":"2023-10-05T18:03:46+00:00","dateModified":"2023-10-05T18:03:52+00:00","mainEntityOfPage":{"@id":"https:\/\/quehacerpolitico.mx\/?p=105426"},"wordCount":233,"commentCount":0,"image":{"@id":"https:\/\/quehacerpolitico.mx\/?p=105426#primaryimage"},"thumbnailUrl":"https:\/\/quehacerpolitico.mx\/wp-content\/uploads\/2023\/10\/IMG_1147.jpeg","articleSection":["Deportes"],"inLanguage":"es","potentialAction":[{"@type":"CommentAction","name":"Comment","target":["https:\/\/quehacerpolitico.mx\/?p=105426#respond"]}]},{"@type":"WebPage","@id":"https:\/\/quehacerpolitico.mx\/?p=105426","url":"https:\/\/quehacerpolitico.mx\/?p=105426","name":"Convoca selecci\u00f3n de Argentina a Lionel Messi\u00a0lidera la convocatoria del \u00faltimo campe\u00f3n -","isPartOf":{"@id":"https:\/\/quehacerpolitico.mx\/#website"},"primaryImageOfPage":{"@id":"https:\/\/quehacerpolitico.mx\/?p=105426#primaryimage"},"image":{"@id":"https:\/\/quehacerpolitico.mx\/?p=105426#primaryimage"},"thumbnailUrl":"https:\/\/quehacerpolitico.mx\/wp-content\/uploads\/2023\/10\/IMG_1147.jpeg","datePublished":"2023-10-05T18:03:46+00:00","dateModified":"2023-10-05T18:03:52+00:00","author":{"@id":"https:\/\/quehacerpolitico.mx\/#\/schema\/person\/496d8ad2d1d3f8036101dca7ee39e585"},"breadcrumb":{"@id":"https:\/\/quehacerpolitico.mx\/?p=105426#breadcrumb"},"inLanguage":"es","potentialAction":[{"@type":"ReadAction","target":["https:\/\/quehacerpolitico.mx\/?p=105426"]}]},{"@type":"ImageObject","inLanguage":"es","@id":"https:\/\/quehacerpolitico.mx\/?p=105426#primaryimage","url":"https:\/\/quehacerpolitico.mx\/wp-content\/uploads\/2023\/10\/IMG_1147.jpeg","contentUrl":"https:\/\/quehacerpolitico.mx\/wp-content\/uploads\/2023\/10\/IMG_1147.jpeg","width":776,"height":395},{"@type":"BreadcrumbList","@id":"https:\/\/quehacerpolitico.mx\/?p=105426#breadcrumb","itemListElement":[{"@type":"ListItem","position":1,"name":"Inicio","item":"https:\/\/quehacerpolitico.mx\/"},{"@type":"ListItem","position":2,"name":"Convoca selecci\u00f3n de Argentina a Lionel Messi\u00a0lidera la convocatoria del \u00faltimo campe\u00f3n"}]},{"@type":"WebSite","@id":"https:\/\/quehacerpolitico.mx\/#website","url":"https:\/\/quehacerpolitico.mx\/","name":"","description":"","potentialAction":[{"@type":"SearchAction","target":{"@type":"EntryPoint","urlTemplate":"https:\/\/quehacerpolitico.mx\/?s={search_term_string}"},"query-input":{"@type":"PropertyValueSpecification","valueRequired":true,"valueName":"search_term_string"}}],"inLanguage":"es"},{"@type":"Person","@id":"https:\/\/quehacerpolitico.mx\/#\/schema\/person\/496d8ad2d1d3f8036101dca7ee39e585","name":"Redacci\u00f3n QP","image":{"@type":"ImageObject","inLanguage":"es","@id":"https:\/\/secure.gravatar.com\/avatar\/c7164ed6fdec453195284ad24a5ae5b6e1eed2b848477fa2a4787ba9adf39a41?s=96&d=mm&r=g","url":"https:\/\/secure.gravatar.com\/avatar\/c7164ed6fdec453195284ad24a5ae5b6e1eed2b848477fa2a4787ba9adf39a41?s=96&d=mm&r=g","contentUrl":"https:\/\/secure.gravatar.com\/avatar\/c7164ed6fdec453195284ad24a5ae5b6e1eed2b848477fa2a4787ba9adf39a41?s=96&d=mm&r=g","caption":"Redacci\u00f3n QP"},"url":"https:\/\/quehacerpolitico.mx\/?author=2"}]}},"featured_image_urls":{"full":["https:\/\/quehacerpolitico.mx\/wp-content\/uploads\/2023\/10\/IMG_1147.jpeg",776,395,false],"thumbnail":["https:\/\/quehacerpolitico.mx\/wp-content\/uploads\/2023\/10\/IMG_1147-150x150.jpeg",150,150,true],"medium":["https:\/\/quehacerpolitico.mx\/wp-content\/uploads\/2023\/10\/IMG_1147-300x153.jpeg",300,153,true],"medium_large":["https:\/\/quehacerpolitico.mx\/wp-content\/uploads\/2023\/10\/IMG_1147-768x391.jpeg",640,326,true],"large":["https:\/\/quehacerpolitico.mx\/wp-content\/uploads\/2023\/10\/IMG_1147.jpeg",640,326,false],"1536x1536":["https:\/\/quehacerpolitico.mx\/wp-content\/uploads\/2023\/10\/IMG_1147.jpeg",776,395,false],"2048x2048":["https:\/\/quehacerpolitico.mx\/wp-content\/uploads\/2023\/10\/IMG_1147.jpeg",776,395,false],"covernews-featured":["https:\/\/quehacerpolitico.mx\/wp-content\/uploads\/2023\/10\/IMG_1147.jpeg",776,395,false],"covernews-medium":["https:\/\/quehacerpolitico.mx\/wp-content\/uploads\/2023\/10\/IMG_1147.jpeg",540,275,false]},"author_info":{"display_name":"Redacci\u00f3n QP","author_link":"https:\/\/quehacerpolitico.mx\/?author=2"},"category_info":"<a href=\"https:\/\/quehacerpolitico.mx\/?cat=54\" rel=\"category\">Deportes<\/a>","tag_info":"Deportes","comment_count":"0","_links":{"self":[{"href":"https:\/\/quehacerpolitico.mx\/index.php?rest_route=\/wp\/v2\/posts\/105426","targetHints":{"allow":["GET"]}}],"collection":[{"href":"https:\/\/quehacerpolitico.mx\/index.php?rest_route=\/wp\/v2\/posts"}],"about":[{"href":"https:\/\/quehacerpolitico.mx\/index.php?rest_route=\/wp\/v2\/types\/post"}],"author":[{"embeddable":true,"href":"https:\/\/quehacerpolitico.mx\/index.php?rest_route=\/wp\/v2\/users\/2"}],"replies":[{"embeddable":true,"href":"https:\/\/quehacerpolitico.mx\/index.php?rest_route=%2Fwp%2Fv2%2Fcomments&post=105426"}],"version-history":[{"count":1,"href":"https:\/\/quehacerpolitico.mx\/index.php?rest_route=\/wp\/v2\/posts\/105426\/revisions"}],"predecessor-version":[{"id":105429,"href":"https:\/\/quehacerpolitico.mx\/index.php?rest_route=\/wp\/v2\/posts\/105426\/revisions\/105429"}],"wp:featuredmedia":[{"embeddable":true,"href":"https:\/\/quehacerpolitico.mx\/index.php?rest_route=\/wp\/v2\/media\/105428"}],"wp:attachment":[{"href":"https:\/\/quehacerpolitico.mx\/index.php?rest_route=%2Fwp%2Fv2%2Fmedia&parent=105426"}],"wp:term":[{"taxonomy":"category","embeddable":true,"href":"https:\/\/quehacerpolitico.mx\/index.php?rest_route=%2Fwp%2Fv2%2Fcategories&post=105426"},{"taxonomy":"post_tag","embeddable":true,"href":"https:\/\/quehacerpolitico.mx\/index.php?rest_route=%2Fwp%2Fv2%2Ftags&post=105426"}],"curies":[{"name":"wp","href":"https:\/\/api.w.org\/{rel}","templated":true}]}}