{"id":105422,"date":"2023-10-05T17:22:12","date_gmt":"2023-10-05T17:22:12","guid":{"rendered":"https:\/\/quehacerpolitico.mx\/?p=105422"},"modified":"2023-10-05T17:23:35","modified_gmt":"2023-10-05T17:23:35","slug":"max-verstappen-reconocio-que-para-el-lo-mas-importante-mas-alla-de-los-records-que-esta-imponiendo-es-vencer-a-tu-companero","status":"publish","type":"post","link":"https:\/\/quehacerpolitico.mx\/?p=105422","title":{"rendered":"Max Verstappen reconoci\u00f3 que para \u00e9l\u00a0lo m\u00e1s importante, m\u00e1s all\u00e1 de los r\u00e9cords que est\u00e1 imponiendo, es\u00a0\u201cvencer a tu compa\u00f1ero\u201d"},"content":{"rendered":"\n<p>Por Redacci\u00f3n QP<\/p>\n\n\n\n<p><strong>Max Verstappen<\/strong>, quien en el&nbsp;<strong>Gran Premio de Qatar<\/strong>&nbsp;de este fin de semana puede coronarse como&nbsp;<strong>tricampe\u00f3n de la F\u00f3rmula 1<\/strong>, reconoci\u00f3 que para \u00e9l&nbsp;<strong>lo m\u00e1s importante<\/strong>, m\u00e1s all\u00e1 de los r\u00e9cords que est\u00e1 imponiendo, es&nbsp;<strong>\u201cvencer a tu compa\u00f1ero\u201d<\/strong>, en una clara referencia al mexicano Sergio&nbsp;\u2018Checo\u2019 P\u00e9rez, quien marcha&nbsp;<strong>segundo<\/strong>&nbsp;en el Mundial de Pilotos.<\/p>\n\n\n\n<p>Checo P\u00e9rez ha sido el&nbsp;<strong>\u00fanico piloto capaz de arrebatarle el triunfo<\/strong>&nbsp;a Verstappen en esta temporada, en los Grandes Premios de&nbsp;<strong>Arabia Saudita y Azerbaiy\u00e1n<\/strong>, pero el neerland\u00e9s se llev\u00f3 todos los dem\u00e1s en una temporada que puede ser&nbsp;<strong>perfecta<\/strong>&nbsp;para Red Bull, que ya conquist\u00f3 el Campeonato de Constructores.<\/p>\n\n\n\n<p>En una&nbsp;entrevista con el medio de su pa\u00eds&nbsp;<em>Formule1.nl<\/em>, Verstappen declar\u00f3 que su \u00fanico&nbsp;<strong>objetivo<\/strong>&nbsp;es ganar, por lo que deja de lado los r\u00e9cords y s\u00f3lo se concentra en los triunfos.<\/p>\n\n\n\n<p>\u201cSi tengo un&nbsp;<strong>muy buen auto<\/strong>&nbsp;durante siete u ocho a\u00f1os, s\u00e9 que todav\u00eda s<strong>e batir\u00e1n varios r\u00e9cords<\/strong>. Pero al final esos r\u00e9cords&nbsp;<strong>no me interesan<\/strong>. Me da igual batir muchos o pocos r\u00e9cords. No entr\u00e9 a la F1 para batir r\u00e9cords, entr\u00e9 para&nbsp;<strong>ganar<\/strong>. Lo primero es a menudo consecuencia de lo segundo\u201d, coment\u00f3.<\/p>\n\n\n\n<p>\u201cHoy en d\u00eda&nbsp;<strong>hay m\u00e1s carreras que antes<\/strong>. Y como dije, dependes de las herramientas. Hay otras cosas que son importantes para m\u00ed. Por ejemplo, que&nbsp;<strong>siempre tienes que vencer a tu compa\u00f1ero, eso es y sigue siendo lo m\u00e1s importante, y eso va bastante bien<\/strong>\u201d, sentenci\u00f3 Verstappen en una clara referencia a Checo P\u00e9rez.<\/p>\n\n\n\n<h2 class=\"wp-block-heading\" id=\"h-tricampeon\">TRICAMPE\u00d3N<\/h2>\n\n\n\n<p>Max Verstappen podr\u00eda ser el&nbsp;<strong>primer piloto<\/strong>&nbsp;de F\u00f3rmula 1 en ser&nbsp;<strong>campe\u00f3n antes de correr un Gran Premio<\/strong>, es decir, en la&nbsp;<strong>carrera Sprint del Gran Premio de Qatar<\/strong>&nbsp;del pr\u00f3ximo&nbsp;s\u00e1bado.<\/p>\n\n\n\n<p>Verstappen llega a la cita de Lusail con&nbsp;<strong>400 puntos<\/strong>, una diferencia de&nbsp;<strong>177 sobre Checo P\u00e9rez<\/strong>, su compa\u00f1ero que marcha en el segundo lugar, con solo&nbsp;<strong>180 unidades por disputar<\/strong>&nbsp;en seis fechas y tres que tienen formato sprint.<\/p>\n\n\n\n<p>Max necesita sumar tres puntos este fin de semana para ser el&nbsp;<strong>tricampe\u00f3n<\/strong>&nbsp;de la F\u00f3rmula 1, aun y cuando termine con los mismos puntos que Checo, ya que el neerland\u00e9s tendr\u00e1 m\u00e1s carreras ganadas que el mexicano.<\/p>\n\n\n\n<p>Si Verstappen se lleva el sprint este s\u00e1bado o termina entre los mejores seis, se llevar\u00e1 el t\u00edtulo&nbsp;<strong>sin importar lo que haga Checo<\/strong>.<\/p>\n\n\n\n<p>Si no llegara a darse en Qatar, las siguientes citas son&nbsp;<strong>Estados Unidos, M\u00e9xico, Brasil, Las Vegas y Abu Dhabi<\/strong>, el t\u00edtulo solo se le podr\u00eda escapar si tiene un cierre desastroso, luego de ganar 13 de 16 Grandes Premios.<\/p>\n\n\n\n<p>Si no llegara a darse en Qatar, las siguientes citas son&nbsp;<strong>Estados Unidos, M\u00e9xico, Brasil, Las Vegas y Abu Dhabi<\/strong>, el t\u00edtulo solo se le podr\u00eda escapar si tiene un cierre desastroso, luego de ganar 13 de 16 Grandes Premios.<\/p>\n","protected":false},"excerpt":{"rendered":"<p>Por Redacci\u00f3n QP Max Verstappen, quien en el&nbsp;Gran Premio de Qatar&nbsp;de este fin de semana&#8230;<\/p>\n","protected":false},"author":2,"featured_media":105424,"comment_status":"open","ping_status":"open","sticky":false,"template":"","format":"standard","meta":{"_monsterinsights_skip_tracking":false,"_monsterinsights_sitenote_active":false,"_monsterinsights_sitenote_note":"","_monsterinsights_sitenote_category":0,"footnotes":""},"categories":[54],"tags":[],"class_list":["post-105422","post","type-post","status-publish","format-standard","has-post-thumbnail","hentry","category-deportes"],"yoast_head":"<!-- This site is optimized with the Yoast SEO plugin v27.3 - https:\/\/yoast.com\/product\/yoast-seo-wordpress\/ -->\n<title>Max Verstappen reconoci\u00f3 que para \u00e9l\u00a0lo m\u00e1s importante, m\u00e1s all\u00e1 de los r\u00e9cords que est\u00e1 imponiendo, es\u00a0\u201cvencer a tu compa\u00f1ero\u201d -<\/title>\n<meta name=\"robots\" content=\"index, follow, max-snippet:-1, max-image-preview:large, max-video-preview:-1\" \/>\n<link rel=\"canonical\" href=\"https:\/\/quehacerpolitico.mx\/?p=105422\" \/>\n<meta property=\"og:locale\" content=\"es_MX\" \/>\n<meta property=\"og:type\" content=\"article\" \/>\n<meta property=\"og:title\" content=\"Max Verstappen reconoci\u00f3 que para \u00e9l\u00a0lo m\u00e1s importante, m\u00e1s all\u00e1 de los r\u00e9cords que est\u00e1 imponiendo, es\u00a0\u201cvencer a tu compa\u00f1ero\u201d -\" \/>\n<meta property=\"og:description\" content=\"Por Redacci\u00f3n QP Max Verstappen, quien en el&nbsp;Gran Premio de Qatar&nbsp;de este fin de semana...\" \/>\n<meta property=\"og:url\" content=\"https:\/\/quehacerpolitico.mx\/?p=105422\" \/>\n<meta property=\"article:published_time\" content=\"2023-10-05T17:22:12+00:00\" \/>\n<meta property=\"article:modified_time\" content=\"2023-10-05T17:23:35+00:00\" \/>\n<meta property=\"og:image\" content=\"https:\/\/quehacerpolitico.mx\/wp-content\/uploads\/2023\/10\/IMG_1145.jpeg\" \/>\n\t<meta property=\"og:image:width\" content=\"739\" \/>\n\t<meta property=\"og:image:height\" content=\"415\" \/>\n\t<meta property=\"og:image:type\" content=\"image\/jpeg\" \/>\n<meta name=\"author\" content=\"Redacci\u00f3n QP\" \/>\n<meta name=\"twitter:card\" content=\"summary_large_image\" \/>\n<meta name=\"twitter:label1\" content=\"Escrito por\" \/>\n\t<meta name=\"twitter:data1\" content=\"Redacci\u00f3n QP\" \/>\n\t<meta name=\"twitter:label2\" content=\"Tiempo de lectura\" \/>\n\t<meta name=\"twitter:data2\" content=\"3 minutos\" \/>\n<script type=\"application\/ld+json\" class=\"yoast-schema-graph\">{\"@context\":\"https:\\\/\\\/schema.org\",\"@graph\":[{\"@type\":\"Article\",\"@id\":\"https:\\\/\\\/quehacerpolitico.mx\\\/?p=105422#article\",\"isPartOf\":{\"@id\":\"https:\\\/\\\/quehacerpolitico.mx\\\/?p=105422\"},\"author\":{\"name\":\"Redacci\u00f3n QP\",\"@id\":\"https:\\\/\\\/quehacerpolitico.mx\\\/#\\\/schema\\\/person\\\/496d8ad2d1d3f8036101dca7ee39e585\"},\"headline\":\"Max Verstappen reconoci\u00f3 que para \u00e9l\u00a0lo m\u00e1s importante, m\u00e1s all\u00e1 de los r\u00e9cords que est\u00e1 imponiendo, es\u00a0\u201cvencer a tu compa\u00f1ero\u201d\",\"datePublished\":\"2023-10-05T17:22:12+00:00\",\"dateModified\":\"2023-10-05T17:23:35+00:00\",\"mainEntityOfPage\":{\"@id\":\"https:\\\/\\\/quehacerpolitico.mx\\\/?p=105422\"},\"wordCount\":574,\"commentCount\":0,\"image\":{\"@id\":\"https:\\\/\\\/quehacerpolitico.mx\\\/?p=105422#primaryimage\"},\"thumbnailUrl\":\"https:\\\/\\\/quehacerpolitico.mx\\\/wp-content\\\/uploads\\\/2023\\\/10\\\/IMG_1145.jpeg\",\"articleSection\":[\"Deportes\"],\"inLanguage\":\"es\",\"potentialAction\":[{\"@type\":\"CommentAction\",\"name\":\"Comment\",\"target\":[\"https:\\\/\\\/quehacerpolitico.mx\\\/?p=105422#respond\"]}]},{\"@type\":\"WebPage\",\"@id\":\"https:\\\/\\\/quehacerpolitico.mx\\\/?p=105422\",\"url\":\"https:\\\/\\\/quehacerpolitico.mx\\\/?p=105422\",\"name\":\"Max Verstappen reconoci\u00f3 que para \u00e9l\u00a0lo m\u00e1s importante, m\u00e1s all\u00e1 de los r\u00e9cords que est\u00e1 imponiendo, es\u00a0\u201cvencer a tu compa\u00f1ero\u201d -\",\"isPartOf\":{\"@id\":\"https:\\\/\\\/quehacerpolitico.mx\\\/#website\"},\"primaryImageOfPage\":{\"@id\":\"https:\\\/\\\/quehacerpolitico.mx\\\/?p=105422#primaryimage\"},\"image\":{\"@id\":\"https:\\\/\\\/quehacerpolitico.mx\\\/?p=105422#primaryimage\"},\"thumbnailUrl\":\"https:\\\/\\\/quehacerpolitico.mx\\\/wp-content\\\/uploads\\\/2023\\\/10\\\/IMG_1145.jpeg\",\"datePublished\":\"2023-10-05T17:22:12+00:00\",\"dateModified\":\"2023-10-05T17:23:35+00:00\",\"author\":{\"@id\":\"https:\\\/\\\/quehacerpolitico.mx\\\/#\\\/schema\\\/person\\\/496d8ad2d1d3f8036101dca7ee39e585\"},\"breadcrumb\":{\"@id\":\"https:\\\/\\\/quehacerpolitico.mx\\\/?p=105422#breadcrumb\"},\"inLanguage\":\"es\",\"potentialAction\":[{\"@type\":\"ReadAction\",\"target\":[\"https:\\\/\\\/quehacerpolitico.mx\\\/?p=105422\"]}]},{\"@type\":\"ImageObject\",\"inLanguage\":\"es\",\"@id\":\"https:\\\/\\\/quehacerpolitico.mx\\\/?p=105422#primaryimage\",\"url\":\"https:\\\/\\\/quehacerpolitico.mx\\\/wp-content\\\/uploads\\\/2023\\\/10\\\/IMG_1145.jpeg\",\"contentUrl\":\"https:\\\/\\\/quehacerpolitico.mx\\\/wp-content\\\/uploads\\\/2023\\\/10\\\/IMG_1145.jpeg\",\"width\":739,\"height\":415},{\"@type\":\"BreadcrumbList\",\"@id\":\"https:\\\/\\\/quehacerpolitico.mx\\\/?p=105422#breadcrumb\",\"itemListElement\":[{\"@type\":\"ListItem\",\"position\":1,\"name\":\"Inicio\",\"item\":\"https:\\\/\\\/quehacerpolitico.mx\\\/\"},{\"@type\":\"ListItem\",\"position\":2,\"name\":\"Max Verstappen reconoci\u00f3 que para \u00e9l\u00a0lo m\u00e1s importante, m\u00e1s all\u00e1 de los r\u00e9cords que est\u00e1 imponiendo, es\u00a0\u201cvencer a tu compa\u00f1ero\u201d\"}]},{\"@type\":\"WebSite\",\"@id\":\"https:\\\/\\\/quehacerpolitico.mx\\\/#website\",\"url\":\"https:\\\/\\\/quehacerpolitico.mx\\\/\",\"name\":\"\",\"description\":\"\",\"potentialAction\":[{\"@type\":\"SearchAction\",\"target\":{\"@type\":\"EntryPoint\",\"urlTemplate\":\"https:\\\/\\\/quehacerpolitico.mx\\\/?s={search_term_string}\"},\"query-input\":{\"@type\":\"PropertyValueSpecification\",\"valueRequired\":true,\"valueName\":\"search_term_string\"}}],\"inLanguage\":\"es\"},{\"@type\":\"Person\",\"@id\":\"https:\\\/\\\/quehacerpolitico.mx\\\/#\\\/schema\\\/person\\\/496d8ad2d1d3f8036101dca7ee39e585\",\"name\":\"Redacci\u00f3n QP\",\"image\":{\"@type\":\"ImageObject\",\"inLanguage\":\"es\",\"@id\":\"https:\\\/\\\/secure.gravatar.com\\\/avatar\\\/c7164ed6fdec453195284ad24a5ae5b6e1eed2b848477fa2a4787ba9adf39a41?s=96&d=mm&r=g\",\"url\":\"https:\\\/\\\/secure.gravatar.com\\\/avatar\\\/c7164ed6fdec453195284ad24a5ae5b6e1eed2b848477fa2a4787ba9adf39a41?s=96&d=mm&r=g\",\"contentUrl\":\"https:\\\/\\\/secure.gravatar.com\\\/avatar\\\/c7164ed6fdec453195284ad24a5ae5b6e1eed2b848477fa2a4787ba9adf39a41?s=96&d=mm&r=g\",\"caption\":\"Redacci\u00f3n QP\"},\"url\":\"https:\\\/\\\/quehacerpolitico.mx\\\/?author=2\"}]}<\/script>\n<!-- \/ Yoast SEO plugin. -->","yoast_head_json":{"title":"Max Verstappen reconoci\u00f3 que para \u00e9l\u00a0lo m\u00e1s importante, m\u00e1s all\u00e1 de los r\u00e9cords que est\u00e1 imponiendo, es\u00a0\u201cvencer a tu compa\u00f1ero\u201d -","robots":{"index":"index","follow":"follow","max-snippet":"max-snippet:-1","max-image-preview":"max-image-preview:large","max-video-preview":"max-video-preview:-1"},"canonical":"https:\/\/quehacerpolitico.mx\/?p=105422","og_locale":"es_MX","og_type":"article","og_title":"Max Verstappen reconoci\u00f3 que para \u00e9l\u00a0lo m\u00e1s importante, m\u00e1s all\u00e1 de los r\u00e9cords que est\u00e1 imponiendo, es\u00a0\u201cvencer a tu compa\u00f1ero\u201d -","og_description":"Por Redacci\u00f3n QP Max Verstappen, quien en el&nbsp;Gran Premio de Qatar&nbsp;de este fin de semana...","og_url":"https:\/\/quehacerpolitico.mx\/?p=105422","article_published_time":"2023-10-05T17:22:12+00:00","article_modified_time":"2023-10-05T17:23:35+00:00","og_image":[{"width":739,"height":415,"url":"https:\/\/quehacerpolitico.mx\/wp-content\/uploads\/2023\/10\/IMG_1145.jpeg","type":"image\/jpeg"}],"author":"Redacci\u00f3n QP","twitter_card":"summary_large_image","twitter_misc":{"Escrito por":"Redacci\u00f3n QP","Tiempo de lectura":"3 minutos"},"schema":{"@context":"https:\/\/schema.org","@graph":[{"@type":"Article","@id":"https:\/\/quehacerpolitico.mx\/?p=105422#article","isPartOf":{"@id":"https:\/\/quehacerpolitico.mx\/?p=105422"},"author":{"name":"Redacci\u00f3n QP","@id":"https:\/\/quehacerpolitico.mx\/#\/schema\/person\/496d8ad2d1d3f8036101dca7ee39e585"},"headline":"Max Verstappen reconoci\u00f3 que para \u00e9l\u00a0lo m\u00e1s importante, m\u00e1s all\u00e1 de los r\u00e9cords que est\u00e1 imponiendo, es\u00a0\u201cvencer a tu compa\u00f1ero\u201d","datePublished":"2023-10-05T17:22:12+00:00","dateModified":"2023-10-05T17:23:35+00:00","mainEntityOfPage":{"@id":"https:\/\/quehacerpolitico.mx\/?p=105422"},"wordCount":574,"commentCount":0,"image":{"@id":"https:\/\/quehacerpolitico.mx\/?p=105422#primaryimage"},"thumbnailUrl":"https:\/\/quehacerpolitico.mx\/wp-content\/uploads\/2023\/10\/IMG_1145.jpeg","articleSection":["Deportes"],"inLanguage":"es","potentialAction":[{"@type":"CommentAction","name":"Comment","target":["https:\/\/quehacerpolitico.mx\/?p=105422#respond"]}]},{"@type":"WebPage","@id":"https:\/\/quehacerpolitico.mx\/?p=105422","url":"https:\/\/quehacerpolitico.mx\/?p=105422","name":"Max Verstappen reconoci\u00f3 que para \u00e9l\u00a0lo m\u00e1s importante, m\u00e1s all\u00e1 de los r\u00e9cords que est\u00e1 imponiendo, es\u00a0\u201cvencer a tu compa\u00f1ero\u201d -","isPartOf":{"@id":"https:\/\/quehacerpolitico.mx\/#website"},"primaryImageOfPage":{"@id":"https:\/\/quehacerpolitico.mx\/?p=105422#primaryimage"},"image":{"@id":"https:\/\/quehacerpolitico.mx\/?p=105422#primaryimage"},"thumbnailUrl":"https:\/\/quehacerpolitico.mx\/wp-content\/uploads\/2023\/10\/IMG_1145.jpeg","datePublished":"2023-10-05T17:22:12+00:00","dateModified":"2023-10-05T17:23:35+00:00","author":{"@id":"https:\/\/quehacerpolitico.mx\/#\/schema\/person\/496d8ad2d1d3f8036101dca7ee39e585"},"breadcrumb":{"@id":"https:\/\/quehacerpolitico.mx\/?p=105422#breadcrumb"},"inLanguage":"es","potentialAction":[{"@type":"ReadAction","target":["https:\/\/quehacerpolitico.mx\/?p=105422"]}]},{"@type":"ImageObject","inLanguage":"es","@id":"https:\/\/quehacerpolitico.mx\/?p=105422#primaryimage","url":"https:\/\/quehacerpolitico.mx\/wp-content\/uploads\/2023\/10\/IMG_1145.jpeg","contentUrl":"https:\/\/quehacerpolitico.mx\/wp-content\/uploads\/2023\/10\/IMG_1145.jpeg","width":739,"height":415},{"@type":"BreadcrumbList","@id":"https:\/\/quehacerpolitico.mx\/?p=105422#breadcrumb","itemListElement":[{"@type":"ListItem","position":1,"name":"Inicio","item":"https:\/\/quehacerpolitico.mx\/"},{"@type":"ListItem","position":2,"name":"Max Verstappen reconoci\u00f3 que para \u00e9l\u00a0lo m\u00e1s importante, m\u00e1s all\u00e1 de los r\u00e9cords que est\u00e1 imponiendo, es\u00a0\u201cvencer a tu compa\u00f1ero\u201d"}]},{"@type":"WebSite","@id":"https:\/\/quehacerpolitico.mx\/#website","url":"https:\/\/quehacerpolitico.mx\/","name":"","description":"","potentialAction":[{"@type":"SearchAction","target":{"@type":"EntryPoint","urlTemplate":"https:\/\/quehacerpolitico.mx\/?s={search_term_string}"},"query-input":{"@type":"PropertyValueSpecification","valueRequired":true,"valueName":"search_term_string"}}],"inLanguage":"es"},{"@type":"Person","@id":"https:\/\/quehacerpolitico.mx\/#\/schema\/person\/496d8ad2d1d3f8036101dca7ee39e585","name":"Redacci\u00f3n QP","image":{"@type":"ImageObject","inLanguage":"es","@id":"https:\/\/secure.gravatar.com\/avatar\/c7164ed6fdec453195284ad24a5ae5b6e1eed2b848477fa2a4787ba9adf39a41?s=96&d=mm&r=g","url":"https:\/\/secure.gravatar.com\/avatar\/c7164ed6fdec453195284ad24a5ae5b6e1eed2b848477fa2a4787ba9adf39a41?s=96&d=mm&r=g","contentUrl":"https:\/\/secure.gravatar.com\/avatar\/c7164ed6fdec453195284ad24a5ae5b6e1eed2b848477fa2a4787ba9adf39a41?s=96&d=mm&r=g","caption":"Redacci\u00f3n QP"},"url":"https:\/\/quehacerpolitico.mx\/?author=2"}]}},"featured_image_urls":{"full":["https:\/\/quehacerpolitico.mx\/wp-content\/uploads\/2023\/10\/IMG_1145.jpeg",739,415,false],"thumbnail":["https:\/\/quehacerpolitico.mx\/wp-content\/uploads\/2023\/10\/IMG_1145-150x150.jpeg",150,150,true],"medium":["https:\/\/quehacerpolitico.mx\/wp-content\/uploads\/2023\/10\/IMG_1145-300x168.jpeg",300,168,true],"medium_large":["https:\/\/quehacerpolitico.mx\/wp-content\/uploads\/2023\/10\/IMG_1145.jpeg",640,359,false],"large":["https:\/\/quehacerpolitico.mx\/wp-content\/uploads\/2023\/10\/IMG_1145.jpeg",640,359,false],"1536x1536":["https:\/\/quehacerpolitico.mx\/wp-content\/uploads\/2023\/10\/IMG_1145.jpeg",739,415,false],"2048x2048":["https:\/\/quehacerpolitico.mx\/wp-content\/uploads\/2023\/10\/IMG_1145.jpeg",739,415,false],"covernews-featured":["https:\/\/quehacerpolitico.mx\/wp-content\/uploads\/2023\/10\/IMG_1145.jpeg",739,415,false],"covernews-medium":["https:\/\/quehacerpolitico.mx\/wp-content\/uploads\/2023\/10\/IMG_1145.jpeg",540,303,false]},"author_info":{"display_name":"Redacci\u00f3n QP","author_link":"https:\/\/quehacerpolitico.mx\/?author=2"},"category_info":"<a href=\"https:\/\/quehacerpolitico.mx\/?cat=54\" rel=\"category\">Deportes<\/a>","tag_info":"Deportes","comment_count":"0","_links":{"self":[{"href":"https:\/\/quehacerpolitico.mx\/index.php?rest_route=\/wp\/v2\/posts\/105422","targetHints":{"allow":["GET"]}}],"collection":[{"href":"https:\/\/quehacerpolitico.mx\/index.php?rest_route=\/wp\/v2\/posts"}],"about":[{"href":"https:\/\/quehacerpolitico.mx\/index.php?rest_route=\/wp\/v2\/types\/post"}],"author":[{"embeddable":true,"href":"https:\/\/quehacerpolitico.mx\/index.php?rest_route=\/wp\/v2\/users\/2"}],"replies":[{"embeddable":true,"href":"https:\/\/quehacerpolitico.mx\/index.php?rest_route=%2Fwp%2Fv2%2Fcomments&post=105422"}],"version-history":[{"count":2,"href":"https:\/\/quehacerpolitico.mx\/index.php?rest_route=\/wp\/v2\/posts\/105422\/revisions"}],"predecessor-version":[{"id":105425,"href":"https:\/\/quehacerpolitico.mx\/index.php?rest_route=\/wp\/v2\/posts\/105422\/revisions\/105425"}],"wp:featuredmedia":[{"embeddable":true,"href":"https:\/\/quehacerpolitico.mx\/index.php?rest_route=\/wp\/v2\/media\/105424"}],"wp:attachment":[{"href":"https:\/\/quehacerpolitico.mx\/index.php?rest_route=%2Fwp%2Fv2%2Fmedia&parent=105422"}],"wp:term":[{"taxonomy":"category","embeddable":true,"href":"https:\/\/quehacerpolitico.mx\/index.php?rest_route=%2Fwp%2Fv2%2Fcategories&post=105422"},{"taxonomy":"post_tag","embeddable":true,"href":"https:\/\/quehacerpolitico.mx\/index.php?rest_route=%2Fwp%2Fv2%2Ftags&post=105422"}],"curies":[{"name":"wp","href":"https:\/\/api.w.org\/{rel}","templated":true}]}}