{"id":105416,"date":"2023-10-05T16:33:24","date_gmt":"2023-10-05T16:33:24","guid":{"rendered":"https:\/\/quehacerpolitico.mx\/?p=105416"},"modified":"2023-10-05T16:33:30","modified_gmt":"2023-10-05T16:33:30","slug":"lopez-obrador-desafia-al-ine-pone-su-posdata-en-todas-sus-redes","status":"publish","type":"post","link":"https:\/\/quehacerpolitico.mx\/?p=105416","title":{"rendered":"L\u00f3pez Obrador desaf\u00eda al INE pone su posdata en todas sus redes"},"content":{"rendered":"\n<p>Por Redacci\u00f3n QP<\/p>\n\n\n\n<p>El presidente de M\u00e9xico,&nbsp;<strong>Andr\u00e9s Manuel L\u00f3pez Obrador<\/strong>, ampli\u00f3 la&nbsp;<strong>posdata<\/strong>&nbsp;contra sus cr\u00edticos previo a las&nbsp;<strong>conferencias<\/strong>&nbsp;<strong>matutinas<\/strong>&nbsp;y la coloc\u00f3, le\u00edda con su propia voz, en todos los canales oficiales de&nbsp;<strong>Youtube<\/strong>&nbsp;de su&nbsp;<strong>gobierno<\/strong>, en una clara provocaci\u00f3n a la&nbsp;<strong>orden<\/strong>&nbsp;del Instituto Nacional Electoral (INE) de&nbsp;<strong>eliminarla<\/strong>.&nbsp;<\/p>\n\n\n\n<p>L\u00f3pez Obrador comienza su nueva\u00a0<strong>posdat<\/strong>a hablando de quien considera el mejor presidente de M\u00e9xico, Benito Ju\u00e1rez, e insiste en que el \u201c<strong>di\u00e1logo<\/strong>\u00a0<strong>circular<\/strong>\u201d que es la conferencia matutina es para \u201c<strong>atrevidos<\/strong>\u201c, no para\u00a0<strong>conservadores<\/strong>.<\/p>\n\n\n\n<p>Desde ayer, el presidente arremeti\u00f3 contra el&nbsp;<strong>INE<\/strong>&nbsp;por la orden de eliminar su posdata en la que llama \u201cconservadores\u201d a los cr\u00edticos de su gobierno, y acus\u00f3 al organismo de cometer una \u201cviolaci\u00f3n flagrante a la libertad de expresi\u00f3n\u201d.<\/p>\n\n\n\n<p>El mandatario dividi\u00f3 los anuncios al inicio de la&nbsp;<strong>conferencia<\/strong>, poniendo primero el ordenado por el INE que le impide hacer&nbsp;<strong>comentarios<\/strong>&nbsp;de corte pol\u00edtico y electoral, pero posteriormente mantuvo su&nbsp;<strong>posdata<\/strong>&nbsp;contra sus \u201c<strong>cr\u00edticos<\/strong>&nbsp;y&nbsp;<strong>conservadores<\/strong>\u201c.<\/p>\n\n\n\n<p>\u201cY s\u00ed estamos en contra de la&nbsp;<strong>corrupci\u00f3n<\/strong>, en contra del&nbsp;<strong>clasismo<\/strong>&nbsp;y del racismo, pero ahora el&nbsp;<strong>INE<\/strong>&nbsp;ya no quiere de estos temas, entonces vamos a ver c\u00f3mo le hacemos. Se le va a hacer caso, \u00bfeh? Para que no nos acusen que estamos incumpliendo con la ley\u201d, asegur\u00f3.<\/p>\n\n\n\n<p>Por su parte, el PRD present\u00f3 ante un recurso ante la&nbsp;<strong>Comisi\u00f3n de Quejas y Denuncias<\/strong>&nbsp;del INE para solicitar que suspenda las conferencias matutinas del presidente por no acatar la orden de retirar la posdata.&nbsp;<\/p>\n\n\n\n<p>El pasado 3 de octubre, la Comisi\u00f3n de Quejas y Denuncias del\u00a0<strong>INE<\/strong>\u00a0orden\u00f3 el retiro de la\u00a0<strong>posdata<\/strong>\u00a0que incluy\u00f3\u00a0<strong>L\u00f3pez Obrador<\/strong>\u00a0en la cortinilla de\u00a0<strong>advertencia<\/strong>\u00a0al inicio de sus\u00a0<strong>conferencias matutinas.<\/strong><\/p>\n\n\n\n<p>La presidenta de la Comisi\u00f3n,&nbsp;<strong>Claudia Zavala<\/strong>, dijo que el hecho de que el mandatario haya decidido colocar una<strong>&nbsp;adici\u00f3n al texto<\/strong>&nbsp;que se le orden\u00f3, debe ser sujeto de an\u00e1lisis por parte del Tribunal Electoral, a fin de que determine si se trata de un incumplimiento o reto a la&nbsp;<strong>autoridad constitucional<\/strong>.<\/p>\n\n\n\n<p>Plante\u00f3 que la decisi\u00f3n de&nbsp;<strong>L\u00f3pez Obrador<\/strong>&nbsp;fue un \u201cexceso de cumplimiento\u201d a la orden que le dio la&nbsp;<strong>Comisi\u00f3n<\/strong>&nbsp;la semana pasada, ya que \u00fanicamente se le pidi\u00f3 incluir una&nbsp;<strong>leyenda de imparcialidad<\/strong>&nbsp;<strong>electoral<\/strong>&nbsp;al inicio de las conferencias matutinas<a href=\"https:\/\/www.gob.mx\/presidencia\/articulos\/version-estenografica-conferencia-de-prensa-del-presidente-andres-manuel-lopez-obrador-del-4-de-octubre-de-2023?idiom=es\">.<\/a><\/p>\n","protected":false},"excerpt":{"rendered":"<p>Por Redacci\u00f3n QP El presidente de M\u00e9xico,&nbsp;Andr\u00e9s Manuel L\u00f3pez Obrador, ampli\u00f3 la&nbsp;posdata&nbsp;contra sus cr\u00edticos previo&#8230;<\/p>\n","protected":false},"author":2,"featured_media":105417,"comment_status":"open","ping_status":"open","sticky":false,"template":"","format":"standard","meta":{"_monsterinsights_skip_tracking":false,"_monsterinsights_sitenote_active":false,"_monsterinsights_sitenote_note":"","_monsterinsights_sitenote_category":0,"footnotes":""},"categories":[2],"tags":[],"class_list":["post-105416","post","type-post","status-publish","format-standard","has-post-thumbnail","hentry","category-noticias"],"yoast_head":"<!-- This site is optimized with the Yoast SEO plugin v27.3 - https:\/\/yoast.com\/product\/yoast-seo-wordpress\/ -->\n<title>L\u00f3pez Obrador desaf\u00eda al INE pone su posdata en todas sus redes -<\/title>\n<meta name=\"robots\" content=\"index, follow, max-snippet:-1, max-image-preview:large, max-video-preview:-1\" \/>\n<link rel=\"canonical\" href=\"https:\/\/quehacerpolitico.mx\/?p=105416\" \/>\n<meta property=\"og:locale\" content=\"es_MX\" \/>\n<meta property=\"og:type\" content=\"article\" \/>\n<meta property=\"og:title\" content=\"L\u00f3pez Obrador desaf\u00eda al INE pone su posdata en todas sus redes -\" \/>\n<meta property=\"og:description\" content=\"Por Redacci\u00f3n QP El presidente de M\u00e9xico,&nbsp;Andr\u00e9s Manuel L\u00f3pez Obrador, ampli\u00f3 la&nbsp;posdata&nbsp;contra sus cr\u00edticos previo...\" \/>\n<meta property=\"og:url\" content=\"https:\/\/quehacerpolitico.mx\/?p=105416\" \/>\n<meta property=\"article:published_time\" content=\"2023-10-05T16:33:24+00:00\" \/>\n<meta property=\"article:modified_time\" content=\"2023-10-05T16:33:30+00:00\" \/>\n<meta property=\"og:image\" content=\"https:\/\/quehacerpolitico.mx\/wp-content\/uploads\/2023\/10\/IMG_1143.jpeg\" \/>\n\t<meta property=\"og:image:width\" content=\"998\" \/>\n\t<meta property=\"og:image:height\" content=\"560\" \/>\n\t<meta property=\"og:image:type\" content=\"image\/jpeg\" \/>\n<meta name=\"author\" content=\"Redacci\u00f3n QP\" \/>\n<meta name=\"twitter:card\" content=\"summary_large_image\" \/>\n<meta name=\"twitter:label1\" content=\"Escrito por\" \/>\n\t<meta name=\"twitter:data1\" content=\"Redacci\u00f3n QP\" \/>\n\t<meta name=\"twitter:label2\" content=\"Tiempo de lectura\" \/>\n\t<meta name=\"twitter:data2\" content=\"2 minutos\" \/>\n<script type=\"application\/ld+json\" class=\"yoast-schema-graph\">{\"@context\":\"https:\\\/\\\/schema.org\",\"@graph\":[{\"@type\":\"Article\",\"@id\":\"https:\\\/\\\/quehacerpolitico.mx\\\/?p=105416#article\",\"isPartOf\":{\"@id\":\"https:\\\/\\\/quehacerpolitico.mx\\\/?p=105416\"},\"author\":{\"name\":\"Redacci\u00f3n QP\",\"@id\":\"https:\\\/\\\/quehacerpolitico.mx\\\/#\\\/schema\\\/person\\\/496d8ad2d1d3f8036101dca7ee39e585\"},\"headline\":\"L\u00f3pez Obrador desaf\u00eda al INE pone su posdata en todas sus redes\",\"datePublished\":\"2023-10-05T16:33:24+00:00\",\"dateModified\":\"2023-10-05T16:33:30+00:00\",\"mainEntityOfPage\":{\"@id\":\"https:\\\/\\\/quehacerpolitico.mx\\\/?p=105416\"},\"wordCount\":462,\"commentCount\":0,\"image\":{\"@id\":\"https:\\\/\\\/quehacerpolitico.mx\\\/?p=105416#primaryimage\"},\"thumbnailUrl\":\"https:\\\/\\\/quehacerpolitico.mx\\\/wp-content\\\/uploads\\\/2023\\\/10\\\/IMG_1143.jpeg\",\"articleSection\":[\"Noticias\"],\"inLanguage\":\"es\",\"potentialAction\":[{\"@type\":\"CommentAction\",\"name\":\"Comment\",\"target\":[\"https:\\\/\\\/quehacerpolitico.mx\\\/?p=105416#respond\"]}]},{\"@type\":\"WebPage\",\"@id\":\"https:\\\/\\\/quehacerpolitico.mx\\\/?p=105416\",\"url\":\"https:\\\/\\\/quehacerpolitico.mx\\\/?p=105416\",\"name\":\"L\u00f3pez Obrador desaf\u00eda al INE pone su posdata en todas sus redes -\",\"isPartOf\":{\"@id\":\"https:\\\/\\\/quehacerpolitico.mx\\\/#website\"},\"primaryImageOfPage\":{\"@id\":\"https:\\\/\\\/quehacerpolitico.mx\\\/?p=105416#primaryimage\"},\"image\":{\"@id\":\"https:\\\/\\\/quehacerpolitico.mx\\\/?p=105416#primaryimage\"},\"thumbnailUrl\":\"https:\\\/\\\/quehacerpolitico.mx\\\/wp-content\\\/uploads\\\/2023\\\/10\\\/IMG_1143.jpeg\",\"datePublished\":\"2023-10-05T16:33:24+00:00\",\"dateModified\":\"2023-10-05T16:33:30+00:00\",\"author\":{\"@id\":\"https:\\\/\\\/quehacerpolitico.mx\\\/#\\\/schema\\\/person\\\/496d8ad2d1d3f8036101dca7ee39e585\"},\"breadcrumb\":{\"@id\":\"https:\\\/\\\/quehacerpolitico.mx\\\/?p=105416#breadcrumb\"},\"inLanguage\":\"es\",\"potentialAction\":[{\"@type\":\"ReadAction\",\"target\":[\"https:\\\/\\\/quehacerpolitico.mx\\\/?p=105416\"]}]},{\"@type\":\"ImageObject\",\"inLanguage\":\"es\",\"@id\":\"https:\\\/\\\/quehacerpolitico.mx\\\/?p=105416#primaryimage\",\"url\":\"https:\\\/\\\/quehacerpolitico.mx\\\/wp-content\\\/uploads\\\/2023\\\/10\\\/IMG_1143.jpeg\",\"contentUrl\":\"https:\\\/\\\/quehacerpolitico.mx\\\/wp-content\\\/uploads\\\/2023\\\/10\\\/IMG_1143.jpeg\",\"width\":998,\"height\":560},{\"@type\":\"BreadcrumbList\",\"@id\":\"https:\\\/\\\/quehacerpolitico.mx\\\/?p=105416#breadcrumb\",\"itemListElement\":[{\"@type\":\"ListItem\",\"position\":1,\"name\":\"Inicio\",\"item\":\"https:\\\/\\\/quehacerpolitico.mx\\\/\"},{\"@type\":\"ListItem\",\"position\":2,\"name\":\"L\u00f3pez Obrador desaf\u00eda al INE pone su posdata en todas sus redes\"}]},{\"@type\":\"WebSite\",\"@id\":\"https:\\\/\\\/quehacerpolitico.mx\\\/#website\",\"url\":\"https:\\\/\\\/quehacerpolitico.mx\\\/\",\"name\":\"\",\"description\":\"\",\"potentialAction\":[{\"@type\":\"SearchAction\",\"target\":{\"@type\":\"EntryPoint\",\"urlTemplate\":\"https:\\\/\\\/quehacerpolitico.mx\\\/?s={search_term_string}\"},\"query-input\":{\"@type\":\"PropertyValueSpecification\",\"valueRequired\":true,\"valueName\":\"search_term_string\"}}],\"inLanguage\":\"es\"},{\"@type\":\"Person\",\"@id\":\"https:\\\/\\\/quehacerpolitico.mx\\\/#\\\/schema\\\/person\\\/496d8ad2d1d3f8036101dca7ee39e585\",\"name\":\"Redacci\u00f3n QP\",\"image\":{\"@type\":\"ImageObject\",\"inLanguage\":\"es\",\"@id\":\"https:\\\/\\\/secure.gravatar.com\\\/avatar\\\/c7164ed6fdec453195284ad24a5ae5b6e1eed2b848477fa2a4787ba9adf39a41?s=96&d=mm&r=g\",\"url\":\"https:\\\/\\\/secure.gravatar.com\\\/avatar\\\/c7164ed6fdec453195284ad24a5ae5b6e1eed2b848477fa2a4787ba9adf39a41?s=96&d=mm&r=g\",\"contentUrl\":\"https:\\\/\\\/secure.gravatar.com\\\/avatar\\\/c7164ed6fdec453195284ad24a5ae5b6e1eed2b848477fa2a4787ba9adf39a41?s=96&d=mm&r=g\",\"caption\":\"Redacci\u00f3n QP\"},\"url\":\"https:\\\/\\\/quehacerpolitico.mx\\\/?author=2\"}]}<\/script>\n<!-- \/ Yoast SEO plugin. -->","yoast_head_json":{"title":"L\u00f3pez Obrador desaf\u00eda al INE pone su posdata en todas sus redes -","robots":{"index":"index","follow":"follow","max-snippet":"max-snippet:-1","max-image-preview":"max-image-preview:large","max-video-preview":"max-video-preview:-1"},"canonical":"https:\/\/quehacerpolitico.mx\/?p=105416","og_locale":"es_MX","og_type":"article","og_title":"L\u00f3pez Obrador desaf\u00eda al INE pone su posdata en todas sus redes -","og_description":"Por Redacci\u00f3n QP El presidente de M\u00e9xico,&nbsp;Andr\u00e9s Manuel L\u00f3pez Obrador, ampli\u00f3 la&nbsp;posdata&nbsp;contra sus cr\u00edticos previo...","og_url":"https:\/\/quehacerpolitico.mx\/?p=105416","article_published_time":"2023-10-05T16:33:24+00:00","article_modified_time":"2023-10-05T16:33:30+00:00","og_image":[{"width":998,"height":560,"url":"https:\/\/quehacerpolitico.mx\/wp-content\/uploads\/2023\/10\/IMG_1143.jpeg","type":"image\/jpeg"}],"author":"Redacci\u00f3n QP","twitter_card":"summary_large_image","twitter_misc":{"Escrito por":"Redacci\u00f3n QP","Tiempo de lectura":"2 minutos"},"schema":{"@context":"https:\/\/schema.org","@graph":[{"@type":"Article","@id":"https:\/\/quehacerpolitico.mx\/?p=105416#article","isPartOf":{"@id":"https:\/\/quehacerpolitico.mx\/?p=105416"},"author":{"name":"Redacci\u00f3n QP","@id":"https:\/\/quehacerpolitico.mx\/#\/schema\/person\/496d8ad2d1d3f8036101dca7ee39e585"},"headline":"L\u00f3pez Obrador desaf\u00eda al INE pone su posdata en todas sus redes","datePublished":"2023-10-05T16:33:24+00:00","dateModified":"2023-10-05T16:33:30+00:00","mainEntityOfPage":{"@id":"https:\/\/quehacerpolitico.mx\/?p=105416"},"wordCount":462,"commentCount":0,"image":{"@id":"https:\/\/quehacerpolitico.mx\/?p=105416#primaryimage"},"thumbnailUrl":"https:\/\/quehacerpolitico.mx\/wp-content\/uploads\/2023\/10\/IMG_1143.jpeg","articleSection":["Noticias"],"inLanguage":"es","potentialAction":[{"@type":"CommentAction","name":"Comment","target":["https:\/\/quehacerpolitico.mx\/?p=105416#respond"]}]},{"@type":"WebPage","@id":"https:\/\/quehacerpolitico.mx\/?p=105416","url":"https:\/\/quehacerpolitico.mx\/?p=105416","name":"L\u00f3pez Obrador desaf\u00eda al INE pone su posdata en todas sus redes -","isPartOf":{"@id":"https:\/\/quehacerpolitico.mx\/#website"},"primaryImageOfPage":{"@id":"https:\/\/quehacerpolitico.mx\/?p=105416#primaryimage"},"image":{"@id":"https:\/\/quehacerpolitico.mx\/?p=105416#primaryimage"},"thumbnailUrl":"https:\/\/quehacerpolitico.mx\/wp-content\/uploads\/2023\/10\/IMG_1143.jpeg","datePublished":"2023-10-05T16:33:24+00:00","dateModified":"2023-10-05T16:33:30+00:00","author":{"@id":"https:\/\/quehacerpolitico.mx\/#\/schema\/person\/496d8ad2d1d3f8036101dca7ee39e585"},"breadcrumb":{"@id":"https:\/\/quehacerpolitico.mx\/?p=105416#breadcrumb"},"inLanguage":"es","potentialAction":[{"@type":"ReadAction","target":["https:\/\/quehacerpolitico.mx\/?p=105416"]}]},{"@type":"ImageObject","inLanguage":"es","@id":"https:\/\/quehacerpolitico.mx\/?p=105416#primaryimage","url":"https:\/\/quehacerpolitico.mx\/wp-content\/uploads\/2023\/10\/IMG_1143.jpeg","contentUrl":"https:\/\/quehacerpolitico.mx\/wp-content\/uploads\/2023\/10\/IMG_1143.jpeg","width":998,"height":560},{"@type":"BreadcrumbList","@id":"https:\/\/quehacerpolitico.mx\/?p=105416#breadcrumb","itemListElement":[{"@type":"ListItem","position":1,"name":"Inicio","item":"https:\/\/quehacerpolitico.mx\/"},{"@type":"ListItem","position":2,"name":"L\u00f3pez Obrador desaf\u00eda al INE pone su posdata en todas sus redes"}]},{"@type":"WebSite","@id":"https:\/\/quehacerpolitico.mx\/#website","url":"https:\/\/quehacerpolitico.mx\/","name":"","description":"","potentialAction":[{"@type":"SearchAction","target":{"@type":"EntryPoint","urlTemplate":"https:\/\/quehacerpolitico.mx\/?s={search_term_string}"},"query-input":{"@type":"PropertyValueSpecification","valueRequired":true,"valueName":"search_term_string"}}],"inLanguage":"es"},{"@type":"Person","@id":"https:\/\/quehacerpolitico.mx\/#\/schema\/person\/496d8ad2d1d3f8036101dca7ee39e585","name":"Redacci\u00f3n QP","image":{"@type":"ImageObject","inLanguage":"es","@id":"https:\/\/secure.gravatar.com\/avatar\/c7164ed6fdec453195284ad24a5ae5b6e1eed2b848477fa2a4787ba9adf39a41?s=96&d=mm&r=g","url":"https:\/\/secure.gravatar.com\/avatar\/c7164ed6fdec453195284ad24a5ae5b6e1eed2b848477fa2a4787ba9adf39a41?s=96&d=mm&r=g","contentUrl":"https:\/\/secure.gravatar.com\/avatar\/c7164ed6fdec453195284ad24a5ae5b6e1eed2b848477fa2a4787ba9adf39a41?s=96&d=mm&r=g","caption":"Redacci\u00f3n QP"},"url":"https:\/\/quehacerpolitico.mx\/?author=2"}]}},"featured_image_urls":{"full":["https:\/\/quehacerpolitico.mx\/wp-content\/uploads\/2023\/10\/IMG_1143.jpeg",998,560,false],"thumbnail":["https:\/\/quehacerpolitico.mx\/wp-content\/uploads\/2023\/10\/IMG_1143-150x150.jpeg",150,150,true],"medium":["https:\/\/quehacerpolitico.mx\/wp-content\/uploads\/2023\/10\/IMG_1143-300x168.jpeg",300,168,true],"medium_large":["https:\/\/quehacerpolitico.mx\/wp-content\/uploads\/2023\/10\/IMG_1143-768x431.jpeg",640,359,true],"large":["https:\/\/quehacerpolitico.mx\/wp-content\/uploads\/2023\/10\/IMG_1143.jpeg",640,359,false],"1536x1536":["https:\/\/quehacerpolitico.mx\/wp-content\/uploads\/2023\/10\/IMG_1143.jpeg",998,560,false],"2048x2048":["https:\/\/quehacerpolitico.mx\/wp-content\/uploads\/2023\/10\/IMG_1143.jpeg",998,560,false],"covernews-featured":["https:\/\/quehacerpolitico.mx\/wp-content\/uploads\/2023\/10\/IMG_1143.jpeg",998,560,false],"covernews-medium":["https:\/\/quehacerpolitico.mx\/wp-content\/uploads\/2023\/10\/IMG_1143.jpeg",540,303,false]},"author_info":{"display_name":"Redacci\u00f3n QP","author_link":"https:\/\/quehacerpolitico.mx\/?author=2"},"category_info":"<a href=\"https:\/\/quehacerpolitico.mx\/?cat=2\" rel=\"category\">Noticias<\/a>","tag_info":"Noticias","comment_count":"0","_links":{"self":[{"href":"https:\/\/quehacerpolitico.mx\/index.php?rest_route=\/wp\/v2\/posts\/105416","targetHints":{"allow":["GET"]}}],"collection":[{"href":"https:\/\/quehacerpolitico.mx\/index.php?rest_route=\/wp\/v2\/posts"}],"about":[{"href":"https:\/\/quehacerpolitico.mx\/index.php?rest_route=\/wp\/v2\/types\/post"}],"author":[{"embeddable":true,"href":"https:\/\/quehacerpolitico.mx\/index.php?rest_route=\/wp\/v2\/users\/2"}],"replies":[{"embeddable":true,"href":"https:\/\/quehacerpolitico.mx\/index.php?rest_route=%2Fwp%2Fv2%2Fcomments&post=105416"}],"version-history":[{"count":1,"href":"https:\/\/quehacerpolitico.mx\/index.php?rest_route=\/wp\/v2\/posts\/105416\/revisions"}],"predecessor-version":[{"id":105418,"href":"https:\/\/quehacerpolitico.mx\/index.php?rest_route=\/wp\/v2\/posts\/105416\/revisions\/105418"}],"wp:featuredmedia":[{"embeddable":true,"href":"https:\/\/quehacerpolitico.mx\/index.php?rest_route=\/wp\/v2\/media\/105417"}],"wp:attachment":[{"href":"https:\/\/quehacerpolitico.mx\/index.php?rest_route=%2Fwp%2Fv2%2Fmedia&parent=105416"}],"wp:term":[{"taxonomy":"category","embeddable":true,"href":"https:\/\/quehacerpolitico.mx\/index.php?rest_route=%2Fwp%2Fv2%2Fcategories&post=105416"},{"taxonomy":"post_tag","embeddable":true,"href":"https:\/\/quehacerpolitico.mx\/index.php?rest_route=%2Fwp%2Fv2%2Ftags&post=105416"}],"curies":[{"name":"wp","href":"https:\/\/api.w.org\/{rel}","templated":true}]}}