{"id":105376,"date":"2023-10-04T17:38:34","date_gmt":"2023-10-04T17:38:34","guid":{"rendered":"https:\/\/quehacerpolitico.mx\/?p=105376"},"modified":"2023-10-04T17:38:38","modified_gmt":"2023-10-04T17:38:38","slug":"ahora-el-ine-se-convierten-en-censores-es-como-el-tribunal-de-la-santa-inquisicion-ellos-nos-van-a-decir-que-podemos-decir-y-que-no-amlo","status":"publish","type":"post","link":"https:\/\/quehacerpolitico.mx\/?p=105376","title":{"rendered":"\u201cAhora el INE se convierten en censores, es como el Tribunal de la Santa Inquisici\u00f3n, ellos nos van a decir qu\u00e9 podemos decir y qu\u00e9 no: AMLO"},"content":{"rendered":"\n<p>Por Redacci\u00f3n QP<\/p>\n\n\n\n<p>El presidente de M\u00e9xico,&nbsp;<strong>Andr\u00e9s Manuel L\u00f3pez Obrador<\/strong>, reprob\u00f3 la orden del Instituto Nacional Electoral (INE) de quitar la posdata contra sus&nbsp;<strong>cr\u00edticos<\/strong>&nbsp;al inicio de las conferencias matutinas y tach\u00f3 nuevamente al instituto de&nbsp;<strong>reaccionario<\/strong>.&nbsp;<\/p>\n\n\n\n<p>El presidente dividi\u00f3 los anuncios al inicio de la\u00a0<strong>conferencia<\/strong>, poniendo primero el ordenado por el INE que le impide hacer\u00a0<strong>comentarios<\/strong>\u00a0de corte pol\u00edtico y electoral, pero posteriormente mantuvo su\u00a0<strong>posdata<\/strong>\u00a0contra sus \u201c<strong>cr\u00edticos<\/strong>\u00a0y\u00a0<strong>conservadores<\/strong>\u201c.<\/p>\n\n\n\n<figure class=\"wp-block-embed is-type-video is-provider-youtube wp-block-embed-youtube wp-embed-aspect-16-9 wp-has-aspect-ratio\"><div class=\"wp-block-embed__wrapper\">\n<iframe loading=\"lazy\" title=\"AMLO reta orden del INE y mantiene posdata a cortinilla previa a su ma\u00f1anera\" width=\"640\" height=\"360\" src=\"https:\/\/www.youtube.com\/embed\/mI6YWrEzNoU?feature=oembed\" frameborder=\"0\" allow=\"accelerometer; autoplay; clipboard-write; encrypted-media; gyroscope; picture-in-picture; web-share\" referrerpolicy=\"strict-origin-when-cross-origin\" allowfullscreen><\/iframe>\n<\/div><\/figure>\n\n\n\n<p>\u201cAhora se convierten en censores, es como el Tribunal de la Santa Inquisici\u00f3n, ellos nos van a decir qu\u00e9 podemos decir y qu\u00e9 no. Es muy interesante la resoluci\u00f3n, no la podr\u00edas poner o lo que hoy nos dio a conocer la secretaria de\u00a0<strong>Gobernaci\u00f3n<\/strong>, la\u00a0<strong>justificaci\u00f3n<\/strong>, el\u00a0<strong>resumen<\/strong>\u201c, pidi\u00f3 L\u00f3pez Obrador a Jes\u00fas Ram\u00edrez.<\/p>\n\n\n\n<p>-\u201cLa&nbsp;<strong>posdata<\/strong>&nbsp;la va a seguir poniendo\u201d, le pregunt\u00f3 un reportero.<\/p>\n\n\n\n<p>-\u201cPues s\u00ed, no s\u00e9 si eso tambi\u00e9n lo quieran&nbsp;<strong>quitar<\/strong>\u201c, dijo AMLO.<\/p>\n\n\n\n<p>-\u201cLo que piden quitar es la&nbsp;<strong>posdata<\/strong>\u201c, le contestan al presidente.&nbsp;<\/p>\n\n\n\n<p>-\u201c\u00bfAh, s\u00ed? Pues yo lo expreso aqu\u00ed, va incluido: nada m\u00e1s que si son reaccionarios y clasistas y racistas y est\u00e1n en favor de la corrupci\u00f3n, que no se enojen viendo este programa, participando en este di\u00e1logo circular (\u2026) Pero miren lo que dice\u201d, coment\u00f3.<\/p>\n\n\n\n<p>El mandatario procedi\u00f3 a leer la resoluci\u00f3n del&nbsp;<strong>INE<\/strong>&nbsp;sobre el tema<a href=\"http:\/\/lopezobrador_\/\">.<\/a><\/p>\n\n\n\n<figure class=\"wp-block-image is-resized\"><img loading=\"lazy\" decoding=\"async\" src=\"https:\/\/cdn.latinus.us\/wp-content\/uploads\/2023\/10\/04093806\/Captura-de-Pantalla-2023-10-04-a-las-8.37.50-1024x565.png\" alt=\"\" class=\"wp-image-769077\" style=\"width:412px;height:227px\" width=\"412\" height=\"227\"\/><\/figure>\n\n\n\n<p>Tras dar lectura, en tono burl\u00f3n, el mandatario dijo que al&nbsp;<strong>INE<\/strong>&nbsp;casi \u201cni se le nota\u201d que es \u201c<strong>filopanista<\/strong>\u201c.<\/p>\n\n\n\n<p>\u201cS\u00ed, s\u00ed, pues est\u00e1 muy bien todo lo que est\u00e1 pasando, por si se clarifica, sobre todo la imparcialidad entre comillas de los del INE, no se les nota, \u00bfno? Que son&nbsp;<strong>filopanistas<\/strong>, casi no vea?\u201d, dijo.&nbsp;<\/p>\n\n\n\n<p>\u201cSon independientes, verdaderos jueces, no tienen ninguna inclinaci\u00f3n ideol\u00f3gica\u201d, continu\u00f3 en tono sarc\u00e1stico.<\/p>\n\n\n\n<p>Ayer, la Comisi\u00f3n de Quejas y Denuncias del Instituto Nacional Electoral (<strong>INE<\/strong>) orden\u00f3 el retiro de la\u00a0<strong>posdata<\/strong>\u00a0que incluy\u00f3 el<strong>\u00a0presidente\u00a0<\/strong>en la cortinilla de\u00a0<strong>advertencia<\/strong>\u00a0al inicio de sus\u00a0<strong>conferencias matutinas.<\/strong><\/p>\n\n\n\n<p>La presidenta de la Comisi\u00f3n,&nbsp;<strong>Claudia Zavala<\/strong>, dijo que el hecho de que el primer mandatario haya decidido colocar una<strong>&nbsp;adici\u00f3n al texto<\/strong>&nbsp;que se le orden\u00f3, debe ser sujeto de an\u00e1lisis por parte del Tribunal Electoral, a fin de que determine si se trata de un incumplimiento o reto a la&nbsp;<strong>autoridad constitucional<\/strong>.<\/p>\n\n\n\n<p>Plante\u00f3 que la decisi\u00f3n de&nbsp;<strong>L\u00f3pez Obrador<\/strong>&nbsp;fue un \u201cexceso de cumplimiento\u201d a la orden que le dio la&nbsp;<strong>Comisi\u00f3n<\/strong>&nbsp;la semana pasada, ya que \u00fanicamente se le pidi\u00f3 incluir una&nbsp;<strong>leyenda de imparcialidad<\/strong>&nbsp;<strong>electoral<\/strong>&nbsp;al inicio de las conferencias matutinas.<\/p>\n","protected":false},"excerpt":{"rendered":"<p>Por Redacci\u00f3n QP El presidente de M\u00e9xico,&nbsp;Andr\u00e9s Manuel L\u00f3pez Obrador, reprob\u00f3 la orden del Instituto&#8230;<\/p>\n","protected":false},"author":2,"featured_media":105378,"comment_status":"open","ping_status":"open","sticky":false,"template":"","format":"standard","meta":{"_monsterinsights_skip_tracking":false,"_monsterinsights_sitenote_active":false,"_monsterinsights_sitenote_note":"","_monsterinsights_sitenote_category":0,"footnotes":""},"categories":[2],"tags":[],"class_list":["post-105376","post","type-post","status-publish","format-standard","has-post-thumbnail","hentry","category-noticias"],"yoast_head":"<!-- This site is optimized with the Yoast SEO plugin v27.3 - https:\/\/yoast.com\/product\/yoast-seo-wordpress\/ -->\n<title>\u201cAhora el INE se convierten en censores, es como el Tribunal de la Santa Inquisici\u00f3n, ellos nos van a decir qu\u00e9 podemos decir y qu\u00e9 no: AMLO -<\/title>\n<meta name=\"robots\" content=\"index, follow, max-snippet:-1, max-image-preview:large, max-video-preview:-1\" \/>\n<link rel=\"canonical\" href=\"https:\/\/quehacerpolitico.mx\/?p=105376\" \/>\n<meta property=\"og:locale\" content=\"es_MX\" \/>\n<meta property=\"og:type\" content=\"article\" \/>\n<meta property=\"og:title\" content=\"\u201cAhora el INE se convierten en censores, es como el Tribunal de la Santa Inquisici\u00f3n, ellos nos van a decir qu\u00e9 podemos decir y qu\u00e9 no: AMLO -\" \/>\n<meta property=\"og:description\" content=\"Por Redacci\u00f3n QP El presidente de M\u00e9xico,&nbsp;Andr\u00e9s Manuel L\u00f3pez Obrador, reprob\u00f3 la orden del Instituto...\" \/>\n<meta property=\"og:url\" content=\"https:\/\/quehacerpolitico.mx\/?p=105376\" \/>\n<meta property=\"article:published_time\" content=\"2023-10-04T17:38:34+00:00\" \/>\n<meta property=\"article:modified_time\" content=\"2023-10-04T17:38:38+00:00\" \/>\n<meta property=\"og:image\" content=\"https:\/\/quehacerpolitico.mx\/wp-content\/uploads\/2023\/10\/photo-output-1.png\" \/>\n\t<meta property=\"og:image:width\" content=\"2048\" \/>\n\t<meta property=\"og:image:height\" content=\"1124\" \/>\n\t<meta property=\"og:image:type\" content=\"image\/png\" \/>\n<meta name=\"author\" content=\"Redacci\u00f3n QP\" \/>\n<meta name=\"twitter:card\" content=\"summary_large_image\" \/>\n<meta name=\"twitter:label1\" content=\"Escrito por\" \/>\n\t<meta name=\"twitter:data1\" content=\"Redacci\u00f3n QP\" \/>\n\t<meta name=\"twitter:label2\" content=\"Tiempo de lectura\" \/>\n\t<meta name=\"twitter:data2\" content=\"2 minutos\" \/>\n<script type=\"application\/ld+json\" class=\"yoast-schema-graph\">{\"@context\":\"https:\\\/\\\/schema.org\",\"@graph\":[{\"@type\":\"Article\",\"@id\":\"https:\\\/\\\/quehacerpolitico.mx\\\/?p=105376#article\",\"isPartOf\":{\"@id\":\"https:\\\/\\\/quehacerpolitico.mx\\\/?p=105376\"},\"author\":{\"name\":\"Redacci\u00f3n QP\",\"@id\":\"https:\\\/\\\/quehacerpolitico.mx\\\/#\\\/schema\\\/person\\\/496d8ad2d1d3f8036101dca7ee39e585\"},\"headline\":\"\u201cAhora el INE se convierten en censores, es como el Tribunal de la Santa Inquisici\u00f3n, ellos nos van a decir qu\u00e9 podemos decir y qu\u00e9 no: AMLO\",\"datePublished\":\"2023-10-04T17:38:34+00:00\",\"dateModified\":\"2023-10-04T17:38:38+00:00\",\"mainEntityOfPage\":{\"@id\":\"https:\\\/\\\/quehacerpolitico.mx\\\/?p=105376\"},\"wordCount\":521,\"commentCount\":0,\"image\":{\"@id\":\"https:\\\/\\\/quehacerpolitico.mx\\\/?p=105376#primaryimage\"},\"thumbnailUrl\":\"https:\\\/\\\/quehacerpolitico.mx\\\/wp-content\\\/uploads\\\/2023\\\/10\\\/photo-output-1.png\",\"articleSection\":[\"Noticias\"],\"inLanguage\":\"es\",\"potentialAction\":[{\"@type\":\"CommentAction\",\"name\":\"Comment\",\"target\":[\"https:\\\/\\\/quehacerpolitico.mx\\\/?p=105376#respond\"]}]},{\"@type\":\"WebPage\",\"@id\":\"https:\\\/\\\/quehacerpolitico.mx\\\/?p=105376\",\"url\":\"https:\\\/\\\/quehacerpolitico.mx\\\/?p=105376\",\"name\":\"\u201cAhora el INE se convierten en censores, es como el Tribunal de la Santa Inquisici\u00f3n, ellos nos van a decir qu\u00e9 podemos decir y qu\u00e9 no: AMLO -\",\"isPartOf\":{\"@id\":\"https:\\\/\\\/quehacerpolitico.mx\\\/#website\"},\"primaryImageOfPage\":{\"@id\":\"https:\\\/\\\/quehacerpolitico.mx\\\/?p=105376#primaryimage\"},\"image\":{\"@id\":\"https:\\\/\\\/quehacerpolitico.mx\\\/?p=105376#primaryimage\"},\"thumbnailUrl\":\"https:\\\/\\\/quehacerpolitico.mx\\\/wp-content\\\/uploads\\\/2023\\\/10\\\/photo-output-1.png\",\"datePublished\":\"2023-10-04T17:38:34+00:00\",\"dateModified\":\"2023-10-04T17:38:38+00:00\",\"author\":{\"@id\":\"https:\\\/\\\/quehacerpolitico.mx\\\/#\\\/schema\\\/person\\\/496d8ad2d1d3f8036101dca7ee39e585\"},\"breadcrumb\":{\"@id\":\"https:\\\/\\\/quehacerpolitico.mx\\\/?p=105376#breadcrumb\"},\"inLanguage\":\"es\",\"potentialAction\":[{\"@type\":\"ReadAction\",\"target\":[\"https:\\\/\\\/quehacerpolitico.mx\\\/?p=105376\"]}]},{\"@type\":\"ImageObject\",\"inLanguage\":\"es\",\"@id\":\"https:\\\/\\\/quehacerpolitico.mx\\\/?p=105376#primaryimage\",\"url\":\"https:\\\/\\\/quehacerpolitico.mx\\\/wp-content\\\/uploads\\\/2023\\\/10\\\/photo-output-1.png\",\"contentUrl\":\"https:\\\/\\\/quehacerpolitico.mx\\\/wp-content\\\/uploads\\\/2023\\\/10\\\/photo-output-1.png\",\"width\":2048,\"height\":1124},{\"@type\":\"BreadcrumbList\",\"@id\":\"https:\\\/\\\/quehacerpolitico.mx\\\/?p=105376#breadcrumb\",\"itemListElement\":[{\"@type\":\"ListItem\",\"position\":1,\"name\":\"Inicio\",\"item\":\"https:\\\/\\\/quehacerpolitico.mx\\\/\"},{\"@type\":\"ListItem\",\"position\":2,\"name\":\"\u201cAhora el INE se convierten en censores, es como el Tribunal de la Santa Inquisici\u00f3n, ellos nos van a decir qu\u00e9 podemos decir y qu\u00e9 no: AMLO\"}]},{\"@type\":\"WebSite\",\"@id\":\"https:\\\/\\\/quehacerpolitico.mx\\\/#website\",\"url\":\"https:\\\/\\\/quehacerpolitico.mx\\\/\",\"name\":\"\",\"description\":\"\",\"potentialAction\":[{\"@type\":\"SearchAction\",\"target\":{\"@type\":\"EntryPoint\",\"urlTemplate\":\"https:\\\/\\\/quehacerpolitico.mx\\\/?s={search_term_string}\"},\"query-input\":{\"@type\":\"PropertyValueSpecification\",\"valueRequired\":true,\"valueName\":\"search_term_string\"}}],\"inLanguage\":\"es\"},{\"@type\":\"Person\",\"@id\":\"https:\\\/\\\/quehacerpolitico.mx\\\/#\\\/schema\\\/person\\\/496d8ad2d1d3f8036101dca7ee39e585\",\"name\":\"Redacci\u00f3n QP\",\"image\":{\"@type\":\"ImageObject\",\"inLanguage\":\"es\",\"@id\":\"https:\\\/\\\/secure.gravatar.com\\\/avatar\\\/c7164ed6fdec453195284ad24a5ae5b6e1eed2b848477fa2a4787ba9adf39a41?s=96&d=mm&r=g\",\"url\":\"https:\\\/\\\/secure.gravatar.com\\\/avatar\\\/c7164ed6fdec453195284ad24a5ae5b6e1eed2b848477fa2a4787ba9adf39a41?s=96&d=mm&r=g\",\"contentUrl\":\"https:\\\/\\\/secure.gravatar.com\\\/avatar\\\/c7164ed6fdec453195284ad24a5ae5b6e1eed2b848477fa2a4787ba9adf39a41?s=96&d=mm&r=g\",\"caption\":\"Redacci\u00f3n QP\"},\"url\":\"https:\\\/\\\/quehacerpolitico.mx\\\/?author=2\"}]}<\/script>\n<!-- \/ Yoast SEO plugin. -->","yoast_head_json":{"title":"\u201cAhora el INE se convierten en censores, es como el Tribunal de la Santa Inquisici\u00f3n, ellos nos van a decir qu\u00e9 podemos decir y qu\u00e9 no: AMLO -","robots":{"index":"index","follow":"follow","max-snippet":"max-snippet:-1","max-image-preview":"max-image-preview:large","max-video-preview":"max-video-preview:-1"},"canonical":"https:\/\/quehacerpolitico.mx\/?p=105376","og_locale":"es_MX","og_type":"article","og_title":"\u201cAhora el INE se convierten en censores, es como el Tribunal de la Santa Inquisici\u00f3n, ellos nos van a decir qu\u00e9 podemos decir y qu\u00e9 no: AMLO -","og_description":"Por Redacci\u00f3n QP El presidente de M\u00e9xico,&nbsp;Andr\u00e9s Manuel L\u00f3pez Obrador, reprob\u00f3 la orden del Instituto...","og_url":"https:\/\/quehacerpolitico.mx\/?p=105376","article_published_time":"2023-10-04T17:38:34+00:00","article_modified_time":"2023-10-04T17:38:38+00:00","og_image":[{"width":2048,"height":1124,"url":"https:\/\/quehacerpolitico.mx\/wp-content\/uploads\/2023\/10\/photo-output-1.png","type":"image\/png"}],"author":"Redacci\u00f3n QP","twitter_card":"summary_large_image","twitter_misc":{"Escrito por":"Redacci\u00f3n QP","Tiempo de lectura":"2 minutos"},"schema":{"@context":"https:\/\/schema.org","@graph":[{"@type":"Article","@id":"https:\/\/quehacerpolitico.mx\/?p=105376#article","isPartOf":{"@id":"https:\/\/quehacerpolitico.mx\/?p=105376"},"author":{"name":"Redacci\u00f3n QP","@id":"https:\/\/quehacerpolitico.mx\/#\/schema\/person\/496d8ad2d1d3f8036101dca7ee39e585"},"headline":"\u201cAhora el INE se convierten en censores, es como el Tribunal de la Santa Inquisici\u00f3n, ellos nos van a decir qu\u00e9 podemos decir y qu\u00e9 no: AMLO","datePublished":"2023-10-04T17:38:34+00:00","dateModified":"2023-10-04T17:38:38+00:00","mainEntityOfPage":{"@id":"https:\/\/quehacerpolitico.mx\/?p=105376"},"wordCount":521,"commentCount":0,"image":{"@id":"https:\/\/quehacerpolitico.mx\/?p=105376#primaryimage"},"thumbnailUrl":"https:\/\/quehacerpolitico.mx\/wp-content\/uploads\/2023\/10\/photo-output-1.png","articleSection":["Noticias"],"inLanguage":"es","potentialAction":[{"@type":"CommentAction","name":"Comment","target":["https:\/\/quehacerpolitico.mx\/?p=105376#respond"]}]},{"@type":"WebPage","@id":"https:\/\/quehacerpolitico.mx\/?p=105376","url":"https:\/\/quehacerpolitico.mx\/?p=105376","name":"\u201cAhora el INE se convierten en censores, es como el Tribunal de la Santa Inquisici\u00f3n, ellos nos van a decir qu\u00e9 podemos decir y qu\u00e9 no: AMLO -","isPartOf":{"@id":"https:\/\/quehacerpolitico.mx\/#website"},"primaryImageOfPage":{"@id":"https:\/\/quehacerpolitico.mx\/?p=105376#primaryimage"},"image":{"@id":"https:\/\/quehacerpolitico.mx\/?p=105376#primaryimage"},"thumbnailUrl":"https:\/\/quehacerpolitico.mx\/wp-content\/uploads\/2023\/10\/photo-output-1.png","datePublished":"2023-10-04T17:38:34+00:00","dateModified":"2023-10-04T17:38:38+00:00","author":{"@id":"https:\/\/quehacerpolitico.mx\/#\/schema\/person\/496d8ad2d1d3f8036101dca7ee39e585"},"breadcrumb":{"@id":"https:\/\/quehacerpolitico.mx\/?p=105376#breadcrumb"},"inLanguage":"es","potentialAction":[{"@type":"ReadAction","target":["https:\/\/quehacerpolitico.mx\/?p=105376"]}]},{"@type":"ImageObject","inLanguage":"es","@id":"https:\/\/quehacerpolitico.mx\/?p=105376#primaryimage","url":"https:\/\/quehacerpolitico.mx\/wp-content\/uploads\/2023\/10\/photo-output-1.png","contentUrl":"https:\/\/quehacerpolitico.mx\/wp-content\/uploads\/2023\/10\/photo-output-1.png","width":2048,"height":1124},{"@type":"BreadcrumbList","@id":"https:\/\/quehacerpolitico.mx\/?p=105376#breadcrumb","itemListElement":[{"@type":"ListItem","position":1,"name":"Inicio","item":"https:\/\/quehacerpolitico.mx\/"},{"@type":"ListItem","position":2,"name":"\u201cAhora el INE se convierten en censores, es como el Tribunal de la Santa Inquisici\u00f3n, ellos nos van a decir qu\u00e9 podemos decir y qu\u00e9 no: AMLO"}]},{"@type":"WebSite","@id":"https:\/\/quehacerpolitico.mx\/#website","url":"https:\/\/quehacerpolitico.mx\/","name":"","description":"","potentialAction":[{"@type":"SearchAction","target":{"@type":"EntryPoint","urlTemplate":"https:\/\/quehacerpolitico.mx\/?s={search_term_string}"},"query-input":{"@type":"PropertyValueSpecification","valueRequired":true,"valueName":"search_term_string"}}],"inLanguage":"es"},{"@type":"Person","@id":"https:\/\/quehacerpolitico.mx\/#\/schema\/person\/496d8ad2d1d3f8036101dca7ee39e585","name":"Redacci\u00f3n QP","image":{"@type":"ImageObject","inLanguage":"es","@id":"https:\/\/secure.gravatar.com\/avatar\/c7164ed6fdec453195284ad24a5ae5b6e1eed2b848477fa2a4787ba9adf39a41?s=96&d=mm&r=g","url":"https:\/\/secure.gravatar.com\/avatar\/c7164ed6fdec453195284ad24a5ae5b6e1eed2b848477fa2a4787ba9adf39a41?s=96&d=mm&r=g","contentUrl":"https:\/\/secure.gravatar.com\/avatar\/c7164ed6fdec453195284ad24a5ae5b6e1eed2b848477fa2a4787ba9adf39a41?s=96&d=mm&r=g","caption":"Redacci\u00f3n QP"},"url":"https:\/\/quehacerpolitico.mx\/?author=2"}]}},"featured_image_urls":{"full":["https:\/\/quehacerpolitico.mx\/wp-content\/uploads\/2023\/10\/photo-output-1.png",2048,1124,false],"thumbnail":["https:\/\/quehacerpolitico.mx\/wp-content\/uploads\/2023\/10\/photo-output-1-150x150.png",150,150,true],"medium":["https:\/\/quehacerpolitico.mx\/wp-content\/uploads\/2023\/10\/photo-output-1-300x165.png",300,165,true],"medium_large":["https:\/\/quehacerpolitico.mx\/wp-content\/uploads\/2023\/10\/photo-output-1-768x422.png",640,352,true],"large":["https:\/\/quehacerpolitico.mx\/wp-content\/uploads\/2023\/10\/photo-output-1-1024x562.png",640,351,true],"1536x1536":["https:\/\/quehacerpolitico.mx\/wp-content\/uploads\/2023\/10\/photo-output-1-1536x843.png",1536,843,true],"2048x2048":["https:\/\/quehacerpolitico.mx\/wp-content\/uploads\/2023\/10\/photo-output-1.png",2048,1124,false],"covernews-featured":["https:\/\/quehacerpolitico.mx\/wp-content\/uploads\/2023\/10\/photo-output-1.png",1024,562,false],"covernews-medium":["https:\/\/quehacerpolitico.mx\/wp-content\/uploads\/2023\/10\/photo-output-1.png",540,296,false]},"author_info":{"display_name":"Redacci\u00f3n QP","author_link":"https:\/\/quehacerpolitico.mx\/?author=2"},"category_info":"<a href=\"https:\/\/quehacerpolitico.mx\/?cat=2\" rel=\"category\">Noticias<\/a>","tag_info":"Noticias","comment_count":"0","_links":{"self":[{"href":"https:\/\/quehacerpolitico.mx\/index.php?rest_route=\/wp\/v2\/posts\/105376","targetHints":{"allow":["GET"]}}],"collection":[{"href":"https:\/\/quehacerpolitico.mx\/index.php?rest_route=\/wp\/v2\/posts"}],"about":[{"href":"https:\/\/quehacerpolitico.mx\/index.php?rest_route=\/wp\/v2\/types\/post"}],"author":[{"embeddable":true,"href":"https:\/\/quehacerpolitico.mx\/index.php?rest_route=\/wp\/v2\/users\/2"}],"replies":[{"embeddable":true,"href":"https:\/\/quehacerpolitico.mx\/index.php?rest_route=%2Fwp%2Fv2%2Fcomments&post=105376"}],"version-history":[{"count":1,"href":"https:\/\/quehacerpolitico.mx\/index.php?rest_route=\/wp\/v2\/posts\/105376\/revisions"}],"predecessor-version":[{"id":105379,"href":"https:\/\/quehacerpolitico.mx\/index.php?rest_route=\/wp\/v2\/posts\/105376\/revisions\/105379"}],"wp:featuredmedia":[{"embeddable":true,"href":"https:\/\/quehacerpolitico.mx\/index.php?rest_route=\/wp\/v2\/media\/105378"}],"wp:attachment":[{"href":"https:\/\/quehacerpolitico.mx\/index.php?rest_route=%2Fwp%2Fv2%2Fmedia&parent=105376"}],"wp:term":[{"taxonomy":"category","embeddable":true,"href":"https:\/\/quehacerpolitico.mx\/index.php?rest_route=%2Fwp%2Fv2%2Fcategories&post=105376"},{"taxonomy":"post_tag","embeddable":true,"href":"https:\/\/quehacerpolitico.mx\/index.php?rest_route=%2Fwp%2Fv2%2Ftags&post=105376"}],"curies":[{"name":"wp","href":"https:\/\/api.w.org\/{rel}","templated":true}]}}