{"id":105372,"date":"2023-10-04T15:52:18","date_gmt":"2023-10-04T15:52:18","guid":{"rendered":"https:\/\/quehacerpolitico.mx\/?p=105372"},"modified":"2023-10-04T15:52:24","modified_gmt":"2023-10-04T15:52:24","slug":"internacionales-carolina-alonso-romei-bawendi-brus-y-ekimov-obtienen-el-nobel-de-quimica-por-el-descubrimiento-de-los-puntos-cuanticos-y-su-aplicacion-en-medicina-y-electronica","status":"publish","type":"post","link":"https:\/\/quehacerpolitico.mx\/?p=105372","title":{"rendered":"Internacionales\/\/\/Carolina Alonso Romei\/\/\/Bawendi, Brus y Ekimov obtienen el Nobel de Qu\u00edmica por el descubrimiento de los puntos cu\u00e1nticos y su aplicaci\u00f3n en medicina y electr\u00f3nica"},"content":{"rendered":"\n<p>Por Carolina Alonso Romei<\/p>\n\n\n\n<p>Internacionalista <\/p>\n\n\n\n<p>Tres&nbsp;<strong>cient\u00edficos<\/strong>&nbsp;ganaron este mi\u00e9rcoles el&nbsp;<strong>Nobel de Qu\u00edmica<\/strong>&nbsp;por su trabajo y desarrollo de los&nbsp;<strong>puntos<\/strong>&nbsp;<strong>cu\u00e1nticos<\/strong>.&nbsp;<\/p>\n\n\n\n<p><strong>Moungi Bawendi<\/strong>, del MIT;\u00a0<strong>Louis Brus<\/strong>, de la Universidad de Columbia, y\u00a0<strong>Alexei Ekimov<\/strong>, de Nanocrystals Technology Inc, fueron reconocidos por sus estudios con\u00a0<strong>part\u00edculas<\/strong> diminutas que \u201ctienen propiedades \u00fanicas y ahora arrojan su luz desde las pantallas de televisi\u00f3n y bombillas\u00a0<strong>LED<\/strong>\u201c, seg\u00fan la Real Academia Sueca de las Ciencias.<\/p>\n\n\n\n<p>\u201cCatalizan&nbsp;<strong>reacciones<\/strong>&nbsp;<strong>qu\u00edmicas<\/strong>&nbsp;y su clara luz puede iluminar tejido tumoral para un&nbsp;<strong>cirujano<\/strong>\u201d, a\u00f1adi\u00f3 la academia al anunciar el premio en&nbsp;<strong>Estocolmo<\/strong>.<\/p>\n\n\n\n<p>Los electrones de los&nbsp;<strong>puntos<\/strong>&nbsp;<strong>cu\u00e1nticos<\/strong>&nbsp;tienen un movimiento limitado, lo que afecta a c\u00f3mo absorben y muestran la luz visible y permite obtener colores muy brillantes.<\/p>\n\n\n\n<p>En un&nbsp;<strong>incidente<\/strong>&nbsp;<strong>inusual<\/strong>, los medios suecos reportaron los nombres de los ganadores antes del anuncio oficial.<\/p>\n\n\n\n<p>\u201cUna nota de prensa se envi\u00f3 por motivos a\u00fan\u00a0<strong>desconocidos<\/strong>. Hemos estado muy activos esta ma\u00f1ana para determinar qu\u00e9 ocurri\u00f3 exactamente\u201d, dijo\u00a0<strong>Hans Ellegren<\/strong>, secretario general de la academia, en la conferencia de prensa donde se anunci\u00f3 el premio.<\/p>\n\n\n\n<figure class=\"wp-block-embed is-type-video is-provider-youtube wp-block-embed-youtube wp-embed-aspect-16-9 wp-has-aspect-ratio\"><div class=\"wp-block-embed__wrapper\">\n<iframe loading=\"lazy\" title=\"Nobel de qu\u00edmica | Tres laureados por el descubrimiento y la s\u00edntesis de puntos cu\u00e1nticos\" width=\"640\" height=\"360\" src=\"https:\/\/www.youtube.com\/embed\/Gxl19qzz2yA?feature=oembed\" frameborder=\"0\" allow=\"accelerometer; autoplay; clipboard-write; encrypted-media; gyroscope; picture-in-picture; web-share\" referrerpolicy=\"strict-origin-when-cross-origin\" allowfullscreen><\/iframe>\n<\/div><\/figure>\n\n\n\n<p>\u201cEsto es muy desafortunado, lamentamos lo ocurrido\u201d.<\/p>\n\n\n\n<p>La\u00a0<strong>Real Academia Sueca<\/strong>\u00a0<strong>de las Ciencias<\/strong>, que concede los premios de F\u00edsica, Qu\u00edmica y Econom\u00eda, pide candidaturas con un a\u00f1o de antelaci\u00f3n a miles de\u00a0<strong>profesores<\/strong> universitarios\u00a0y otros acad\u00e9micos de todo el mundo.<\/p>\n\n\n\n<p>Un comit\u00e9 elegido para cada premio estudia a los&nbsp;<strong>candidatos<\/strong>&nbsp;en una serie de reuniones durante el a\u00f1o. Al final del proceso, el comit\u00e9 presenta una o m\u00e1s&nbsp;<strong>propuestas<\/strong>&nbsp;al pleno de la academia para una votaci\u00f3n. Las&nbsp;<strong>deliberaciones<\/strong>, incluidos los nombres de los candidatos no premiados, se mantienen en secreto durante 50 a\u00f1os.<\/p>\n\n\n\n<p>Ekimov, de 78 a\u00f1os, y Brus, de 80, son pioneros de esa&nbsp;<strong>tecnolog\u00eda<\/strong>, mientras que a Bawendi, de 62, se le reconoce haber revolucionado la producci\u00f3n de&nbsp;<strong>puntos cu\u00e1nticos<\/strong>&nbsp;para obtener \u201cpart\u00edculas casi perfectas\u201d.&nbsp;<\/p>\n\n\n\n<p>\u201cEsa gran calidad era necesaria para utilizarlas en aplicaciones\u201d, indic\u00f3 la academia.<\/p>\n\n\n\n<p>Bawendi mecion\u00f3 en la conferencia de prensa que se sent\u00eda \u201cmuy sorprendido, adormilado, conmocionado, desconcertado y muy reconocido\u201d.<\/p>\n\n\n\n<figure class=\"wp-block-image size-full\"><img loading=\"lazy\" decoding=\"async\" width=\"554\" height=\"554\" src=\"https:\/\/quehacerpolitico.mx\/wp-content\/uploads\/2023\/10\/image-7.jpeg\" alt=\"\" class=\"wp-image-105373\" srcset=\"https:\/\/quehacerpolitico.mx\/wp-content\/uploads\/2023\/10\/image-7.jpeg 554w, https:\/\/quehacerpolitico.mx\/wp-content\/uploads\/2023\/10\/image-7-300x300.jpeg 300w, https:\/\/quehacerpolitico.mx\/wp-content\/uploads\/2023\/10\/image-7-150x150.jpeg 150w, https:\/\/quehacerpolitico.mx\/wp-content\/uploads\/2023\/10\/image-7-146x146.jpeg 146w, https:\/\/quehacerpolitico.mx\/wp-content\/uploads\/2023\/10\/image-7-50x50.jpeg 50w, https:\/\/quehacerpolitico.mx\/wp-content\/uploads\/2023\/10\/image-7-75x75.jpeg 75w, https:\/\/quehacerpolitico.mx\/wp-content\/uploads\/2023\/10\/image-7-85x85.jpeg 85w, https:\/\/quehacerpolitico.mx\/wp-content\/uploads\/2023\/10\/image-7-80x80.jpeg 80w\" sizes=\"auto, (max-width: 554px) 100vw, 554px\" \/><\/figure>\n\n\n\n<p>\u201cLa comunidad se dio cuenta de las&nbsp;<strong>implicaciones<\/strong>&nbsp;a mediados de la d\u00e9cada de 1990, de que podr\u00eda haber algunas aplicaciones en el&nbsp;<strong>mundo real<\/strong>\u201d, a\u00f1adi\u00f3.<\/p>\n\n\n\n<p>Cuando se le pregunt\u00f3 por la filtraci\u00f3n de la noticia, dijo que no se hab\u00eda enterado del&nbsp;<strong>premio<\/strong>&nbsp;hasta la llamada de la&nbsp;<strong>academia<\/strong>.<\/p>\n\n\n\n<p>El Nobel de F\u00edsica de este a\u00f1o fue otorgado este martes a la francosueca<strong>&nbsp;Anne L\u2019Huillier<\/strong>, el cient\u00edfico franc\u00e9s&nbsp;<strong>Pierre Agostine&nbsp;<\/strong>y&nbsp;<strong>Ferenc Krausz<\/strong>, nacido en Hungr\u00eda, por lograr el primer vistazo en diminutas fracciones de segundo sobre el&nbsp;<strong>mundo<\/strong>&nbsp;<strong>ultrarr\u00e1pido<\/strong>&nbsp;de los electrones.<\/p>\n\n\n\n<p>Esas partes diminutas de cada&nbsp;<strong>\u00e1tomo<\/strong>&nbsp;giran en torno a su&nbsp;<strong>n\u00facleo<\/strong>&nbsp;y son fundamentales pr\u00e1cticamente para todo: la qu\u00edmica, la f\u00edsica, para los aparatos y nuestros cuerpos.<\/p>\n\n\n\n<p>La hungaroestadounidense<strong>\u00a0Katalin Karik\u00f3<\/strong>\u00a0y el estadounidense\u00a0<strong>Drew Weissman<\/strong>\u00a0ganaron el lunes el\u00a0<strong>Nobel de Medicina\u00a0<\/strong>por descubrimientos que permitieron el desarrollo de vacunas de\u00a0<strong>ARN mensajero<\/strong>\u00a0contra el Covid-19.<\/p>\n\n\n\n<p>El Premio Nobel de Qu\u00edmica marca la mitad de la temporada de los galardones. A\u00fan quedan por anunciar los premios de Literatura, de Paz y Econom\u00eda, en un proceso que concluye el 9 de octubre.<\/p>\n\n\n\n<p>El dinero del premio se elev\u00f3 este a\u00f1o en un 10%, a\u00a0<strong>11 millones<\/strong>\u00a0de coronas suecas (en torno a un mill\u00f3n de d\u00f3lares). Adem\u00e1s del dinero, los ganadores reciben una medalla de oro de\u00a0<strong>18 quilates<\/strong>\u00a0y un diploma en las ceremonias de entrega en diciembre<\/p>\n\n\n\n<p>Con Informaci\u00f3n de AP<\/p>\n","protected":false},"excerpt":{"rendered":"<p>Por Carolina Alonso Romei Internacionalista Tres&nbsp;cient\u00edficos&nbsp;ganaron este mi\u00e9rcoles el&nbsp;Nobel de Qu\u00edmica&nbsp;por su trabajo y desarrollo&#8230;<\/p>\n","protected":false},"author":2,"featured_media":105374,"comment_status":"open","ping_status":"open","sticky":false,"template":"","format":"standard","meta":{"_monsterinsights_skip_tracking":false,"_monsterinsights_sitenote_active":false,"_monsterinsights_sitenote_note":"","_monsterinsights_sitenote_category":0,"footnotes":""},"categories":[1],"tags":[],"class_list":["post-105372","post","type-post","status-publish","format-standard","has-post-thumbnail","hentry","category-sin-categoria"],"yoast_head":"<!-- This site is optimized with the Yoast SEO plugin v27.3 - https:\/\/yoast.com\/product\/yoast-seo-wordpress\/ -->\n<title>Internacionales\/\/\/Carolina Alonso Romei\/\/\/Bawendi, Brus y Ekimov obtienen el Nobel de Qu\u00edmica por el descubrimiento de los puntos cu\u00e1nticos y su aplicaci\u00f3n en medicina y electr\u00f3nica -<\/title>\n<meta name=\"robots\" content=\"index, follow, max-snippet:-1, max-image-preview:large, max-video-preview:-1\" \/>\n<link rel=\"canonical\" href=\"https:\/\/quehacerpolitico.mx\/?p=105372\" \/>\n<meta property=\"og:locale\" content=\"es_MX\" \/>\n<meta property=\"og:type\" content=\"article\" \/>\n<meta property=\"og:title\" content=\"Internacionales\/\/\/Carolina Alonso Romei\/\/\/Bawendi, Brus y Ekimov obtienen el Nobel de Qu\u00edmica por el descubrimiento de los puntos cu\u00e1nticos y su aplicaci\u00f3n en medicina y electr\u00f3nica -\" \/>\n<meta property=\"og:description\" content=\"Por Carolina Alonso Romei Internacionalista Tres&nbsp;cient\u00edficos&nbsp;ganaron este mi\u00e9rcoles el&nbsp;Nobel de Qu\u00edmica&nbsp;por su trabajo y desarrollo...\" \/>\n<meta property=\"og:url\" content=\"https:\/\/quehacerpolitico.mx\/?p=105372\" \/>\n<meta property=\"article:published_time\" content=\"2023-10-04T15:52:18+00:00\" \/>\n<meta property=\"article:modified_time\" content=\"2023-10-04T15:52:24+00:00\" \/>\n<meta property=\"og:image\" content=\"https:\/\/quehacerpolitico.mx\/wp-content\/uploads\/2023\/10\/IMG_1110.webp\" \/>\n\t<meta property=\"og:image:width\" content=\"1706\" \/>\n\t<meta property=\"og:image:height\" content=\"960\" \/>\n\t<meta property=\"og:image:type\" content=\"image\/webp\" \/>\n<meta name=\"author\" content=\"Redacci\u00f3n QP\" \/>\n<meta name=\"twitter:card\" content=\"summary_large_image\" \/>\n<meta name=\"twitter:label1\" content=\"Escrito por\" \/>\n\t<meta name=\"twitter:data1\" content=\"Redacci\u00f3n QP\" \/>\n\t<meta name=\"twitter:label2\" content=\"Tiempo de lectura\" \/>\n\t<meta name=\"twitter:data2\" content=\"3 minutos\" \/>\n<script type=\"application\/ld+json\" class=\"yoast-schema-graph\">{\"@context\":\"https:\\\/\\\/schema.org\",\"@graph\":[{\"@type\":\"Article\",\"@id\":\"https:\\\/\\\/quehacerpolitico.mx\\\/?p=105372#article\",\"isPartOf\":{\"@id\":\"https:\\\/\\\/quehacerpolitico.mx\\\/?p=105372\"},\"author\":{\"name\":\"Redacci\u00f3n QP\",\"@id\":\"https:\\\/\\\/quehacerpolitico.mx\\\/#\\\/schema\\\/person\\\/496d8ad2d1d3f8036101dca7ee39e585\"},\"headline\":\"Internacionales\\\/\\\/\\\/Carolina Alonso Romei\\\/\\\/\\\/Bawendi, Brus y Ekimov obtienen el Nobel de Qu\u00edmica por el descubrimiento de los puntos cu\u00e1nticos y su aplicaci\u00f3n en medicina y electr\u00f3nica\",\"datePublished\":\"2023-10-04T15:52:18+00:00\",\"dateModified\":\"2023-10-04T15:52:24+00:00\",\"mainEntityOfPage\":{\"@id\":\"https:\\\/\\\/quehacerpolitico.mx\\\/?p=105372\"},\"wordCount\":705,\"commentCount\":0,\"image\":{\"@id\":\"https:\\\/\\\/quehacerpolitico.mx\\\/?p=105372#primaryimage\"},\"thumbnailUrl\":\"https:\\\/\\\/quehacerpolitico.mx\\\/wp-content\\\/uploads\\\/2023\\\/10\\\/IMG_1110.webp\",\"articleSection\":[\"Internacionales\"],\"inLanguage\":\"es\",\"potentialAction\":[{\"@type\":\"CommentAction\",\"name\":\"Comment\",\"target\":[\"https:\\\/\\\/quehacerpolitico.mx\\\/?p=105372#respond\"]}]},{\"@type\":\"WebPage\",\"@id\":\"https:\\\/\\\/quehacerpolitico.mx\\\/?p=105372\",\"url\":\"https:\\\/\\\/quehacerpolitico.mx\\\/?p=105372\",\"name\":\"Internacionales\\\/\\\/\\\/Carolina Alonso Romei\\\/\\\/\\\/Bawendi, Brus y Ekimov obtienen el Nobel de Qu\u00edmica por el descubrimiento de los puntos cu\u00e1nticos y su aplicaci\u00f3n en medicina y electr\u00f3nica -\",\"isPartOf\":{\"@id\":\"https:\\\/\\\/quehacerpolitico.mx\\\/#website\"},\"primaryImageOfPage\":{\"@id\":\"https:\\\/\\\/quehacerpolitico.mx\\\/?p=105372#primaryimage\"},\"image\":{\"@id\":\"https:\\\/\\\/quehacerpolitico.mx\\\/?p=105372#primaryimage\"},\"thumbnailUrl\":\"https:\\\/\\\/quehacerpolitico.mx\\\/wp-content\\\/uploads\\\/2023\\\/10\\\/IMG_1110.webp\",\"datePublished\":\"2023-10-04T15:52:18+00:00\",\"dateModified\":\"2023-10-04T15:52:24+00:00\",\"author\":{\"@id\":\"https:\\\/\\\/quehacerpolitico.mx\\\/#\\\/schema\\\/person\\\/496d8ad2d1d3f8036101dca7ee39e585\"},\"breadcrumb\":{\"@id\":\"https:\\\/\\\/quehacerpolitico.mx\\\/?p=105372#breadcrumb\"},\"inLanguage\":\"es\",\"potentialAction\":[{\"@type\":\"ReadAction\",\"target\":[\"https:\\\/\\\/quehacerpolitico.mx\\\/?p=105372\"]}]},{\"@type\":\"ImageObject\",\"inLanguage\":\"es\",\"@id\":\"https:\\\/\\\/quehacerpolitico.mx\\\/?p=105372#primaryimage\",\"url\":\"https:\\\/\\\/quehacerpolitico.mx\\\/wp-content\\\/uploads\\\/2023\\\/10\\\/IMG_1110.webp\",\"contentUrl\":\"https:\\\/\\\/quehacerpolitico.mx\\\/wp-content\\\/uploads\\\/2023\\\/10\\\/IMG_1110.webp\",\"width\":1706,\"height\":960},{\"@type\":\"BreadcrumbList\",\"@id\":\"https:\\\/\\\/quehacerpolitico.mx\\\/?p=105372#breadcrumb\",\"itemListElement\":[{\"@type\":\"ListItem\",\"position\":1,\"name\":\"Inicio\",\"item\":\"https:\\\/\\\/quehacerpolitico.mx\\\/\"},{\"@type\":\"ListItem\",\"position\":2,\"name\":\"Internacionales\\\/\\\/\\\/Carolina Alonso Romei\\\/\\\/\\\/Bawendi, Brus y Ekimov obtienen el Nobel de Qu\u00edmica por el descubrimiento de los puntos cu\u00e1nticos y su aplicaci\u00f3n en medicina y electr\u00f3nica\"}]},{\"@type\":\"WebSite\",\"@id\":\"https:\\\/\\\/quehacerpolitico.mx\\\/#website\",\"url\":\"https:\\\/\\\/quehacerpolitico.mx\\\/\",\"name\":\"\",\"description\":\"\",\"potentialAction\":[{\"@type\":\"SearchAction\",\"target\":{\"@type\":\"EntryPoint\",\"urlTemplate\":\"https:\\\/\\\/quehacerpolitico.mx\\\/?s={search_term_string}\"},\"query-input\":{\"@type\":\"PropertyValueSpecification\",\"valueRequired\":true,\"valueName\":\"search_term_string\"}}],\"inLanguage\":\"es\"},{\"@type\":\"Person\",\"@id\":\"https:\\\/\\\/quehacerpolitico.mx\\\/#\\\/schema\\\/person\\\/496d8ad2d1d3f8036101dca7ee39e585\",\"name\":\"Redacci\u00f3n QP\",\"image\":{\"@type\":\"ImageObject\",\"inLanguage\":\"es\",\"@id\":\"https:\\\/\\\/secure.gravatar.com\\\/avatar\\\/c7164ed6fdec453195284ad24a5ae5b6e1eed2b848477fa2a4787ba9adf39a41?s=96&d=mm&r=g\",\"url\":\"https:\\\/\\\/secure.gravatar.com\\\/avatar\\\/c7164ed6fdec453195284ad24a5ae5b6e1eed2b848477fa2a4787ba9adf39a41?s=96&d=mm&r=g\",\"contentUrl\":\"https:\\\/\\\/secure.gravatar.com\\\/avatar\\\/c7164ed6fdec453195284ad24a5ae5b6e1eed2b848477fa2a4787ba9adf39a41?s=96&d=mm&r=g\",\"caption\":\"Redacci\u00f3n QP\"},\"url\":\"https:\\\/\\\/quehacerpolitico.mx\\\/?author=2\"}]}<\/script>\n<!-- \/ Yoast SEO plugin. -->","yoast_head_json":{"title":"Internacionales\/\/\/Carolina Alonso Romei\/\/\/Bawendi, Brus y Ekimov obtienen el Nobel de Qu\u00edmica por el descubrimiento de los puntos cu\u00e1nticos y su aplicaci\u00f3n en medicina y electr\u00f3nica -","robots":{"index":"index","follow":"follow","max-snippet":"max-snippet:-1","max-image-preview":"max-image-preview:large","max-video-preview":"max-video-preview:-1"},"canonical":"https:\/\/quehacerpolitico.mx\/?p=105372","og_locale":"es_MX","og_type":"article","og_title":"Internacionales\/\/\/Carolina Alonso Romei\/\/\/Bawendi, Brus y Ekimov obtienen el Nobel de Qu\u00edmica por el descubrimiento de los puntos cu\u00e1nticos y su aplicaci\u00f3n en medicina y electr\u00f3nica -","og_description":"Por Carolina Alonso Romei Internacionalista Tres&nbsp;cient\u00edficos&nbsp;ganaron este mi\u00e9rcoles el&nbsp;Nobel de Qu\u00edmica&nbsp;por su trabajo y desarrollo...","og_url":"https:\/\/quehacerpolitico.mx\/?p=105372","article_published_time":"2023-10-04T15:52:18+00:00","article_modified_time":"2023-10-04T15:52:24+00:00","og_image":[{"width":1706,"height":960,"url":"https:\/\/quehacerpolitico.mx\/wp-content\/uploads\/2023\/10\/IMG_1110.webp","type":"image\/webp"}],"author":"Redacci\u00f3n QP","twitter_card":"summary_large_image","twitter_misc":{"Escrito por":"Redacci\u00f3n QP","Tiempo de lectura":"3 minutos"},"schema":{"@context":"https:\/\/schema.org","@graph":[{"@type":"Article","@id":"https:\/\/quehacerpolitico.mx\/?p=105372#article","isPartOf":{"@id":"https:\/\/quehacerpolitico.mx\/?p=105372"},"author":{"name":"Redacci\u00f3n QP","@id":"https:\/\/quehacerpolitico.mx\/#\/schema\/person\/496d8ad2d1d3f8036101dca7ee39e585"},"headline":"Internacionales\/\/\/Carolina Alonso Romei\/\/\/Bawendi, Brus y Ekimov obtienen el Nobel de Qu\u00edmica por el descubrimiento de los puntos cu\u00e1nticos y su aplicaci\u00f3n en medicina y electr\u00f3nica","datePublished":"2023-10-04T15:52:18+00:00","dateModified":"2023-10-04T15:52:24+00:00","mainEntityOfPage":{"@id":"https:\/\/quehacerpolitico.mx\/?p=105372"},"wordCount":705,"commentCount":0,"image":{"@id":"https:\/\/quehacerpolitico.mx\/?p=105372#primaryimage"},"thumbnailUrl":"https:\/\/quehacerpolitico.mx\/wp-content\/uploads\/2023\/10\/IMG_1110.webp","articleSection":["Internacionales"],"inLanguage":"es","potentialAction":[{"@type":"CommentAction","name":"Comment","target":["https:\/\/quehacerpolitico.mx\/?p=105372#respond"]}]},{"@type":"WebPage","@id":"https:\/\/quehacerpolitico.mx\/?p=105372","url":"https:\/\/quehacerpolitico.mx\/?p=105372","name":"Internacionales\/\/\/Carolina Alonso Romei\/\/\/Bawendi, Brus y Ekimov obtienen el Nobel de Qu\u00edmica por el descubrimiento de los puntos cu\u00e1nticos y su aplicaci\u00f3n en medicina y electr\u00f3nica -","isPartOf":{"@id":"https:\/\/quehacerpolitico.mx\/#website"},"primaryImageOfPage":{"@id":"https:\/\/quehacerpolitico.mx\/?p=105372#primaryimage"},"image":{"@id":"https:\/\/quehacerpolitico.mx\/?p=105372#primaryimage"},"thumbnailUrl":"https:\/\/quehacerpolitico.mx\/wp-content\/uploads\/2023\/10\/IMG_1110.webp","datePublished":"2023-10-04T15:52:18+00:00","dateModified":"2023-10-04T15:52:24+00:00","author":{"@id":"https:\/\/quehacerpolitico.mx\/#\/schema\/person\/496d8ad2d1d3f8036101dca7ee39e585"},"breadcrumb":{"@id":"https:\/\/quehacerpolitico.mx\/?p=105372#breadcrumb"},"inLanguage":"es","potentialAction":[{"@type":"ReadAction","target":["https:\/\/quehacerpolitico.mx\/?p=105372"]}]},{"@type":"ImageObject","inLanguage":"es","@id":"https:\/\/quehacerpolitico.mx\/?p=105372#primaryimage","url":"https:\/\/quehacerpolitico.mx\/wp-content\/uploads\/2023\/10\/IMG_1110.webp","contentUrl":"https:\/\/quehacerpolitico.mx\/wp-content\/uploads\/2023\/10\/IMG_1110.webp","width":1706,"height":960},{"@type":"BreadcrumbList","@id":"https:\/\/quehacerpolitico.mx\/?p=105372#breadcrumb","itemListElement":[{"@type":"ListItem","position":1,"name":"Inicio","item":"https:\/\/quehacerpolitico.mx\/"},{"@type":"ListItem","position":2,"name":"Internacionales\/\/\/Carolina Alonso Romei\/\/\/Bawendi, Brus y Ekimov obtienen el Nobel de Qu\u00edmica por el descubrimiento de los puntos cu\u00e1nticos y su aplicaci\u00f3n en medicina y electr\u00f3nica"}]},{"@type":"WebSite","@id":"https:\/\/quehacerpolitico.mx\/#website","url":"https:\/\/quehacerpolitico.mx\/","name":"","description":"","potentialAction":[{"@type":"SearchAction","target":{"@type":"EntryPoint","urlTemplate":"https:\/\/quehacerpolitico.mx\/?s={search_term_string}"},"query-input":{"@type":"PropertyValueSpecification","valueRequired":true,"valueName":"search_term_string"}}],"inLanguage":"es"},{"@type":"Person","@id":"https:\/\/quehacerpolitico.mx\/#\/schema\/person\/496d8ad2d1d3f8036101dca7ee39e585","name":"Redacci\u00f3n QP","image":{"@type":"ImageObject","inLanguage":"es","@id":"https:\/\/secure.gravatar.com\/avatar\/c7164ed6fdec453195284ad24a5ae5b6e1eed2b848477fa2a4787ba9adf39a41?s=96&d=mm&r=g","url":"https:\/\/secure.gravatar.com\/avatar\/c7164ed6fdec453195284ad24a5ae5b6e1eed2b848477fa2a4787ba9adf39a41?s=96&d=mm&r=g","contentUrl":"https:\/\/secure.gravatar.com\/avatar\/c7164ed6fdec453195284ad24a5ae5b6e1eed2b848477fa2a4787ba9adf39a41?s=96&d=mm&r=g","caption":"Redacci\u00f3n QP"},"url":"https:\/\/quehacerpolitico.mx\/?author=2"}]}},"featured_image_urls":{"full":["https:\/\/quehacerpolitico.mx\/wp-content\/uploads\/2023\/10\/IMG_1110.webp",1706,960,false],"thumbnail":["https:\/\/quehacerpolitico.mx\/wp-content\/uploads\/2023\/10\/IMG_1110-150x150.webp",150,150,true],"medium":["https:\/\/quehacerpolitico.mx\/wp-content\/uploads\/2023\/10\/IMG_1110-300x169.webp",300,169,true],"medium_large":["https:\/\/quehacerpolitico.mx\/wp-content\/uploads\/2023\/10\/IMG_1110-768x432.webp",640,360,true],"large":["https:\/\/quehacerpolitico.mx\/wp-content\/uploads\/2023\/10\/IMG_1110-1024x576.webp",640,360,true],"1536x1536":["https:\/\/quehacerpolitico.mx\/wp-content\/uploads\/2023\/10\/IMG_1110-1536x864.webp",1536,864,true],"2048x2048":["https:\/\/quehacerpolitico.mx\/wp-content\/uploads\/2023\/10\/IMG_1110.webp",1706,960,false],"covernews-featured":["https:\/\/quehacerpolitico.mx\/wp-content\/uploads\/2023\/10\/IMG_1110.webp",1024,576,false],"covernews-medium":["https:\/\/quehacerpolitico.mx\/wp-content\/uploads\/2023\/10\/IMG_1110.webp",540,304,false]},"author_info":{"display_name":"Redacci\u00f3n QP","author_link":"https:\/\/quehacerpolitico.mx\/?author=2"},"category_info":"<a href=\"https:\/\/quehacerpolitico.mx\/?cat=1\" rel=\"category\">Internacionales<\/a>","tag_info":"Internacionales","comment_count":"0","_links":{"self":[{"href":"https:\/\/quehacerpolitico.mx\/index.php?rest_route=\/wp\/v2\/posts\/105372","targetHints":{"allow":["GET"]}}],"collection":[{"href":"https:\/\/quehacerpolitico.mx\/index.php?rest_route=\/wp\/v2\/posts"}],"about":[{"href":"https:\/\/quehacerpolitico.mx\/index.php?rest_route=\/wp\/v2\/types\/post"}],"author":[{"embeddable":true,"href":"https:\/\/quehacerpolitico.mx\/index.php?rest_route=\/wp\/v2\/users\/2"}],"replies":[{"embeddable":true,"href":"https:\/\/quehacerpolitico.mx\/index.php?rest_route=%2Fwp%2Fv2%2Fcomments&post=105372"}],"version-history":[{"count":1,"href":"https:\/\/quehacerpolitico.mx\/index.php?rest_route=\/wp\/v2\/posts\/105372\/revisions"}],"predecessor-version":[{"id":105375,"href":"https:\/\/quehacerpolitico.mx\/index.php?rest_route=\/wp\/v2\/posts\/105372\/revisions\/105375"}],"wp:featuredmedia":[{"embeddable":true,"href":"https:\/\/quehacerpolitico.mx\/index.php?rest_route=\/wp\/v2\/media\/105374"}],"wp:attachment":[{"href":"https:\/\/quehacerpolitico.mx\/index.php?rest_route=%2Fwp%2Fv2%2Fmedia&parent=105372"}],"wp:term":[{"taxonomy":"category","embeddable":true,"href":"https:\/\/quehacerpolitico.mx\/index.php?rest_route=%2Fwp%2Fv2%2Fcategories&post=105372"},{"taxonomy":"post_tag","embeddable":true,"href":"https:\/\/quehacerpolitico.mx\/index.php?rest_route=%2Fwp%2Fv2%2Ftags&post=105372"}],"curies":[{"name":"wp","href":"https:\/\/api.w.org\/{rel}","templated":true}]}}