{"id":105300,"date":"2023-10-02T17:48:14","date_gmt":"2023-10-02T17:48:14","guid":{"rendered":"https:\/\/quehacerpolitico.mx\/?p=105300"},"modified":"2023-10-02T17:48:19","modified_gmt":"2023-10-02T17:48:19","slug":"amlo-pide-que-el-pueblo-decida-si-garcia-harfuch-debe-ser-candidato-de-morena-a-la-jefatura-de-gobierno-de-la-cdmx","status":"publish","type":"post","link":"https:\/\/quehacerpolitico.mx\/?p=105300","title":{"rendered":"AMLO pide que \u201cel pueblo decida\u201d si Garc\u00eda Harfuch debe ser candidato de Morena a la Jefatura de Gobierno de la CDMX"},"content":{"rendered":"\n<p>Por Redacci\u00f3n QP<\/p>\n\n\n\n<p>El presidente de M\u00e9xico,<strong>\u00a0Andr\u00e9s Manuel L\u00f3pez Obrador<\/strong>, pidi\u00f3 este lunes que el pueblo decida el futuro pol\u00edtico de\u00a0<strong>Omar Garc\u00eda Harfuch<\/strong>, aspirante de Morena a la candidatura por la\u00a0<strong>Jefatura de Gobierno<\/strong>, quien fue se\u00f1alado de participar en las reuniones de autoridades que acordaron la creaci\u00f3n de la \u201c<strong>verdad<\/strong>\u00a0<strong>hist\u00f3rica<\/strong>\u201d del caso\u00a0<strong>Ayotzinapa<\/strong>.<\/p>\n\n\n\n<p>\u201cMe preguntas de&nbsp;<strong>Harfuch<\/strong>, bueno, porque hay que tenerle confianza al pueblo, \u00bfqui\u00e9n va a decidir? \u00bfqui\u00e9n decide en la democracia? El pueblo. Si es tan malo&nbsp;<strong>Harfuch<\/strong>&nbsp;como se sostiene, el pueblo est\u00e1 muy consciente, no es como lo cree (Guillermo)&nbsp;<strong>Sheridan<\/strong>, est\u00e1 muy despierto, sabe muy bien lo que le conviene, y lo que no le conviene\u201d.<\/p>\n\n\n\n<p>\u201cComo hay ahora v\u00edsperas de\u00a0<strong>elecciones<\/strong>\u00a0pues sale todo, y andan\u00a0<strong>nerviosos<\/strong>, la gente sabe muy bien qui\u00e9n es qui\u00e9n y hay que respetar al pueblo, y lo otro, por qu\u00e9 si esta persona (Harfuch) est\u00e1 involucrada en lo que le acusan, por qu\u00e9 no presentan\u00a0<strong>denuncias<\/strong>\u00a0y se juzga, nosotros no\u00a0<strong>protegemos<\/strong>\u00a0a nadie, no hay\u00a0<strong>impunidad<\/strong>, porque no somos iguales a nuestros adversarios\u201d, se\u00f1al\u00f3 en su conferencia matutina.<\/p>\n\n\n\n<figure class=\"wp-block-embed is-type-video is-provider-youtube wp-block-embed-youtube wp-embed-aspect-16-9 wp-has-aspect-ratio\"><div class=\"wp-block-embed__wrapper\">\n<iframe loading=\"lazy\" title=\"AMLO aboga por Harfuch\" width=\"640\" height=\"360\" src=\"https:\/\/www.youtube.com\/embed\/NJ1uYipxnbk?feature=oembed\" frameborder=\"0\" allow=\"accelerometer; autoplay; clipboard-write; encrypted-media; gyroscope; picture-in-picture; web-share\" referrerpolicy=\"strict-origin-when-cross-origin\" allowfullscreen><\/iframe>\n<\/div><\/figure>\n\n\n\n<p><strong>Alejandro Encinas<\/strong>, subsecretario de Derechos Humanos, Poblaci\u00f3n y Migraci\u00f3n de la Secretar\u00eda de Gobernaci\u00f3n (<strong>Segob<\/strong>), confirm\u00f3 la semana pasada que<strong>\u00a0Garc\u00eda Harfuch<\/strong>\u00a0fue se\u00f1alado de participar en la junta de\u00a0<strong>autoridades<\/strong>\u00a0federales en la que se acord\u00f3 la creaci\u00f3n de la \u201c<strong>verdad<\/strong>\u00a0<strong>hist\u00f3rica<\/strong>\u201c.<\/p>\n\n\n\n<p>La junta de&nbsp;<strong>autoridades<\/strong>, de acuerdo con el segundo&nbsp;<strong>informe<\/strong>&nbsp;presentado por el subsecretario, tuvo reuniones en la residencia oficial de&nbsp;<strong>Los Pinos<\/strong>, en la zona militar de&nbsp;<strong>Iguala<\/strong>&nbsp;y en las oficinas de la entonces Procuradur\u00eda General de la Rep\u00fablica (<strong>PGR<\/strong>), seg\u00fan la versi\u00f3n de<strong>&nbsp;Tom\u00e1s Zer\u00f3n<\/strong>, extitular de la Agencia de Investigaci\u00f3n Criminal (AIC).<\/p>\n\n\n\n<p>\u201cEst\u00e1 (su nombre) tanto en el\u00a0<strong>primero<\/strong>\u00a0como en el\u00a0<strong>segundo<\/strong>\u00a0<strong>informe<\/strong>\u00a0en donde evidentemente pues no est\u00e1n los nombres\u00a0<strong>completos<\/strong>, s\u00ed aparecen ahorita que los vean en el\u00a0<strong>documento<\/strong>, \u00bfa ver c\u00f3mo que no? Claro que s\u00ed, est\u00e1 en el\u00a0<strong>reservado<\/strong>, si les paso la l\u00e1mina la van a fotografiar, est\u00e1, as\u00ed de\u00a0<strong>concreto<\/strong>\u201c, respondi\u00f3 Encinas a una pregunta de los medios presentes.<\/p>\n","protected":false},"excerpt":{"rendered":"<p>Por Redacci\u00f3n QP El presidente de M\u00e9xico,\u00a0Andr\u00e9s Manuel L\u00f3pez Obrador, pidi\u00f3 este lunes que el&#8230;<\/p>\n","protected":false},"author":2,"featured_media":105301,"comment_status":"open","ping_status":"open","sticky":false,"template":"","format":"standard","meta":{"_monsterinsights_skip_tracking":false,"_monsterinsights_sitenote_active":false,"_monsterinsights_sitenote_note":"","_monsterinsights_sitenote_category":0,"footnotes":""},"categories":[2],"tags":[],"class_list":["post-105300","post","type-post","status-publish","format-standard","has-post-thumbnail","hentry","category-noticias"],"yoast_head":"<!-- This site is optimized with the Yoast SEO plugin v27.3 - https:\/\/yoast.com\/product\/yoast-seo-wordpress\/ -->\n<title>AMLO pide que \u201cel pueblo decida\u201d si Garc\u00eda Harfuch debe ser candidato de Morena a la Jefatura de Gobierno de la CDMX -<\/title>\n<meta name=\"robots\" content=\"index, follow, max-snippet:-1, max-image-preview:large, max-video-preview:-1\" \/>\n<link rel=\"canonical\" href=\"https:\/\/quehacerpolitico.mx\/?p=105300\" \/>\n<meta property=\"og:locale\" content=\"es_MX\" \/>\n<meta property=\"og:type\" content=\"article\" \/>\n<meta property=\"og:title\" content=\"AMLO pide que \u201cel pueblo decida\u201d si Garc\u00eda Harfuch debe ser candidato de Morena a la Jefatura de Gobierno de la CDMX -\" \/>\n<meta property=\"og:description\" content=\"Por Redacci\u00f3n QP El presidente de M\u00e9xico,\u00a0Andr\u00e9s Manuel L\u00f3pez Obrador, pidi\u00f3 este lunes que el...\" \/>\n<meta property=\"og:url\" content=\"https:\/\/quehacerpolitico.mx\/?p=105300\" \/>\n<meta property=\"article:published_time\" content=\"2023-10-02T17:48:14+00:00\" \/>\n<meta property=\"article:modified_time\" content=\"2023-10-02T17:48:19+00:00\" \/>\n<meta property=\"og:image\" content=\"https:\/\/quehacerpolitico.mx\/wp-content\/uploads\/2023\/10\/IMG_1068.jpeg\" \/>\n\t<meta property=\"og:image:width\" content=\"679\" \/>\n\t<meta property=\"og:image:height\" content=\"452\" \/>\n\t<meta property=\"og:image:type\" content=\"image\/jpeg\" \/>\n<meta name=\"author\" content=\"Redacci\u00f3n QP\" \/>\n<meta name=\"twitter:card\" content=\"summary_large_image\" \/>\n<meta name=\"twitter:label1\" content=\"Escrito por\" \/>\n\t<meta name=\"twitter:data1\" content=\"Redacci\u00f3n QP\" \/>\n\t<meta name=\"twitter:label2\" content=\"Tiempo de lectura\" \/>\n\t<meta name=\"twitter:data2\" content=\"2 minutos\" \/>\n<script type=\"application\/ld+json\" class=\"yoast-schema-graph\">{\"@context\":\"https:\\\/\\\/schema.org\",\"@graph\":[{\"@type\":\"Article\",\"@id\":\"https:\\\/\\\/quehacerpolitico.mx\\\/?p=105300#article\",\"isPartOf\":{\"@id\":\"https:\\\/\\\/quehacerpolitico.mx\\\/?p=105300\"},\"author\":{\"name\":\"Redacci\u00f3n QP\",\"@id\":\"https:\\\/\\\/quehacerpolitico.mx\\\/#\\\/schema\\\/person\\\/496d8ad2d1d3f8036101dca7ee39e585\"},\"headline\":\"AMLO pide que \u201cel pueblo decida\u201d si Garc\u00eda Harfuch debe ser candidato de Morena a la Jefatura de Gobierno de la CDMX\",\"datePublished\":\"2023-10-02T17:48:14+00:00\",\"dateModified\":\"2023-10-02T17:48:19+00:00\",\"mainEntityOfPage\":{\"@id\":\"https:\\\/\\\/quehacerpolitico.mx\\\/?p=105300\"},\"wordCount\":425,\"commentCount\":0,\"image\":{\"@id\":\"https:\\\/\\\/quehacerpolitico.mx\\\/?p=105300#primaryimage\"},\"thumbnailUrl\":\"https:\\\/\\\/quehacerpolitico.mx\\\/wp-content\\\/uploads\\\/2023\\\/10\\\/IMG_1068.jpeg\",\"articleSection\":[\"Noticias\"],\"inLanguage\":\"es\",\"potentialAction\":[{\"@type\":\"CommentAction\",\"name\":\"Comment\",\"target\":[\"https:\\\/\\\/quehacerpolitico.mx\\\/?p=105300#respond\"]}]},{\"@type\":\"WebPage\",\"@id\":\"https:\\\/\\\/quehacerpolitico.mx\\\/?p=105300\",\"url\":\"https:\\\/\\\/quehacerpolitico.mx\\\/?p=105300\",\"name\":\"AMLO pide que \u201cel pueblo decida\u201d si Garc\u00eda Harfuch debe ser candidato de Morena a la Jefatura de Gobierno de la CDMX -\",\"isPartOf\":{\"@id\":\"https:\\\/\\\/quehacerpolitico.mx\\\/#website\"},\"primaryImageOfPage\":{\"@id\":\"https:\\\/\\\/quehacerpolitico.mx\\\/?p=105300#primaryimage\"},\"image\":{\"@id\":\"https:\\\/\\\/quehacerpolitico.mx\\\/?p=105300#primaryimage\"},\"thumbnailUrl\":\"https:\\\/\\\/quehacerpolitico.mx\\\/wp-content\\\/uploads\\\/2023\\\/10\\\/IMG_1068.jpeg\",\"datePublished\":\"2023-10-02T17:48:14+00:00\",\"dateModified\":\"2023-10-02T17:48:19+00:00\",\"author\":{\"@id\":\"https:\\\/\\\/quehacerpolitico.mx\\\/#\\\/schema\\\/person\\\/496d8ad2d1d3f8036101dca7ee39e585\"},\"breadcrumb\":{\"@id\":\"https:\\\/\\\/quehacerpolitico.mx\\\/?p=105300#breadcrumb\"},\"inLanguage\":\"es\",\"potentialAction\":[{\"@type\":\"ReadAction\",\"target\":[\"https:\\\/\\\/quehacerpolitico.mx\\\/?p=105300\"]}]},{\"@type\":\"ImageObject\",\"inLanguage\":\"es\",\"@id\":\"https:\\\/\\\/quehacerpolitico.mx\\\/?p=105300#primaryimage\",\"url\":\"https:\\\/\\\/quehacerpolitico.mx\\\/wp-content\\\/uploads\\\/2023\\\/10\\\/IMG_1068.jpeg\",\"contentUrl\":\"https:\\\/\\\/quehacerpolitico.mx\\\/wp-content\\\/uploads\\\/2023\\\/10\\\/IMG_1068.jpeg\",\"width\":679,\"height\":452},{\"@type\":\"BreadcrumbList\",\"@id\":\"https:\\\/\\\/quehacerpolitico.mx\\\/?p=105300#breadcrumb\",\"itemListElement\":[{\"@type\":\"ListItem\",\"position\":1,\"name\":\"Inicio\",\"item\":\"https:\\\/\\\/quehacerpolitico.mx\\\/\"},{\"@type\":\"ListItem\",\"position\":2,\"name\":\"AMLO pide que \u201cel pueblo decida\u201d si Garc\u00eda Harfuch debe ser candidato de Morena a la Jefatura de Gobierno de la CDMX\"}]},{\"@type\":\"WebSite\",\"@id\":\"https:\\\/\\\/quehacerpolitico.mx\\\/#website\",\"url\":\"https:\\\/\\\/quehacerpolitico.mx\\\/\",\"name\":\"\",\"description\":\"\",\"potentialAction\":[{\"@type\":\"SearchAction\",\"target\":{\"@type\":\"EntryPoint\",\"urlTemplate\":\"https:\\\/\\\/quehacerpolitico.mx\\\/?s={search_term_string}\"},\"query-input\":{\"@type\":\"PropertyValueSpecification\",\"valueRequired\":true,\"valueName\":\"search_term_string\"}}],\"inLanguage\":\"es\"},{\"@type\":\"Person\",\"@id\":\"https:\\\/\\\/quehacerpolitico.mx\\\/#\\\/schema\\\/person\\\/496d8ad2d1d3f8036101dca7ee39e585\",\"name\":\"Redacci\u00f3n QP\",\"image\":{\"@type\":\"ImageObject\",\"inLanguage\":\"es\",\"@id\":\"https:\\\/\\\/secure.gravatar.com\\\/avatar\\\/c7164ed6fdec453195284ad24a5ae5b6e1eed2b848477fa2a4787ba9adf39a41?s=96&d=mm&r=g\",\"url\":\"https:\\\/\\\/secure.gravatar.com\\\/avatar\\\/c7164ed6fdec453195284ad24a5ae5b6e1eed2b848477fa2a4787ba9adf39a41?s=96&d=mm&r=g\",\"contentUrl\":\"https:\\\/\\\/secure.gravatar.com\\\/avatar\\\/c7164ed6fdec453195284ad24a5ae5b6e1eed2b848477fa2a4787ba9adf39a41?s=96&d=mm&r=g\",\"caption\":\"Redacci\u00f3n QP\"},\"url\":\"https:\\\/\\\/quehacerpolitico.mx\\\/?author=2\"}]}<\/script>\n<!-- \/ Yoast SEO plugin. -->","yoast_head_json":{"title":"AMLO pide que \u201cel pueblo decida\u201d si Garc\u00eda Harfuch debe ser candidato de Morena a la Jefatura de Gobierno de la CDMX -","robots":{"index":"index","follow":"follow","max-snippet":"max-snippet:-1","max-image-preview":"max-image-preview:large","max-video-preview":"max-video-preview:-1"},"canonical":"https:\/\/quehacerpolitico.mx\/?p=105300","og_locale":"es_MX","og_type":"article","og_title":"AMLO pide que \u201cel pueblo decida\u201d si Garc\u00eda Harfuch debe ser candidato de Morena a la Jefatura de Gobierno de la CDMX -","og_description":"Por Redacci\u00f3n QP El presidente de M\u00e9xico,\u00a0Andr\u00e9s Manuel L\u00f3pez Obrador, pidi\u00f3 este lunes que el...","og_url":"https:\/\/quehacerpolitico.mx\/?p=105300","article_published_time":"2023-10-02T17:48:14+00:00","article_modified_time":"2023-10-02T17:48:19+00:00","og_image":[{"width":679,"height":452,"url":"https:\/\/quehacerpolitico.mx\/wp-content\/uploads\/2023\/10\/IMG_1068.jpeg","type":"image\/jpeg"}],"author":"Redacci\u00f3n QP","twitter_card":"summary_large_image","twitter_misc":{"Escrito por":"Redacci\u00f3n QP","Tiempo de lectura":"2 minutos"},"schema":{"@context":"https:\/\/schema.org","@graph":[{"@type":"Article","@id":"https:\/\/quehacerpolitico.mx\/?p=105300#article","isPartOf":{"@id":"https:\/\/quehacerpolitico.mx\/?p=105300"},"author":{"name":"Redacci\u00f3n QP","@id":"https:\/\/quehacerpolitico.mx\/#\/schema\/person\/496d8ad2d1d3f8036101dca7ee39e585"},"headline":"AMLO pide que \u201cel pueblo decida\u201d si Garc\u00eda Harfuch debe ser candidato de Morena a la Jefatura de Gobierno de la CDMX","datePublished":"2023-10-02T17:48:14+00:00","dateModified":"2023-10-02T17:48:19+00:00","mainEntityOfPage":{"@id":"https:\/\/quehacerpolitico.mx\/?p=105300"},"wordCount":425,"commentCount":0,"image":{"@id":"https:\/\/quehacerpolitico.mx\/?p=105300#primaryimage"},"thumbnailUrl":"https:\/\/quehacerpolitico.mx\/wp-content\/uploads\/2023\/10\/IMG_1068.jpeg","articleSection":["Noticias"],"inLanguage":"es","potentialAction":[{"@type":"CommentAction","name":"Comment","target":["https:\/\/quehacerpolitico.mx\/?p=105300#respond"]}]},{"@type":"WebPage","@id":"https:\/\/quehacerpolitico.mx\/?p=105300","url":"https:\/\/quehacerpolitico.mx\/?p=105300","name":"AMLO pide que \u201cel pueblo decida\u201d si Garc\u00eda Harfuch debe ser candidato de Morena a la Jefatura de Gobierno de la CDMX -","isPartOf":{"@id":"https:\/\/quehacerpolitico.mx\/#website"},"primaryImageOfPage":{"@id":"https:\/\/quehacerpolitico.mx\/?p=105300#primaryimage"},"image":{"@id":"https:\/\/quehacerpolitico.mx\/?p=105300#primaryimage"},"thumbnailUrl":"https:\/\/quehacerpolitico.mx\/wp-content\/uploads\/2023\/10\/IMG_1068.jpeg","datePublished":"2023-10-02T17:48:14+00:00","dateModified":"2023-10-02T17:48:19+00:00","author":{"@id":"https:\/\/quehacerpolitico.mx\/#\/schema\/person\/496d8ad2d1d3f8036101dca7ee39e585"},"breadcrumb":{"@id":"https:\/\/quehacerpolitico.mx\/?p=105300#breadcrumb"},"inLanguage":"es","potentialAction":[{"@type":"ReadAction","target":["https:\/\/quehacerpolitico.mx\/?p=105300"]}]},{"@type":"ImageObject","inLanguage":"es","@id":"https:\/\/quehacerpolitico.mx\/?p=105300#primaryimage","url":"https:\/\/quehacerpolitico.mx\/wp-content\/uploads\/2023\/10\/IMG_1068.jpeg","contentUrl":"https:\/\/quehacerpolitico.mx\/wp-content\/uploads\/2023\/10\/IMG_1068.jpeg","width":679,"height":452},{"@type":"BreadcrumbList","@id":"https:\/\/quehacerpolitico.mx\/?p=105300#breadcrumb","itemListElement":[{"@type":"ListItem","position":1,"name":"Inicio","item":"https:\/\/quehacerpolitico.mx\/"},{"@type":"ListItem","position":2,"name":"AMLO pide que \u201cel pueblo decida\u201d si Garc\u00eda Harfuch debe ser candidato de Morena a la Jefatura de Gobierno de la CDMX"}]},{"@type":"WebSite","@id":"https:\/\/quehacerpolitico.mx\/#website","url":"https:\/\/quehacerpolitico.mx\/","name":"","description":"","potentialAction":[{"@type":"SearchAction","target":{"@type":"EntryPoint","urlTemplate":"https:\/\/quehacerpolitico.mx\/?s={search_term_string}"},"query-input":{"@type":"PropertyValueSpecification","valueRequired":true,"valueName":"search_term_string"}}],"inLanguage":"es"},{"@type":"Person","@id":"https:\/\/quehacerpolitico.mx\/#\/schema\/person\/496d8ad2d1d3f8036101dca7ee39e585","name":"Redacci\u00f3n QP","image":{"@type":"ImageObject","inLanguage":"es","@id":"https:\/\/secure.gravatar.com\/avatar\/c7164ed6fdec453195284ad24a5ae5b6e1eed2b848477fa2a4787ba9adf39a41?s=96&d=mm&r=g","url":"https:\/\/secure.gravatar.com\/avatar\/c7164ed6fdec453195284ad24a5ae5b6e1eed2b848477fa2a4787ba9adf39a41?s=96&d=mm&r=g","contentUrl":"https:\/\/secure.gravatar.com\/avatar\/c7164ed6fdec453195284ad24a5ae5b6e1eed2b848477fa2a4787ba9adf39a41?s=96&d=mm&r=g","caption":"Redacci\u00f3n QP"},"url":"https:\/\/quehacerpolitico.mx\/?author=2"}]}},"featured_image_urls":{"full":["https:\/\/quehacerpolitico.mx\/wp-content\/uploads\/2023\/10\/IMG_1068.jpeg",679,452,false],"thumbnail":["https:\/\/quehacerpolitico.mx\/wp-content\/uploads\/2023\/10\/IMG_1068-150x150.jpeg",150,150,true],"medium":["https:\/\/quehacerpolitico.mx\/wp-content\/uploads\/2023\/10\/IMG_1068-300x200.jpeg",300,200,true],"medium_large":["https:\/\/quehacerpolitico.mx\/wp-content\/uploads\/2023\/10\/IMG_1068.jpeg",640,426,false],"large":["https:\/\/quehacerpolitico.mx\/wp-content\/uploads\/2023\/10\/IMG_1068.jpeg",640,426,false],"1536x1536":["https:\/\/quehacerpolitico.mx\/wp-content\/uploads\/2023\/10\/IMG_1068.jpeg",679,452,false],"2048x2048":["https:\/\/quehacerpolitico.mx\/wp-content\/uploads\/2023\/10\/IMG_1068.jpeg",679,452,false],"covernews-featured":["https:\/\/quehacerpolitico.mx\/wp-content\/uploads\/2023\/10\/IMG_1068.jpeg",679,452,false],"covernews-medium":["https:\/\/quehacerpolitico.mx\/wp-content\/uploads\/2023\/10\/IMG_1068.jpeg",511,340,false]},"author_info":{"display_name":"Redacci\u00f3n QP","author_link":"https:\/\/quehacerpolitico.mx\/?author=2"},"category_info":"<a href=\"https:\/\/quehacerpolitico.mx\/?cat=2\" rel=\"category\">Noticias<\/a>","tag_info":"Noticias","comment_count":"0","_links":{"self":[{"href":"https:\/\/quehacerpolitico.mx\/index.php?rest_route=\/wp\/v2\/posts\/105300","targetHints":{"allow":["GET"]}}],"collection":[{"href":"https:\/\/quehacerpolitico.mx\/index.php?rest_route=\/wp\/v2\/posts"}],"about":[{"href":"https:\/\/quehacerpolitico.mx\/index.php?rest_route=\/wp\/v2\/types\/post"}],"author":[{"embeddable":true,"href":"https:\/\/quehacerpolitico.mx\/index.php?rest_route=\/wp\/v2\/users\/2"}],"replies":[{"embeddable":true,"href":"https:\/\/quehacerpolitico.mx\/index.php?rest_route=%2Fwp%2Fv2%2Fcomments&post=105300"}],"version-history":[{"count":1,"href":"https:\/\/quehacerpolitico.mx\/index.php?rest_route=\/wp\/v2\/posts\/105300\/revisions"}],"predecessor-version":[{"id":105302,"href":"https:\/\/quehacerpolitico.mx\/index.php?rest_route=\/wp\/v2\/posts\/105300\/revisions\/105302"}],"wp:featuredmedia":[{"embeddable":true,"href":"https:\/\/quehacerpolitico.mx\/index.php?rest_route=\/wp\/v2\/media\/105301"}],"wp:attachment":[{"href":"https:\/\/quehacerpolitico.mx\/index.php?rest_route=%2Fwp%2Fv2%2Fmedia&parent=105300"}],"wp:term":[{"taxonomy":"category","embeddable":true,"href":"https:\/\/quehacerpolitico.mx\/index.php?rest_route=%2Fwp%2Fv2%2Fcategories&post=105300"},{"taxonomy":"post_tag","embeddable":true,"href":"https:\/\/quehacerpolitico.mx\/index.php?rest_route=%2Fwp%2Fv2%2Ftags&post=105300"}],"curies":[{"name":"wp","href":"https:\/\/api.w.org\/{rel}","templated":true}]}}