{"id":105283,"date":"2023-10-02T16:10:00","date_gmt":"2023-10-02T16:10:00","guid":{"rendered":"https:\/\/quehacerpolitico.mx\/?p=105283"},"modified":"2023-10-02T16:10:04","modified_gmt":"2023-10-02T16:10:04","slug":"internacionales-carolina-alonso-romei-la-policia-israeli-detuvo-al-escritor-y-exdiplomatico-mexicano-andres-roemer-acusado-de-abuso-sexual-por-decenas-de-mujeres-y-profugo-en","status":"publish","type":"post","link":"https:\/\/quehacerpolitico.mx\/?p=105283","title":{"rendered":"Internacionales\/\/\/Carolina Alonso Romei\/\/\/La Polic\u00eda israel\u00ed\u00a0detuvo\u00a0al escritor y exdiplom\u00e1tico mexicano\u00a0Andr\u00e9s\u00a0Roemer, acusado de abuso sexual por decenas de mujeres y pr\u00f3fugo en Israel"},"content":{"rendered":"\n<p>Por Carolina Alonso Romei<\/p>\n\n\n\n<p>Internacionalista<\/p>\n\n\n\n<p>La Fiscal\u00eda israel\u00ed considera a Andr\u00e9s Roemer extraditable a M\u00e9xico, por los delitos de abuso sexual que se le atribuyen<\/p>\n\n\n\n<p>La Polic\u00eda israel\u00ed&nbsp;<strong>detuvo<\/strong>&nbsp;al escritor y exdiplom\u00e1tico mexicano&nbsp;<strong>Andr\u00e9s<\/strong>&nbsp;<strong>Roemer<\/strong>, acusado de abuso sexual por decenas de mujeres y pr\u00f3fugo en Israel, y con varias solicitudes de extradici\u00f3n en su contra por parte de M\u00e9xico.<\/p>\n\n\n\n<p>Tras su arresto, la Justicia israel\u00ed tomar\u00e1 una decisi\u00f3n final sobre si lo extradita o no.<\/p>\n\n\n\n<p>Roemer -que viv\u00eda desde hace varios a\u00f1os en Israel y tiene origen jud\u00edo- fue arrestado despu\u00e9s de que el departamento internacional de la Fiscal\u00eda estatal israel\u00ed presentara al Tribunal de Distrito de Jerusal\u00e9n una petici\u00f3n para su extradici\u00f3n, inform\u00f3 el Ministerio de Justicia israel\u00ed en un comunicado.<\/p>\n\n\n\n<p>La Fiscal\u00eda israel\u00ed lo considera \u201cextraditable a M\u00e9xico por los delitos de violaci\u00f3n que se le atribuyen en la solicitud de extradici\u00f3n\u201d, y formaliz\u00f3 una petici\u00f3n \u201cde detenci\u00f3n en espera de una decisi\u00f3n final\u201d sobre su posible retorno a M\u00e9xico.<\/p>\n\n\n\n<figure class=\"wp-block-image size-large\"><img loading=\"lazy\" decoding=\"async\" width=\"853\" height=\"1024\" src=\"https:\/\/quehacerpolitico.mx\/wp-content\/uploads\/2023\/10\/image-853x1024.jpeg\" alt=\"\" class=\"wp-image-105284\" srcset=\"https:\/\/quehacerpolitico.mx\/wp-content\/uploads\/2023\/10\/image-853x1024.jpeg 853w, https:\/\/quehacerpolitico.mx\/wp-content\/uploads\/2023\/10\/image-250x300.jpeg 250w, https:\/\/quehacerpolitico.mx\/wp-content\/uploads\/2023\/10\/image-768x922.jpeg 768w, https:\/\/quehacerpolitico.mx\/wp-content\/uploads\/2023\/10\/image-1280x1536.jpeg 1280w, https:\/\/quehacerpolitico.mx\/wp-content\/uploads\/2023\/10\/image-122x146.jpeg 122w, https:\/\/quehacerpolitico.mx\/wp-content\/uploads\/2023\/10\/image-42x50.jpeg 42w, https:\/\/quehacerpolitico.mx\/wp-content\/uploads\/2023\/10\/image-62x75.jpeg 62w, https:\/\/quehacerpolitico.mx\/wp-content\/uploads\/2023\/10\/image.jpeg 1284w\" sizes=\"auto, (max-width: 853px) 100vw, 853px\" \/><\/figure>\n\n\n\n<p>Desde 2021,&nbsp;<strong>M\u00e9xico<\/strong>&nbsp;present\u00f3 a&nbsp;<strong>Israel<\/strong>&nbsp;un total de cinco&nbsp;<strong>solicitudes de extradici\u00f3n<\/strong>&nbsp;formales contra&nbsp;<strong>Roemer<\/strong>, acusado de abuso sexual agravado y violaci\u00f3n.<\/p>\n\n\n\n<p>En febrero de 2021, m\u00e1s de una decena de mujeres rompieron su silencio al acusar al escritor de abusos sexuales y comportamientos inapropiados, mientras que la agrupaci\u00f3n Periodistas Unidas Mexicanas (PUM) recopil\u00f3 m\u00e1s de 60 denuncias.<\/p>\n\n\n\n<p>En 2022, la Interpol emiti\u00f3 tambi\u00e9n una\u00a0ficha roja\u00a0para buscar y detener al diplom\u00e1tico, acusado de citar a sus presuntas v\u00edctimas en su casa con excusas laborales para despu\u00e9s realizar tocamientos e insinuaciones y, finalmente, ofrecerles dinero.<\/p>\n\n\n\n<p>En a\u00f1os anteriores, M\u00e9xico no recibi\u00f3 respuesta de Israel a sus peticiones de extradici\u00f3n, y el a\u00f1o pasado envi\u00f3 una carta a las autoridades israel\u00edes solicitando directamente su cooperaci\u00f3n, seg\u00fan medios mexicanos.<\/p>\n\n\n\n<p>Roemer fue embajador de M\u00e9xico ante la UNESCO y en 2016 fue destituido de su cargo tras no seguir la postura de su pa\u00eds y abstenerse en una resoluci\u00f3n presentada por pa\u00edses \u00e1rabes sobre la Explanada de las Mezquitas (Monte del Templo para los jud\u00edos), situada en Jerusal\u00e9n Este ocupado.<\/p>\n\n\n\n<figure class=\"wp-block-embed is-type-video is-provider-youtube wp-block-embed-youtube wp-embed-aspect-16-9 wp-has-aspect-ratio\"><div class=\"wp-block-embed__wrapper\">\n<iframe loading=\"lazy\" title=\"Andr\u00e9s Roemer es arrestado en Israel para su posible extradici\u00f3n a M\u00e9xico\" width=\"640\" height=\"360\" src=\"https:\/\/www.youtube.com\/embed\/nAk2IRktl2k?feature=oembed\" frameborder=\"0\" allow=\"accelerometer; autoplay; clipboard-write; encrypted-media; gyroscope; picture-in-picture; web-share\" referrerpolicy=\"strict-origin-when-cross-origin\" allowfullscreen><\/iframe>\n<\/div><\/figure>\n\n\n\n<p>Israel critic\u00f3 la resoluci\u00f3n y aleg\u00f3 que negaba todo v\u00ednculo entre el recinto (el tercer lugar m\u00e1s sagrado del islam y el primero para el juda\u00edsmo) y el juda\u00edsmo, al limitarse el texto a considerar la mezquita de Al Aqsa como un lugar de culto musulm\u00e1n.<\/p>\n\n\n\n<p>Ante ello, la posici\u00f3n tomada por Roemer fue alabada por las autoridades israel\u00edes y instituciones jud\u00edos de todo el mundo.<\/p>\n\n\n\n<p>Recibi\u00f3 tambi\u00e9n el reconocimiento del actual primer ministro israel\u00ed, Benjam\u00edn Netanyahu, y de la ciudad israel\u00ed de Ramat Gan, que incluso nombr\u00f3 una calle con su nombre.<\/p>\n\n\n\n<p>A su vez, fue reconocido por grupos jud\u00edos de envergadura mundial como el Centro Sim\u00f3n Wiesenthal.<\/p>\n\n\n\n<p>Con informaci\u00f3n de EFE<\/p>\n","protected":false},"excerpt":{"rendered":"<p>Por Carolina Alonso Romei Internacionalista La Fiscal\u00eda israel\u00ed considera a Andr\u00e9s Roemer extraditable a M\u00e9xico,&#8230;<\/p>\n","protected":false},"author":2,"featured_media":105285,"comment_status":"open","ping_status":"open","sticky":false,"template":"","format":"standard","meta":{"_monsterinsights_skip_tracking":false,"_monsterinsights_sitenote_active":false,"_monsterinsights_sitenote_note":"","_monsterinsights_sitenote_category":0,"footnotes":""},"categories":[1],"tags":[],"class_list":["post-105283","post","type-post","status-publish","format-standard","has-post-thumbnail","hentry","category-sin-categoria"],"yoast_head":"<!-- This site is optimized with the Yoast SEO plugin v27.3 - https:\/\/yoast.com\/product\/yoast-seo-wordpress\/ -->\n<title>Internacionales\/\/\/Carolina Alonso Romei\/\/\/La Polic\u00eda israel\u00ed\u00a0detuvo\u00a0al escritor y exdiplom\u00e1tico mexicano\u00a0Andr\u00e9s\u00a0Roemer, acusado de abuso sexual por decenas de mujeres y pr\u00f3fugo en Israel -<\/title>\n<meta name=\"robots\" content=\"index, follow, max-snippet:-1, max-image-preview:large, max-video-preview:-1\" \/>\n<link rel=\"canonical\" href=\"https:\/\/quehacerpolitico.mx\/?p=105283\" \/>\n<meta property=\"og:locale\" content=\"es_MX\" \/>\n<meta property=\"og:type\" content=\"article\" \/>\n<meta property=\"og:title\" content=\"Internacionales\/\/\/Carolina Alonso Romei\/\/\/La Polic\u00eda israel\u00ed\u00a0detuvo\u00a0al escritor y exdiplom\u00e1tico mexicano\u00a0Andr\u00e9s\u00a0Roemer, acusado de abuso sexual por decenas de mujeres y pr\u00f3fugo en Israel -\" \/>\n<meta property=\"og:description\" content=\"Por Carolina Alonso Romei Internacionalista La Fiscal\u00eda israel\u00ed considera a Andr\u00e9s Roemer extraditable a M\u00e9xico,...\" \/>\n<meta property=\"og:url\" content=\"https:\/\/quehacerpolitico.mx\/?p=105283\" \/>\n<meta property=\"article:published_time\" content=\"2023-10-02T16:10:00+00:00\" \/>\n<meta property=\"article:modified_time\" content=\"2023-10-02T16:10:04+00:00\" \/>\n<meta property=\"og:image\" content=\"https:\/\/quehacerpolitico.mx\/wp-content\/uploads\/2023\/10\/IMG_1060.jpeg\" \/>\n\t<meta property=\"og:image:width\" content=\"739\" \/>\n\t<meta property=\"og:image:height\" content=\"415\" \/>\n\t<meta property=\"og:image:type\" content=\"image\/jpeg\" \/>\n<meta name=\"author\" content=\"Redacci\u00f3n QP\" \/>\n<meta name=\"twitter:card\" content=\"summary_large_image\" \/>\n<meta name=\"twitter:label1\" content=\"Escrito por\" \/>\n\t<meta name=\"twitter:data1\" content=\"Redacci\u00f3n QP\" \/>\n\t<meta name=\"twitter:label2\" content=\"Tiempo de lectura\" \/>\n\t<meta name=\"twitter:data2\" content=\"3 minutos\" \/>\n<script type=\"application\/ld+json\" class=\"yoast-schema-graph\">{\"@context\":\"https:\\\/\\\/schema.org\",\"@graph\":[{\"@type\":\"Article\",\"@id\":\"https:\\\/\\\/quehacerpolitico.mx\\\/?p=105283#article\",\"isPartOf\":{\"@id\":\"https:\\\/\\\/quehacerpolitico.mx\\\/?p=105283\"},\"author\":{\"name\":\"Redacci\u00f3n QP\",\"@id\":\"https:\\\/\\\/quehacerpolitico.mx\\\/#\\\/schema\\\/person\\\/496d8ad2d1d3f8036101dca7ee39e585\"},\"headline\":\"Internacionales\\\/\\\/\\\/Carolina Alonso Romei\\\/\\\/\\\/La Polic\u00eda israel\u00ed\u00a0detuvo\u00a0al escritor y exdiplom\u00e1tico mexicano\u00a0Andr\u00e9s\u00a0Roemer, acusado de abuso sexual por decenas de mujeres y pr\u00f3fugo en Israel\",\"datePublished\":\"2023-10-02T16:10:00+00:00\",\"dateModified\":\"2023-10-02T16:10:04+00:00\",\"mainEntityOfPage\":{\"@id\":\"https:\\\/\\\/quehacerpolitico.mx\\\/?p=105283\"},\"wordCount\":567,\"commentCount\":0,\"image\":{\"@id\":\"https:\\\/\\\/quehacerpolitico.mx\\\/?p=105283#primaryimage\"},\"thumbnailUrl\":\"https:\\\/\\\/quehacerpolitico.mx\\\/wp-content\\\/uploads\\\/2023\\\/10\\\/IMG_1060.jpeg\",\"articleSection\":[\"Internacionales\"],\"inLanguage\":\"es\",\"potentialAction\":[{\"@type\":\"CommentAction\",\"name\":\"Comment\",\"target\":[\"https:\\\/\\\/quehacerpolitico.mx\\\/?p=105283#respond\"]}]},{\"@type\":\"WebPage\",\"@id\":\"https:\\\/\\\/quehacerpolitico.mx\\\/?p=105283\",\"url\":\"https:\\\/\\\/quehacerpolitico.mx\\\/?p=105283\",\"name\":\"Internacionales\\\/\\\/\\\/Carolina Alonso Romei\\\/\\\/\\\/La Polic\u00eda israel\u00ed\u00a0detuvo\u00a0al escritor y exdiplom\u00e1tico mexicano\u00a0Andr\u00e9s\u00a0Roemer, acusado de abuso sexual por decenas de mujeres y pr\u00f3fugo en Israel -\",\"isPartOf\":{\"@id\":\"https:\\\/\\\/quehacerpolitico.mx\\\/#website\"},\"primaryImageOfPage\":{\"@id\":\"https:\\\/\\\/quehacerpolitico.mx\\\/?p=105283#primaryimage\"},\"image\":{\"@id\":\"https:\\\/\\\/quehacerpolitico.mx\\\/?p=105283#primaryimage\"},\"thumbnailUrl\":\"https:\\\/\\\/quehacerpolitico.mx\\\/wp-content\\\/uploads\\\/2023\\\/10\\\/IMG_1060.jpeg\",\"datePublished\":\"2023-10-02T16:10:00+00:00\",\"dateModified\":\"2023-10-02T16:10:04+00:00\",\"author\":{\"@id\":\"https:\\\/\\\/quehacerpolitico.mx\\\/#\\\/schema\\\/person\\\/496d8ad2d1d3f8036101dca7ee39e585\"},\"breadcrumb\":{\"@id\":\"https:\\\/\\\/quehacerpolitico.mx\\\/?p=105283#breadcrumb\"},\"inLanguage\":\"es\",\"potentialAction\":[{\"@type\":\"ReadAction\",\"target\":[\"https:\\\/\\\/quehacerpolitico.mx\\\/?p=105283\"]}]},{\"@type\":\"ImageObject\",\"inLanguage\":\"es\",\"@id\":\"https:\\\/\\\/quehacerpolitico.mx\\\/?p=105283#primaryimage\",\"url\":\"https:\\\/\\\/quehacerpolitico.mx\\\/wp-content\\\/uploads\\\/2023\\\/10\\\/IMG_1060.jpeg\",\"contentUrl\":\"https:\\\/\\\/quehacerpolitico.mx\\\/wp-content\\\/uploads\\\/2023\\\/10\\\/IMG_1060.jpeg\",\"width\":739,\"height\":415},{\"@type\":\"BreadcrumbList\",\"@id\":\"https:\\\/\\\/quehacerpolitico.mx\\\/?p=105283#breadcrumb\",\"itemListElement\":[{\"@type\":\"ListItem\",\"position\":1,\"name\":\"Inicio\",\"item\":\"https:\\\/\\\/quehacerpolitico.mx\\\/\"},{\"@type\":\"ListItem\",\"position\":2,\"name\":\"Internacionales\\\/\\\/\\\/Carolina Alonso Romei\\\/\\\/\\\/La Polic\u00eda israel\u00ed\u00a0detuvo\u00a0al escritor y exdiplom\u00e1tico mexicano\u00a0Andr\u00e9s\u00a0Roemer, acusado de abuso sexual por decenas de mujeres y pr\u00f3fugo en Israel\"}]},{\"@type\":\"WebSite\",\"@id\":\"https:\\\/\\\/quehacerpolitico.mx\\\/#website\",\"url\":\"https:\\\/\\\/quehacerpolitico.mx\\\/\",\"name\":\"\",\"description\":\"\",\"potentialAction\":[{\"@type\":\"SearchAction\",\"target\":{\"@type\":\"EntryPoint\",\"urlTemplate\":\"https:\\\/\\\/quehacerpolitico.mx\\\/?s={search_term_string}\"},\"query-input\":{\"@type\":\"PropertyValueSpecification\",\"valueRequired\":true,\"valueName\":\"search_term_string\"}}],\"inLanguage\":\"es\"},{\"@type\":\"Person\",\"@id\":\"https:\\\/\\\/quehacerpolitico.mx\\\/#\\\/schema\\\/person\\\/496d8ad2d1d3f8036101dca7ee39e585\",\"name\":\"Redacci\u00f3n QP\",\"image\":{\"@type\":\"ImageObject\",\"inLanguage\":\"es\",\"@id\":\"https:\\\/\\\/secure.gravatar.com\\\/avatar\\\/c7164ed6fdec453195284ad24a5ae5b6e1eed2b848477fa2a4787ba9adf39a41?s=96&d=mm&r=g\",\"url\":\"https:\\\/\\\/secure.gravatar.com\\\/avatar\\\/c7164ed6fdec453195284ad24a5ae5b6e1eed2b848477fa2a4787ba9adf39a41?s=96&d=mm&r=g\",\"contentUrl\":\"https:\\\/\\\/secure.gravatar.com\\\/avatar\\\/c7164ed6fdec453195284ad24a5ae5b6e1eed2b848477fa2a4787ba9adf39a41?s=96&d=mm&r=g\",\"caption\":\"Redacci\u00f3n QP\"},\"url\":\"https:\\\/\\\/quehacerpolitico.mx\\\/?author=2\"}]}<\/script>\n<!-- \/ Yoast SEO plugin. -->","yoast_head_json":{"title":"Internacionales\/\/\/Carolina Alonso Romei\/\/\/La Polic\u00eda israel\u00ed\u00a0detuvo\u00a0al escritor y exdiplom\u00e1tico mexicano\u00a0Andr\u00e9s\u00a0Roemer, acusado de abuso sexual por decenas de mujeres y pr\u00f3fugo en Israel -","robots":{"index":"index","follow":"follow","max-snippet":"max-snippet:-1","max-image-preview":"max-image-preview:large","max-video-preview":"max-video-preview:-1"},"canonical":"https:\/\/quehacerpolitico.mx\/?p=105283","og_locale":"es_MX","og_type":"article","og_title":"Internacionales\/\/\/Carolina Alonso Romei\/\/\/La Polic\u00eda israel\u00ed\u00a0detuvo\u00a0al escritor y exdiplom\u00e1tico mexicano\u00a0Andr\u00e9s\u00a0Roemer, acusado de abuso sexual por decenas de mujeres y pr\u00f3fugo en Israel -","og_description":"Por Carolina Alonso Romei Internacionalista La Fiscal\u00eda israel\u00ed considera a Andr\u00e9s Roemer extraditable a M\u00e9xico,...","og_url":"https:\/\/quehacerpolitico.mx\/?p=105283","article_published_time":"2023-10-02T16:10:00+00:00","article_modified_time":"2023-10-02T16:10:04+00:00","og_image":[{"width":739,"height":415,"url":"https:\/\/quehacerpolitico.mx\/wp-content\/uploads\/2023\/10\/IMG_1060.jpeg","type":"image\/jpeg"}],"author":"Redacci\u00f3n QP","twitter_card":"summary_large_image","twitter_misc":{"Escrito por":"Redacci\u00f3n QP","Tiempo de lectura":"3 minutos"},"schema":{"@context":"https:\/\/schema.org","@graph":[{"@type":"Article","@id":"https:\/\/quehacerpolitico.mx\/?p=105283#article","isPartOf":{"@id":"https:\/\/quehacerpolitico.mx\/?p=105283"},"author":{"name":"Redacci\u00f3n QP","@id":"https:\/\/quehacerpolitico.mx\/#\/schema\/person\/496d8ad2d1d3f8036101dca7ee39e585"},"headline":"Internacionales\/\/\/Carolina Alonso Romei\/\/\/La Polic\u00eda israel\u00ed\u00a0detuvo\u00a0al escritor y exdiplom\u00e1tico mexicano\u00a0Andr\u00e9s\u00a0Roemer, acusado de abuso sexual por decenas de mujeres y pr\u00f3fugo en Israel","datePublished":"2023-10-02T16:10:00+00:00","dateModified":"2023-10-02T16:10:04+00:00","mainEntityOfPage":{"@id":"https:\/\/quehacerpolitico.mx\/?p=105283"},"wordCount":567,"commentCount":0,"image":{"@id":"https:\/\/quehacerpolitico.mx\/?p=105283#primaryimage"},"thumbnailUrl":"https:\/\/quehacerpolitico.mx\/wp-content\/uploads\/2023\/10\/IMG_1060.jpeg","articleSection":["Internacionales"],"inLanguage":"es","potentialAction":[{"@type":"CommentAction","name":"Comment","target":["https:\/\/quehacerpolitico.mx\/?p=105283#respond"]}]},{"@type":"WebPage","@id":"https:\/\/quehacerpolitico.mx\/?p=105283","url":"https:\/\/quehacerpolitico.mx\/?p=105283","name":"Internacionales\/\/\/Carolina Alonso Romei\/\/\/La Polic\u00eda israel\u00ed\u00a0detuvo\u00a0al escritor y exdiplom\u00e1tico mexicano\u00a0Andr\u00e9s\u00a0Roemer, acusado de abuso sexual por decenas de mujeres y pr\u00f3fugo en Israel -","isPartOf":{"@id":"https:\/\/quehacerpolitico.mx\/#website"},"primaryImageOfPage":{"@id":"https:\/\/quehacerpolitico.mx\/?p=105283#primaryimage"},"image":{"@id":"https:\/\/quehacerpolitico.mx\/?p=105283#primaryimage"},"thumbnailUrl":"https:\/\/quehacerpolitico.mx\/wp-content\/uploads\/2023\/10\/IMG_1060.jpeg","datePublished":"2023-10-02T16:10:00+00:00","dateModified":"2023-10-02T16:10:04+00:00","author":{"@id":"https:\/\/quehacerpolitico.mx\/#\/schema\/person\/496d8ad2d1d3f8036101dca7ee39e585"},"breadcrumb":{"@id":"https:\/\/quehacerpolitico.mx\/?p=105283#breadcrumb"},"inLanguage":"es","potentialAction":[{"@type":"ReadAction","target":["https:\/\/quehacerpolitico.mx\/?p=105283"]}]},{"@type":"ImageObject","inLanguage":"es","@id":"https:\/\/quehacerpolitico.mx\/?p=105283#primaryimage","url":"https:\/\/quehacerpolitico.mx\/wp-content\/uploads\/2023\/10\/IMG_1060.jpeg","contentUrl":"https:\/\/quehacerpolitico.mx\/wp-content\/uploads\/2023\/10\/IMG_1060.jpeg","width":739,"height":415},{"@type":"BreadcrumbList","@id":"https:\/\/quehacerpolitico.mx\/?p=105283#breadcrumb","itemListElement":[{"@type":"ListItem","position":1,"name":"Inicio","item":"https:\/\/quehacerpolitico.mx\/"},{"@type":"ListItem","position":2,"name":"Internacionales\/\/\/Carolina Alonso Romei\/\/\/La Polic\u00eda israel\u00ed\u00a0detuvo\u00a0al escritor y exdiplom\u00e1tico mexicano\u00a0Andr\u00e9s\u00a0Roemer, acusado de abuso sexual por decenas de mujeres y pr\u00f3fugo en Israel"}]},{"@type":"WebSite","@id":"https:\/\/quehacerpolitico.mx\/#website","url":"https:\/\/quehacerpolitico.mx\/","name":"","description":"","potentialAction":[{"@type":"SearchAction","target":{"@type":"EntryPoint","urlTemplate":"https:\/\/quehacerpolitico.mx\/?s={search_term_string}"},"query-input":{"@type":"PropertyValueSpecification","valueRequired":true,"valueName":"search_term_string"}}],"inLanguage":"es"},{"@type":"Person","@id":"https:\/\/quehacerpolitico.mx\/#\/schema\/person\/496d8ad2d1d3f8036101dca7ee39e585","name":"Redacci\u00f3n QP","image":{"@type":"ImageObject","inLanguage":"es","@id":"https:\/\/secure.gravatar.com\/avatar\/c7164ed6fdec453195284ad24a5ae5b6e1eed2b848477fa2a4787ba9adf39a41?s=96&d=mm&r=g","url":"https:\/\/secure.gravatar.com\/avatar\/c7164ed6fdec453195284ad24a5ae5b6e1eed2b848477fa2a4787ba9adf39a41?s=96&d=mm&r=g","contentUrl":"https:\/\/secure.gravatar.com\/avatar\/c7164ed6fdec453195284ad24a5ae5b6e1eed2b848477fa2a4787ba9adf39a41?s=96&d=mm&r=g","caption":"Redacci\u00f3n QP"},"url":"https:\/\/quehacerpolitico.mx\/?author=2"}]}},"featured_image_urls":{"full":["https:\/\/quehacerpolitico.mx\/wp-content\/uploads\/2023\/10\/IMG_1060.jpeg",739,415,false],"thumbnail":["https:\/\/quehacerpolitico.mx\/wp-content\/uploads\/2023\/10\/IMG_1060-150x150.jpeg",150,150,true],"medium":["https:\/\/quehacerpolitico.mx\/wp-content\/uploads\/2023\/10\/IMG_1060-300x168.jpeg",300,168,true],"medium_large":["https:\/\/quehacerpolitico.mx\/wp-content\/uploads\/2023\/10\/IMG_1060.jpeg",640,359,false],"large":["https:\/\/quehacerpolitico.mx\/wp-content\/uploads\/2023\/10\/IMG_1060.jpeg",640,359,false],"1536x1536":["https:\/\/quehacerpolitico.mx\/wp-content\/uploads\/2023\/10\/IMG_1060.jpeg",739,415,false],"2048x2048":["https:\/\/quehacerpolitico.mx\/wp-content\/uploads\/2023\/10\/IMG_1060.jpeg",739,415,false],"covernews-featured":["https:\/\/quehacerpolitico.mx\/wp-content\/uploads\/2023\/10\/IMG_1060.jpeg",739,415,false],"covernews-medium":["https:\/\/quehacerpolitico.mx\/wp-content\/uploads\/2023\/10\/IMG_1060.jpeg",540,303,false]},"author_info":{"display_name":"Redacci\u00f3n QP","author_link":"https:\/\/quehacerpolitico.mx\/?author=2"},"category_info":"<a href=\"https:\/\/quehacerpolitico.mx\/?cat=1\" rel=\"category\">Internacionales<\/a>","tag_info":"Internacionales","comment_count":"0","_links":{"self":[{"href":"https:\/\/quehacerpolitico.mx\/index.php?rest_route=\/wp\/v2\/posts\/105283","targetHints":{"allow":["GET"]}}],"collection":[{"href":"https:\/\/quehacerpolitico.mx\/index.php?rest_route=\/wp\/v2\/posts"}],"about":[{"href":"https:\/\/quehacerpolitico.mx\/index.php?rest_route=\/wp\/v2\/types\/post"}],"author":[{"embeddable":true,"href":"https:\/\/quehacerpolitico.mx\/index.php?rest_route=\/wp\/v2\/users\/2"}],"replies":[{"embeddable":true,"href":"https:\/\/quehacerpolitico.mx\/index.php?rest_route=%2Fwp%2Fv2%2Fcomments&post=105283"}],"version-history":[{"count":1,"href":"https:\/\/quehacerpolitico.mx\/index.php?rest_route=\/wp\/v2\/posts\/105283\/revisions"}],"predecessor-version":[{"id":105286,"href":"https:\/\/quehacerpolitico.mx\/index.php?rest_route=\/wp\/v2\/posts\/105283\/revisions\/105286"}],"wp:featuredmedia":[{"embeddable":true,"href":"https:\/\/quehacerpolitico.mx\/index.php?rest_route=\/wp\/v2\/media\/105285"}],"wp:attachment":[{"href":"https:\/\/quehacerpolitico.mx\/index.php?rest_route=%2Fwp%2Fv2%2Fmedia&parent=105283"}],"wp:term":[{"taxonomy":"category","embeddable":true,"href":"https:\/\/quehacerpolitico.mx\/index.php?rest_route=%2Fwp%2Fv2%2Fcategories&post=105283"},{"taxonomy":"post_tag","embeddable":true,"href":"https:\/\/quehacerpolitico.mx\/index.php?rest_route=%2Fwp%2Fv2%2Ftags&post=105283"}],"curies":[{"name":"wp","href":"https:\/\/api.w.org\/{rel}","templated":true}]}}