{"id":105255,"date":"2023-09-28T19:26:09","date_gmt":"2023-09-28T19:26:09","guid":{"rendered":"https:\/\/quehacerpolitico.mx\/?p=105255"},"modified":"2023-09-28T19:26:11","modified_gmt":"2023-09-28T19:26:11","slug":"prepara-tu-sillon-favorito-para-los-estrenos-de-este-jueves-28-de-septiembre-en-netflix","status":"publish","type":"post","link":"https:\/\/quehacerpolitico.mx\/?p=105255","title":{"rendered":"Prepara tu sill\u00f3n favorito para los estrenos de este jueves 28 de septiembre en Netflix"},"content":{"rendered":"\n<p>Por Redacci\u00f3n QP<\/p>\n\n\n\n<p>Conoce cu\u00e1les son los nuevos contenidos que se estrenan hoy en Netflix<\/p>\n\n\n\n<p><strong>Este jueves 28 de septiembre se estrenan nuevos contenidos en Netflix, la plataforma de&nbsp;<em>streaming<\/em>&nbsp;m\u00e1s famosa del mundo<\/strong>. Y en este d\u00eda se estrenan series, pel\u00edculas y documental que llamar\u00e1 la atenci\u00f3n de los suscriptores, prepara tu espacio y despu\u00e9s de tus actividades cotidianas, toma tu tiempo para disfrutar de estos nuevos lanzamientos en Netflix.<\/p>\n\n\n\n<figure class=\"wp-block-image\"><img decoding=\"async\" src=\"https:\/\/www.informador.mx\/__export\/1695916800172\/sites\/elinformador\/img\/2023\/09\/27\/clastevania_nocturno_1_crop1695847581403.jpg_71210540.jpg\" alt=\"\"\/><figcaption class=\"wp-element-caption\"><em>Clastevania Nocturno<\/em>. ESPECIAL\/NETFLIX.&nbsp;<\/figcaption><\/figure>\n\n\n\n<h4 class=\"wp-block-heading\">Clastevania Nocturno<\/h4>\n\n\n\n<p>Es una serie de\u00a0<em>anime<\/em>\u00a0de terror y acci\u00f3n que consta de ocho episodios, la cual ya est\u00e1 disponible en Netflix. En 1792 el apogeo de la Revoluci\u00f3n Francesa.\u00a0<strong>En un lugar remoto del oeste de Francia, la aristocracia antirrevolucionaria entabla una alianza con el temible\u00a0<em>Mes\u00edas Vampiro<\/em>, quien prometi\u00f3 \u201ccomerse el sol\u201d y desplegar un ej\u00e9rcito de vampiros y criaturas nocturnas para acabar con la revoluci\u00f3n y esclavizar a la humanidad<\/strong>.\u00a0<em>Annette<\/em>, una bruja proveniente del Caribe, busca a\u00a0<em>Richter Belmont<\/em>, el \u00faltimo descendiente de la m\u00edtica familia de cazavampiros, para que lidere la resistencia.<\/p>\n\n\n\n<figure class=\"wp-block-image\"><img decoding=\"async\" src=\"https:\/\/www.informador.mx\/__export\/1695916800253\/sites\/elinformador\/img\/2023\/09\/27\/el_amor_esta_en_el_aire_2_crop1695847866342.jpg_71210540.jpg\" alt=\"\"\/><figcaption class=\"wp-element-caption\"><strong>El amor est\u00e1 en el aire<\/strong>. ESPECIAL\/NETFLIX.&nbsp;<\/figcaption><\/figure>\n\n\n\n<h4 class=\"wp-block-heading\">El amor est\u00e1 en el aire<\/h4>\n\n\n\n<p>Es una comedia rom\u00e1ntica dirigida por Adrian Powers que a partir de hoy est\u00e1 disponible en Netflix.\u00a0<em>Dana Randall\u00a0<\/em>es una dedicada piloto para Fullerton Airways, una aerol\u00ednea sin fines de lucro que opera en la paradisiaca regi\u00f3n tropical de Australia. Junto con\u00a0<em>Jeff<\/em>, su padre, y\u00a0<em>Nikki<\/em>, su mejor amiga mec\u00e1nica,\u00a0<strong>el peque\u00f1o equipo de\u00a0<em>Dana\u00a0<\/em>ofrece servicios a\u00e9reos de primera necesidad para las comunidades isle\u00f1as locales. Es all\u00ed que llega\u00a0<em>William<\/em>\u00a0\u2014un representante de la empresa londinense ITCM Financial\u2014 para revisar la contabilidad de Fullerton Airways<\/strong>.\u00a0<em>Dana<\/em>\u00a0lo recibe, muy consciente de que su peque\u00f1a aerol\u00ednea depende de los subsidios de la gran corporaci\u00f3n. Pero\u00a0<em>William<\/em>\u00a0est\u00e1 all\u00ed para confirmar la cr\u00edtica situaci\u00f3n financiera de Fullerton Airways y preparar su cierre. Sin embargo, cuanto m\u00e1s tiempo pasa\u00a0<em>William<\/em>\u00a0con\u00a0<em>Dana<\/em>\u00a0se van enamorando.<\/p>\n\n\n\n<figure class=\"wp-block-image\"><img decoding=\"async\" src=\"https:\/\/www.informador.mx\/__export\/1695916800311\/sites\/elinformador\/img\/2023\/09\/27\/la_oscuridad_de_la_luz_del_mundo_2_crop1695848148963.jpg_70287019.jpg\" alt=\"\"\/><figcaption class=\"wp-element-caption\"><strong>La oscuridad de La Luz del Mundo<\/strong>. ESPECIAL\/NETFLIX.&nbsp;<\/figcaption><\/figure>\n\n\n\n<h4 class=\"wp-block-heading\">La oscuridad de La Luz del Mundo<\/h4>\n\n\n\n<p>Es una pel\u00edcula documental de Carlos P\u00e9rez Osorio y ya se puede ver en Netflix. En este desgarrador documental, se conocer por primera vez, los testimonios de las mujeres que denunciaron los abusos sufridos a manos de Naas\u00f3n Joaqu\u00edn Garc\u00eda, l\u00edder de la iglesia La Luz del Mundo.<strong>&nbsp;En 2019, Naas\u00f3n Joaqu\u00edn Garc\u00eda, l\u00edder de la iglesia La Luz del Mundo y autoproclamado \u201cAp\u00f3stol de Jesucristo\u201d\u00bb, fue detenido en Estados Unidos por 26 cargos, entre ellos, trata de personas, violaci\u00f3n y pornograf\u00eda infantil<\/strong>. La noticia provoc\u00f3 una larga batalla entre los m\u00faltiples denunciantes en busca de justicia y una congregaci\u00f3n que defend\u00eda firmemente a su l\u00edder.<\/p>\n","protected":false},"excerpt":{"rendered":"<p>Por Redacci\u00f3n QP Conoce cu\u00e1les son los nuevos contenidos que se estrenan hoy en Netflix&#8230;<\/p>\n","protected":false},"author":2,"featured_media":105256,"comment_status":"open","ping_status":"open","sticky":false,"template":"","format":"standard","meta":{"_monsterinsights_skip_tracking":false,"_monsterinsights_sitenote_active":false,"_monsterinsights_sitenote_note":"","_monsterinsights_sitenote_category":0,"footnotes":""},"categories":[58],"tags":[],"class_list":["post-105255","post","type-post","status-publish","format-standard","has-post-thumbnail","hentry","category-cultura"],"yoast_head":"<!-- This site is optimized with the Yoast SEO plugin v27.3 - https:\/\/yoast.com\/product\/yoast-seo-wordpress\/ -->\n<title>Prepara tu sill\u00f3n favorito para los estrenos de este jueves 28 de septiembre en Netflix -<\/title>\n<meta name=\"robots\" content=\"index, follow, max-snippet:-1, max-image-preview:large, max-video-preview:-1\" \/>\n<link rel=\"canonical\" href=\"https:\/\/quehacerpolitico.mx\/?p=105255\" \/>\n<meta property=\"og:locale\" content=\"es_MX\" \/>\n<meta property=\"og:type\" content=\"article\" \/>\n<meta property=\"og:title\" content=\"Prepara tu sill\u00f3n favorito para los estrenos de este jueves 28 de septiembre en Netflix -\" \/>\n<meta property=\"og:description\" content=\"Por Redacci\u00f3n QP Conoce cu\u00e1les son los nuevos contenidos que se estrenan hoy en Netflix...\" \/>\n<meta property=\"og:url\" content=\"https:\/\/quehacerpolitico.mx\/?p=105255\" \/>\n<meta property=\"article:published_time\" content=\"2023-09-28T19:26:09+00:00\" \/>\n<meta property=\"article:modified_time\" content=\"2023-09-28T19:26:11+00:00\" \/>\n<meta property=\"og:image\" content=\"https:\/\/quehacerpolitico.mx\/wp-content\/uploads\/2023\/09\/IMG_1032.jpeg\" \/>\n\t<meta property=\"og:image:width\" content=\"739\" \/>\n\t<meta property=\"og:image:height\" content=\"415\" \/>\n\t<meta property=\"og:image:type\" content=\"image\/jpeg\" \/>\n<meta name=\"author\" content=\"Redacci\u00f3n QP\" \/>\n<meta name=\"twitter:card\" content=\"summary_large_image\" \/>\n<meta name=\"twitter:label1\" content=\"Escrito por\" \/>\n\t<meta name=\"twitter:data1\" content=\"Redacci\u00f3n QP\" \/>\n\t<meta name=\"twitter:label2\" content=\"Tiempo de lectura\" \/>\n\t<meta name=\"twitter:data2\" content=\"2 minutos\" \/>\n<script type=\"application\/ld+json\" class=\"yoast-schema-graph\">{\"@context\":\"https:\\\/\\\/schema.org\",\"@graph\":[{\"@type\":\"Article\",\"@id\":\"https:\\\/\\\/quehacerpolitico.mx\\\/?p=105255#article\",\"isPartOf\":{\"@id\":\"https:\\\/\\\/quehacerpolitico.mx\\\/?p=105255\"},\"author\":{\"name\":\"Redacci\u00f3n QP\",\"@id\":\"https:\\\/\\\/quehacerpolitico.mx\\\/#\\\/schema\\\/person\\\/496d8ad2d1d3f8036101dca7ee39e585\"},\"headline\":\"Prepara tu sill\u00f3n favorito para los estrenos de este jueves 28 de septiembre en Netflix\",\"datePublished\":\"2023-09-28T19:26:09+00:00\",\"dateModified\":\"2023-09-28T19:26:11+00:00\",\"mainEntityOfPage\":{\"@id\":\"https:\\\/\\\/quehacerpolitico.mx\\\/?p=105255\"},\"wordCount\":504,\"commentCount\":0,\"image\":{\"@id\":\"https:\\\/\\\/quehacerpolitico.mx\\\/?p=105255#primaryimage\"},\"thumbnailUrl\":\"https:\\\/\\\/quehacerpolitico.mx\\\/wp-content\\\/uploads\\\/2023\\\/09\\\/IMG_1032.jpeg\",\"articleSection\":[\"Cultura y Entretenimiento\"],\"inLanguage\":\"es\",\"potentialAction\":[{\"@type\":\"CommentAction\",\"name\":\"Comment\",\"target\":[\"https:\\\/\\\/quehacerpolitico.mx\\\/?p=105255#respond\"]}]},{\"@type\":\"WebPage\",\"@id\":\"https:\\\/\\\/quehacerpolitico.mx\\\/?p=105255\",\"url\":\"https:\\\/\\\/quehacerpolitico.mx\\\/?p=105255\",\"name\":\"Prepara tu sill\u00f3n favorito para los estrenos de este jueves 28 de septiembre en Netflix -\",\"isPartOf\":{\"@id\":\"https:\\\/\\\/quehacerpolitico.mx\\\/#website\"},\"primaryImageOfPage\":{\"@id\":\"https:\\\/\\\/quehacerpolitico.mx\\\/?p=105255#primaryimage\"},\"image\":{\"@id\":\"https:\\\/\\\/quehacerpolitico.mx\\\/?p=105255#primaryimage\"},\"thumbnailUrl\":\"https:\\\/\\\/quehacerpolitico.mx\\\/wp-content\\\/uploads\\\/2023\\\/09\\\/IMG_1032.jpeg\",\"datePublished\":\"2023-09-28T19:26:09+00:00\",\"dateModified\":\"2023-09-28T19:26:11+00:00\",\"author\":{\"@id\":\"https:\\\/\\\/quehacerpolitico.mx\\\/#\\\/schema\\\/person\\\/496d8ad2d1d3f8036101dca7ee39e585\"},\"breadcrumb\":{\"@id\":\"https:\\\/\\\/quehacerpolitico.mx\\\/?p=105255#breadcrumb\"},\"inLanguage\":\"es\",\"potentialAction\":[{\"@type\":\"ReadAction\",\"target\":[\"https:\\\/\\\/quehacerpolitico.mx\\\/?p=105255\"]}]},{\"@type\":\"ImageObject\",\"inLanguage\":\"es\",\"@id\":\"https:\\\/\\\/quehacerpolitico.mx\\\/?p=105255#primaryimage\",\"url\":\"https:\\\/\\\/quehacerpolitico.mx\\\/wp-content\\\/uploads\\\/2023\\\/09\\\/IMG_1032.jpeg\",\"contentUrl\":\"https:\\\/\\\/quehacerpolitico.mx\\\/wp-content\\\/uploads\\\/2023\\\/09\\\/IMG_1032.jpeg\",\"width\":739,\"height\":415},{\"@type\":\"BreadcrumbList\",\"@id\":\"https:\\\/\\\/quehacerpolitico.mx\\\/?p=105255#breadcrumb\",\"itemListElement\":[{\"@type\":\"ListItem\",\"position\":1,\"name\":\"Inicio\",\"item\":\"https:\\\/\\\/quehacerpolitico.mx\\\/\"},{\"@type\":\"ListItem\",\"position\":2,\"name\":\"Prepara tu sill\u00f3n favorito para los estrenos de este jueves 28 de septiembre en Netflix\"}]},{\"@type\":\"WebSite\",\"@id\":\"https:\\\/\\\/quehacerpolitico.mx\\\/#website\",\"url\":\"https:\\\/\\\/quehacerpolitico.mx\\\/\",\"name\":\"\",\"description\":\"\",\"potentialAction\":[{\"@type\":\"SearchAction\",\"target\":{\"@type\":\"EntryPoint\",\"urlTemplate\":\"https:\\\/\\\/quehacerpolitico.mx\\\/?s={search_term_string}\"},\"query-input\":{\"@type\":\"PropertyValueSpecification\",\"valueRequired\":true,\"valueName\":\"search_term_string\"}}],\"inLanguage\":\"es\"},{\"@type\":\"Person\",\"@id\":\"https:\\\/\\\/quehacerpolitico.mx\\\/#\\\/schema\\\/person\\\/496d8ad2d1d3f8036101dca7ee39e585\",\"name\":\"Redacci\u00f3n QP\",\"image\":{\"@type\":\"ImageObject\",\"inLanguage\":\"es\",\"@id\":\"https:\\\/\\\/secure.gravatar.com\\\/avatar\\\/c7164ed6fdec453195284ad24a5ae5b6e1eed2b848477fa2a4787ba9adf39a41?s=96&d=mm&r=g\",\"url\":\"https:\\\/\\\/secure.gravatar.com\\\/avatar\\\/c7164ed6fdec453195284ad24a5ae5b6e1eed2b848477fa2a4787ba9adf39a41?s=96&d=mm&r=g\",\"contentUrl\":\"https:\\\/\\\/secure.gravatar.com\\\/avatar\\\/c7164ed6fdec453195284ad24a5ae5b6e1eed2b848477fa2a4787ba9adf39a41?s=96&d=mm&r=g\",\"caption\":\"Redacci\u00f3n QP\"},\"url\":\"https:\\\/\\\/quehacerpolitico.mx\\\/?author=2\"}]}<\/script>\n<!-- \/ Yoast SEO plugin. -->","yoast_head_json":{"title":"Prepara tu sill\u00f3n favorito para los estrenos de este jueves 28 de septiembre en Netflix -","robots":{"index":"index","follow":"follow","max-snippet":"max-snippet:-1","max-image-preview":"max-image-preview:large","max-video-preview":"max-video-preview:-1"},"canonical":"https:\/\/quehacerpolitico.mx\/?p=105255","og_locale":"es_MX","og_type":"article","og_title":"Prepara tu sill\u00f3n favorito para los estrenos de este jueves 28 de septiembre en Netflix -","og_description":"Por Redacci\u00f3n QP Conoce cu\u00e1les son los nuevos contenidos que se estrenan hoy en Netflix...","og_url":"https:\/\/quehacerpolitico.mx\/?p=105255","article_published_time":"2023-09-28T19:26:09+00:00","article_modified_time":"2023-09-28T19:26:11+00:00","og_image":[{"width":739,"height":415,"url":"https:\/\/quehacerpolitico.mx\/wp-content\/uploads\/2023\/09\/IMG_1032.jpeg","type":"image\/jpeg"}],"author":"Redacci\u00f3n QP","twitter_card":"summary_large_image","twitter_misc":{"Escrito por":"Redacci\u00f3n QP","Tiempo de lectura":"2 minutos"},"schema":{"@context":"https:\/\/schema.org","@graph":[{"@type":"Article","@id":"https:\/\/quehacerpolitico.mx\/?p=105255#article","isPartOf":{"@id":"https:\/\/quehacerpolitico.mx\/?p=105255"},"author":{"name":"Redacci\u00f3n QP","@id":"https:\/\/quehacerpolitico.mx\/#\/schema\/person\/496d8ad2d1d3f8036101dca7ee39e585"},"headline":"Prepara tu sill\u00f3n favorito para los estrenos de este jueves 28 de septiembre en Netflix","datePublished":"2023-09-28T19:26:09+00:00","dateModified":"2023-09-28T19:26:11+00:00","mainEntityOfPage":{"@id":"https:\/\/quehacerpolitico.mx\/?p=105255"},"wordCount":504,"commentCount":0,"image":{"@id":"https:\/\/quehacerpolitico.mx\/?p=105255#primaryimage"},"thumbnailUrl":"https:\/\/quehacerpolitico.mx\/wp-content\/uploads\/2023\/09\/IMG_1032.jpeg","articleSection":["Cultura y Entretenimiento"],"inLanguage":"es","potentialAction":[{"@type":"CommentAction","name":"Comment","target":["https:\/\/quehacerpolitico.mx\/?p=105255#respond"]}]},{"@type":"WebPage","@id":"https:\/\/quehacerpolitico.mx\/?p=105255","url":"https:\/\/quehacerpolitico.mx\/?p=105255","name":"Prepara tu sill\u00f3n favorito para los estrenos de este jueves 28 de septiembre en Netflix -","isPartOf":{"@id":"https:\/\/quehacerpolitico.mx\/#website"},"primaryImageOfPage":{"@id":"https:\/\/quehacerpolitico.mx\/?p=105255#primaryimage"},"image":{"@id":"https:\/\/quehacerpolitico.mx\/?p=105255#primaryimage"},"thumbnailUrl":"https:\/\/quehacerpolitico.mx\/wp-content\/uploads\/2023\/09\/IMG_1032.jpeg","datePublished":"2023-09-28T19:26:09+00:00","dateModified":"2023-09-28T19:26:11+00:00","author":{"@id":"https:\/\/quehacerpolitico.mx\/#\/schema\/person\/496d8ad2d1d3f8036101dca7ee39e585"},"breadcrumb":{"@id":"https:\/\/quehacerpolitico.mx\/?p=105255#breadcrumb"},"inLanguage":"es","potentialAction":[{"@type":"ReadAction","target":["https:\/\/quehacerpolitico.mx\/?p=105255"]}]},{"@type":"ImageObject","inLanguage":"es","@id":"https:\/\/quehacerpolitico.mx\/?p=105255#primaryimage","url":"https:\/\/quehacerpolitico.mx\/wp-content\/uploads\/2023\/09\/IMG_1032.jpeg","contentUrl":"https:\/\/quehacerpolitico.mx\/wp-content\/uploads\/2023\/09\/IMG_1032.jpeg","width":739,"height":415},{"@type":"BreadcrumbList","@id":"https:\/\/quehacerpolitico.mx\/?p=105255#breadcrumb","itemListElement":[{"@type":"ListItem","position":1,"name":"Inicio","item":"https:\/\/quehacerpolitico.mx\/"},{"@type":"ListItem","position":2,"name":"Prepara tu sill\u00f3n favorito para los estrenos de este jueves 28 de septiembre en Netflix"}]},{"@type":"WebSite","@id":"https:\/\/quehacerpolitico.mx\/#website","url":"https:\/\/quehacerpolitico.mx\/","name":"","description":"","potentialAction":[{"@type":"SearchAction","target":{"@type":"EntryPoint","urlTemplate":"https:\/\/quehacerpolitico.mx\/?s={search_term_string}"},"query-input":{"@type":"PropertyValueSpecification","valueRequired":true,"valueName":"search_term_string"}}],"inLanguage":"es"},{"@type":"Person","@id":"https:\/\/quehacerpolitico.mx\/#\/schema\/person\/496d8ad2d1d3f8036101dca7ee39e585","name":"Redacci\u00f3n QP","image":{"@type":"ImageObject","inLanguage":"es","@id":"https:\/\/secure.gravatar.com\/avatar\/c7164ed6fdec453195284ad24a5ae5b6e1eed2b848477fa2a4787ba9adf39a41?s=96&d=mm&r=g","url":"https:\/\/secure.gravatar.com\/avatar\/c7164ed6fdec453195284ad24a5ae5b6e1eed2b848477fa2a4787ba9adf39a41?s=96&d=mm&r=g","contentUrl":"https:\/\/secure.gravatar.com\/avatar\/c7164ed6fdec453195284ad24a5ae5b6e1eed2b848477fa2a4787ba9adf39a41?s=96&d=mm&r=g","caption":"Redacci\u00f3n QP"},"url":"https:\/\/quehacerpolitico.mx\/?author=2"}]}},"featured_image_urls":{"full":["https:\/\/quehacerpolitico.mx\/wp-content\/uploads\/2023\/09\/IMG_1032.jpeg",739,415,false],"thumbnail":["https:\/\/quehacerpolitico.mx\/wp-content\/uploads\/2023\/09\/IMG_1032-150x150.jpeg",150,150,true],"medium":["https:\/\/quehacerpolitico.mx\/wp-content\/uploads\/2023\/09\/IMG_1032-300x168.jpeg",300,168,true],"medium_large":["https:\/\/quehacerpolitico.mx\/wp-content\/uploads\/2023\/09\/IMG_1032.jpeg",640,359,false],"large":["https:\/\/quehacerpolitico.mx\/wp-content\/uploads\/2023\/09\/IMG_1032.jpeg",640,359,false],"1536x1536":["https:\/\/quehacerpolitico.mx\/wp-content\/uploads\/2023\/09\/IMG_1032.jpeg",739,415,false],"2048x2048":["https:\/\/quehacerpolitico.mx\/wp-content\/uploads\/2023\/09\/IMG_1032.jpeg",739,415,false],"covernews-featured":["https:\/\/quehacerpolitico.mx\/wp-content\/uploads\/2023\/09\/IMG_1032.jpeg",739,415,false],"covernews-medium":["https:\/\/quehacerpolitico.mx\/wp-content\/uploads\/2023\/09\/IMG_1032.jpeg",540,303,false]},"author_info":{"display_name":"Redacci\u00f3n QP","author_link":"https:\/\/quehacerpolitico.mx\/?author=2"},"category_info":"<a href=\"https:\/\/quehacerpolitico.mx\/?cat=58\" rel=\"category\">Cultura y Entretenimiento<\/a>","tag_info":"Cultura y Entretenimiento","comment_count":"0","_links":{"self":[{"href":"https:\/\/quehacerpolitico.mx\/index.php?rest_route=\/wp\/v2\/posts\/105255","targetHints":{"allow":["GET"]}}],"collection":[{"href":"https:\/\/quehacerpolitico.mx\/index.php?rest_route=\/wp\/v2\/posts"}],"about":[{"href":"https:\/\/quehacerpolitico.mx\/index.php?rest_route=\/wp\/v2\/types\/post"}],"author":[{"embeddable":true,"href":"https:\/\/quehacerpolitico.mx\/index.php?rest_route=\/wp\/v2\/users\/2"}],"replies":[{"embeddable":true,"href":"https:\/\/quehacerpolitico.mx\/index.php?rest_route=%2Fwp%2Fv2%2Fcomments&post=105255"}],"version-history":[{"count":1,"href":"https:\/\/quehacerpolitico.mx\/index.php?rest_route=\/wp\/v2\/posts\/105255\/revisions"}],"predecessor-version":[{"id":105257,"href":"https:\/\/quehacerpolitico.mx\/index.php?rest_route=\/wp\/v2\/posts\/105255\/revisions\/105257"}],"wp:featuredmedia":[{"embeddable":true,"href":"https:\/\/quehacerpolitico.mx\/index.php?rest_route=\/wp\/v2\/media\/105256"}],"wp:attachment":[{"href":"https:\/\/quehacerpolitico.mx\/index.php?rest_route=%2Fwp%2Fv2%2Fmedia&parent=105255"}],"wp:term":[{"taxonomy":"category","embeddable":true,"href":"https:\/\/quehacerpolitico.mx\/index.php?rest_route=%2Fwp%2Fv2%2Fcategories&post=105255"},{"taxonomy":"post_tag","embeddable":true,"href":"https:\/\/quehacerpolitico.mx\/index.php?rest_route=%2Fwp%2Fv2%2Ftags&post=105255"}],"curies":[{"name":"wp","href":"https:\/\/api.w.org\/{rel}","templated":true}]}}