{"id":105239,"date":"2023-09-28T16:39:53","date_gmt":"2023-09-28T16:39:53","guid":{"rendered":"https:\/\/quehacerpolitico.mx\/?p=105239"},"modified":"2023-09-28T16:39:57","modified_gmt":"2023-09-28T16:39:57","slug":"a-falta-de-vuelos-en-el-aifa-organizan-desfile-de-modas-con-la-presencia-de-un-amigo-de-andy-lopez-beltran","status":"publish","type":"post","link":"https:\/\/quehacerpolitico.mx\/?p=105239","title":{"rendered":"A falta de vuelos en el AIFA organizan desfile de modas con la presencia de un amigo de Andy L\u00f3pez Beltr\u00e1n"},"content":{"rendered":"\n<p>Por Redacci\u00f3n QP<\/p>\n\n\n\n<p>Las instalaciones del\u00a0<strong>Aeropuerto Internacional Felipe \u00c1ngeles<\/strong>\u00a0(AIFA) fueron utilizadas este mi\u00e9rcoles para organizar una pasarela de modas de una marca de ropa, seg\u00fan consta en fotograf\u00edas y videos compartidos en redes sociales.<\/p>\n\n\n\n<p>Diego Jim\u00e9nez Labora, amigo de\u00a0<strong>Andr\u00e9s L\u00f3pez Beltr\u00e1n<\/strong>, hijo del presidente\u00a0<strong>Andr\u00e9s Manuel L\u00f3pez Obrador<\/strong>, comparti\u00f3 en su cuenta de Instagram fotograf\u00edas del evento realizado en las bandas caminadoras el\u00e9ctricas y salas de espera del aeropuerto, insignia de este gobierno.<\/p>\n\n\n\n<p>En la transmisi\u00f3n hecha por la marca\u00a0<strong>Barrag\u00e1n<\/strong>se logra apreciar a elementos de la\u00a0<strong>Guardia Nacional<\/strong>\u00a0en el evento, que se logr\u00f3 realizar en ese aeropuerto ante la falta de pasajeros, algo impensable en el Aeropuerto Internacional de la\u00a0<strong>Ciudad de M\u00e9xico<\/strong>.<\/p>\n\n\n\n<figure class=\"wp-block-embed is-type-video is-provider-youtube wp-block-embed-youtube wp-embed-aspect-16-9 wp-has-aspect-ratio\"><div class=\"wp-block-embed__wrapper\">\n<iframe loading=\"lazy\" title=\"El AIFA y la... \u00a1Pasarela!\" width=\"640\" height=\"360\" src=\"https:\/\/www.youtube.com\/embed\/HTlsLvjRDI8?feature=oembed\" frameborder=\"0\" allow=\"accelerometer; autoplay; clipboard-write; encrypted-media; gyroscope; picture-in-picture; web-share\" referrerpolicy=\"strict-origin-when-cross-origin\" allowfullscreen><\/iframe>\n<\/div><\/figure>\n\n\n\n<p><em>Latinus<\/em>&nbsp;document\u00f3 en mayo de este a\u00f1o que Jim\u00e9nez Labora y su primo&nbsp;<strong>Alejandro Castro Jim\u00e9nez<\/strong>&nbsp;Labora son amigos de&nbsp;<strong>Andr\u00e9s L\u00f3pez Beltr\u00e1n<\/strong>. Alejandro Castro forma parte de una red de empresas que ha obtenido contratos del gobierno federal, uno de esos contratos fue otorgado por la Comisi\u00f3n Nacional del Agua para la gerencia de proyectos del parque ecol\u00f3gico que se desarrolla en los terrenos de lo que ser\u00eda el aeropuerto de Texcoco.<\/p>\n\n\n\n<p>El presidente L\u00f3pez Obrador decidi\u00f3 construir el&nbsp;<strong>aeropuerto Felipe \u00c1ngeles<\/strong>&nbsp;tras cancelar la construcci\u00f3n del aeropuerto de Texcoco por supuesta corrupci\u00f3n.<\/p>\n\n\n\n<p>Tambi\u00e9n la administraci\u00f3n de la entonces jefa de Gobierno, Claudia Sheinbaum, recomend\u00f3 a los contratistas del complejo cultural Chapultepec la compra de muebles urbanos a una empresa de Santiago Jim\u00e9nez Labora, hermano de Diego.<\/p>\n\n\n\n<p>Dentro de quienes desfilaron en el&nbsp;<strong>AIFA<\/strong>&nbsp;se encuentra el artista Eme Malafe, quien es representado por la agencia TSM. Dicha agencia es parte de Grupo ECO, propiedad de Diego Jim\u00e9nez Labora.<\/p>\n\n\n\n<p>De acuerdo con la p\u00e1gina web de la marca, esta cuenta con registro en Estados Unidos y no ante las autoridades mexicanas. Sin embargo, su fundador es el mexicano V\u00edctor Barrag\u00e1n, radicado en Nueva York.<\/p>\n\n\n\n<p>Con informaci\u00f3n de LatinUS<\/p>\n","protected":false},"excerpt":{"rendered":"<p>Por Redacci\u00f3n QP Las instalaciones del\u00a0Aeropuerto Internacional Felipe \u00c1ngeles\u00a0(AIFA) fueron utilizadas este mi\u00e9rcoles para organizar&#8230;<\/p>\n","protected":false},"author":2,"featured_media":105240,"comment_status":"open","ping_status":"open","sticky":false,"template":"","format":"standard","meta":{"_monsterinsights_skip_tracking":false,"_monsterinsights_sitenote_active":false,"_monsterinsights_sitenote_note":"","_monsterinsights_sitenote_category":0,"footnotes":""},"categories":[2],"tags":[],"class_list":["post-105239","post","type-post","status-publish","format-standard","has-post-thumbnail","hentry","category-noticias"],"yoast_head":"<!-- This site is optimized with the Yoast SEO plugin v27.3 - https:\/\/yoast.com\/product\/yoast-seo-wordpress\/ -->\n<title>A falta de vuelos en el AIFA organizan desfile de modas con la presencia de un amigo de Andy L\u00f3pez Beltr\u00e1n -<\/title>\n<meta name=\"robots\" content=\"index, follow, max-snippet:-1, max-image-preview:large, max-video-preview:-1\" \/>\n<link rel=\"canonical\" href=\"https:\/\/quehacerpolitico.mx\/?p=105239\" \/>\n<meta property=\"og:locale\" content=\"es_MX\" \/>\n<meta property=\"og:type\" content=\"article\" \/>\n<meta property=\"og:title\" content=\"A falta de vuelos en el AIFA organizan desfile de modas con la presencia de un amigo de Andy L\u00f3pez Beltr\u00e1n -\" \/>\n<meta property=\"og:description\" content=\"Por Redacci\u00f3n QP Las instalaciones del\u00a0Aeropuerto Internacional Felipe \u00c1ngeles\u00a0(AIFA) fueron utilizadas este mi\u00e9rcoles para organizar...\" \/>\n<meta property=\"og:url\" content=\"https:\/\/quehacerpolitico.mx\/?p=105239\" \/>\n<meta property=\"article:published_time\" content=\"2023-09-28T16:39:53+00:00\" \/>\n<meta property=\"article:modified_time\" content=\"2023-09-28T16:39:57+00:00\" \/>\n<meta property=\"og:image\" content=\"https:\/\/quehacerpolitico.mx\/wp-content\/uploads\/2023\/09\/IMG_1022.jpeg\" \/>\n\t<meta property=\"og:image:width\" content=\"640\" \/>\n\t<meta property=\"og:image:height\" content=\"480\" \/>\n\t<meta property=\"og:image:type\" content=\"image\/jpeg\" \/>\n<meta name=\"author\" content=\"Redacci\u00f3n QP\" \/>\n<meta name=\"twitter:card\" content=\"summary_large_image\" \/>\n<meta name=\"twitter:label1\" content=\"Escrito por\" \/>\n\t<meta name=\"twitter:data1\" content=\"Redacci\u00f3n QP\" \/>\n\t<meta name=\"twitter:label2\" content=\"Tiempo de lectura\" \/>\n\t<meta name=\"twitter:data2\" content=\"2 minutos\" \/>\n<script type=\"application\/ld+json\" class=\"yoast-schema-graph\">{\"@context\":\"https:\\\/\\\/schema.org\",\"@graph\":[{\"@type\":\"Article\",\"@id\":\"https:\\\/\\\/quehacerpolitico.mx\\\/?p=105239#article\",\"isPartOf\":{\"@id\":\"https:\\\/\\\/quehacerpolitico.mx\\\/?p=105239\"},\"author\":{\"name\":\"Redacci\u00f3n QP\",\"@id\":\"https:\\\/\\\/quehacerpolitico.mx\\\/#\\\/schema\\\/person\\\/496d8ad2d1d3f8036101dca7ee39e585\"},\"headline\":\"A falta de vuelos en el AIFA organizan desfile de modas con la presencia de un amigo de Andy L\u00f3pez Beltr\u00e1n\",\"datePublished\":\"2023-09-28T16:39:53+00:00\",\"dateModified\":\"2023-09-28T16:39:57+00:00\",\"mainEntityOfPage\":{\"@id\":\"https:\\\/\\\/quehacerpolitico.mx\\\/?p=105239\"},\"wordCount\":390,\"commentCount\":0,\"image\":{\"@id\":\"https:\\\/\\\/quehacerpolitico.mx\\\/?p=105239#primaryimage\"},\"thumbnailUrl\":\"https:\\\/\\\/quehacerpolitico.mx\\\/wp-content\\\/uploads\\\/2023\\\/09\\\/IMG_1022.jpeg\",\"articleSection\":[\"Noticias\"],\"inLanguage\":\"es\",\"potentialAction\":[{\"@type\":\"CommentAction\",\"name\":\"Comment\",\"target\":[\"https:\\\/\\\/quehacerpolitico.mx\\\/?p=105239#respond\"]}]},{\"@type\":\"WebPage\",\"@id\":\"https:\\\/\\\/quehacerpolitico.mx\\\/?p=105239\",\"url\":\"https:\\\/\\\/quehacerpolitico.mx\\\/?p=105239\",\"name\":\"A falta de vuelos en el AIFA organizan desfile de modas con la presencia de un amigo de Andy L\u00f3pez Beltr\u00e1n -\",\"isPartOf\":{\"@id\":\"https:\\\/\\\/quehacerpolitico.mx\\\/#website\"},\"primaryImageOfPage\":{\"@id\":\"https:\\\/\\\/quehacerpolitico.mx\\\/?p=105239#primaryimage\"},\"image\":{\"@id\":\"https:\\\/\\\/quehacerpolitico.mx\\\/?p=105239#primaryimage\"},\"thumbnailUrl\":\"https:\\\/\\\/quehacerpolitico.mx\\\/wp-content\\\/uploads\\\/2023\\\/09\\\/IMG_1022.jpeg\",\"datePublished\":\"2023-09-28T16:39:53+00:00\",\"dateModified\":\"2023-09-28T16:39:57+00:00\",\"author\":{\"@id\":\"https:\\\/\\\/quehacerpolitico.mx\\\/#\\\/schema\\\/person\\\/496d8ad2d1d3f8036101dca7ee39e585\"},\"breadcrumb\":{\"@id\":\"https:\\\/\\\/quehacerpolitico.mx\\\/?p=105239#breadcrumb\"},\"inLanguage\":\"es\",\"potentialAction\":[{\"@type\":\"ReadAction\",\"target\":[\"https:\\\/\\\/quehacerpolitico.mx\\\/?p=105239\"]}]},{\"@type\":\"ImageObject\",\"inLanguage\":\"es\",\"@id\":\"https:\\\/\\\/quehacerpolitico.mx\\\/?p=105239#primaryimage\",\"url\":\"https:\\\/\\\/quehacerpolitico.mx\\\/wp-content\\\/uploads\\\/2023\\\/09\\\/IMG_1022.jpeg\",\"contentUrl\":\"https:\\\/\\\/quehacerpolitico.mx\\\/wp-content\\\/uploads\\\/2023\\\/09\\\/IMG_1022.jpeg\",\"width\":640,\"height\":480},{\"@type\":\"BreadcrumbList\",\"@id\":\"https:\\\/\\\/quehacerpolitico.mx\\\/?p=105239#breadcrumb\",\"itemListElement\":[{\"@type\":\"ListItem\",\"position\":1,\"name\":\"Inicio\",\"item\":\"https:\\\/\\\/quehacerpolitico.mx\\\/\"},{\"@type\":\"ListItem\",\"position\":2,\"name\":\"A falta de vuelos en el AIFA organizan desfile de modas con la presencia de un amigo de Andy L\u00f3pez Beltr\u00e1n\"}]},{\"@type\":\"WebSite\",\"@id\":\"https:\\\/\\\/quehacerpolitico.mx\\\/#website\",\"url\":\"https:\\\/\\\/quehacerpolitico.mx\\\/\",\"name\":\"\",\"description\":\"\",\"potentialAction\":[{\"@type\":\"SearchAction\",\"target\":{\"@type\":\"EntryPoint\",\"urlTemplate\":\"https:\\\/\\\/quehacerpolitico.mx\\\/?s={search_term_string}\"},\"query-input\":{\"@type\":\"PropertyValueSpecification\",\"valueRequired\":true,\"valueName\":\"search_term_string\"}}],\"inLanguage\":\"es\"},{\"@type\":\"Person\",\"@id\":\"https:\\\/\\\/quehacerpolitico.mx\\\/#\\\/schema\\\/person\\\/496d8ad2d1d3f8036101dca7ee39e585\",\"name\":\"Redacci\u00f3n QP\",\"image\":{\"@type\":\"ImageObject\",\"inLanguage\":\"es\",\"@id\":\"https:\\\/\\\/secure.gravatar.com\\\/avatar\\\/c7164ed6fdec453195284ad24a5ae5b6e1eed2b848477fa2a4787ba9adf39a41?s=96&d=mm&r=g\",\"url\":\"https:\\\/\\\/secure.gravatar.com\\\/avatar\\\/c7164ed6fdec453195284ad24a5ae5b6e1eed2b848477fa2a4787ba9adf39a41?s=96&d=mm&r=g\",\"contentUrl\":\"https:\\\/\\\/secure.gravatar.com\\\/avatar\\\/c7164ed6fdec453195284ad24a5ae5b6e1eed2b848477fa2a4787ba9adf39a41?s=96&d=mm&r=g\",\"caption\":\"Redacci\u00f3n QP\"},\"url\":\"https:\\\/\\\/quehacerpolitico.mx\\\/?author=2\"}]}<\/script>\n<!-- \/ Yoast SEO plugin. -->","yoast_head_json":{"title":"A falta de vuelos en el AIFA organizan desfile de modas con la presencia de un amigo de Andy L\u00f3pez Beltr\u00e1n -","robots":{"index":"index","follow":"follow","max-snippet":"max-snippet:-1","max-image-preview":"max-image-preview:large","max-video-preview":"max-video-preview:-1"},"canonical":"https:\/\/quehacerpolitico.mx\/?p=105239","og_locale":"es_MX","og_type":"article","og_title":"A falta de vuelos en el AIFA organizan desfile de modas con la presencia de un amigo de Andy L\u00f3pez Beltr\u00e1n -","og_description":"Por Redacci\u00f3n QP Las instalaciones del\u00a0Aeropuerto Internacional Felipe \u00c1ngeles\u00a0(AIFA) fueron utilizadas este mi\u00e9rcoles para organizar...","og_url":"https:\/\/quehacerpolitico.mx\/?p=105239","article_published_time":"2023-09-28T16:39:53+00:00","article_modified_time":"2023-09-28T16:39:57+00:00","og_image":[{"width":640,"height":480,"url":"https:\/\/quehacerpolitico.mx\/wp-content\/uploads\/2023\/09\/IMG_1022.jpeg","type":"image\/jpeg"}],"author":"Redacci\u00f3n QP","twitter_card":"summary_large_image","twitter_misc":{"Escrito por":"Redacci\u00f3n QP","Tiempo de lectura":"2 minutos"},"schema":{"@context":"https:\/\/schema.org","@graph":[{"@type":"Article","@id":"https:\/\/quehacerpolitico.mx\/?p=105239#article","isPartOf":{"@id":"https:\/\/quehacerpolitico.mx\/?p=105239"},"author":{"name":"Redacci\u00f3n QP","@id":"https:\/\/quehacerpolitico.mx\/#\/schema\/person\/496d8ad2d1d3f8036101dca7ee39e585"},"headline":"A falta de vuelos en el AIFA organizan desfile de modas con la presencia de un amigo de Andy L\u00f3pez Beltr\u00e1n","datePublished":"2023-09-28T16:39:53+00:00","dateModified":"2023-09-28T16:39:57+00:00","mainEntityOfPage":{"@id":"https:\/\/quehacerpolitico.mx\/?p=105239"},"wordCount":390,"commentCount":0,"image":{"@id":"https:\/\/quehacerpolitico.mx\/?p=105239#primaryimage"},"thumbnailUrl":"https:\/\/quehacerpolitico.mx\/wp-content\/uploads\/2023\/09\/IMG_1022.jpeg","articleSection":["Noticias"],"inLanguage":"es","potentialAction":[{"@type":"CommentAction","name":"Comment","target":["https:\/\/quehacerpolitico.mx\/?p=105239#respond"]}]},{"@type":"WebPage","@id":"https:\/\/quehacerpolitico.mx\/?p=105239","url":"https:\/\/quehacerpolitico.mx\/?p=105239","name":"A falta de vuelos en el AIFA organizan desfile de modas con la presencia de un amigo de Andy L\u00f3pez Beltr\u00e1n -","isPartOf":{"@id":"https:\/\/quehacerpolitico.mx\/#website"},"primaryImageOfPage":{"@id":"https:\/\/quehacerpolitico.mx\/?p=105239#primaryimage"},"image":{"@id":"https:\/\/quehacerpolitico.mx\/?p=105239#primaryimage"},"thumbnailUrl":"https:\/\/quehacerpolitico.mx\/wp-content\/uploads\/2023\/09\/IMG_1022.jpeg","datePublished":"2023-09-28T16:39:53+00:00","dateModified":"2023-09-28T16:39:57+00:00","author":{"@id":"https:\/\/quehacerpolitico.mx\/#\/schema\/person\/496d8ad2d1d3f8036101dca7ee39e585"},"breadcrumb":{"@id":"https:\/\/quehacerpolitico.mx\/?p=105239#breadcrumb"},"inLanguage":"es","potentialAction":[{"@type":"ReadAction","target":["https:\/\/quehacerpolitico.mx\/?p=105239"]}]},{"@type":"ImageObject","inLanguage":"es","@id":"https:\/\/quehacerpolitico.mx\/?p=105239#primaryimage","url":"https:\/\/quehacerpolitico.mx\/wp-content\/uploads\/2023\/09\/IMG_1022.jpeg","contentUrl":"https:\/\/quehacerpolitico.mx\/wp-content\/uploads\/2023\/09\/IMG_1022.jpeg","width":640,"height":480},{"@type":"BreadcrumbList","@id":"https:\/\/quehacerpolitico.mx\/?p=105239#breadcrumb","itemListElement":[{"@type":"ListItem","position":1,"name":"Inicio","item":"https:\/\/quehacerpolitico.mx\/"},{"@type":"ListItem","position":2,"name":"A falta de vuelos en el AIFA organizan desfile de modas con la presencia de un amigo de Andy L\u00f3pez Beltr\u00e1n"}]},{"@type":"WebSite","@id":"https:\/\/quehacerpolitico.mx\/#website","url":"https:\/\/quehacerpolitico.mx\/","name":"","description":"","potentialAction":[{"@type":"SearchAction","target":{"@type":"EntryPoint","urlTemplate":"https:\/\/quehacerpolitico.mx\/?s={search_term_string}"},"query-input":{"@type":"PropertyValueSpecification","valueRequired":true,"valueName":"search_term_string"}}],"inLanguage":"es"},{"@type":"Person","@id":"https:\/\/quehacerpolitico.mx\/#\/schema\/person\/496d8ad2d1d3f8036101dca7ee39e585","name":"Redacci\u00f3n QP","image":{"@type":"ImageObject","inLanguage":"es","@id":"https:\/\/secure.gravatar.com\/avatar\/c7164ed6fdec453195284ad24a5ae5b6e1eed2b848477fa2a4787ba9adf39a41?s=96&d=mm&r=g","url":"https:\/\/secure.gravatar.com\/avatar\/c7164ed6fdec453195284ad24a5ae5b6e1eed2b848477fa2a4787ba9adf39a41?s=96&d=mm&r=g","contentUrl":"https:\/\/secure.gravatar.com\/avatar\/c7164ed6fdec453195284ad24a5ae5b6e1eed2b848477fa2a4787ba9adf39a41?s=96&d=mm&r=g","caption":"Redacci\u00f3n QP"},"url":"https:\/\/quehacerpolitico.mx\/?author=2"}]}},"featured_image_urls":{"full":["https:\/\/quehacerpolitico.mx\/wp-content\/uploads\/2023\/09\/IMG_1022.jpeg",640,480,false],"thumbnail":["https:\/\/quehacerpolitico.mx\/wp-content\/uploads\/2023\/09\/IMG_1022-150x150.jpeg",150,150,true],"medium":["https:\/\/quehacerpolitico.mx\/wp-content\/uploads\/2023\/09\/IMG_1022-300x225.jpeg",300,225,true],"medium_large":["https:\/\/quehacerpolitico.mx\/wp-content\/uploads\/2023\/09\/IMG_1022.jpeg",640,480,false],"large":["https:\/\/quehacerpolitico.mx\/wp-content\/uploads\/2023\/09\/IMG_1022.jpeg",640,480,false],"1536x1536":["https:\/\/quehacerpolitico.mx\/wp-content\/uploads\/2023\/09\/IMG_1022.jpeg",640,480,false],"2048x2048":["https:\/\/quehacerpolitico.mx\/wp-content\/uploads\/2023\/09\/IMG_1022.jpeg",640,480,false],"covernews-featured":["https:\/\/quehacerpolitico.mx\/wp-content\/uploads\/2023\/09\/IMG_1022.jpeg",640,480,false],"covernews-medium":["https:\/\/quehacerpolitico.mx\/wp-content\/uploads\/2023\/09\/IMG_1022.jpeg",453,340,false]},"author_info":{"display_name":"Redacci\u00f3n QP","author_link":"https:\/\/quehacerpolitico.mx\/?author=2"},"category_info":"<a href=\"https:\/\/quehacerpolitico.mx\/?cat=2\" rel=\"category\">Noticias<\/a>","tag_info":"Noticias","comment_count":"0","_links":{"self":[{"href":"https:\/\/quehacerpolitico.mx\/index.php?rest_route=\/wp\/v2\/posts\/105239","targetHints":{"allow":["GET"]}}],"collection":[{"href":"https:\/\/quehacerpolitico.mx\/index.php?rest_route=\/wp\/v2\/posts"}],"about":[{"href":"https:\/\/quehacerpolitico.mx\/index.php?rest_route=\/wp\/v2\/types\/post"}],"author":[{"embeddable":true,"href":"https:\/\/quehacerpolitico.mx\/index.php?rest_route=\/wp\/v2\/users\/2"}],"replies":[{"embeddable":true,"href":"https:\/\/quehacerpolitico.mx\/index.php?rest_route=%2Fwp%2Fv2%2Fcomments&post=105239"}],"version-history":[{"count":1,"href":"https:\/\/quehacerpolitico.mx\/index.php?rest_route=\/wp\/v2\/posts\/105239\/revisions"}],"predecessor-version":[{"id":105241,"href":"https:\/\/quehacerpolitico.mx\/index.php?rest_route=\/wp\/v2\/posts\/105239\/revisions\/105241"}],"wp:featuredmedia":[{"embeddable":true,"href":"https:\/\/quehacerpolitico.mx\/index.php?rest_route=\/wp\/v2\/media\/105240"}],"wp:attachment":[{"href":"https:\/\/quehacerpolitico.mx\/index.php?rest_route=%2Fwp%2Fv2%2Fmedia&parent=105239"}],"wp:term":[{"taxonomy":"category","embeddable":true,"href":"https:\/\/quehacerpolitico.mx\/index.php?rest_route=%2Fwp%2Fv2%2Fcategories&post=105239"},{"taxonomy":"post_tag","embeddable":true,"href":"https:\/\/quehacerpolitico.mx\/index.php?rest_route=%2Fwp%2Fv2%2Ftags&post=105239"}],"curies":[{"name":"wp","href":"https:\/\/api.w.org\/{rel}","templated":true}]}}