{"id":105193,"date":"2023-09-27T17:49:53","date_gmt":"2023-09-27T17:49:53","guid":{"rendered":"https:\/\/quehacerpolitico.mx\/?p=105193"},"modified":"2023-09-27T17:49:56","modified_gmt":"2023-09-27T17:49:56","slug":"el-serbio-espanol-veljko-paunovic-entrenador-de-las-chivas-de-guadalajara-acepto-su-responsabilidad-en-la-crisis-de-su-equipo","status":"publish","type":"post","link":"https:\/\/quehacerpolitico.mx\/?p=105193","title":{"rendered":"El serbio-espa\u00f1ol\u00a0Veljko Paunovic, entrenador de las\u00a0Chivas\u00a0de Guadalajara, acept\u00f3 su\u00a0responsabilidad\u00a0en la crisis de su equipo"},"content":{"rendered":"\n<p>Por Redacci\u00f3n QP<\/p>\n\n\n\n<p>Paunovic, entrenador de las Chivas de Guadalajara, acept\u00f3 su responsabilidad en la crisis de su equipo, con cinco partidos sin ganar en el torneo Apertura 2023<\/p>\n\n\n\n<p>El serbio-espa\u00f1ol&nbsp;<strong>Veljko Paunovic<\/strong>, entrenador de las&nbsp;<strong>Chivas<\/strong>&nbsp;de Guadalajara, acept\u00f3 su&nbsp;<strong>responsabilidad<\/strong>&nbsp;en la crisis de su equipo, con cinco partidos sin ganar en el torneo&nbsp;<strong>Apertura 2023<\/strong>.<\/p>\n\n\n\n<p>\u201cAceptamos la culpa, es un golpe duro, pero aqu\u00ed estamos para dar la cara. Acepto toda la\u00a0<strong>responsabilidad<\/strong>\u00a0y seguir\u00e9 mirando siempre en busca la mejor\u00eda\u201d, dijo en conferencia de prensa.<\/p>\n\n\n\n<figure class=\"wp-block-embed is-type-video is-provider-youtube wp-block-embed-youtube wp-embed-aspect-16-9 wp-has-aspect-ratio\"><div class=\"wp-block-embed__wrapper\">\n<iframe loading=\"lazy\" title=\"VELJKO PAUNOVIC EN CONFERENCIA DE PRENSA | CHIVAS VS MAZATL\u00c1N FC | APERTURA 2023\" width=\"640\" height=\"360\" src=\"https:\/\/www.youtube.com\/embed\/8zEU4ZRN3xg?feature=oembed\" frameborder=\"0\" allow=\"accelerometer; autoplay; clipboard-write; encrypted-media; gyroscope; picture-in-picture; web-share\" referrerpolicy=\"strict-origin-when-cross-origin\" allowfullscreen><\/iframe>\n<\/div><\/figure>\n\n\n\n<p>En partido adelantado de la jornada 11,\u00a0<strong>Guadalajara<\/strong>\u00a0cay\u00f3 en casa por 1-3 ante\u00a0<strong>Mazatl\u00e1n<\/strong>, que decidi\u00f3 el triunfo con anotaciones del colombiano Nicol\u00e1s Benedetti, el paname\u00f1o Yoel B\u00e1rcenas y el venezolano Eduard Bello, en tanto por Chivas descont\u00f3 Roberto Alvarado.<\/p>\n\n\n\n<figure class=\"wp-block-image size-large\"><img loading=\"lazy\" decoding=\"async\" width=\"715\" height=\"1024\" src=\"https:\/\/quehacerpolitico.mx\/wp-content\/uploads\/2023\/09\/image-123-715x1024.jpeg\" alt=\"\" class=\"wp-image-105194\" srcset=\"https:\/\/quehacerpolitico.mx\/wp-content\/uploads\/2023\/09\/image-123-715x1024.jpeg 715w, https:\/\/quehacerpolitico.mx\/wp-content\/uploads\/2023\/09\/image-123-209x300.jpeg 209w, https:\/\/quehacerpolitico.mx\/wp-content\/uploads\/2023\/09\/image-123-768x1100.jpeg 768w, https:\/\/quehacerpolitico.mx\/wp-content\/uploads\/2023\/09\/image-123-1072x1536.jpeg 1072w, https:\/\/quehacerpolitico.mx\/wp-content\/uploads\/2023\/09\/image-123-102x146.jpeg 102w, https:\/\/quehacerpolitico.mx\/wp-content\/uploads\/2023\/09\/image-123-35x50.jpeg 35w, https:\/\/quehacerpolitico.mx\/wp-content\/uploads\/2023\/09\/image-123-52x75.jpeg 52w, https:\/\/quehacerpolitico.mx\/wp-content\/uploads\/2023\/09\/image-123.jpeg 1284w\" sizes=\"auto, (max-width: 715px) 100vw, 715px\" \/><\/figure>\n\n\n\n<p>Paunovic afirm\u00f3 que el&nbsp;<strong>cansancio<\/strong>&nbsp;por el poco tiempo de descanso desde el partido del s\u00e1bado ante Pachuca fue un factor determinante para que su equipo no lograra levantarse y cometiera errores que el rival convirti\u00f3 en goles.<\/p>\n\n\n\n<p>\u201cHoy hubo un factor, el&nbsp;<strong>cansancio<\/strong>, aparte de que el rival se prepar\u00f3 muy bien. Nos cost\u00f3 mucho, no tuvimos frescura y cometimos errores que el&nbsp;<strong>Mazatl\u00e1n<\/strong>&nbsp;aprovech\u00f3; no defendimos bien y se cre\u00f3 una tendencia negativa\u201d, asegur\u00f3.<\/p>\n\n\n\n<p>Luego de ganar cuatro de cinco partidos y colocarse como&nbsp;<strong>l\u00edderes<\/strong>&nbsp;al inicio de la temporada, las Chivas atraviesan su momento m\u00e1s dif\u00edcil desde que Paunovic tom\u00f3 las riendas del equipo, bajo la direcci\u00f3n deportiva del espa\u00f1ol Fernando Hierro.<\/p>\n\n\n\n<p>El\u00a0<strong>conjunto<\/strong>\u00a0rojiblanco se qued\u00f3 en el s\u00e9ptimo lugar con 14 puntos de 33 posibles, suma tres empates, cuatro victorias e igual n\u00famero de derrotas.<\/p>\n\n\n\n<p>El estratega afirm\u00f3 que las cr\u00edticas de la afici\u00f3n y&nbsp;<strong>rumores<\/strong>acerca de la convivencia en el vestuario han afectado al grupo, que debe mantenerse fuerte.<\/p>\n\n\n\n<p>\u201cAl grupo le ha afectado el ambiente que se ha&nbsp;<strong>creado<\/strong>alrededor, tenemos que aprender que no nos podemos dejar caer. Por mucho que se diga, uno tiene que mantenerse fuerte y estoico\u201d, dijo.<\/p>\n\n\n\n<p>Chivas visitar\u00e1 el pr\u00f3ximo domingo al Toluca, en partido de la fecha 10.<\/p>\n\n\n\n<p>Con informaci\u00f3n de EFE<\/p>\n","protected":false},"excerpt":{"rendered":"<p>Por Redacci\u00f3n QP Paunovic, entrenador de las Chivas de Guadalajara, acept\u00f3 su responsabilidad en la&#8230;<\/p>\n","protected":false},"author":2,"featured_media":105195,"comment_status":"open","ping_status":"open","sticky":false,"template":"","format":"standard","meta":{"_monsterinsights_skip_tracking":false,"_monsterinsights_sitenote_active":false,"_monsterinsights_sitenote_note":"","_monsterinsights_sitenote_category":0,"footnotes":""},"categories":[54],"tags":[],"class_list":["post-105193","post","type-post","status-publish","format-standard","has-post-thumbnail","hentry","category-deportes"],"yoast_head":"<!-- This site is optimized with the Yoast SEO plugin v27.3 - https:\/\/yoast.com\/product\/yoast-seo-wordpress\/ -->\n<title>El serbio-espa\u00f1ol\u00a0Veljko Paunovic, entrenador de las\u00a0Chivas\u00a0de Guadalajara, acept\u00f3 su\u00a0responsabilidad\u00a0en la crisis de su equipo -<\/title>\n<meta name=\"robots\" content=\"index, follow, max-snippet:-1, max-image-preview:large, max-video-preview:-1\" \/>\n<link rel=\"canonical\" href=\"https:\/\/quehacerpolitico.mx\/?p=105193\" \/>\n<meta property=\"og:locale\" content=\"es_MX\" \/>\n<meta property=\"og:type\" content=\"article\" \/>\n<meta property=\"og:title\" content=\"El serbio-espa\u00f1ol\u00a0Veljko Paunovic, entrenador de las\u00a0Chivas\u00a0de Guadalajara, acept\u00f3 su\u00a0responsabilidad\u00a0en la crisis de su equipo -\" \/>\n<meta property=\"og:description\" content=\"Por Redacci\u00f3n QP Paunovic, entrenador de las Chivas de Guadalajara, acept\u00f3 su responsabilidad en la...\" \/>\n<meta property=\"og:url\" content=\"https:\/\/quehacerpolitico.mx\/?p=105193\" \/>\n<meta property=\"article:published_time\" content=\"2023-09-27T17:49:53+00:00\" \/>\n<meta property=\"article:modified_time\" content=\"2023-09-27T17:49:56+00:00\" \/>\n<meta property=\"og:image\" content=\"https:\/\/quehacerpolitico.mx\/wp-content\/uploads\/2023\/09\/IMG_0998.jpeg\" \/>\n\t<meta property=\"og:image:width\" content=\"1284\" \/>\n\t<meta property=\"og:image:height\" content=\"685\" \/>\n\t<meta property=\"og:image:type\" content=\"image\/jpeg\" \/>\n<meta name=\"author\" content=\"Redacci\u00f3n QP\" \/>\n<meta name=\"twitter:card\" content=\"summary_large_image\" \/>\n<meta name=\"twitter:label1\" content=\"Escrito por\" \/>\n\t<meta name=\"twitter:data1\" content=\"Redacci\u00f3n QP\" \/>\n\t<meta name=\"twitter:label2\" content=\"Tiempo de lectura\" \/>\n\t<meta name=\"twitter:data2\" content=\"2 minutos\" \/>\n<script type=\"application\/ld+json\" class=\"yoast-schema-graph\">{\"@context\":\"https:\\\/\\\/schema.org\",\"@graph\":[{\"@type\":\"Article\",\"@id\":\"https:\\\/\\\/quehacerpolitico.mx\\\/?p=105193#article\",\"isPartOf\":{\"@id\":\"https:\\\/\\\/quehacerpolitico.mx\\\/?p=105193\"},\"author\":{\"name\":\"Redacci\u00f3n QP\",\"@id\":\"https:\\\/\\\/quehacerpolitico.mx\\\/#\\\/schema\\\/person\\\/496d8ad2d1d3f8036101dca7ee39e585\"},\"headline\":\"El serbio-espa\u00f1ol\u00a0Veljko Paunovic, entrenador de las\u00a0Chivas\u00a0de Guadalajara, acept\u00f3 su\u00a0responsabilidad\u00a0en la crisis de su equipo\",\"datePublished\":\"2023-09-27T17:49:53+00:00\",\"dateModified\":\"2023-09-27T17:49:56+00:00\",\"mainEntityOfPage\":{\"@id\":\"https:\\\/\\\/quehacerpolitico.mx\\\/?p=105193\"},\"wordCount\":407,\"commentCount\":0,\"image\":{\"@id\":\"https:\\\/\\\/quehacerpolitico.mx\\\/?p=105193#primaryimage\"},\"thumbnailUrl\":\"https:\\\/\\\/quehacerpolitico.mx\\\/wp-content\\\/uploads\\\/2023\\\/09\\\/IMG_0998.jpeg\",\"articleSection\":[\"Deportes\"],\"inLanguage\":\"es\",\"potentialAction\":[{\"@type\":\"CommentAction\",\"name\":\"Comment\",\"target\":[\"https:\\\/\\\/quehacerpolitico.mx\\\/?p=105193#respond\"]}]},{\"@type\":\"WebPage\",\"@id\":\"https:\\\/\\\/quehacerpolitico.mx\\\/?p=105193\",\"url\":\"https:\\\/\\\/quehacerpolitico.mx\\\/?p=105193\",\"name\":\"El serbio-espa\u00f1ol\u00a0Veljko Paunovic, entrenador de las\u00a0Chivas\u00a0de Guadalajara, acept\u00f3 su\u00a0responsabilidad\u00a0en la crisis de su equipo -\",\"isPartOf\":{\"@id\":\"https:\\\/\\\/quehacerpolitico.mx\\\/#website\"},\"primaryImageOfPage\":{\"@id\":\"https:\\\/\\\/quehacerpolitico.mx\\\/?p=105193#primaryimage\"},\"image\":{\"@id\":\"https:\\\/\\\/quehacerpolitico.mx\\\/?p=105193#primaryimage\"},\"thumbnailUrl\":\"https:\\\/\\\/quehacerpolitico.mx\\\/wp-content\\\/uploads\\\/2023\\\/09\\\/IMG_0998.jpeg\",\"datePublished\":\"2023-09-27T17:49:53+00:00\",\"dateModified\":\"2023-09-27T17:49:56+00:00\",\"author\":{\"@id\":\"https:\\\/\\\/quehacerpolitico.mx\\\/#\\\/schema\\\/person\\\/496d8ad2d1d3f8036101dca7ee39e585\"},\"breadcrumb\":{\"@id\":\"https:\\\/\\\/quehacerpolitico.mx\\\/?p=105193#breadcrumb\"},\"inLanguage\":\"es\",\"potentialAction\":[{\"@type\":\"ReadAction\",\"target\":[\"https:\\\/\\\/quehacerpolitico.mx\\\/?p=105193\"]}]},{\"@type\":\"ImageObject\",\"inLanguage\":\"es\",\"@id\":\"https:\\\/\\\/quehacerpolitico.mx\\\/?p=105193#primaryimage\",\"url\":\"https:\\\/\\\/quehacerpolitico.mx\\\/wp-content\\\/uploads\\\/2023\\\/09\\\/IMG_0998.jpeg\",\"contentUrl\":\"https:\\\/\\\/quehacerpolitico.mx\\\/wp-content\\\/uploads\\\/2023\\\/09\\\/IMG_0998.jpeg\",\"width\":1284,\"height\":685},{\"@type\":\"BreadcrumbList\",\"@id\":\"https:\\\/\\\/quehacerpolitico.mx\\\/?p=105193#breadcrumb\",\"itemListElement\":[{\"@type\":\"ListItem\",\"position\":1,\"name\":\"Inicio\",\"item\":\"https:\\\/\\\/quehacerpolitico.mx\\\/\"},{\"@type\":\"ListItem\",\"position\":2,\"name\":\"El serbio-espa\u00f1ol\u00a0Veljko Paunovic, entrenador de las\u00a0Chivas\u00a0de Guadalajara, acept\u00f3 su\u00a0responsabilidad\u00a0en la crisis de su equipo\"}]},{\"@type\":\"WebSite\",\"@id\":\"https:\\\/\\\/quehacerpolitico.mx\\\/#website\",\"url\":\"https:\\\/\\\/quehacerpolitico.mx\\\/\",\"name\":\"\",\"description\":\"\",\"potentialAction\":[{\"@type\":\"SearchAction\",\"target\":{\"@type\":\"EntryPoint\",\"urlTemplate\":\"https:\\\/\\\/quehacerpolitico.mx\\\/?s={search_term_string}\"},\"query-input\":{\"@type\":\"PropertyValueSpecification\",\"valueRequired\":true,\"valueName\":\"search_term_string\"}}],\"inLanguage\":\"es\"},{\"@type\":\"Person\",\"@id\":\"https:\\\/\\\/quehacerpolitico.mx\\\/#\\\/schema\\\/person\\\/496d8ad2d1d3f8036101dca7ee39e585\",\"name\":\"Redacci\u00f3n QP\",\"image\":{\"@type\":\"ImageObject\",\"inLanguage\":\"es\",\"@id\":\"https:\\\/\\\/secure.gravatar.com\\\/avatar\\\/c7164ed6fdec453195284ad24a5ae5b6e1eed2b848477fa2a4787ba9adf39a41?s=96&d=mm&r=g\",\"url\":\"https:\\\/\\\/secure.gravatar.com\\\/avatar\\\/c7164ed6fdec453195284ad24a5ae5b6e1eed2b848477fa2a4787ba9adf39a41?s=96&d=mm&r=g\",\"contentUrl\":\"https:\\\/\\\/secure.gravatar.com\\\/avatar\\\/c7164ed6fdec453195284ad24a5ae5b6e1eed2b848477fa2a4787ba9adf39a41?s=96&d=mm&r=g\",\"caption\":\"Redacci\u00f3n QP\"},\"url\":\"https:\\\/\\\/quehacerpolitico.mx\\\/?author=2\"}]}<\/script>\n<!-- \/ Yoast SEO plugin. -->","yoast_head_json":{"title":"El serbio-espa\u00f1ol\u00a0Veljko Paunovic, entrenador de las\u00a0Chivas\u00a0de Guadalajara, acept\u00f3 su\u00a0responsabilidad\u00a0en la crisis de su equipo -","robots":{"index":"index","follow":"follow","max-snippet":"max-snippet:-1","max-image-preview":"max-image-preview:large","max-video-preview":"max-video-preview:-1"},"canonical":"https:\/\/quehacerpolitico.mx\/?p=105193","og_locale":"es_MX","og_type":"article","og_title":"El serbio-espa\u00f1ol\u00a0Veljko Paunovic, entrenador de las\u00a0Chivas\u00a0de Guadalajara, acept\u00f3 su\u00a0responsabilidad\u00a0en la crisis de su equipo -","og_description":"Por Redacci\u00f3n QP Paunovic, entrenador de las Chivas de Guadalajara, acept\u00f3 su responsabilidad en la...","og_url":"https:\/\/quehacerpolitico.mx\/?p=105193","article_published_time":"2023-09-27T17:49:53+00:00","article_modified_time":"2023-09-27T17:49:56+00:00","og_image":[{"width":1284,"height":685,"url":"https:\/\/quehacerpolitico.mx\/wp-content\/uploads\/2023\/09\/IMG_0998.jpeg","type":"image\/jpeg"}],"author":"Redacci\u00f3n QP","twitter_card":"summary_large_image","twitter_misc":{"Escrito por":"Redacci\u00f3n QP","Tiempo de lectura":"2 minutos"},"schema":{"@context":"https:\/\/schema.org","@graph":[{"@type":"Article","@id":"https:\/\/quehacerpolitico.mx\/?p=105193#article","isPartOf":{"@id":"https:\/\/quehacerpolitico.mx\/?p=105193"},"author":{"name":"Redacci\u00f3n QP","@id":"https:\/\/quehacerpolitico.mx\/#\/schema\/person\/496d8ad2d1d3f8036101dca7ee39e585"},"headline":"El serbio-espa\u00f1ol\u00a0Veljko Paunovic, entrenador de las\u00a0Chivas\u00a0de Guadalajara, acept\u00f3 su\u00a0responsabilidad\u00a0en la crisis de su equipo","datePublished":"2023-09-27T17:49:53+00:00","dateModified":"2023-09-27T17:49:56+00:00","mainEntityOfPage":{"@id":"https:\/\/quehacerpolitico.mx\/?p=105193"},"wordCount":407,"commentCount":0,"image":{"@id":"https:\/\/quehacerpolitico.mx\/?p=105193#primaryimage"},"thumbnailUrl":"https:\/\/quehacerpolitico.mx\/wp-content\/uploads\/2023\/09\/IMG_0998.jpeg","articleSection":["Deportes"],"inLanguage":"es","potentialAction":[{"@type":"CommentAction","name":"Comment","target":["https:\/\/quehacerpolitico.mx\/?p=105193#respond"]}]},{"@type":"WebPage","@id":"https:\/\/quehacerpolitico.mx\/?p=105193","url":"https:\/\/quehacerpolitico.mx\/?p=105193","name":"El serbio-espa\u00f1ol\u00a0Veljko Paunovic, entrenador de las\u00a0Chivas\u00a0de Guadalajara, acept\u00f3 su\u00a0responsabilidad\u00a0en la crisis de su equipo -","isPartOf":{"@id":"https:\/\/quehacerpolitico.mx\/#website"},"primaryImageOfPage":{"@id":"https:\/\/quehacerpolitico.mx\/?p=105193#primaryimage"},"image":{"@id":"https:\/\/quehacerpolitico.mx\/?p=105193#primaryimage"},"thumbnailUrl":"https:\/\/quehacerpolitico.mx\/wp-content\/uploads\/2023\/09\/IMG_0998.jpeg","datePublished":"2023-09-27T17:49:53+00:00","dateModified":"2023-09-27T17:49:56+00:00","author":{"@id":"https:\/\/quehacerpolitico.mx\/#\/schema\/person\/496d8ad2d1d3f8036101dca7ee39e585"},"breadcrumb":{"@id":"https:\/\/quehacerpolitico.mx\/?p=105193#breadcrumb"},"inLanguage":"es","potentialAction":[{"@type":"ReadAction","target":["https:\/\/quehacerpolitico.mx\/?p=105193"]}]},{"@type":"ImageObject","inLanguage":"es","@id":"https:\/\/quehacerpolitico.mx\/?p=105193#primaryimage","url":"https:\/\/quehacerpolitico.mx\/wp-content\/uploads\/2023\/09\/IMG_0998.jpeg","contentUrl":"https:\/\/quehacerpolitico.mx\/wp-content\/uploads\/2023\/09\/IMG_0998.jpeg","width":1284,"height":685},{"@type":"BreadcrumbList","@id":"https:\/\/quehacerpolitico.mx\/?p=105193#breadcrumb","itemListElement":[{"@type":"ListItem","position":1,"name":"Inicio","item":"https:\/\/quehacerpolitico.mx\/"},{"@type":"ListItem","position":2,"name":"El serbio-espa\u00f1ol\u00a0Veljko Paunovic, entrenador de las\u00a0Chivas\u00a0de Guadalajara, acept\u00f3 su\u00a0responsabilidad\u00a0en la crisis de su equipo"}]},{"@type":"WebSite","@id":"https:\/\/quehacerpolitico.mx\/#website","url":"https:\/\/quehacerpolitico.mx\/","name":"","description":"","potentialAction":[{"@type":"SearchAction","target":{"@type":"EntryPoint","urlTemplate":"https:\/\/quehacerpolitico.mx\/?s={search_term_string}"},"query-input":{"@type":"PropertyValueSpecification","valueRequired":true,"valueName":"search_term_string"}}],"inLanguage":"es"},{"@type":"Person","@id":"https:\/\/quehacerpolitico.mx\/#\/schema\/person\/496d8ad2d1d3f8036101dca7ee39e585","name":"Redacci\u00f3n QP","image":{"@type":"ImageObject","inLanguage":"es","@id":"https:\/\/secure.gravatar.com\/avatar\/c7164ed6fdec453195284ad24a5ae5b6e1eed2b848477fa2a4787ba9adf39a41?s=96&d=mm&r=g","url":"https:\/\/secure.gravatar.com\/avatar\/c7164ed6fdec453195284ad24a5ae5b6e1eed2b848477fa2a4787ba9adf39a41?s=96&d=mm&r=g","contentUrl":"https:\/\/secure.gravatar.com\/avatar\/c7164ed6fdec453195284ad24a5ae5b6e1eed2b848477fa2a4787ba9adf39a41?s=96&d=mm&r=g","caption":"Redacci\u00f3n QP"},"url":"https:\/\/quehacerpolitico.mx\/?author=2"}]}},"featured_image_urls":{"full":["https:\/\/quehacerpolitico.mx\/wp-content\/uploads\/2023\/09\/IMG_0998.jpeg",1284,685,false],"thumbnail":["https:\/\/quehacerpolitico.mx\/wp-content\/uploads\/2023\/09\/IMG_0998-150x150.jpeg",150,150,true],"medium":["https:\/\/quehacerpolitico.mx\/wp-content\/uploads\/2023\/09\/IMG_0998-300x160.jpeg",300,160,true],"medium_large":["https:\/\/quehacerpolitico.mx\/wp-content\/uploads\/2023\/09\/IMG_0998-768x410.jpeg",640,342,true],"large":["https:\/\/quehacerpolitico.mx\/wp-content\/uploads\/2023\/09\/IMG_0998-1024x546.jpeg",640,341,true],"1536x1536":["https:\/\/quehacerpolitico.mx\/wp-content\/uploads\/2023\/09\/IMG_0998.jpeg",1284,685,false],"2048x2048":["https:\/\/quehacerpolitico.mx\/wp-content\/uploads\/2023\/09\/IMG_0998.jpeg",1284,685,false],"covernews-featured":["https:\/\/quehacerpolitico.mx\/wp-content\/uploads\/2023\/09\/IMG_0998.jpeg",1024,546,false],"covernews-medium":["https:\/\/quehacerpolitico.mx\/wp-content\/uploads\/2023\/09\/IMG_0998.jpeg",540,288,false]},"author_info":{"display_name":"Redacci\u00f3n QP","author_link":"https:\/\/quehacerpolitico.mx\/?author=2"},"category_info":"<a href=\"https:\/\/quehacerpolitico.mx\/?cat=54\" rel=\"category\">Deportes<\/a>","tag_info":"Deportes","comment_count":"0","_links":{"self":[{"href":"https:\/\/quehacerpolitico.mx\/index.php?rest_route=\/wp\/v2\/posts\/105193","targetHints":{"allow":["GET"]}}],"collection":[{"href":"https:\/\/quehacerpolitico.mx\/index.php?rest_route=\/wp\/v2\/posts"}],"about":[{"href":"https:\/\/quehacerpolitico.mx\/index.php?rest_route=\/wp\/v2\/types\/post"}],"author":[{"embeddable":true,"href":"https:\/\/quehacerpolitico.mx\/index.php?rest_route=\/wp\/v2\/users\/2"}],"replies":[{"embeddable":true,"href":"https:\/\/quehacerpolitico.mx\/index.php?rest_route=%2Fwp%2Fv2%2Fcomments&post=105193"}],"version-history":[{"count":1,"href":"https:\/\/quehacerpolitico.mx\/index.php?rest_route=\/wp\/v2\/posts\/105193\/revisions"}],"predecessor-version":[{"id":105196,"href":"https:\/\/quehacerpolitico.mx\/index.php?rest_route=\/wp\/v2\/posts\/105193\/revisions\/105196"}],"wp:featuredmedia":[{"embeddable":true,"href":"https:\/\/quehacerpolitico.mx\/index.php?rest_route=\/wp\/v2\/media\/105195"}],"wp:attachment":[{"href":"https:\/\/quehacerpolitico.mx\/index.php?rest_route=%2Fwp%2Fv2%2Fmedia&parent=105193"}],"wp:term":[{"taxonomy":"category","embeddable":true,"href":"https:\/\/quehacerpolitico.mx\/index.php?rest_route=%2Fwp%2Fv2%2Fcategories&post=105193"},{"taxonomy":"post_tag","embeddable":true,"href":"https:\/\/quehacerpolitico.mx\/index.php?rest_route=%2Fwp%2Fv2%2Ftags&post=105193"}],"curies":[{"name":"wp","href":"https:\/\/api.w.org\/{rel}","templated":true}]}}